{"id":26428,"date":"2013-10-26T02:21:59","date_gmt":"2013-10-26T07:21:59","guid":{"rendered":"http:\/\/akunq.net\/tr\/?p=26428"},"modified":"2013-10-26T02:21:59","modified_gmt":"2013-10-26T07:21:59","slug":"sirbistandan-erdogana-kosova-tepkisi","status":"publish","type":"post","link":"https:\/\/akunq.net\/tr\/?p=26428","title":{"rendered":"S\u0131rbistan&#8217;dan Erdo\u011fan&#8217;a &#8216;Kosova&#8217; tepkisi"},"content":{"rendered":"<h2 style=\"text-align: justify;\"><i><a href=\"http:\/\/akunq.net\/tr\/wp-content\/uploads\/2013\/10\/\u0532\u0565\u056c\u0563\u0580\u0561\u0564.jpg\"><img loading=\"lazy\" decoding=\"async\" class=\"alignright size-medium wp-image-26429\" alt=\"\u0532\u0565\u056c\u0563\u0580\u0561\u0564\" src=\"http:\/\/akunq.net\/tr\/wp-content\/uploads\/2013\/10\/\u0532\u0565\u056c\u0563\u0580\u0561\u0564-300x199.jpg\" width=\"300\" height=\"199\" srcset=\"https:\/\/akunq.net\/tr\/wp-content\/uploads\/sites\/6\/2013\/10\/\u0532\u0565\u056c\u0563\u0580\u0561\u0564-300x199.jpg 300w, https:\/\/akunq.net\/tr\/wp-content\/uploads\/sites\/6\/2013\/10\/\u0532\u0565\u056c\u0563\u0580\u0561\u0564.jpg 320w\" sizes=\"auto, (max-width: 300px) 100vw, 300px\" \/><\/a>S<\/i><i>\u0131<\/i><i>rbistan <\/i><i>resmi <\/i><i>haber <\/i><i>ajans<\/i><i>\u0131 <\/i><i>TANJUG<\/i><i>, <\/i><i>Ba<\/i><i>\u015f<\/i><i>bakan <\/i><i>Recep<\/i><i> Tayyip<\/i><i> Erdo<\/i><i>\u011f<\/i><i>an<\/i><i>&#8216;\u0131<\/i><i>n<\/i><i>, <\/i><i>Kosova<\/i><i>&#8216;<\/i><i>n<\/i><i>\u0131<\/i><i>n <\/i><i>Prizren <\/i><i>kentinde <\/i><i>yapt<\/i><i>\u0131\u011f\u0131 <\/i><i>konu<\/i><i>\u015f<\/i><i>mada <\/i><i>kulland<\/i><i>\u0131\u011f\u0131 \u201c<\/i><i>T<\/i><i>\u00fc<\/i><i>rkiye <\/i><i>Kosova<\/i><i>&#8216;<\/i><i>d<\/i><i>\u0131<\/i><i>r<\/i><i>, <\/i><i>Kosova <\/i><i>T<\/i><i>\u00fc<\/i><i>rkiye<\/i><i>&#8216;<\/i><i>dir<\/i><i>&#8221; <\/i><i>ifadelerinin<\/i><i>, <\/i><i>S<\/i><i>\u0131<\/i><i>rbistan <\/i><i>D<\/i><i>\u0131\u015f<\/i><i>i<\/i><i>\u015f<\/i><i>leri<\/i><i>Bakanl<\/i><i>\u0131\u011f\u0131 <\/i><i>taraf<\/i><i>\u0131<\/i><i>ndan <\/i><i>k<\/i><i>\u0131<\/i><i>nand<\/i><i>\u0131\u011f\u0131<\/i><i>n<\/i><i>\u0131 <\/i><i>duyurdu<\/i><i>.<\/i><\/h2>\n<p style=\"text-align: justify;\">TANJUG&#8217;un haberine g\u00f6re, S\u0131rbistan D\u0131\u015f\u0131\u015fleri Bakanl\u0131\u011f\u0131, <a title=\"Ba\u015fbakan Erdo\u011fan\" href=\"http:\/\/www.hurriyet.com.tr\/index\/recep_tayyip_erdo%C4%9Fan\" target=\"_blank\">Ba\u015fbakan Erdo\u011fan<\/a>&#8216;\u0131n Kosova&#8217;da kulland\u0131\u011f\u0131 s\u00f6ylemlerin dostane s\u00f6ylemler olarak kabul edilemeyece\u011fini ve iki \u00fclke devlet yetkililerinin ili\u015fkilerindeki g\u00fcveni ortadan kald\u0131raca\u011f\u0131n\u0131 savundu. Bakanl\u0131k, &#8220;t\u00fcm d\u00fcnyan\u0131n Kosova&#8217;n\u0131n S\u0131rp topraklar\u0131nda yer ald\u0131\u011f\u0131n\u0131 bildi\u011fini&#8221; iddia etti.<\/p>\n<p style=\"text-align: justify;\">\u00d6te yandan, S\u0131rbistan Meclis Ba\u015fkan\u0131 Neboy\u015fa Stefanovi\u00e7 de Ba\u015fbakan Erdo\u011fan&#8217;\u0131n Kosova&#8217;daki a\u00e7\u0131klamalar\u0131n\u0131 k\u0131nad\u0131\u011f\u0131n\u0131 s\u00f6yledi. S\u0131rbistan devlet televizyonu RTS&#8217;ye a\u00e7\u0131klamada bulunan Stefanovi\u00e7, &#8220;Bu t\u00fcr s\u00f6ylemler, T\u00fcrkiye ile S\u0131rbistan aras\u0131ndaki ili\u015fkileri iyile\u015ftirecek s\u00f6ylemler de\u011fildir. Bu s\u00f6ylem, a\u011f\u0131r ve skandal say\u0131lacak bir s\u00f6ylemdir&#8221; dedi.<\/p>\n<p style=\"text-align: justify;\">Ba\u015fbakan Erdo\u011fan, d\u00fcn Kosova&#8217;n\u0131n Prizren \u015fehrindeki Kosova Demokratik T\u00fcrk Partisi&#8217;nin mitinginde yapt\u0131\u011f\u0131 konu\u015fmada, \u201cHepimiz ortak bir tarihin, ortak bir k\u00fclt\u00fcr\u00fcn, ortak bir medeniyetin, birbirine dost, birbirine akraba, birbirine karde\u015f oldu\u011fu bir yap\u0131n\u0131n insanlar\u0131y\u0131z. Unutmay\u0131n, T\u00fcrkiye Kosova&#8217;d\u0131r, Kosova T\u00fcrkiye&#8217;dir&#8221; ifadelerini kullanm\u0131\u015ft\u0131.<\/p>\n<p style=\"text-align: justify;\"><b><i>http:\/\/www.hurriyet.com.tr\/planet\/24977520.asp<\/i><\/b><\/p>\n","protected":false},"excerpt":{"rendered":"<p>S\u0131rbistan resmi haber ajans\u0131 TANJUG, Ba\u015fbakan Recep Tayyip Erdo\u011fan&#8216;\u0131n, Kosova&#8216;n\u0131n Prizren kentinde yapt\u0131\u011f\u0131 konu\u015fmada kulland\u0131\u011f\u0131 \u201cT\u00fcrkiye Kosova&#8216;d\u0131r, Kosova T\u00fcrkiye&#8216;dir&#8221; ifadelerinin, S\u0131rbistan D\u0131\u015fi\u015fleriBakanl\u0131\u011f\u0131 taraf\u0131ndan k\u0131nand\u0131\u011f\u0131n\u0131 duyurdu. TANJUG&#8217;un haberine g\u00f6re, S\u0131rbistan D\u0131\u015f\u0131\u015fleri Bakanl\u0131\u011f\u0131, Ba\u015fbakan Erdo\u011fan&#8216;\u0131n Kosova&#8217;da kulland\u0131\u011f\u0131 s\u00f6ylemlerin dostane s\u00f6ylemler olarak kabul edilemeyece\u011fini ve iki \u00fclke devlet yetkililerinin ili\u015fkilerindeki g\u00fcveni ortadan kald\u0131raca\u011f\u0131n\u0131 savundu. Bakanl\u0131k, &#8220;t\u00fcm d\u00fcnyan\u0131n Kosova&#8217;n\u0131n [&hellip;]<\/p>\n","protected":false},"author":7,"featured_media":0,"comment_status":"open","ping_status":"open","sticky":false,"template":"","format":"standard","meta":{"footnotes":""},"categories":[1],"tags":[],"class_list":["post-26428","post","type-post","status-publish","format-standard","hentry","category-haberler"],"yoast_head":"<!-- This site is optimized with the Yoast SEO plugin v27.4 - https:\/\/yoast.com\/product\/yoast-seo-wordpress\/ -->\n<title>S\u0131rbistan&#039;dan Erdo\u011fan&#039;a &#039;Kosova&#039; tepkisi - Bati Ermenistan Ve Bati Ermenileri Sorunlari Ara\u015ftirmalar Merkezi<\/title>\n<meta name=\"robots\" content=\"index, follow, max-snippet:-1, max-image-preview:large, max-video-preview:-1\" \/>\n<link rel=\"canonical\" href=\"https:\/\/akunq.net\/tr\/?p=26428\" \/>\n<meta property=\"og:locale\" content=\"en_US\" \/>\n<meta property=\"og:type\" content=\"article\" \/>\n<meta property=\"og:title\" content=\"S\u0131rbistan&#039;dan Erdo\u011fan&#039;a &#039;Kosova&#039; tepkisi - Bati Ermenistan Ve Bati Ermenileri Sorunlari Ara\u015ftirmalar Merkezi\" \/>\n<meta property=\"og:description\" content=\"S\u0131rbistan resmi haber ajans\u0131 TANJUG, Ba\u015fbakan Recep Tayyip Erdo\u011fan&#8216;\u0131n, Kosova&#8216;n\u0131n Prizren kentinde yapt\u0131\u011f\u0131 konu\u015fmada kulland\u0131\u011f\u0131 \u201cT\u00fcrkiye Kosova&#8216;d\u0131r, Kosova T\u00fcrkiye&#8216;dir&#8221; ifadelerinin, S\u0131rbistan D\u0131\u015fi\u015fleriBakanl\u0131\u011f\u0131 taraf\u0131ndan k\u0131nand\u0131\u011f\u0131n\u0131 duyurdu. TANJUG&#8217;un haberine g\u00f6re, S\u0131rbistan D\u0131\u015f\u0131\u015fleri Bakanl\u0131\u011f\u0131, Ba\u015fbakan Erdo\u011fan&#8216;\u0131n Kosova&#8217;da kulland\u0131\u011f\u0131 s\u00f6ylemlerin dostane s\u00f6ylemler olarak kabul edilemeyece\u011fini ve iki \u00fclke devlet yetkililerinin ili\u015fkilerindeki g\u00fcveni ortadan kald\u0131raca\u011f\u0131n\u0131 savundu. Bakanl\u0131k, &#8220;t\u00fcm d\u00fcnyan\u0131n Kosova&#8217;n\u0131n [&hellip;]\" \/>\n<meta property=\"og:url\" content=\"https:\/\/akunq.net\/tr\/?p=26428\" \/>\n<meta property=\"og:site_name\" content=\"Bati Ermenistan Ve Bati Ermenileri Sorunlari Ara\u015ftirmalar Merkezi\" \/>\n<meta property=\"article:published_time\" content=\"2013-10-26T07:21:59+00:00\" \/>\n<meta name=\"author\" content=\"admin\" \/>\n<meta name=\"twitter:card\" content=\"summary_large_image\" \/>\n<meta name=\"twitter:label1\" content=\"Written by\" \/>\n\t<meta name=\"twitter:data1\" content=\"admin\" \/>\n\t<meta name=\"twitter:label2\" content=\"Est. reading time\" \/>\n\t<meta name=\"twitter:data2\" content=\"1 minute\" \/>\n<script type=\"application\/ld+json\" class=\"yoast-schema-graph\">{\"@context\":\"https:\\\/\\\/schema.org\",\"@graph\":[{\"@type\":\"Article\",\"@id\":\"https:\\\/\\\/akunq.net\\\/tr\\\/?p=26428#article\",\"isPartOf\":{\"@id\":\"https:\\\/\\\/akunq.net\\\/tr\\\/?p=26428\"},\"author\":{\"name\":\"admin\",\"@id\":\"https:\\\/\\\/akunq.net\\\/tr\\\/#\\\/schema\\\/person\\\/096f1d38a12cce57fb855b485ed24c9e\"},\"headline\":\"S\u0131rbistan&#8217;dan Erdo\u011fan&#8217;a &#8216;Kosova&#8217; tepkisi\",\"datePublished\":\"2013-10-26T07:21:59+00:00\",\"mainEntityOfPage\":{\"@id\":\"https:\\\/\\\/akunq.net\\\/tr\\\/?p=26428\"},\"wordCount\":246,\"commentCount\":0,\"articleSection\":[\"Haberler\"],\"inLanguage\":\"en-US\",\"potentialAction\":[{\"@type\":\"CommentAction\",\"name\":\"Comment\",\"target\":[\"https:\\\/\\\/akunq.net\\\/tr\\\/?p=26428#respond\"]}]},{\"@type\":\"WebPage\",\"@id\":\"https:\\\/\\\/akunq.net\\\/tr\\\/?p=26428\",\"url\":\"https:\\\/\\\/akunq.net\\\/tr\\\/?p=26428\",\"name\":\"S\u0131rbistan'dan Erdo\u011fan'a 'Kosova' tepkisi - Bati Ermenistan Ve Bati Ermenileri Sorunlari Ara\u015ftirmalar Merkezi\",\"isPartOf\":{\"@id\":\"https:\\\/\\\/akunq.net\\\/tr\\\/#website\"},\"datePublished\":\"2013-10-26T07:21:59+00:00\",\"author\":{\"@id\":\"https:\\\/\\\/akunq.net\\\/tr\\\/#\\\/schema\\\/person\\\/096f1d38a12cce57fb855b485ed24c9e\"},\"breadcrumb\":{\"@id\":\"https:\\\/\\\/akunq.net\\\/tr\\\/?p=26428#breadcrumb\"},\"inLanguage\":\"en-US\",\"potentialAction\":[{\"@type\":\"ReadAction\",\"target\":[\"https:\\\/\\\/akunq.net\\\/tr\\\/?p=26428\"]}]},{\"@type\":\"BreadcrumbList\",\"@id\":\"https:\\\/\\\/akunq.net\\\/tr\\\/?p=26428#breadcrumb\",\"itemListElement\":[{\"@type\":\"ListItem\",\"position\":1,\"name\":\"Home\",\"item\":\"https:\\\/\\\/akunq.net\\\/tr\"},{\"@type\":\"ListItem\",\"position\":2,\"name\":\"S\u0131rbistan&#8217;dan Erdo\u011fan&#8217;a &#8216;Kosova&#8217; tepkisi\"}]},{\"@type\":\"WebSite\",\"@id\":\"https:\\\/\\\/akunq.net\\\/tr\\\/#website\",\"url\":\"https:\\\/\\\/akunq.net\\\/tr\\\/\",\"name\":\"Bati Ermenistan Ve Bati Ermenileri Sorunlari Ara\u015ftirmalar Merkezi\",\"description\":\"\",\"potentialAction\":[{\"@type\":\"SearchAction\",\"target\":{\"@type\":\"EntryPoint\",\"urlTemplate\":\"https:\\\/\\\/akunq.net\\\/tr\\\/?s={search_term_string}\"},\"query-input\":{\"@type\":\"PropertyValueSpecification\",\"valueRequired\":true,\"valueName\":\"search_term_string\"}}],\"inLanguage\":\"en-US\"},{\"@type\":\"Person\",\"@id\":\"https:\\\/\\\/akunq.net\\\/tr\\\/#\\\/schema\\\/person\\\/096f1d38a12cce57fb855b485ed24c9e\",\"name\":\"admin\",\"url\":\"https:\\\/\\\/akunq.net\\\/tr\\\/?author=7\"}]}<\/script>\n<!-- \/ Yoast SEO plugin. -->","yoast_head_json":{"title":"S\u0131rbistan'dan Erdo\u011fan'a 'Kosova' tepkisi - Bati Ermenistan Ve Bati Ermenileri Sorunlari Ara\u015ftirmalar Merkezi","robots":{"index":"index","follow":"follow","max-snippet":"max-snippet:-1","max-image-preview":"max-image-preview:large","max-video-preview":"max-video-preview:-1"},"canonical":"https:\/\/akunq.net\/tr\/?p=26428","og_locale":"en_US","og_type":"article","og_title":"S\u0131rbistan'dan Erdo\u011fan'a 'Kosova' tepkisi - Bati Ermenistan Ve Bati Ermenileri Sorunlari Ara\u015ftirmalar Merkezi","og_description":"S\u0131rbistan resmi haber ajans\u0131 TANJUG, Ba\u015fbakan Recep Tayyip Erdo\u011fan&#8216;\u0131n, Kosova&#8216;n\u0131n Prizren kentinde yapt\u0131\u011f\u0131 konu\u015fmada kulland\u0131\u011f\u0131 \u201cT\u00fcrkiye Kosova&#8216;d\u0131r, Kosova T\u00fcrkiye&#8216;dir&#8221; ifadelerinin, S\u0131rbistan D\u0131\u015fi\u015fleriBakanl\u0131\u011f\u0131 taraf\u0131ndan k\u0131nand\u0131\u011f\u0131n\u0131 duyurdu. TANJUG&#8217;un haberine g\u00f6re, S\u0131rbistan D\u0131\u015f\u0131\u015fleri Bakanl\u0131\u011f\u0131, Ba\u015fbakan Erdo\u011fan&#8216;\u0131n Kosova&#8217;da kulland\u0131\u011f\u0131 s\u00f6ylemlerin dostane s\u00f6ylemler olarak kabul edilemeyece\u011fini ve iki \u00fclke devlet yetkililerinin ili\u015fkilerindeki g\u00fcveni ortadan kald\u0131raca\u011f\u0131n\u0131 savundu. Bakanl\u0131k, &#8220;t\u00fcm d\u00fcnyan\u0131n Kosova&#8217;n\u0131n [&hellip;]","og_url":"https:\/\/akunq.net\/tr\/?p=26428","og_site_name":"Bati Ermenistan Ve Bati Ermenileri Sorunlari Ara\u015ftirmalar Merkezi","article_published_time":"2013-10-26T07:21:59+00:00","author":"admin","twitter_card":"summary_large_image","twitter_misc":{"Written by":"admin","Est. reading time":"1 minute"},"schema":{"@context":"https:\/\/schema.org","@graph":[{"@type":"Article","@id":"https:\/\/akunq.net\/tr\/?p=26428#article","isPartOf":{"@id":"https:\/\/akunq.net\/tr\/?p=26428"},"author":{"name":"admin","@id":"https:\/\/akunq.net\/tr\/#\/schema\/person\/096f1d38a12cce57fb855b485ed24c9e"},"headline":"S\u0131rbistan&#8217;dan Erdo\u011fan&#8217;a &#8216;Kosova&#8217; tepkisi","datePublished":"2013-10-26T07:21:59+00:00","mainEntityOfPage":{"@id":"https:\/\/akunq.net\/tr\/?p=26428"},"wordCount":246,"commentCount":0,"articleSection":["Haberler"],"inLanguage":"en-US","potentialAction":[{"@type":"CommentAction","name":"Comment","target":["https:\/\/akunq.net\/tr\/?p=26428#respond"]}]},{"@type":"WebPage","@id":"https:\/\/akunq.net\/tr\/?p=26428","url":"https:\/\/akunq.net\/tr\/?p=26428","name":"S\u0131rbistan'dan Erdo\u011fan'a 'Kosova' tepkisi - Bati Ermenistan Ve Bati Ermenileri Sorunlari Ara\u015ftirmalar Merkezi","isPartOf":{"@id":"https:\/\/akunq.net\/tr\/#website"},"datePublished":"2013-10-26T07:21:59+00:00","author":{"@id":"https:\/\/akunq.net\/tr\/#\/schema\/person\/096f1d38a12cce57fb855b485ed24c9e"},"breadcrumb":{"@id":"https:\/\/akunq.net\/tr\/?p=26428#breadcrumb"},"inLanguage":"en-US","potentialAction":[{"@type":"ReadAction","target":["https:\/\/akunq.net\/tr\/?p=26428"]}]},{"@type":"BreadcrumbList","@id":"https:\/\/akunq.net\/tr\/?p=26428#breadcrumb","itemListElement":[{"@type":"ListItem","position":1,"name":"Home","item":"https:\/\/akunq.net\/tr"},{"@type":"ListItem","position":2,"name":"S\u0131rbistan&#8217;dan Erdo\u011fan&#8217;a &#8216;Kosova&#8217; tepkisi"}]},{"@type":"WebSite","@id":"https:\/\/akunq.net\/tr\/#website","url":"https:\/\/akunq.net\/tr\/","name":"Bati Ermenistan Ve Bati Ermenileri Sorunlari Ara\u015ftirmalar Merkezi","description":"","potentialAction":[{"@type":"SearchAction","target":{"@type":"EntryPoint","urlTemplate":"https:\/\/akunq.net\/tr\/?s={search_term_string}"},"query-input":{"@type":"PropertyValueSpecification","valueRequired":true,"valueName":"search_term_string"}}],"inLanguage":"en-US"},{"@type":"Person","@id":"https:\/\/akunq.net\/tr\/#\/schema\/person\/096f1d38a12cce57fb855b485ed24c9e","name":"admin","url":"https:\/\/akunq.net\/tr\/?author=7"}]}},"_links":{"self":[{"href":"https:\/\/akunq.net\/tr\/index.php?rest_route=\/wp\/v2\/posts\/26428","targetHints":{"allow":["GET"]}}],"collection":[{"href":"https:\/\/akunq.net\/tr\/index.php?rest_route=\/wp\/v2\/posts"}],"about":[{"href":"https:\/\/akunq.net\/tr\/index.php?rest_route=\/wp\/v2\/types\/post"}],"author":[{"embeddable":true,"href":"https:\/\/akunq.net\/tr\/index.php?rest_route=\/wp\/v2\/users\/7"}],"replies":[{"embeddable":true,"href":"https:\/\/akunq.net\/tr\/index.php?rest_route=%2Fwp%2Fv2%2Fcomments&post=26428"}],"version-history":[{"count":1,"href":"https:\/\/akunq.net\/tr\/index.php?rest_route=\/wp\/v2\/posts\/26428\/revisions"}],"predecessor-version":[{"id":26430,"href":"https:\/\/akunq.net\/tr\/index.php?rest_route=\/wp\/v2\/posts\/26428\/revisions\/26430"}],"wp:attachment":[{"href":"https:\/\/akunq.net\/tr\/index.php?rest_route=%2Fwp%2Fv2%2Fmedia&parent=26428"}],"wp:term":[{"taxonomy":"category","embeddable":true,"href":"https:\/\/akunq.net\/tr\/index.php?rest_route=%2Fwp%2Fv2%2Fcategories&post=26428"},{"taxonomy":"post_tag","embeddable":true,"href":"https:\/\/akunq.net\/tr\/index.php?rest_route=%2Fwp%2Fv2%2Ftags&post=26428"}],"curies":[{"name":"wp","href":"https:\/\/api.w.org\/{rel}","templated":true}]}}