{"id":26342,"date":"2013-10-24T03:35:02","date_gmt":"2013-10-24T08:35:02","guid":{"rendered":"http:\/\/akunq.net\/tr\/?p=26342"},"modified":"2013-10-24T03:35:22","modified_gmt":"2013-10-24T08:35:22","slug":"bdpli-3-vekil-istifa-etti","status":"publish","type":"post","link":"https:\/\/akunq.net\/tr\/?p=26342","title":{"rendered":"BDP&#8217;li 3 vekil istifa etti"},"content":{"rendered":"<div>\n<p style=\"text-align: justify;\"><b><i><a href=\"http:\/\/akunq.net\/tr\/wp-content\/uploads\/2013\/10\/\u0584\u0580\u0564\u0561\u0574\u0565\u057f-\u0576\u0578\u0580-\u056f\u0578\u0582\u057d\u0561\u056f\u0581\u0578\u0582\u0569\u0575\u0578\u0582\u0576.jpg\"><img loading=\"lazy\" decoding=\"async\" class=\"alignright size-medium wp-image-26343\" alt=\"\u0584\u0580\u0564\u0561\u0574\u0565\u057f \u0576\u0578\u0580 \u056f\u0578\u0582\u057d\u0561\u056f\u0581\u0578\u0582\u0569\u0575\u0578\u0582\u0576\" src=\"http:\/\/akunq.net\/tr\/wp-content\/uploads\/2013\/10\/\u0584\u0580\u0564\u0561\u0574\u0565\u057f-\u0576\u0578\u0580-\u056f\u0578\u0582\u057d\u0561\u056f\u0581\u0578\u0582\u0569\u0575\u0578\u0582\u0576-300x156.jpg\" width=\"300\" height=\"156\" srcset=\"https:\/\/akunq.net\/tr\/wp-content\/uploads\/sites\/6\/2013\/10\/\u0584\u0580\u0564\u0561\u0574\u0565\u057f-\u0576\u0578\u0580-\u056f\u0578\u0582\u057d\u0561\u056f\u0581\u0578\u0582\u0569\u0575\u0578\u0582\u0576-300x156.jpg 300w, https:\/\/akunq.net\/tr\/wp-content\/uploads\/sites\/6\/2013\/10\/\u0584\u0580\u0564\u0561\u0574\u0565\u057f-\u0576\u0578\u0580-\u056f\u0578\u0582\u057d\u0561\u056f\u0581\u0578\u0582\u0569\u0575\u0578\u0582\u0576.jpg 550w\" sizes=\"auto, (max-width: 300px) 100vw, 300px\" \/><\/a>S\u0131rr\u0131 S\u00fcreyya \u00d6nder, Sabahat Tuncel ve Ertu\u011frul K\u00fcrk\u00e7\u00fc HDP&#8217;ye ge\u00e7mek i\u00e7in BDP&#8217;ten istifa etti.<\/i><\/b><\/p>\n<\/div>\n<p style=\"text-align: justify;\">BDP \u0130stanbul Milletvekilleri S\u0131rr\u0131 S\u00fcreyya \u00d6nder ve Sebahat Tuncel ile BDP Mersin Milletvekili Ertu\u011frul K\u00fcrkc\u00fc, partilerinden istifalar\u0131na ili\u015fkin dilek\u00e7elerini TBMM Ba\u015fkanl\u0131\u011f\u0131&#8217;na sundu.<\/p>\n<p style=\"text-align: justify;\">K\u00fcrkc\u00fc, istifas\u0131na ili\u015fkin AA muhabirinin sorular\u0131n\u0131 yan\u0131tlarken, Halklar\u0131n Demokratik Partisi kongresinin hafta sonu yap\u0131laca\u011f\u0131n\u0131 an\u0131msatarak, Halklar\u0131n Demokratik Partisi&#8217;nde m\u00fccadelelerine devam edeceklerini belirtti. K\u00fcrkc\u00fc, zorunlu olarak partilerinden ayr\u0131ld\u0131klar\u0131n\u0131 dile getirdi.<\/p>\n<p style=\"text-align: justify;\">\u0130stanbul Milletvekili Sebahat Tuncel de AA&#8217;ya yapt\u0131\u011f\u0131 a\u00e7\u0131klamada, istifalar\u0131na ili\u015fkin dilek\u00e7eleri TBMM Ba\u015fkanl\u0131\u011f\u0131&#8217;na sunduklar\u0131n\u0131 bildirdi. Tuncel, Halklar\u0131n Demokratik Partisi&#8217;nin pazar g\u00fcn\u00fc yapaca\u011f\u0131 kongreyle birlikte bu partiye ge\u00e7eceklerini kaydetti.<\/p>\n<p style=\"text-align: justify;\">BDP&#8217;li \u00fc\u00e7 milletvekilinin istifas\u0131yla BDP&#8217;nin milletvekili say\u0131s\u0131 26&#8217;ya d\u00fc\u015ferken, ba\u011f\u0131ms\u0131z milletvekili say\u0131s\u0131 9 oldu.<\/p>\n<p style=\"text-align: justify;\"><b><i>http:\/\/www.sabah.com.tr\/Gundem\/2013\/10\/23\/bdpli-3-vekil-istifa-etti<\/i><\/b><\/p>\n","protected":false},"excerpt":{"rendered":"<p>S\u0131rr\u0131 S\u00fcreyya \u00d6nder, Sabahat Tuncel ve Ertu\u011frul K\u00fcrk\u00e7\u00fc HDP&#8217;ye ge\u00e7mek i\u00e7in BDP&#8217;ten istifa etti. BDP \u0130stanbul Milletvekilleri S\u0131rr\u0131 S\u00fcreyya \u00d6nder ve Sebahat Tuncel ile BDP Mersin Milletvekili Ertu\u011frul K\u00fcrkc\u00fc, partilerinden istifalar\u0131na ili\u015fkin dilek\u00e7elerini TBMM Ba\u015fkanl\u0131\u011f\u0131&#8217;na sundu. K\u00fcrkc\u00fc, istifas\u0131na ili\u015fkin AA muhabirinin sorular\u0131n\u0131 yan\u0131tlarken, Halklar\u0131n Demokratik Partisi kongresinin hafta sonu yap\u0131laca\u011f\u0131n\u0131 an\u0131msatarak, Halklar\u0131n Demokratik Partisi&#8217;nde m\u00fccadelelerine [&hellip;]<\/p>\n","protected":false},"author":7,"featured_media":0,"comment_status":"open","ping_status":"open","sticky":false,"template":"","format":"standard","meta":{"footnotes":""},"categories":[1],"tags":[],"class_list":["post-26342","post","type-post","status-publish","format-standard","hentry","category-haberler"],"yoast_head":"<!-- This site is optimized with the Yoast SEO plugin v27.4 - https:\/\/yoast.com\/product\/yoast-seo-wordpress\/ -->\n<title>BDP&#039;li 3 vekil istifa etti - Bati Ermenistan Ve Bati Ermenileri Sorunlari Ara\u015ftirmalar Merkezi<\/title>\n<meta name=\"robots\" content=\"index, follow, max-snippet:-1, max-image-preview:large, max-video-preview:-1\" \/>\n<link rel=\"canonical\" href=\"https:\/\/akunq.net\/tr\/?p=26342\" \/>\n<meta property=\"og:locale\" content=\"en_US\" \/>\n<meta property=\"og:type\" content=\"article\" \/>\n<meta property=\"og:title\" content=\"BDP&#039;li 3 vekil istifa etti - Bati Ermenistan Ve Bati Ermenileri Sorunlari Ara\u015ftirmalar Merkezi\" \/>\n<meta property=\"og:description\" content=\"S\u0131rr\u0131 S\u00fcreyya \u00d6nder, Sabahat Tuncel ve Ertu\u011frul K\u00fcrk\u00e7\u00fc HDP&#8217;ye ge\u00e7mek i\u00e7in BDP&#8217;ten istifa etti. BDP \u0130stanbul Milletvekilleri S\u0131rr\u0131 S\u00fcreyya \u00d6nder ve Sebahat Tuncel ile BDP Mersin Milletvekili Ertu\u011frul K\u00fcrkc\u00fc, partilerinden istifalar\u0131na ili\u015fkin dilek\u00e7elerini TBMM Ba\u015fkanl\u0131\u011f\u0131&#8217;na sundu. K\u00fcrkc\u00fc, istifas\u0131na ili\u015fkin AA muhabirinin sorular\u0131n\u0131 yan\u0131tlarken, Halklar\u0131n Demokratik Partisi kongresinin hafta sonu yap\u0131laca\u011f\u0131n\u0131 an\u0131msatarak, Halklar\u0131n Demokratik Partisi&#8217;nde m\u00fccadelelerine [&hellip;]\" \/>\n<meta property=\"og:url\" content=\"https:\/\/akunq.net\/tr\/?p=26342\" \/>\n<meta property=\"og:site_name\" content=\"Bati Ermenistan Ve Bati Ermenileri Sorunlari Ara\u015ftirmalar Merkezi\" \/>\n<meta property=\"article:published_time\" content=\"2013-10-24T08:35:02+00:00\" \/>\n<meta property=\"article:modified_time\" content=\"2013-10-24T08:35:22+00:00\" \/>\n<meta name=\"author\" content=\"admin\" \/>\n<meta name=\"twitter:card\" content=\"summary_large_image\" \/>\n<meta name=\"twitter:label1\" content=\"Written by\" \/>\n\t<meta name=\"twitter:data1\" content=\"admin\" \/>\n\t<meta name=\"twitter:label2\" content=\"Est. reading time\" \/>\n\t<meta name=\"twitter:data2\" content=\"1 minute\" \/>\n<script type=\"application\/ld+json\" class=\"yoast-schema-graph\">{\"@context\":\"https:\\\/\\\/schema.org\",\"@graph\":[{\"@type\":\"Article\",\"@id\":\"https:\\\/\\\/akunq.net\\\/tr\\\/?p=26342#article\",\"isPartOf\":{\"@id\":\"https:\\\/\\\/akunq.net\\\/tr\\\/?p=26342\"},\"author\":{\"name\":\"admin\",\"@id\":\"https:\\\/\\\/akunq.net\\\/tr\\\/#\\\/schema\\\/person\\\/096f1d38a12cce57fb855b485ed24c9e\"},\"headline\":\"BDP&#8217;li 3 vekil istifa etti\",\"datePublished\":\"2013-10-24T08:35:02+00:00\",\"dateModified\":\"2013-10-24T08:35:22+00:00\",\"mainEntityOfPage\":{\"@id\":\"https:\\\/\\\/akunq.net\\\/tr\\\/?p=26342\"},\"wordCount\":163,\"commentCount\":0,\"articleSection\":[\"Haberler\"],\"inLanguage\":\"en-US\",\"potentialAction\":[{\"@type\":\"CommentAction\",\"name\":\"Comment\",\"target\":[\"https:\\\/\\\/akunq.net\\\/tr\\\/?p=26342#respond\"]}]},{\"@type\":\"WebPage\",\"@id\":\"https:\\\/\\\/akunq.net\\\/tr\\\/?p=26342\",\"url\":\"https:\\\/\\\/akunq.net\\\/tr\\\/?p=26342\",\"name\":\"BDP'li 3 vekil istifa etti - Bati Ermenistan Ve Bati Ermenileri Sorunlari Ara\u015ftirmalar Merkezi\",\"isPartOf\":{\"@id\":\"https:\\\/\\\/akunq.net\\\/tr\\\/#website\"},\"datePublished\":\"2013-10-24T08:35:02+00:00\",\"dateModified\":\"2013-10-24T08:35:22+00:00\",\"author\":{\"@id\":\"https:\\\/\\\/akunq.net\\\/tr\\\/#\\\/schema\\\/person\\\/096f1d38a12cce57fb855b485ed24c9e\"},\"breadcrumb\":{\"@id\":\"https:\\\/\\\/akunq.net\\\/tr\\\/?p=26342#breadcrumb\"},\"inLanguage\":\"en-US\",\"potentialAction\":[{\"@type\":\"ReadAction\",\"target\":[\"https:\\\/\\\/akunq.net\\\/tr\\\/?p=26342\"]}]},{\"@type\":\"BreadcrumbList\",\"@id\":\"https:\\\/\\\/akunq.net\\\/tr\\\/?p=26342#breadcrumb\",\"itemListElement\":[{\"@type\":\"ListItem\",\"position\":1,\"name\":\"Home\",\"item\":\"https:\\\/\\\/akunq.net\\\/tr\"},{\"@type\":\"ListItem\",\"position\":2,\"name\":\"BDP&#8217;li 3 vekil istifa etti\"}]},{\"@type\":\"WebSite\",\"@id\":\"https:\\\/\\\/akunq.net\\\/tr\\\/#website\",\"url\":\"https:\\\/\\\/akunq.net\\\/tr\\\/\",\"name\":\"Bati Ermenistan Ve Bati Ermenileri Sorunlari Ara\u015ftirmalar Merkezi\",\"description\":\"\",\"potentialAction\":[{\"@type\":\"SearchAction\",\"target\":{\"@type\":\"EntryPoint\",\"urlTemplate\":\"https:\\\/\\\/akunq.net\\\/tr\\\/?s={search_term_string}\"},\"query-input\":{\"@type\":\"PropertyValueSpecification\",\"valueRequired\":true,\"valueName\":\"search_term_string\"}}],\"inLanguage\":\"en-US\"},{\"@type\":\"Person\",\"@id\":\"https:\\\/\\\/akunq.net\\\/tr\\\/#\\\/schema\\\/person\\\/096f1d38a12cce57fb855b485ed24c9e\",\"name\":\"admin\",\"url\":\"https:\\\/\\\/akunq.net\\\/tr\\\/?author=7\"}]}<\/script>\n<!-- \/ Yoast SEO plugin. -->","yoast_head_json":{"title":"BDP'li 3 vekil istifa etti - Bati Ermenistan Ve Bati Ermenileri Sorunlari Ara\u015ftirmalar Merkezi","robots":{"index":"index","follow":"follow","max-snippet":"max-snippet:-1","max-image-preview":"max-image-preview:large","max-video-preview":"max-video-preview:-1"},"canonical":"https:\/\/akunq.net\/tr\/?p=26342","og_locale":"en_US","og_type":"article","og_title":"BDP'li 3 vekil istifa etti - Bati Ermenistan Ve Bati Ermenileri Sorunlari Ara\u015ftirmalar Merkezi","og_description":"S\u0131rr\u0131 S\u00fcreyya \u00d6nder, Sabahat Tuncel ve Ertu\u011frul K\u00fcrk\u00e7\u00fc HDP&#8217;ye ge\u00e7mek i\u00e7in BDP&#8217;ten istifa etti. BDP \u0130stanbul Milletvekilleri S\u0131rr\u0131 S\u00fcreyya \u00d6nder ve Sebahat Tuncel ile BDP Mersin Milletvekili Ertu\u011frul K\u00fcrkc\u00fc, partilerinden istifalar\u0131na ili\u015fkin dilek\u00e7elerini TBMM Ba\u015fkanl\u0131\u011f\u0131&#8217;na sundu. K\u00fcrkc\u00fc, istifas\u0131na ili\u015fkin AA muhabirinin sorular\u0131n\u0131 yan\u0131tlarken, Halklar\u0131n Demokratik Partisi kongresinin hafta sonu yap\u0131laca\u011f\u0131n\u0131 an\u0131msatarak, Halklar\u0131n Demokratik Partisi&#8217;nde m\u00fccadelelerine [&hellip;]","og_url":"https:\/\/akunq.net\/tr\/?p=26342","og_site_name":"Bati Ermenistan Ve Bati Ermenileri Sorunlari Ara\u015ftirmalar Merkezi","article_published_time":"2013-10-24T08:35:02+00:00","article_modified_time":"2013-10-24T08:35:22+00:00","author":"admin","twitter_card":"summary_large_image","twitter_misc":{"Written by":"admin","Est. reading time":"1 minute"},"schema":{"@context":"https:\/\/schema.org","@graph":[{"@type":"Article","@id":"https:\/\/akunq.net\/tr\/?p=26342#article","isPartOf":{"@id":"https:\/\/akunq.net\/tr\/?p=26342"},"author":{"name":"admin","@id":"https:\/\/akunq.net\/tr\/#\/schema\/person\/096f1d38a12cce57fb855b485ed24c9e"},"headline":"BDP&#8217;li 3 vekil istifa etti","datePublished":"2013-10-24T08:35:02+00:00","dateModified":"2013-10-24T08:35:22+00:00","mainEntityOfPage":{"@id":"https:\/\/akunq.net\/tr\/?p=26342"},"wordCount":163,"commentCount":0,"articleSection":["Haberler"],"inLanguage":"en-US","potentialAction":[{"@type":"CommentAction","name":"Comment","target":["https:\/\/akunq.net\/tr\/?p=26342#respond"]}]},{"@type":"WebPage","@id":"https:\/\/akunq.net\/tr\/?p=26342","url":"https:\/\/akunq.net\/tr\/?p=26342","name":"BDP'li 3 vekil istifa etti - Bati Ermenistan Ve Bati Ermenileri Sorunlari Ara\u015ftirmalar Merkezi","isPartOf":{"@id":"https:\/\/akunq.net\/tr\/#website"},"datePublished":"2013-10-24T08:35:02+00:00","dateModified":"2013-10-24T08:35:22+00:00","author":{"@id":"https:\/\/akunq.net\/tr\/#\/schema\/person\/096f1d38a12cce57fb855b485ed24c9e"},"breadcrumb":{"@id":"https:\/\/akunq.net\/tr\/?p=26342#breadcrumb"},"inLanguage":"en-US","potentialAction":[{"@type":"ReadAction","target":["https:\/\/akunq.net\/tr\/?p=26342"]}]},{"@type":"BreadcrumbList","@id":"https:\/\/akunq.net\/tr\/?p=26342#breadcrumb","itemListElement":[{"@type":"ListItem","position":1,"name":"Home","item":"https:\/\/akunq.net\/tr"},{"@type":"ListItem","position":2,"name":"BDP&#8217;li 3 vekil istifa etti"}]},{"@type":"WebSite","@id":"https:\/\/akunq.net\/tr\/#website","url":"https:\/\/akunq.net\/tr\/","name":"Bati Ermenistan Ve Bati Ermenileri Sorunlari Ara\u015ftirmalar Merkezi","description":"","potentialAction":[{"@type":"SearchAction","target":{"@type":"EntryPoint","urlTemplate":"https:\/\/akunq.net\/tr\/?s={search_term_string}"},"query-input":{"@type":"PropertyValueSpecification","valueRequired":true,"valueName":"search_term_string"}}],"inLanguage":"en-US"},{"@type":"Person","@id":"https:\/\/akunq.net\/tr\/#\/schema\/person\/096f1d38a12cce57fb855b485ed24c9e","name":"admin","url":"https:\/\/akunq.net\/tr\/?author=7"}]}},"_links":{"self":[{"href":"https:\/\/akunq.net\/tr\/index.php?rest_route=\/wp\/v2\/posts\/26342","targetHints":{"allow":["GET"]}}],"collection":[{"href":"https:\/\/akunq.net\/tr\/index.php?rest_route=\/wp\/v2\/posts"}],"about":[{"href":"https:\/\/akunq.net\/tr\/index.php?rest_route=\/wp\/v2\/types\/post"}],"author":[{"embeddable":true,"href":"https:\/\/akunq.net\/tr\/index.php?rest_route=\/wp\/v2\/users\/7"}],"replies":[{"embeddable":true,"href":"https:\/\/akunq.net\/tr\/index.php?rest_route=%2Fwp%2Fv2%2Fcomments&post=26342"}],"version-history":[{"count":2,"href":"https:\/\/akunq.net\/tr\/index.php?rest_route=\/wp\/v2\/posts\/26342\/revisions"}],"predecessor-version":[{"id":26345,"href":"https:\/\/akunq.net\/tr\/index.php?rest_route=\/wp\/v2\/posts\/26342\/revisions\/26345"}],"wp:attachment":[{"href":"https:\/\/akunq.net\/tr\/index.php?rest_route=%2Fwp%2Fv2%2Fmedia&parent=26342"}],"wp:term":[{"taxonomy":"category","embeddable":true,"href":"https:\/\/akunq.net\/tr\/index.php?rest_route=%2Fwp%2Fv2%2Fcategories&post=26342"},{"taxonomy":"post_tag","embeddable":true,"href":"https:\/\/akunq.net\/tr\/index.php?rest_route=%2Fwp%2Fv2%2Ftags&post=26342"}],"curies":[{"name":"wp","href":"https:\/\/api.w.org\/{rel}","templated":true}]}}