{"id":26304,"date":"2013-10-23T02:48:13","date_gmt":"2013-10-23T07:48:13","guid":{"rendered":"http:\/\/akunq.net\/tr\/?p=26304"},"modified":"2013-10-23T02:48:13","modified_gmt":"2013-10-23T07:48:13","slug":"ab-turkiye-muzakereleri-5-kasimda-yeniden-basliyor","status":"publish","type":"post","link":"https:\/\/akunq.net\/tr\/?p=26304","title":{"rendered":"AB-T\u00fcrkiye m\u00fczakereleri 5 Kas\u0131m&#8217;da yeniden ba\u015fl\u0131yor"},"content":{"rendered":"<p style=\"text-align: justify;\"><b><i><a href=\"http:\/\/akunq.net\/tr\/wp-content\/uploads\/2013\/10\/\u0535\u057e\u0580\u0578\u057a\u0561\u056f\u0561\u0576-\u0574\u056b\u0578\u0582\u0569\u0575\u0578\u0582\u0576\u0568-\u0539\u0578\u0582\u0580\u0584\u056b\u0561\u0575\u056b-\u0570\u0565\u057f.jpg\"><img loading=\"lazy\" decoding=\"async\" class=\"alignright size-medium wp-image-26305\" alt=\"\u0535\u057e\u0580\u0578\u057a\u0561\u056f\u0561\u0576 \u0574\u056b\u0578\u0582\u0569\u0575\u0578\u0582\u0576\u0568 \u0539\u0578\u0582\u0580\u0584\u056b\u0561\u0575\u056b \u0570\u0565\u057f\" src=\"http:\/\/akunq.net\/tr\/wp-content\/uploads\/2013\/10\/\u0535\u057e\u0580\u0578\u057a\u0561\u056f\u0561\u0576-\u0574\u056b\u0578\u0582\u0569\u0575\u0578\u0582\u0576\u0568-\u0539\u0578\u0582\u0580\u0584\u056b\u0561\u0575\u056b-\u0570\u0565\u057f-300x118.jpg\" width=\"300\" height=\"118\" srcset=\"https:\/\/akunq.net\/tr\/wp-content\/uploads\/sites\/6\/2013\/10\/\u0535\u057e\u0580\u0578\u057a\u0561\u056f\u0561\u0576-\u0574\u056b\u0578\u0582\u0569\u0575\u0578\u0582\u0576\u0568-\u0539\u0578\u0582\u0580\u0584\u056b\u0561\u0575\u056b-\u0570\u0565\u057f-300x118.jpg 300w, https:\/\/akunq.net\/tr\/wp-content\/uploads\/sites\/6\/2013\/10\/\u0535\u057e\u0580\u0578\u057a\u0561\u056f\u0561\u0576-\u0574\u056b\u0578\u0582\u0569\u0575\u0578\u0582\u0576\u0568-\u0539\u0578\u0582\u0580\u0584\u056b\u0561\u0575\u056b-\u0570\u0565\u057f-600x237.jpg 600w, https:\/\/akunq.net\/tr\/wp-content\/uploads\/sites\/6\/2013\/10\/\u0535\u057e\u0580\u0578\u057a\u0561\u056f\u0561\u0576-\u0574\u056b\u0578\u0582\u0569\u0575\u0578\u0582\u0576\u0568-\u0539\u0578\u0582\u0580\u0584\u056b\u0561\u0575\u056b-\u0570\u0565\u057f.jpg 759w\" sizes=\"auto, (max-width: 300px) 100vw, 300px\" \/><\/a>Avrupa Birli\u011fi Avrupa \u0130\u015fleri Bakanlar\u0131&#8217;n\u0131n bug\u00fcn L\u00fcksemburg&#8217;da yapt\u0131\u011f\u0131 toplant\u0131dan T\u00fcrkiye ile m\u00fczakerelere \u00fc\u00e7 y\u0131ll\u0131k aran\u0131n ard\u0131ndan yeniden ba\u015flanmas\u0131 karar\u0131 \u00e7\u0131kt\u0131.<\/i><\/b><\/p>\n<p style=\"text-align: justify;\">G\u00f6r\u00fc\u015fmenin ard\u0131ndan yap\u0131lan a\u00e7\u0131klamada m\u00fczakerelerin ba\u015flama tarihi olarak 5 Kas\u0131m&#8217;\u0131n se\u00e7ildi\u011fi bildirildi.<\/p>\n<p style=\"text-align: justify;\">Bu tarih T\u00fcrkiye i\u00e7in s\u00fcrpriz olmad\u0131. AB Bakan\u0131 ve Ba\u015fm\u00fczakereci Egemen Ba\u011f\u0131\u015f, ge\u00e7ti\u011fimiz haftalarda yapt\u0131\u011f\u0131 son Br\u00fcksel ziyaretinde, &#8220;AB D\u00f6nem Ba\u015fkan\u0131 Litvanya, h\u00fck\u00fcmetleraras\u0131 konferans i\u00e7in 5 Kas\u0131m&#8217;\u0131 bo\u015f b\u0131rakmam\u0131z\u0131 istedi&#8221; demi\u015fti.<\/p>\n<p style=\"text-align: justify;\">AB \u00fcyeleri haziran ay\u0131nda m\u00fczakerelerin yeniden ba\u015flamas\u0131na karar verildi\u011fini duyurmu\u015ftu.\u00a0Ancak s\u00fcre\u00e7 \u0130lerleme Raporu sonras\u0131na b\u0131rak\u0131lm\u0131\u015ft\u0131.<\/p>\n<p style=\"text-align: justify;\">5 Kas\u0131m&#8217;dan itibaren m\u00fczakerelerde &#8220;B\u00f6lgesel Politika ve Yap\u0131sal Ara\u00e7lar\u0131n Koordinasyonu&#8221; ba\u015fl\u0131kl\u0131 22&#8217;nci fas\u0131l a\u00e7\u0131lacak. <a title=\"Ankara\" href=\"http:\/\/www.hurriyet.com.tr\/index\/Ankara\" target=\"_blank\">Ankara<\/a>&#8216;n\u0131n \u00f6ncelikli fas\u0131llar\u0131 ise 23 ve 24 numaralar.<\/p>\n<p style=\"text-align: justify;\">Ba\u015fl\u0131\u011f\u0131n resmen a\u00e7\u0131lmas\u0131 konusunda p\u00fcr\u00fcz \u00e7\u0131karma ihtimali en y\u00fcksek \u00fclke, 25 Haziran&#8217;da a\u00e7\u0131l\u0131\u015f\u0131 engelleyen Almanya&#8217;yd\u0131. Ancak Almanya Ba\u015fbakan\u0131 Angela Merkel,\u00a0hafta sonu muhalefetini geri \u00e7ekece\u011finin i\u015faretini verdi. D\u00fcn de Almanya AB Genel \u0130\u015fler Konseyi toplant\u0131s\u0131nda &#8220;ba\u015fl\u0131\u011f\u0131n a\u00e7\u0131lmas\u0131na muhalefet etmeyece\u011fini&#8221; resmi kanallar arac\u0131l\u0131\u011f\u0131yla teyit etti.<\/p>\n<p style=\"text-align: justify;\">Ba\u015fl\u0131\u011f\u0131n a\u00e7\u0131lmas\u0131 konusunda \u00e7ekinceleri oldu\u011fu bilinen Hollanda engeli de bu \u00fclkenin parlamentosunun ge\u00e7ti\u011fimiz g\u00fcnlerde ye\u015fil \u0131\u015f\u0131k yakmas\u0131 sonucunda a\u015f\u0131lm\u0131\u015ft\u0131.<\/p>\n<p style=\"text-align: justify;\"><b><i>http:\/\/www.hurriyet.com.tr\/planet\/24957893.asp<\/i><\/b><\/p>\n","protected":false},"excerpt":{"rendered":"<p>Avrupa Birli\u011fi Avrupa \u0130\u015fleri Bakanlar\u0131&#8217;n\u0131n bug\u00fcn L\u00fcksemburg&#8217;da yapt\u0131\u011f\u0131 toplant\u0131dan T\u00fcrkiye ile m\u00fczakerelere \u00fc\u00e7 y\u0131ll\u0131k aran\u0131n ard\u0131ndan yeniden ba\u015flanmas\u0131 karar\u0131 \u00e7\u0131kt\u0131. G\u00f6r\u00fc\u015fmenin ard\u0131ndan yap\u0131lan a\u00e7\u0131klamada m\u00fczakerelerin ba\u015flama tarihi olarak 5 Kas\u0131m&#8217;\u0131n se\u00e7ildi\u011fi bildirildi. Bu tarih T\u00fcrkiye i\u00e7in s\u00fcrpriz olmad\u0131. AB Bakan\u0131 ve Ba\u015fm\u00fczakereci Egemen Ba\u011f\u0131\u015f, ge\u00e7ti\u011fimiz haftalarda yapt\u0131\u011f\u0131 son Br\u00fcksel ziyaretinde, &#8220;AB D\u00f6nem Ba\u015fkan\u0131 Litvanya, h\u00fck\u00fcmetleraras\u0131 [&hellip;]<\/p>\n","protected":false},"author":7,"featured_media":0,"comment_status":"open","ping_status":"open","sticky":false,"template":"","format":"standard","meta":{"footnotes":""},"categories":[1],"tags":[],"class_list":["post-26304","post","type-post","status-publish","format-standard","hentry","category-haberler"],"yoast_head":"<!-- This site is optimized with the Yoast SEO plugin v27.4 - https:\/\/yoast.com\/product\/yoast-seo-wordpress\/ -->\n<title>AB-T\u00fcrkiye m\u00fczakereleri 5 Kas\u0131m&#039;da yeniden ba\u015fl\u0131yor - Bati Ermenistan Ve Bati Ermenileri Sorunlari Ara\u015ftirmalar Merkezi<\/title>\n<meta name=\"robots\" content=\"index, follow, max-snippet:-1, max-image-preview:large, max-video-preview:-1\" \/>\n<link rel=\"canonical\" href=\"https:\/\/akunq.net\/tr\/?p=26304\" \/>\n<meta property=\"og:locale\" content=\"en_US\" \/>\n<meta property=\"og:type\" content=\"article\" \/>\n<meta property=\"og:title\" content=\"AB-T\u00fcrkiye m\u00fczakereleri 5 Kas\u0131m&#039;da yeniden ba\u015fl\u0131yor - Bati Ermenistan Ve Bati Ermenileri Sorunlari Ara\u015ftirmalar Merkezi\" \/>\n<meta property=\"og:description\" content=\"Avrupa Birli\u011fi Avrupa \u0130\u015fleri Bakanlar\u0131&#8217;n\u0131n bug\u00fcn L\u00fcksemburg&#8217;da yapt\u0131\u011f\u0131 toplant\u0131dan T\u00fcrkiye ile m\u00fczakerelere \u00fc\u00e7 y\u0131ll\u0131k aran\u0131n ard\u0131ndan yeniden ba\u015flanmas\u0131 karar\u0131 \u00e7\u0131kt\u0131. G\u00f6r\u00fc\u015fmenin ard\u0131ndan yap\u0131lan a\u00e7\u0131klamada m\u00fczakerelerin ba\u015flama tarihi olarak 5 Kas\u0131m&#8217;\u0131n se\u00e7ildi\u011fi bildirildi. Bu tarih T\u00fcrkiye i\u00e7in s\u00fcrpriz olmad\u0131. AB Bakan\u0131 ve Ba\u015fm\u00fczakereci Egemen Ba\u011f\u0131\u015f, ge\u00e7ti\u011fimiz haftalarda yapt\u0131\u011f\u0131 son Br\u00fcksel ziyaretinde, &#8220;AB D\u00f6nem Ba\u015fkan\u0131 Litvanya, h\u00fck\u00fcmetleraras\u0131 [&hellip;]\" \/>\n<meta property=\"og:url\" content=\"https:\/\/akunq.net\/tr\/?p=26304\" \/>\n<meta property=\"og:site_name\" content=\"Bati Ermenistan Ve Bati Ermenileri Sorunlari Ara\u015ftirmalar Merkezi\" \/>\n<meta property=\"article:published_time\" content=\"2013-10-23T07:48:13+00:00\" \/>\n<meta name=\"author\" content=\"admin\" \/>\n<meta name=\"twitter:card\" content=\"summary_large_image\" \/>\n<meta name=\"twitter:label1\" content=\"Written by\" \/>\n\t<meta name=\"twitter:data1\" content=\"admin\" \/>\n\t<meta name=\"twitter:label2\" content=\"Est. reading time\" \/>\n\t<meta name=\"twitter:data2\" content=\"1 minute\" \/>\n<script type=\"application\/ld+json\" class=\"yoast-schema-graph\">{\"@context\":\"https:\\\/\\\/schema.org\",\"@graph\":[{\"@type\":\"Article\",\"@id\":\"https:\\\/\\\/akunq.net\\\/tr\\\/?p=26304#article\",\"isPartOf\":{\"@id\":\"https:\\\/\\\/akunq.net\\\/tr\\\/?p=26304\"},\"author\":{\"name\":\"admin\",\"@id\":\"https:\\\/\\\/akunq.net\\\/tr\\\/#\\\/schema\\\/person\\\/096f1d38a12cce57fb855b485ed24c9e\"},\"headline\":\"AB-T\u00fcrkiye m\u00fczakereleri 5 Kas\u0131m&#8217;da yeniden ba\u015fl\u0131yor\",\"datePublished\":\"2013-10-23T07:48:13+00:00\",\"mainEntityOfPage\":{\"@id\":\"https:\\\/\\\/akunq.net\\\/tr\\\/?p=26304\"},\"wordCount\":268,\"commentCount\":0,\"articleSection\":[\"Haberler\"],\"inLanguage\":\"en-US\",\"potentialAction\":[{\"@type\":\"CommentAction\",\"name\":\"Comment\",\"target\":[\"https:\\\/\\\/akunq.net\\\/tr\\\/?p=26304#respond\"]}]},{\"@type\":\"WebPage\",\"@id\":\"https:\\\/\\\/akunq.net\\\/tr\\\/?p=26304\",\"url\":\"https:\\\/\\\/akunq.net\\\/tr\\\/?p=26304\",\"name\":\"AB-T\u00fcrkiye m\u00fczakereleri 5 Kas\u0131m'da yeniden ba\u015fl\u0131yor - Bati Ermenistan Ve Bati Ermenileri Sorunlari Ara\u015ftirmalar Merkezi\",\"isPartOf\":{\"@id\":\"https:\\\/\\\/akunq.net\\\/tr\\\/#website\"},\"datePublished\":\"2013-10-23T07:48:13+00:00\",\"author\":{\"@id\":\"https:\\\/\\\/akunq.net\\\/tr\\\/#\\\/schema\\\/person\\\/096f1d38a12cce57fb855b485ed24c9e\"},\"breadcrumb\":{\"@id\":\"https:\\\/\\\/akunq.net\\\/tr\\\/?p=26304#breadcrumb\"},\"inLanguage\":\"en-US\",\"potentialAction\":[{\"@type\":\"ReadAction\",\"target\":[\"https:\\\/\\\/akunq.net\\\/tr\\\/?p=26304\"]}]},{\"@type\":\"BreadcrumbList\",\"@id\":\"https:\\\/\\\/akunq.net\\\/tr\\\/?p=26304#breadcrumb\",\"itemListElement\":[{\"@type\":\"ListItem\",\"position\":1,\"name\":\"Home\",\"item\":\"https:\\\/\\\/akunq.net\\\/tr\"},{\"@type\":\"ListItem\",\"position\":2,\"name\":\"AB-T\u00fcrkiye m\u00fczakereleri 5 Kas\u0131m&#8217;da yeniden ba\u015fl\u0131yor\"}]},{\"@type\":\"WebSite\",\"@id\":\"https:\\\/\\\/akunq.net\\\/tr\\\/#website\",\"url\":\"https:\\\/\\\/akunq.net\\\/tr\\\/\",\"name\":\"Bati Ermenistan Ve Bati Ermenileri Sorunlari Ara\u015ftirmalar Merkezi\",\"description\":\"\",\"potentialAction\":[{\"@type\":\"SearchAction\",\"target\":{\"@type\":\"EntryPoint\",\"urlTemplate\":\"https:\\\/\\\/akunq.net\\\/tr\\\/?s={search_term_string}\"},\"query-input\":{\"@type\":\"PropertyValueSpecification\",\"valueRequired\":true,\"valueName\":\"search_term_string\"}}],\"inLanguage\":\"en-US\"},{\"@type\":\"Person\",\"@id\":\"https:\\\/\\\/akunq.net\\\/tr\\\/#\\\/schema\\\/person\\\/096f1d38a12cce57fb855b485ed24c9e\",\"name\":\"admin\",\"url\":\"https:\\\/\\\/akunq.net\\\/tr\\\/?author=7\"}]}<\/script>\n<!-- \/ Yoast SEO plugin. -->","yoast_head_json":{"title":"AB-T\u00fcrkiye m\u00fczakereleri 5 Kas\u0131m'da yeniden ba\u015fl\u0131yor - Bati Ermenistan Ve Bati Ermenileri Sorunlari Ara\u015ftirmalar Merkezi","robots":{"index":"index","follow":"follow","max-snippet":"max-snippet:-1","max-image-preview":"max-image-preview:large","max-video-preview":"max-video-preview:-1"},"canonical":"https:\/\/akunq.net\/tr\/?p=26304","og_locale":"en_US","og_type":"article","og_title":"AB-T\u00fcrkiye m\u00fczakereleri 5 Kas\u0131m'da yeniden ba\u015fl\u0131yor - Bati Ermenistan Ve Bati Ermenileri Sorunlari Ara\u015ftirmalar Merkezi","og_description":"Avrupa Birli\u011fi Avrupa \u0130\u015fleri Bakanlar\u0131&#8217;n\u0131n bug\u00fcn L\u00fcksemburg&#8217;da yapt\u0131\u011f\u0131 toplant\u0131dan T\u00fcrkiye ile m\u00fczakerelere \u00fc\u00e7 y\u0131ll\u0131k aran\u0131n ard\u0131ndan yeniden ba\u015flanmas\u0131 karar\u0131 \u00e7\u0131kt\u0131. G\u00f6r\u00fc\u015fmenin ard\u0131ndan yap\u0131lan a\u00e7\u0131klamada m\u00fczakerelerin ba\u015flama tarihi olarak 5 Kas\u0131m&#8217;\u0131n se\u00e7ildi\u011fi bildirildi. Bu tarih T\u00fcrkiye i\u00e7in s\u00fcrpriz olmad\u0131. AB Bakan\u0131 ve Ba\u015fm\u00fczakereci Egemen Ba\u011f\u0131\u015f, ge\u00e7ti\u011fimiz haftalarda yapt\u0131\u011f\u0131 son Br\u00fcksel ziyaretinde, &#8220;AB D\u00f6nem Ba\u015fkan\u0131 Litvanya, h\u00fck\u00fcmetleraras\u0131 [&hellip;]","og_url":"https:\/\/akunq.net\/tr\/?p=26304","og_site_name":"Bati Ermenistan Ve Bati Ermenileri Sorunlari Ara\u015ftirmalar Merkezi","article_published_time":"2013-10-23T07:48:13+00:00","author":"admin","twitter_card":"summary_large_image","twitter_misc":{"Written by":"admin","Est. reading time":"1 minute"},"schema":{"@context":"https:\/\/schema.org","@graph":[{"@type":"Article","@id":"https:\/\/akunq.net\/tr\/?p=26304#article","isPartOf":{"@id":"https:\/\/akunq.net\/tr\/?p=26304"},"author":{"name":"admin","@id":"https:\/\/akunq.net\/tr\/#\/schema\/person\/096f1d38a12cce57fb855b485ed24c9e"},"headline":"AB-T\u00fcrkiye m\u00fczakereleri 5 Kas\u0131m&#8217;da yeniden ba\u015fl\u0131yor","datePublished":"2013-10-23T07:48:13+00:00","mainEntityOfPage":{"@id":"https:\/\/akunq.net\/tr\/?p=26304"},"wordCount":268,"commentCount":0,"articleSection":["Haberler"],"inLanguage":"en-US","potentialAction":[{"@type":"CommentAction","name":"Comment","target":["https:\/\/akunq.net\/tr\/?p=26304#respond"]}]},{"@type":"WebPage","@id":"https:\/\/akunq.net\/tr\/?p=26304","url":"https:\/\/akunq.net\/tr\/?p=26304","name":"AB-T\u00fcrkiye m\u00fczakereleri 5 Kas\u0131m'da yeniden ba\u015fl\u0131yor - Bati Ermenistan Ve Bati Ermenileri Sorunlari Ara\u015ftirmalar Merkezi","isPartOf":{"@id":"https:\/\/akunq.net\/tr\/#website"},"datePublished":"2013-10-23T07:48:13+00:00","author":{"@id":"https:\/\/akunq.net\/tr\/#\/schema\/person\/096f1d38a12cce57fb855b485ed24c9e"},"breadcrumb":{"@id":"https:\/\/akunq.net\/tr\/?p=26304#breadcrumb"},"inLanguage":"en-US","potentialAction":[{"@type":"ReadAction","target":["https:\/\/akunq.net\/tr\/?p=26304"]}]},{"@type":"BreadcrumbList","@id":"https:\/\/akunq.net\/tr\/?p=26304#breadcrumb","itemListElement":[{"@type":"ListItem","position":1,"name":"Home","item":"https:\/\/akunq.net\/tr"},{"@type":"ListItem","position":2,"name":"AB-T\u00fcrkiye m\u00fczakereleri 5 Kas\u0131m&#8217;da yeniden ba\u015fl\u0131yor"}]},{"@type":"WebSite","@id":"https:\/\/akunq.net\/tr\/#website","url":"https:\/\/akunq.net\/tr\/","name":"Bati Ermenistan Ve Bati Ermenileri Sorunlari Ara\u015ftirmalar Merkezi","description":"","potentialAction":[{"@type":"SearchAction","target":{"@type":"EntryPoint","urlTemplate":"https:\/\/akunq.net\/tr\/?s={search_term_string}"},"query-input":{"@type":"PropertyValueSpecification","valueRequired":true,"valueName":"search_term_string"}}],"inLanguage":"en-US"},{"@type":"Person","@id":"https:\/\/akunq.net\/tr\/#\/schema\/person\/096f1d38a12cce57fb855b485ed24c9e","name":"admin","url":"https:\/\/akunq.net\/tr\/?author=7"}]}},"_links":{"self":[{"href":"https:\/\/akunq.net\/tr\/index.php?rest_route=\/wp\/v2\/posts\/26304","targetHints":{"allow":["GET"]}}],"collection":[{"href":"https:\/\/akunq.net\/tr\/index.php?rest_route=\/wp\/v2\/posts"}],"about":[{"href":"https:\/\/akunq.net\/tr\/index.php?rest_route=\/wp\/v2\/types\/post"}],"author":[{"embeddable":true,"href":"https:\/\/akunq.net\/tr\/index.php?rest_route=\/wp\/v2\/users\/7"}],"replies":[{"embeddable":true,"href":"https:\/\/akunq.net\/tr\/index.php?rest_route=%2Fwp%2Fv2%2Fcomments&post=26304"}],"version-history":[{"count":1,"href":"https:\/\/akunq.net\/tr\/index.php?rest_route=\/wp\/v2\/posts\/26304\/revisions"}],"predecessor-version":[{"id":26306,"href":"https:\/\/akunq.net\/tr\/index.php?rest_route=\/wp\/v2\/posts\/26304\/revisions\/26306"}],"wp:attachment":[{"href":"https:\/\/akunq.net\/tr\/index.php?rest_route=%2Fwp%2Fv2%2Fmedia&parent=26304"}],"wp:term":[{"taxonomy":"category","embeddable":true,"href":"https:\/\/akunq.net\/tr\/index.php?rest_route=%2Fwp%2Fv2%2Fcategories&post=26304"},{"taxonomy":"post_tag","embeddable":true,"href":"https:\/\/akunq.net\/tr\/index.php?rest_route=%2Fwp%2Fv2%2Ftags&post=26304"}],"curies":[{"name":"wp","href":"https:\/\/api.w.org\/{rel}","templated":true}]}}