{"id":26287,"date":"2013-10-22T04:03:33","date_gmt":"2013-10-22T09:03:33","guid":{"rendered":"http:\/\/akunq.net\/tr\/?p=26287"},"modified":"2013-10-22T04:05:24","modified_gmt":"2013-10-22T09:05:24","slug":"gecimli-koyluleri-ermeni-kilisesinin-turizme-kazandirilmasini-bekliyor","status":"publish","type":"post","link":"https:\/\/akunq.net\/tr\/?p=26287","title":{"rendered":"Ge\u00e7imli k\u00f6yl\u00fcleri Ermeni kilisesinin turizme kazand\u0131r\u0131lmas\u0131n\u0131 bekliyor"},"content":{"rendered":"<p style=\"text-align: justify;\"><b><i><a href=\"http:\/\/akunq.net\/tr\/wp-content\/uploads\/2013\/10\/Ergen-Kilisesi.jpg\"><img loading=\"lazy\" decoding=\"async\" class=\"alignright size-full wp-image-26288\" alt=\"Ergen Kilisesi\" src=\"http:\/\/akunq.net\/tr\/wp-content\/uploads\/2013\/10\/Ergen-Kilisesi.jpg\" width=\"250\" height=\"160\" \/><\/a>Tunceli&#8217;nin \u00a0(Dersim-\u2018Akunq\u2019 web sayfas\u0131 y\u00f6neticileri) Hozat il\u00e7esine ba\u011fl\u0131 Ge\u00e7imli k\u00f6y\u00fcnde bulunan Ergen Kilisesi, bak\u0131ms\u0131zl\u0131k nedeniyle harap durumda. K\u00f6yl\u00fcler, kilisenin restore edilmesi halinde b\u00f6lge turizminin canlanaca\u011f\u0131n\u0131 belirtiyor.<\/i><\/b><\/p>\n<p style=\"text-align: justify;\">Tunceli&#8217;nin Hozat il\u00e7e merkezine 15 kilometre uzakl\u0131ktaki Ge\u00e7imli k\u00f6y\u00fcnde bulunan, Ermenilerce yap\u0131ld\u0131\u011f\u0131 d\u00fc\u015f\u00fcn\u00fclen Ergen Kilisesi, b\u00f6lgede uzun y\u0131llar devam eden \u00e7at\u0131\u015fmal\u0131 ortam nedeniyle kay\u0131t alt\u0131na al\u0131n\u0131p restore edilememi\u015f. Bak\u0131ms\u0131zl\u0131k ve restorasyon \u00e7al\u0131\u015fmas\u0131n\u0131n yap\u0131lmamas\u0131 nedeniyle b\u00fcy\u00fck b\u00f6l\u00fcm\u00fc tahrip olan kilisede Ermenice yaz\u0131tlar\u0131 g\u00f6rmek hala m\u00fcmk\u00fcn. Tunceli&#8217;nin en b\u00fcy\u00fck kiliselerinden biri oldu\u011fu d\u00fc\u015f\u00fcn\u00fclen Ergen Kilisesi&#8217;nin koruma alt\u0131na al\u0131nmas\u0131na ili\u015fkin \u0130l K\u00fclt\u00fcr ve Turizm M\u00fcd\u00fcrl\u00fc\u011f\u00fc&#8217;n\u00fcn yapt\u0131\u011f\u0131 talebe Erzurum K\u00fclt\u00fcr Varl\u0131klar\u0131n\u0131 Koruma Kurulu da 2012 y\u0131l\u0131nda olumlu cevap vermi\u015f, ancak \u015fu ana kadar bir \u00e7al\u0131\u015fma yap\u0131lm\u0131\u015f de\u011fil. Zaman zaman yurt i\u00e7i ve yurt d\u0131\u015f\u0131ndan insanlar\u0131n ziyaret etti\u011fi kilisenin onar\u0131larak turizme kazand\u0131r\u0131lmas\u0131n\u0131 bekleyen Ge\u00e7imli k\u00f6yl\u00fcleri, kilisenin define avc\u0131lar\u0131n\u0131n da hedefinde oldu\u011funu s\u00f6yl\u00fcyor.K\u00f6y sakinlerinden Cem\u015fi O\u011fuzhan, kilisenin bin 200 y\u0131l \u00f6nce yap\u0131ld\u0131\u011f\u0131n\u0131 belirterek, &#8220;Kap\u0131daki s\u00fctunda bu yaz\u0131l\u0131yd\u0131, ancak o s\u00fctun s\u00f6k\u00fcl\u00fcp g\u00f6t\u00fcr\u00fcld\u00fc. Bir zamana kadar sa\u011flamd\u0131 buras\u0131, ancak daha sonra ta\u015flar\u0131 okul yap\u0131m\u0131nda kullan\u0131ld\u0131, geriye pek bir \u015fey kalmad\u0131. Restore edilmesi halinde k\u00f6y\u00fcm\u00fcz\u00fcn turizm merkezi haline gelece\u011fine inan\u0131yorum.&#8221; dedi. Haydar Akkaya isimli k\u00f6yl\u00fc de kilisenin define avc\u0131lar\u0131n\u0131n hedefinde oldu\u011funu dile getirerek, yetkililerden kiliseye sahip \u00e7\u0131k\u0131lmas\u0131 ve onar\u0131lmas\u0131 konusunda destek beklediklerini s\u00f6yledi. Son on y\u0131lda y\u00fczlerce yazar ve arkeologun kiliseye gelerek incelemelerde bulundu\u011funu kaydeden Hozat Belediye Ba\u015fkan\u0131 Cevdet Konak, &#8220;Gelenlerin tamam\u0131yla belediye olarak g\u00f6r\u00fc\u015fmeler ger\u00e7ekle\u015ftirdik. Fransa&#8217;dan, \u0130ngiltere&#8217;den buraya gelen Ermeni k\u00f6kenli insanlar vard\u0131. Buran\u0131n korumaya al\u0131nmas\u0131, mimari dokusuna kavu\u015fturulmas\u0131 i\u00e7in \u00e7al\u0131\u015facaklar\u0131n\u0131 s\u00f6yleyerek bizden de destek istediler. Biz de destek olaca\u011f\u0131m\u0131z\u0131 s\u00f6yledik, ancak \u015fimdiye kadar herhangi bir sonu\u00e7 al\u0131nm\u0131\u015f de\u011fil. Buras\u0131 farkl\u0131 inan\u00e7 ve k\u00fclt\u00fcrlere ait olsa da bizim i\u00e7in tarihsel bir de\u011ferdir. En k\u0131sa zamanda yetkililerin buraya el atmas\u0131 gerekiyor. Bununla hem bir tarihsel doku Dersim&#8217;e kazand\u0131r\u0131lm\u0131\u015f olacak hem de buras\u0131 b\u00f6lgenin turizm damar\u0131 olacak. O nedenle K\u00fclt\u00fcr ve Turizm Bakanl\u0131\u011f\u0131&#8217;n\u0131n bir an \u00f6nce burada \u00e7al\u0131\u015fma yapmas\u0131n\u0131 bekliyoruz.&#8221; diye konu\u015ftu.Son 70-80 y\u0131ll\u0131k s\u00fcre\u00e7te Dersim insan\u0131 yan\u0131 s\u0131ra tarihsel dokular\u0131n da darbe ald\u0131\u011f\u0131n\u0131 belirten Konak, s\u00f6zlerini \u015f\u00f6yle tamamlad\u0131: &#8220;1938 katliam\u0131ndan sonra bu tarihsel dokular da tahrip edilmi\u015f, bunu ya\u015fl\u0131 insanlar\u0131m\u0131z anlat\u0131yor. Yine bu kilisenin ta\u015flar\u0131 1950&#8217;li y\u0131llardan sonra yap\u0131lan okul in\u015faatlar\u0131nda kullan\u0131lm\u0131\u015f. 1950-1960&#8217;l\u0131 y\u0131llar\u0131n m\u00fcteahhitlik hizmetlerinde de kullan\u0131lm\u0131\u015f. Demokratik \u00e7\u00f6z\u00fcm\u00fcn tart\u0131\u015f\u0131ld\u0131\u011f\u0131 bu s\u00fcre\u00e7te bu tarihsel dokulara da el at\u0131lmas\u0131 b\u00f6lge halk\u0131n\u0131n en b\u00fcy\u00fck talebidir. Bu miras\u0131n korunmas\u0131n\u0131 bekliyoruz.&#8221;<\/p>\n<p style=\"text-align: justify;\"><b><i>(C\u0130HAN)<\/i><\/b><\/p>\n<p style=\"text-align: justify;\"><b><i>http:\/\/www.zaman.com.tr\/gundem_gecimli-koyluleri-ermeni-kilisesinin-turizme-kazandirilmasini-bekliyor_2154798.html<\/i><\/b><\/p>\n","protected":false},"excerpt":{"rendered":"<p>Tunceli&#8217;nin \u00a0(Dersim-\u2018Akunq\u2019 web sayfas\u0131 y\u00f6neticileri) Hozat il\u00e7esine ba\u011fl\u0131 Ge\u00e7imli k\u00f6y\u00fcnde bulunan Ergen Kilisesi, bak\u0131ms\u0131zl\u0131k nedeniyle harap durumda. K\u00f6yl\u00fcler, kilisenin restore edilmesi halinde b\u00f6lge turizminin canlanaca\u011f\u0131n\u0131 belirtiyor. Tunceli&#8217;nin Hozat il\u00e7e merkezine 15 kilometre uzakl\u0131ktaki Ge\u00e7imli k\u00f6y\u00fcnde bulunan, Ermenilerce yap\u0131ld\u0131\u011f\u0131 d\u00fc\u015f\u00fcn\u00fclen Ergen Kilisesi, b\u00f6lgede uzun y\u0131llar devam eden \u00e7at\u0131\u015fmal\u0131 ortam nedeniyle kay\u0131t alt\u0131na al\u0131n\u0131p restore edilememi\u015f. Bak\u0131ms\u0131zl\u0131k [&hellip;]<\/p>\n","protected":false},"author":7,"featured_media":0,"comment_status":"open","ping_status":"open","sticky":false,"template":"","format":"standard","meta":{"footnotes":""},"categories":[22,1],"tags":[],"class_list":["post-26287","post","type-post","status-publish","format-standard","hentry","category-gunumuzde-bati-ermenistan","category-haberler"],"yoast_head":"<!-- This site is optimized with the Yoast SEO plugin v27.4 - https:\/\/yoast.com\/product\/yoast-seo-wordpress\/ -->\n<title>Ge\u00e7imli k\u00f6yl\u00fcleri Ermeni kilisesinin turizme kazand\u0131r\u0131lmas\u0131n\u0131 bekliyor - Bati Ermenistan Ve Bati Ermenileri Sorunlari Ara\u015ftirmalar Merkezi<\/title>\n<meta name=\"robots\" content=\"index, follow, max-snippet:-1, max-image-preview:large, max-video-preview:-1\" \/>\n<link rel=\"canonical\" href=\"https:\/\/akunq.net\/tr\/?p=26287\" \/>\n<meta property=\"og:locale\" content=\"en_US\" \/>\n<meta property=\"og:type\" content=\"article\" \/>\n<meta property=\"og:title\" content=\"Ge\u00e7imli k\u00f6yl\u00fcleri Ermeni kilisesinin turizme kazand\u0131r\u0131lmas\u0131n\u0131 bekliyor - Bati Ermenistan Ve Bati Ermenileri Sorunlari Ara\u015ftirmalar Merkezi\" \/>\n<meta property=\"og:description\" content=\"Tunceli&#8217;nin \u00a0(Dersim-\u2018Akunq\u2019 web sayfas\u0131 y\u00f6neticileri) Hozat il\u00e7esine ba\u011fl\u0131 Ge\u00e7imli k\u00f6y\u00fcnde bulunan Ergen Kilisesi, bak\u0131ms\u0131zl\u0131k nedeniyle harap durumda. K\u00f6yl\u00fcler, kilisenin restore edilmesi halinde b\u00f6lge turizminin canlanaca\u011f\u0131n\u0131 belirtiyor. Tunceli&#8217;nin Hozat il\u00e7e merkezine 15 kilometre uzakl\u0131ktaki Ge\u00e7imli k\u00f6y\u00fcnde bulunan, Ermenilerce yap\u0131ld\u0131\u011f\u0131 d\u00fc\u015f\u00fcn\u00fclen Ergen Kilisesi, b\u00f6lgede uzun y\u0131llar devam eden \u00e7at\u0131\u015fmal\u0131 ortam nedeniyle kay\u0131t alt\u0131na al\u0131n\u0131p restore edilememi\u015f. Bak\u0131ms\u0131zl\u0131k [&hellip;]\" \/>\n<meta property=\"og:url\" content=\"https:\/\/akunq.net\/tr\/?p=26287\" \/>\n<meta property=\"og:site_name\" content=\"Bati Ermenistan Ve Bati Ermenileri Sorunlari Ara\u015ftirmalar Merkezi\" \/>\n<meta property=\"article:published_time\" content=\"2013-10-22T09:03:33+00:00\" \/>\n<meta property=\"article:modified_time\" content=\"2013-10-22T09:05:24+00:00\" \/>\n<meta property=\"og:image\" content=\"http:\/\/akunq.net\/tr\/wp-content\/uploads\/2013\/10\/Ergen-Kilisesi.jpg\" \/>\n<meta name=\"author\" content=\"admin\" \/>\n<meta name=\"twitter:card\" content=\"summary_large_image\" \/>\n<meta name=\"twitter:label1\" content=\"Written by\" \/>\n\t<meta name=\"twitter:data1\" content=\"admin\" \/>\n\t<meta name=\"twitter:label2\" content=\"Est. reading time\" \/>\n\t<meta name=\"twitter:data2\" content=\"3 minutes\" \/>\n<script type=\"application\/ld+json\" class=\"yoast-schema-graph\">{\"@context\":\"https:\\\/\\\/schema.org\",\"@graph\":[{\"@type\":\"Article\",\"@id\":\"https:\\\/\\\/akunq.net\\\/tr\\\/?p=26287#article\",\"isPartOf\":{\"@id\":\"https:\\\/\\\/akunq.net\\\/tr\\\/?p=26287\"},\"author\":{\"name\":\"admin\",\"@id\":\"https:\\\/\\\/akunq.net\\\/tr\\\/#\\\/schema\\\/person\\\/096f1d38a12cce57fb855b485ed24c9e\"},\"headline\":\"Ge\u00e7imli k\u00f6yl\u00fcleri Ermeni kilisesinin turizme kazand\u0131r\u0131lmas\u0131n\u0131 bekliyor\",\"datePublished\":\"2013-10-22T09:03:33+00:00\",\"dateModified\":\"2013-10-22T09:05:24+00:00\",\"mainEntityOfPage\":{\"@id\":\"https:\\\/\\\/akunq.net\\\/tr\\\/?p=26287\"},\"wordCount\":592,\"commentCount\":0,\"image\":{\"@id\":\"https:\\\/\\\/akunq.net\\\/tr\\\/?p=26287#primaryimage\"},\"thumbnailUrl\":\"http:\\\/\\\/akunq.net\\\/tr\\\/wp-content\\\/uploads\\\/2013\\\/10\\\/Ergen-Kilisesi.jpg\",\"articleSection\":[\"G\u00fcn\u00fcm\u00fczde Bat\u0131 Ermenistan\",\"Haberler\"],\"inLanguage\":\"en-US\",\"potentialAction\":[{\"@type\":\"CommentAction\",\"name\":\"Comment\",\"target\":[\"https:\\\/\\\/akunq.net\\\/tr\\\/?p=26287#respond\"]}]},{\"@type\":\"WebPage\",\"@id\":\"https:\\\/\\\/akunq.net\\\/tr\\\/?p=26287\",\"url\":\"https:\\\/\\\/akunq.net\\\/tr\\\/?p=26287\",\"name\":\"Ge\u00e7imli k\u00f6yl\u00fcleri Ermeni kilisesinin turizme kazand\u0131r\u0131lmas\u0131n\u0131 bekliyor - Bati Ermenistan Ve Bati Ermenileri Sorunlari Ara\u015ftirmalar Merkezi\",\"isPartOf\":{\"@id\":\"https:\\\/\\\/akunq.net\\\/tr\\\/#website\"},\"primaryImageOfPage\":{\"@id\":\"https:\\\/\\\/akunq.net\\\/tr\\\/?p=26287#primaryimage\"},\"image\":{\"@id\":\"https:\\\/\\\/akunq.net\\\/tr\\\/?p=26287#primaryimage\"},\"thumbnailUrl\":\"http:\\\/\\\/akunq.net\\\/tr\\\/wp-content\\\/uploads\\\/2013\\\/10\\\/Ergen-Kilisesi.jpg\",\"datePublished\":\"2013-10-22T09:03:33+00:00\",\"dateModified\":\"2013-10-22T09:05:24+00:00\",\"author\":{\"@id\":\"https:\\\/\\\/akunq.net\\\/tr\\\/#\\\/schema\\\/person\\\/096f1d38a12cce57fb855b485ed24c9e\"},\"breadcrumb\":{\"@id\":\"https:\\\/\\\/akunq.net\\\/tr\\\/?p=26287#breadcrumb\"},\"inLanguage\":\"en-US\",\"potentialAction\":[{\"@type\":\"ReadAction\",\"target\":[\"https:\\\/\\\/akunq.net\\\/tr\\\/?p=26287\"]}]},{\"@type\":\"ImageObject\",\"inLanguage\":\"en-US\",\"@id\":\"https:\\\/\\\/akunq.net\\\/tr\\\/?p=26287#primaryimage\",\"url\":\"http:\\\/\\\/akunq.net\\\/tr\\\/wp-content\\\/uploads\\\/2013\\\/10\\\/Ergen-Kilisesi.jpg\",\"contentUrl\":\"http:\\\/\\\/akunq.net\\\/tr\\\/wp-content\\\/uploads\\\/2013\\\/10\\\/Ergen-Kilisesi.jpg\"},{\"@type\":\"BreadcrumbList\",\"@id\":\"https:\\\/\\\/akunq.net\\\/tr\\\/?p=26287#breadcrumb\",\"itemListElement\":[{\"@type\":\"ListItem\",\"position\":1,\"name\":\"Home\",\"item\":\"https:\\\/\\\/akunq.net\\\/tr\"},{\"@type\":\"ListItem\",\"position\":2,\"name\":\"Ge\u00e7imli k\u00f6yl\u00fcleri Ermeni kilisesinin turizme kazand\u0131r\u0131lmas\u0131n\u0131 bekliyor\"}]},{\"@type\":\"WebSite\",\"@id\":\"https:\\\/\\\/akunq.net\\\/tr\\\/#website\",\"url\":\"https:\\\/\\\/akunq.net\\\/tr\\\/\",\"name\":\"Bati Ermenistan Ve Bati Ermenileri Sorunlari Ara\u015ftirmalar Merkezi\",\"description\":\"\",\"potentialAction\":[{\"@type\":\"SearchAction\",\"target\":{\"@type\":\"EntryPoint\",\"urlTemplate\":\"https:\\\/\\\/akunq.net\\\/tr\\\/?s={search_term_string}\"},\"query-input\":{\"@type\":\"PropertyValueSpecification\",\"valueRequired\":true,\"valueName\":\"search_term_string\"}}],\"inLanguage\":\"en-US\"},{\"@type\":\"Person\",\"@id\":\"https:\\\/\\\/akunq.net\\\/tr\\\/#\\\/schema\\\/person\\\/096f1d38a12cce57fb855b485ed24c9e\",\"name\":\"admin\",\"url\":\"https:\\\/\\\/akunq.net\\\/tr\\\/?author=7\"}]}<\/script>\n<!-- \/ Yoast SEO plugin. -->","yoast_head_json":{"title":"Ge\u00e7imli k\u00f6yl\u00fcleri Ermeni kilisesinin turizme kazand\u0131r\u0131lmas\u0131n\u0131 bekliyor - Bati Ermenistan Ve Bati Ermenileri Sorunlari Ara\u015ftirmalar Merkezi","robots":{"index":"index","follow":"follow","max-snippet":"max-snippet:-1","max-image-preview":"max-image-preview:large","max-video-preview":"max-video-preview:-1"},"canonical":"https:\/\/akunq.net\/tr\/?p=26287","og_locale":"en_US","og_type":"article","og_title":"Ge\u00e7imli k\u00f6yl\u00fcleri Ermeni kilisesinin turizme kazand\u0131r\u0131lmas\u0131n\u0131 bekliyor - Bati Ermenistan Ve Bati Ermenileri Sorunlari Ara\u015ftirmalar Merkezi","og_description":"Tunceli&#8217;nin \u00a0(Dersim-\u2018Akunq\u2019 web sayfas\u0131 y\u00f6neticileri) Hozat il\u00e7esine ba\u011fl\u0131 Ge\u00e7imli k\u00f6y\u00fcnde bulunan Ergen Kilisesi, bak\u0131ms\u0131zl\u0131k nedeniyle harap durumda. K\u00f6yl\u00fcler, kilisenin restore edilmesi halinde b\u00f6lge turizminin canlanaca\u011f\u0131n\u0131 belirtiyor. Tunceli&#8217;nin Hozat il\u00e7e merkezine 15 kilometre uzakl\u0131ktaki Ge\u00e7imli k\u00f6y\u00fcnde bulunan, Ermenilerce yap\u0131ld\u0131\u011f\u0131 d\u00fc\u015f\u00fcn\u00fclen Ergen Kilisesi, b\u00f6lgede uzun y\u0131llar devam eden \u00e7at\u0131\u015fmal\u0131 ortam nedeniyle kay\u0131t alt\u0131na al\u0131n\u0131p restore edilememi\u015f. Bak\u0131ms\u0131zl\u0131k [&hellip;]","og_url":"https:\/\/akunq.net\/tr\/?p=26287","og_site_name":"Bati Ermenistan Ve Bati Ermenileri Sorunlari Ara\u015ftirmalar Merkezi","article_published_time":"2013-10-22T09:03:33+00:00","article_modified_time":"2013-10-22T09:05:24+00:00","og_image":[{"url":"http:\/\/akunq.net\/tr\/wp-content\/uploads\/2013\/10\/Ergen-Kilisesi.jpg","type":"","width":"","height":""}],"author":"admin","twitter_card":"summary_large_image","twitter_misc":{"Written by":"admin","Est. reading time":"3 minutes"},"schema":{"@context":"https:\/\/schema.org","@graph":[{"@type":"Article","@id":"https:\/\/akunq.net\/tr\/?p=26287#article","isPartOf":{"@id":"https:\/\/akunq.net\/tr\/?p=26287"},"author":{"name":"admin","@id":"https:\/\/akunq.net\/tr\/#\/schema\/person\/096f1d38a12cce57fb855b485ed24c9e"},"headline":"Ge\u00e7imli k\u00f6yl\u00fcleri Ermeni kilisesinin turizme kazand\u0131r\u0131lmas\u0131n\u0131 bekliyor","datePublished":"2013-10-22T09:03:33+00:00","dateModified":"2013-10-22T09:05:24+00:00","mainEntityOfPage":{"@id":"https:\/\/akunq.net\/tr\/?p=26287"},"wordCount":592,"commentCount":0,"image":{"@id":"https:\/\/akunq.net\/tr\/?p=26287#primaryimage"},"thumbnailUrl":"http:\/\/akunq.net\/tr\/wp-content\/uploads\/2013\/10\/Ergen-Kilisesi.jpg","articleSection":["G\u00fcn\u00fcm\u00fczde Bat\u0131 Ermenistan","Haberler"],"inLanguage":"en-US","potentialAction":[{"@type":"CommentAction","name":"Comment","target":["https:\/\/akunq.net\/tr\/?p=26287#respond"]}]},{"@type":"WebPage","@id":"https:\/\/akunq.net\/tr\/?p=26287","url":"https:\/\/akunq.net\/tr\/?p=26287","name":"Ge\u00e7imli k\u00f6yl\u00fcleri Ermeni kilisesinin turizme kazand\u0131r\u0131lmas\u0131n\u0131 bekliyor - Bati Ermenistan Ve Bati Ermenileri Sorunlari Ara\u015ftirmalar Merkezi","isPartOf":{"@id":"https:\/\/akunq.net\/tr\/#website"},"primaryImageOfPage":{"@id":"https:\/\/akunq.net\/tr\/?p=26287#primaryimage"},"image":{"@id":"https:\/\/akunq.net\/tr\/?p=26287#primaryimage"},"thumbnailUrl":"http:\/\/akunq.net\/tr\/wp-content\/uploads\/2013\/10\/Ergen-Kilisesi.jpg","datePublished":"2013-10-22T09:03:33+00:00","dateModified":"2013-10-22T09:05:24+00:00","author":{"@id":"https:\/\/akunq.net\/tr\/#\/schema\/person\/096f1d38a12cce57fb855b485ed24c9e"},"breadcrumb":{"@id":"https:\/\/akunq.net\/tr\/?p=26287#breadcrumb"},"inLanguage":"en-US","potentialAction":[{"@type":"ReadAction","target":["https:\/\/akunq.net\/tr\/?p=26287"]}]},{"@type":"ImageObject","inLanguage":"en-US","@id":"https:\/\/akunq.net\/tr\/?p=26287#primaryimage","url":"http:\/\/akunq.net\/tr\/wp-content\/uploads\/2013\/10\/Ergen-Kilisesi.jpg","contentUrl":"http:\/\/akunq.net\/tr\/wp-content\/uploads\/2013\/10\/Ergen-Kilisesi.jpg"},{"@type":"BreadcrumbList","@id":"https:\/\/akunq.net\/tr\/?p=26287#breadcrumb","itemListElement":[{"@type":"ListItem","position":1,"name":"Home","item":"https:\/\/akunq.net\/tr"},{"@type":"ListItem","position":2,"name":"Ge\u00e7imli k\u00f6yl\u00fcleri Ermeni kilisesinin turizme kazand\u0131r\u0131lmas\u0131n\u0131 bekliyor"}]},{"@type":"WebSite","@id":"https:\/\/akunq.net\/tr\/#website","url":"https:\/\/akunq.net\/tr\/","name":"Bati Ermenistan Ve Bati Ermenileri Sorunlari Ara\u015ftirmalar Merkezi","description":"","potentialAction":[{"@type":"SearchAction","target":{"@type":"EntryPoint","urlTemplate":"https:\/\/akunq.net\/tr\/?s={search_term_string}"},"query-input":{"@type":"PropertyValueSpecification","valueRequired":true,"valueName":"search_term_string"}}],"inLanguage":"en-US"},{"@type":"Person","@id":"https:\/\/akunq.net\/tr\/#\/schema\/person\/096f1d38a12cce57fb855b485ed24c9e","name":"admin","url":"https:\/\/akunq.net\/tr\/?author=7"}]}},"_links":{"self":[{"href":"https:\/\/akunq.net\/tr\/index.php?rest_route=\/wp\/v2\/posts\/26287","targetHints":{"allow":["GET"]}}],"collection":[{"href":"https:\/\/akunq.net\/tr\/index.php?rest_route=\/wp\/v2\/posts"}],"about":[{"href":"https:\/\/akunq.net\/tr\/index.php?rest_route=\/wp\/v2\/types\/post"}],"author":[{"embeddable":true,"href":"https:\/\/akunq.net\/tr\/index.php?rest_route=\/wp\/v2\/users\/7"}],"replies":[{"embeddable":true,"href":"https:\/\/akunq.net\/tr\/index.php?rest_route=%2Fwp%2Fv2%2Fcomments&post=26287"}],"version-history":[{"count":2,"href":"https:\/\/akunq.net\/tr\/index.php?rest_route=\/wp\/v2\/posts\/26287\/revisions"}],"predecessor-version":[{"id":26290,"href":"https:\/\/akunq.net\/tr\/index.php?rest_route=\/wp\/v2\/posts\/26287\/revisions\/26290"}],"wp:attachment":[{"href":"https:\/\/akunq.net\/tr\/index.php?rest_route=%2Fwp%2Fv2%2Fmedia&parent=26287"}],"wp:term":[{"taxonomy":"category","embeddable":true,"href":"https:\/\/akunq.net\/tr\/index.php?rest_route=%2Fwp%2Fv2%2Fcategories&post=26287"},{"taxonomy":"post_tag","embeddable":true,"href":"https:\/\/akunq.net\/tr\/index.php?rest_route=%2Fwp%2Fv2%2Ftags&post=26287"}],"curies":[{"name":"wp","href":"https:\/\/api.w.org\/{rel}","templated":true}]}}