{"id":26208,"date":"2013-10-17T10:37:20","date_gmt":"2013-10-17T15:37:20","guid":{"rendered":"http:\/\/akunq.net\/tr\/?p=26208"},"modified":"2013-10-17T10:37:20","modified_gmt":"2013-10-17T15:37:20","slug":"reform-gecikme-ve-millet-i-hakime","status":"publish","type":"post","link":"https:\/\/akunq.net\/tr\/?p=26208","title":{"rendered":"Reform, gecikme ve millet-i h\u00e2kime"},"content":{"rendered":"<p style=\"text-align: justify;\"><b><a href=\"http:\/\/akunq.net\/tr\/wp-content\/uploads\/2013\/10\/Taner-Ak\u00e7am1.jpg\"><img loading=\"lazy\" decoding=\"async\" class=\"alignright size-full wp-image-26209\" alt=\"Taner Ak\u00e7am\" src=\"http:\/\/akunq.net\/tr\/wp-content\/uploads\/2013\/10\/Taner-Ak\u00e7am1.jpg\" width=\"225\" height=\"225\" srcset=\"https:\/\/akunq.net\/tr\/wp-content\/uploads\/sites\/6\/2013\/10\/Taner-Ak\u00e7am1.jpg 225w, https:\/\/akunq.net\/tr\/wp-content\/uploads\/sites\/6\/2013\/10\/Taner-Ak\u00e7am1-150x150.jpg 150w\" sizes=\"auto, (max-width: 225px) 100vw, 225px\" \/><\/a>Taner Ak\u00e7am<\/b><\/p>\n<p style=\"text-align: justify;\">Reform paketi etraf\u0131nda yap\u0131lan tart\u0131\u015fmalar gereksiz bir partizanl\u0131k d\u00fczeyinde ve sorunun esas\u0131n\u0131 kavramaktan \u00e7ok uzak. Yan\u0131l\u0131yor olabilirim ama \u201cAKP-nefreti ve AKP-a\u015fk\u0131\u201d cenderesine s\u0131k\u0131\u015fm\u0131\u015f bir hava var gibi&#8230; Bu gerilimin \u00f6tesinde soruna bakmak gerekir, diye d\u00fc\u015f\u00fcn\u00fcr\u00fcm.Bana g\u00f6re ana problem, bu \u00fclkede e\u015fitlik konusunda k\u00fclt\u00fcrel altyap\u0131n\u0131n yoklu\u011fudur. Bu, bir tek y\u00f6neticilerin de\u011fil, toplumun da bir sorunudur. Bu haliyle, fazla 19. y\u00fczy\u0131l\u0131 and\u0131r\u0131yoruz.<\/p>\n<p style=\"text-align: justify;\">19. y\u00fczy\u0131l reformlar\u0131n\u0131n amac\u0131 H\u0131ristiyan- M\u00fcsl\u00fcman e\u015fitli\u011fini sa\u011flamak ve bu iki topluluk aras\u0131ndaki gerilimi ortadan kald\u0131rmakt\u0131. Oysa reform giri\u015fimleri tam aksi bir sonu\u00e7 do\u011furdu, M\u00fcsl\u00fcman H\u0131ristiyan gerilimini art\u0131rd\u0131 ve H\u0131ristiyan katliamlar\u0131 ile sonu\u00e7land\u0131.<\/p>\n<p style=\"text-align: justify;\">\u015eu anda da b\u00f6yle bir tehlike var m\u0131?<\/p>\n<p style=\"text-align: justify;\">Yani, K\u00fcrt- Alevi- S\u00fcnni T\u00fcrk \u00fc\u00e7genindeki gerginlikleri a\u015fmak amac\u0131yla d\u00fczenlenen reformlar tam tersi sonu\u00e7 verebilir mi? Uyum ve e\u015fitlik yerine gerginlik ve kavga giderek egemen norm olur mu?<\/p>\n<p style=\"text-align: justify;\">Evet! B\u00f6yle bir tehlike vard\u0131r.<\/p>\n<p style=\"text-align: justify;\">19. y\u00fczy\u0131l reformlar\u0131 ni\u00e7in ama\u00e7lad\u0131\u011f\u0131 \u015feyin tersi sonu\u00e7 verdi?<\/p>\n<p style=\"text-align: justify;\">Ana neden, h\u00fck\u00fcmetin, reform ruhuna uygun idari ve hukuki de\u011fi\u015fiklikleri zaman\u0131nda yapmamas\u0131 idi. Ve bu nedenle reformun yap\u0131ld\u0131\u011f\u0131 durumlarda da bir anlam\u0131 kalmam\u0131\u015ft\u0131.<\/p>\n<p style=\"text-align: justify;\">Reformlardaki \u201cgecikme\u201d ba\u015flang\u0131\u00e7ta s\u0131n\u0131rl\u0131 baz\u0131 taleplerle bile yetinebilecek olan insanlarda b\u0131kk\u0131nl\u0131k yaratt\u0131.<\/p>\n<p style=\"text-align: justify;\">Sonu\u00e7ta, ne acil reform isteyenleri ne de reformlara kar\u015f\u0131 \u00e7\u0131kanlar\u0131 memnun edecek tuhaf bir tablo \u00e7\u0131kt\u0131 ortaya.<\/p>\n<p style=\"text-align: justify;\">Bu duruma verilen klasik \u00f6rnek, H\u0131ristiyan- M\u00fcsl\u00fcman e\u015fitli\u011fini d\u00fczenleyecek yasal \u00f6nlemler konusunda at\u0131lan ad\u0131mlard\u0131r.<\/p>\n<p style=\"text-align: justify;\">Tebaan\u0131n e\u015fit say\u0131laca\u011f\u0131 1839\u2019da Tanzimat ile ilan edilmesine ra\u011fmen, \u00f6rne\u011fin mahkemelerde e\u015fitli\u011fi sa\u011flayacak d\u00fczenlemelerden, Ceza Muhakemeleri Usul\u00fc Kanunu ancak 1880\u2019lerde yani 50 y\u0131l sonra \u00e7\u0131kart\u0131labilmi\u015fti. Ve h\u00e2l\u00e2 bu y\u0131llarda, H\u0131ristiyanlar\u0131n e\u015fit say\u0131lmad\u0131\u011f\u0131 \u015eer\u2019i mahkemeler varl\u0131\u011f\u0131n\u0131 s\u00fcrd\u00fcr\u00fcyordu.<\/p>\n<p style=\"text-align: justify;\">Bug\u00fcn, K\u00fcrt\u00e7e ve anadilde e\u011fitim konusunda yap\u0131lan tart\u0131\u015fmalar, biraz fazla 19. y\u00fczy\u0131l tart\u0131\u015fmalar\u0131n\u0131 and\u0131r\u0131yor. Bu konuda at\u0131lacak ad\u0131mlardaki gecikmeler T\u00fcrk ve K\u00fcrt insan\u0131n\u0131 yak\u0131nla\u015ft\u0131rmaktan \u00e7ok birbirinden uzakla\u015ft\u0131rma potansiyeli ta\u015f\u0131yor.<\/p>\n<p style=\"text-align: justify;\">19. y\u00fczy\u0131l reformlar\u0131n\u0131n ba\u015far\u0131s\u0131zl\u0131\u011f\u0131n\u0131n ikinci \u00f6nemli nedeni, reform i\u00e7in gerekli k\u00fclt\u00fcrel arka plan yoklu\u011fu idi.<\/p>\n<p style=\"text-align: justify;\">H\u0131ristiyanlarla e\u015fitlik i\u00e7in at\u0131lan reformlar\u0131 zihniyet d\u00fczeyinde destekleyecek ve geli\u015ftirecek bir fikir hareketi yoktu. 19. y\u00fczy\u0131l reformcular\u0131 bu alanlarda di\u015fe dokunur tek bir eser bile vermemi\u015flerdir.<\/p>\n<p style=\"text-align: justify;\">Bug\u00fcn T\u00fcrk d\u00fc\u015f\u00fcn hayat\u0131nda b\u00fcy\u00fck \u00f6zg\u00fcrl\u00fck\u00e7\u00fcler olarak bilinen Nam\u0131k Kemal ve arkada\u015flar\u0131 bile, H\u0131ristiyanlarla birarada ya\u015faman\u0131n ancak M\u00fcsl\u00fcmanlar\u0131n \u00fcst\u00fcnl\u00fc\u011f\u00fcn\u00fcn kabul edilmesi ile m\u00fcmk\u00fcn olaca\u011f\u0131n\u0131 s\u00f6ylerlerdi.<\/p>\n<p style=\"text-align: justify;\">Ziya Pa\u015fa\u2019n\u0131n, Ali Suavi\u2019nin, H\u0131ristiyan- M\u00fcsl\u00fcman e\u015fitli\u011fine kar\u015f\u0131 \u00e7\u0131kan onlarca s\u00f6z\u00fcn\u00fc bulmak m\u00fcmk\u00fcnd\u00fcr. Nam\u0131k Kemal\u2019in \u201ch\u00fcrriyet\u201d \u00fczerine s\u00f6yledi\u011fi s\u00f6zleri bilmeyen yoktur ama onun \u201cH\u0131ristiyanlar bizim egemenli\u011fimizi isterlerse anla\u015f\u0131r\u0131z, pek do\u011fald\u0131r ki, onlar\u0131 h\u00fck\u00fcmete almad\u0131\u011f\u0131m\u0131z i\u00e7in yak\u0131nma hakk\u0131na sahip olamayacaklard\u0131r\u201d s\u00f6zlerini kimse hat\u0131rlamaz.<\/p>\n<p style=\"text-align: justify;\">\u0130slam dininin son ve \u00fcst\u00fcn din oldu\u011fu inanc\u0131 Osmanl\u0131 T\u00fcrklerinde \u201cMillet-i H\u00e2kime\u201d denen bir zihniyeti olu\u015fturmu\u015ftu. Buna g\u00f6re, M\u00fcsl\u00fcmanlar h\u00e2kim millet idi ve di\u011ferleri bu \u00fcst\u00fcnl\u00fc\u011f\u00fc tan\u0131mak zorundayd\u0131lar.<\/p>\n<p style=\"text-align: justify;\">E\u015fitlik y\u00f6n\u00fcnde at\u0131lan ad\u0131mlar, M\u00fcsl\u00fcmanlar\u0131n bir l\u00fctfu, y\u00fcce g\u00f6n\u00fcll\u00fcl\u00fc\u011f\u00fc idi ve H\u0131ristiyanlar \u015f\u0131marmadan kendilerine verilen bu l\u00fctfu kabul etmek zorundayd\u0131lar.<\/p>\n<p style=\"text-align: justify;\">M\u00fcsl\u00fcman \u00fcst\u00fcnl\u00fc\u011f\u00fc esas\u0131na dayal\u0131 bu k\u00fclt\u00fcr sonra yerini T\u00fcrk \u00fcst\u00fcnl\u00fc\u011f\u00fcne b\u0131rakt\u0131.<\/p>\n<p style=\"text-align: justify;\">Bu nedenle, e\u011fer bu topraklarda K\u00fcrt- T\u00fcrk e\u015fitli\u011fi isteniyorsa, M\u00fcsl\u00fcman- T\u00fcrk toplulu\u011funun kendisine ve ge\u00e7mi\u015fine ele\u015ftirel bir g\u00f6zle bakmay\u0131 \u00f6\u011frenmesi gerekir.<\/p>\n<p style=\"text-align: justify;\">Bu ele\u015ftirel bak\u0131\u015f olmadan bu topraklarda e\u015fitlik zor sa\u011flan\u0131r.<\/p>\n<p style=\"text-align: justify;\">\u0130slami k\u00fclt\u00fcrel k\u00f6klerden beslendi\u011fini s\u00f6yleyen bir siyasi iktidar\u0131n en b\u00fcy\u00fck zorlu\u011fu buradad\u0131r.<\/p>\n<p style=\"text-align: justify;\"><b><i>tanerakcam@gmail.com<\/i><\/b><\/p>\n<p style=\"text-align: justify;\"><a href=\"http:\/\/www.taraf.com.tr\/taner-akcam\/makale-reform-gecikme-ve-millet-i-hakime.htm\"><b><i>http:\/\/www.taraf.com.tr\/taner-akcam\/makale-reform-gecikme-ve-millet-i-hakime.htm<\/i><\/b><\/a><\/p>\n<p style=\"text-align: justify;\">\n","protected":false},"excerpt":{"rendered":"<p>Taner Ak\u00e7am Reform paketi etraf\u0131nda yap\u0131lan tart\u0131\u015fmalar gereksiz bir partizanl\u0131k d\u00fczeyinde ve sorunun esas\u0131n\u0131 kavramaktan \u00e7ok uzak. Yan\u0131l\u0131yor olabilirim ama \u201cAKP-nefreti ve AKP-a\u015fk\u0131\u201d cenderesine s\u0131k\u0131\u015fm\u0131\u015f bir hava var gibi&#8230; Bu gerilimin \u00f6tesinde soruna bakmak gerekir, diye d\u00fc\u015f\u00fcn\u00fcr\u00fcm.Bana g\u00f6re ana problem, bu \u00fclkede e\u015fitlik konusunda k\u00fclt\u00fcrel altyap\u0131n\u0131n yoklu\u011fudur. Bu, bir tek y\u00f6neticilerin de\u011fil, toplumun da bir [&hellip;]<\/p>\n","protected":false},"author":7,"featured_media":0,"comment_status":"open","ping_status":"open","sticky":false,"template":"","format":"standard","meta":{"footnotes":""},"categories":[1,70,53],"tags":[],"class_list":["post-26208","post","type-post","status-publish","format-standard","hentry","category-haberler","category-makaleler","category-turkiyede-azinliklar"],"yoast_head":"<!-- This site is optimized with the Yoast SEO plugin v27.4 - https:\/\/yoast.com\/product\/yoast-seo-wordpress\/ -->\n<title>Reform, gecikme ve millet-i h\u00e2kime - Bati Ermenistan Ve Bati Ermenileri Sorunlari Ara\u015ftirmalar Merkezi<\/title>\n<meta name=\"robots\" content=\"index, follow, max-snippet:-1, max-image-preview:large, max-video-preview:-1\" \/>\n<link rel=\"canonical\" href=\"https:\/\/akunq.net\/tr\/?p=26208\" \/>\n<meta property=\"og:locale\" content=\"en_US\" \/>\n<meta property=\"og:type\" content=\"article\" \/>\n<meta property=\"og:title\" content=\"Reform, gecikme ve millet-i h\u00e2kime - Bati Ermenistan Ve Bati Ermenileri Sorunlari Ara\u015ftirmalar Merkezi\" \/>\n<meta property=\"og:description\" content=\"Taner Ak\u00e7am Reform paketi etraf\u0131nda yap\u0131lan tart\u0131\u015fmalar gereksiz bir partizanl\u0131k d\u00fczeyinde ve sorunun esas\u0131n\u0131 kavramaktan \u00e7ok uzak. Yan\u0131l\u0131yor olabilirim ama \u201cAKP-nefreti ve AKP-a\u015fk\u0131\u201d cenderesine s\u0131k\u0131\u015fm\u0131\u015f bir hava var gibi&#8230; Bu gerilimin \u00f6tesinde soruna bakmak gerekir, diye d\u00fc\u015f\u00fcn\u00fcr\u00fcm.Bana g\u00f6re ana problem, bu \u00fclkede e\u015fitlik konusunda k\u00fclt\u00fcrel altyap\u0131n\u0131n yoklu\u011fudur. Bu, bir tek y\u00f6neticilerin de\u011fil, toplumun da bir [&hellip;]\" \/>\n<meta property=\"og:url\" content=\"https:\/\/akunq.net\/tr\/?p=26208\" \/>\n<meta property=\"og:site_name\" content=\"Bati Ermenistan Ve Bati Ermenileri Sorunlari Ara\u015ftirmalar Merkezi\" \/>\n<meta property=\"article:published_time\" content=\"2013-10-17T15:37:20+00:00\" \/>\n<meta name=\"author\" content=\"admin\" \/>\n<meta name=\"twitter:card\" content=\"summary_large_image\" \/>\n<meta name=\"twitter:label1\" content=\"Written by\" \/>\n\t<meta name=\"twitter:data1\" content=\"admin\" \/>\n\t<meta name=\"twitter:label2\" content=\"Est. reading time\" \/>\n\t<meta name=\"twitter:data2\" content=\"4 minutes\" \/>\n<script type=\"application\/ld+json\" class=\"yoast-schema-graph\">{\"@context\":\"https:\\\/\\\/schema.org\",\"@graph\":[{\"@type\":\"Article\",\"@id\":\"https:\\\/\\\/akunq.net\\\/tr\\\/?p=26208#article\",\"isPartOf\":{\"@id\":\"https:\\\/\\\/akunq.net\\\/tr\\\/?p=26208\"},\"author\":{\"name\":\"admin\",\"@id\":\"https:\\\/\\\/akunq.net\\\/tr\\\/#\\\/schema\\\/person\\\/096f1d38a12cce57fb855b485ed24c9e\"},\"headline\":\"Reform, gecikme ve millet-i h\u00e2kime\",\"datePublished\":\"2013-10-17T15:37:20+00:00\",\"mainEntityOfPage\":{\"@id\":\"https:\\\/\\\/akunq.net\\\/tr\\\/?p=26208\"},\"wordCount\":778,\"commentCount\":0,\"articleSection\":[\"Haberler\",\"Makaleler\",\"T\u00fcrkiye\u2019de Az\u0131nl\u0131klar\"],\"inLanguage\":\"en-US\",\"potentialAction\":[{\"@type\":\"CommentAction\",\"name\":\"Comment\",\"target\":[\"https:\\\/\\\/akunq.net\\\/tr\\\/?p=26208#respond\"]}]},{\"@type\":\"WebPage\",\"@id\":\"https:\\\/\\\/akunq.net\\\/tr\\\/?p=26208\",\"url\":\"https:\\\/\\\/akunq.net\\\/tr\\\/?p=26208\",\"name\":\"Reform, gecikme ve millet-i h\u00e2kime - Bati Ermenistan Ve Bati Ermenileri Sorunlari Ara\u015ftirmalar Merkezi\",\"isPartOf\":{\"@id\":\"https:\\\/\\\/akunq.net\\\/tr\\\/#website\"},\"datePublished\":\"2013-10-17T15:37:20+00:00\",\"author\":{\"@id\":\"https:\\\/\\\/akunq.net\\\/tr\\\/#\\\/schema\\\/person\\\/096f1d38a12cce57fb855b485ed24c9e\"},\"breadcrumb\":{\"@id\":\"https:\\\/\\\/akunq.net\\\/tr\\\/?p=26208#breadcrumb\"},\"inLanguage\":\"en-US\",\"potentialAction\":[{\"@type\":\"ReadAction\",\"target\":[\"https:\\\/\\\/akunq.net\\\/tr\\\/?p=26208\"]}]},{\"@type\":\"BreadcrumbList\",\"@id\":\"https:\\\/\\\/akunq.net\\\/tr\\\/?p=26208#breadcrumb\",\"itemListElement\":[{\"@type\":\"ListItem\",\"position\":1,\"name\":\"Home\",\"item\":\"https:\\\/\\\/akunq.net\\\/tr\"},{\"@type\":\"ListItem\",\"position\":2,\"name\":\"Reform, gecikme ve millet-i h\u00e2kime\"}]},{\"@type\":\"WebSite\",\"@id\":\"https:\\\/\\\/akunq.net\\\/tr\\\/#website\",\"url\":\"https:\\\/\\\/akunq.net\\\/tr\\\/\",\"name\":\"Bati Ermenistan Ve Bati Ermenileri Sorunlari Ara\u015ftirmalar Merkezi\",\"description\":\"\",\"potentialAction\":[{\"@type\":\"SearchAction\",\"target\":{\"@type\":\"EntryPoint\",\"urlTemplate\":\"https:\\\/\\\/akunq.net\\\/tr\\\/?s={search_term_string}\"},\"query-input\":{\"@type\":\"PropertyValueSpecification\",\"valueRequired\":true,\"valueName\":\"search_term_string\"}}],\"inLanguage\":\"en-US\"},{\"@type\":\"Person\",\"@id\":\"https:\\\/\\\/akunq.net\\\/tr\\\/#\\\/schema\\\/person\\\/096f1d38a12cce57fb855b485ed24c9e\",\"name\":\"admin\",\"url\":\"https:\\\/\\\/akunq.net\\\/tr\\\/?author=7\"}]}<\/script>\n<!-- \/ Yoast SEO plugin. -->","yoast_head_json":{"title":"Reform, gecikme ve millet-i h\u00e2kime - Bati Ermenistan Ve Bati Ermenileri Sorunlari Ara\u015ftirmalar Merkezi","robots":{"index":"index","follow":"follow","max-snippet":"max-snippet:-1","max-image-preview":"max-image-preview:large","max-video-preview":"max-video-preview:-1"},"canonical":"https:\/\/akunq.net\/tr\/?p=26208","og_locale":"en_US","og_type":"article","og_title":"Reform, gecikme ve millet-i h\u00e2kime - Bati Ermenistan Ve Bati Ermenileri Sorunlari Ara\u015ftirmalar Merkezi","og_description":"Taner Ak\u00e7am Reform paketi etraf\u0131nda yap\u0131lan tart\u0131\u015fmalar gereksiz bir partizanl\u0131k d\u00fczeyinde ve sorunun esas\u0131n\u0131 kavramaktan \u00e7ok uzak. Yan\u0131l\u0131yor olabilirim ama \u201cAKP-nefreti ve AKP-a\u015fk\u0131\u201d cenderesine s\u0131k\u0131\u015fm\u0131\u015f bir hava var gibi&#8230; Bu gerilimin \u00f6tesinde soruna bakmak gerekir, diye d\u00fc\u015f\u00fcn\u00fcr\u00fcm.Bana g\u00f6re ana problem, bu \u00fclkede e\u015fitlik konusunda k\u00fclt\u00fcrel altyap\u0131n\u0131n yoklu\u011fudur. Bu, bir tek y\u00f6neticilerin de\u011fil, toplumun da bir [&hellip;]","og_url":"https:\/\/akunq.net\/tr\/?p=26208","og_site_name":"Bati Ermenistan Ve Bati Ermenileri Sorunlari Ara\u015ftirmalar Merkezi","article_published_time":"2013-10-17T15:37:20+00:00","author":"admin","twitter_card":"summary_large_image","twitter_misc":{"Written by":"admin","Est. reading time":"4 minutes"},"schema":{"@context":"https:\/\/schema.org","@graph":[{"@type":"Article","@id":"https:\/\/akunq.net\/tr\/?p=26208#article","isPartOf":{"@id":"https:\/\/akunq.net\/tr\/?p=26208"},"author":{"name":"admin","@id":"https:\/\/akunq.net\/tr\/#\/schema\/person\/096f1d38a12cce57fb855b485ed24c9e"},"headline":"Reform, gecikme ve millet-i h\u00e2kime","datePublished":"2013-10-17T15:37:20+00:00","mainEntityOfPage":{"@id":"https:\/\/akunq.net\/tr\/?p=26208"},"wordCount":778,"commentCount":0,"articleSection":["Haberler","Makaleler","T\u00fcrkiye\u2019de Az\u0131nl\u0131klar"],"inLanguage":"en-US","potentialAction":[{"@type":"CommentAction","name":"Comment","target":["https:\/\/akunq.net\/tr\/?p=26208#respond"]}]},{"@type":"WebPage","@id":"https:\/\/akunq.net\/tr\/?p=26208","url":"https:\/\/akunq.net\/tr\/?p=26208","name":"Reform, gecikme ve millet-i h\u00e2kime - Bati Ermenistan Ve Bati Ermenileri Sorunlari Ara\u015ftirmalar Merkezi","isPartOf":{"@id":"https:\/\/akunq.net\/tr\/#website"},"datePublished":"2013-10-17T15:37:20+00:00","author":{"@id":"https:\/\/akunq.net\/tr\/#\/schema\/person\/096f1d38a12cce57fb855b485ed24c9e"},"breadcrumb":{"@id":"https:\/\/akunq.net\/tr\/?p=26208#breadcrumb"},"inLanguage":"en-US","potentialAction":[{"@type":"ReadAction","target":["https:\/\/akunq.net\/tr\/?p=26208"]}]},{"@type":"BreadcrumbList","@id":"https:\/\/akunq.net\/tr\/?p=26208#breadcrumb","itemListElement":[{"@type":"ListItem","position":1,"name":"Home","item":"https:\/\/akunq.net\/tr"},{"@type":"ListItem","position":2,"name":"Reform, gecikme ve millet-i h\u00e2kime"}]},{"@type":"WebSite","@id":"https:\/\/akunq.net\/tr\/#website","url":"https:\/\/akunq.net\/tr\/","name":"Bati Ermenistan Ve Bati Ermenileri Sorunlari Ara\u015ftirmalar Merkezi","description":"","potentialAction":[{"@type":"SearchAction","target":{"@type":"EntryPoint","urlTemplate":"https:\/\/akunq.net\/tr\/?s={search_term_string}"},"query-input":{"@type":"PropertyValueSpecification","valueRequired":true,"valueName":"search_term_string"}}],"inLanguage":"en-US"},{"@type":"Person","@id":"https:\/\/akunq.net\/tr\/#\/schema\/person\/096f1d38a12cce57fb855b485ed24c9e","name":"admin","url":"https:\/\/akunq.net\/tr\/?author=7"}]}},"_links":{"self":[{"href":"https:\/\/akunq.net\/tr\/index.php?rest_route=\/wp\/v2\/posts\/26208","targetHints":{"allow":["GET"]}}],"collection":[{"href":"https:\/\/akunq.net\/tr\/index.php?rest_route=\/wp\/v2\/posts"}],"about":[{"href":"https:\/\/akunq.net\/tr\/index.php?rest_route=\/wp\/v2\/types\/post"}],"author":[{"embeddable":true,"href":"https:\/\/akunq.net\/tr\/index.php?rest_route=\/wp\/v2\/users\/7"}],"replies":[{"embeddable":true,"href":"https:\/\/akunq.net\/tr\/index.php?rest_route=%2Fwp%2Fv2%2Fcomments&post=26208"}],"version-history":[{"count":2,"href":"https:\/\/akunq.net\/tr\/index.php?rest_route=\/wp\/v2\/posts\/26208\/revisions"}],"predecessor-version":[{"id":26211,"href":"https:\/\/akunq.net\/tr\/index.php?rest_route=\/wp\/v2\/posts\/26208\/revisions\/26211"}],"wp:attachment":[{"href":"https:\/\/akunq.net\/tr\/index.php?rest_route=%2Fwp%2Fv2%2Fmedia&parent=26208"}],"wp:term":[{"taxonomy":"category","embeddable":true,"href":"https:\/\/akunq.net\/tr\/index.php?rest_route=%2Fwp%2Fv2%2Fcategories&post=26208"},{"taxonomy":"post_tag","embeddable":true,"href":"https:\/\/akunq.net\/tr\/index.php?rest_route=%2Fwp%2Fv2%2Ftags&post=26208"}],"curies":[{"name":"wp","href":"https:\/\/api.w.org\/{rel}","templated":true}]}}