{"id":26106,"date":"2013-10-14T01:53:45","date_gmt":"2013-10-14T06:53:45","guid":{"rendered":"http:\/\/akunq.net\/tr\/?p=26106"},"modified":"2013-10-14T01:53:45","modified_gmt":"2013-10-14T06:53:45","slug":"urfadaki-tarihi-ermeni-kilisesi-ahira-donusturuldu","status":"publish","type":"post","link":"https:\/\/akunq.net\/tr\/?p=26106","title":{"rendered":"Urfa&#8217;daki tarihi Ermeni kilisesi ah\u0131ra d\u00f6n\u00fc\u015ft\u00fcr\u00fcld\u00fc!"},"content":{"rendered":"<p style=\"text-align: justify;\"><b><i><a href=\"http:\/\/akunq.net\/tr\/wp-content\/uploads\/2013\/10\/Urfadaki-tarihi-Ermeni-kilisesi.jpg\"><img loading=\"lazy\" decoding=\"async\" class=\"alignright size-medium wp-image-26107\" alt=\"Urfa'daki tarihi Ermeni kilisesi\" src=\"http:\/\/akunq.net\/tr\/wp-content\/uploads\/2013\/10\/Urfadaki-tarihi-Ermeni-kilisesi-300x200.jpg\" width=\"300\" height=\"200\" srcset=\"https:\/\/akunq.net\/tr\/wp-content\/uploads\/sites\/6\/2013\/10\/Urfadaki-tarihi-Ermeni-kilisesi-300x200.jpg 300w, https:\/\/akunq.net\/tr\/wp-content\/uploads\/sites\/6\/2013\/10\/Urfadaki-tarihi-Ermeni-kilisesi-600x401.jpg 600w, https:\/\/akunq.net\/tr\/wp-content\/uploads\/sites\/6\/2013\/10\/Urfadaki-tarihi-Ermeni-kilisesi.jpg 665w\" sizes=\"auto, (max-width: 300px) 100vw, 300px\" \/><\/a>\u015eanl\u0131urfa\u2019daki Germu\u015f K\u00f6y\u00fc&#8217;nde bulunan tarihi Ermeni kilisesi ah\u0131r olarak kullan\u0131l\u0131yor.<\/i><\/b><\/p>\n<p style=\"text-align: justify;\">\u015eanl\u0131urfa\u2019n\u0131n yerel haber sitesi olan urfadabugun.com\u2019un yapt\u0131\u011f\u0131 habere g\u00f6re Germu\u015f k\u00f6y\u00fcndeki tarihi Ermeni kilisesi ah\u0131r olarak kullan\u0131l\u0131yor. 10 y\u0131l \u00f6nce Ermeniler taraf\u0131ndan restorasyonu yap\u0131lan kilise 3 y\u0131l \u00f6nce turizme a\u00e7\u0131lmas\u0131 gerekirken \u015fimdi ah\u0131r halinde.<\/p>\n<p style=\"text-align: justify;\">Tarihi kilisenin giri\u015fine \u015eanl\u0131urfa \u0130l \u00d6zel \u0130daresi taraf\u0131ndan 3 dilde tan\u0131t\u0131m tabelas\u0131 as\u0131lm\u0131\u015f durumda ancak kilise turistik mekan olarak kullan\u0131lmaktan olduk\u00e7a uzak.<\/p>\n<p style=\"text-align: justify;\">Germ\u00fc\u015f K\u00f6y\u00fc, Ermenilerden kalma bir k\u00f6yd\u00fcr. Bug\u00fcnk\u00fc ismi Da\u011f ete\u011fi k\u00f6y\u00fc\u2019d\u00fcr.Haber sitesinde yer alan iddiaya g\u00f6re ise toprak alt\u0131nda bulunan ge\u00e7itlerden haberdar olan defineciler ise k\u00f6yde sonsuz ka\u00e7ak kaz\u0131lar yapmaktalar. Tarihi kilisenin nas\u0131l bu hale geldi\u011fine y\u00f6nelik ise yetkililerden a\u00e7\u0131klama bekleniyor.<\/p>\n<p style=\"text-align: justify;\"><b><i>http:\/\/haber.sol.org.tr\/kent-gundemleri\/urfadaki-tarihi-ermeni-kilisesi-ahira-donusturuldu-haberi-80964<\/i><\/b><\/p>\n","protected":false},"excerpt":{"rendered":"<p>\u015eanl\u0131urfa\u2019daki Germu\u015f K\u00f6y\u00fc&#8217;nde bulunan tarihi Ermeni kilisesi ah\u0131r olarak kullan\u0131l\u0131yor. \u015eanl\u0131urfa\u2019n\u0131n yerel haber sitesi olan urfadabugun.com\u2019un yapt\u0131\u011f\u0131 habere g\u00f6re Germu\u015f k\u00f6y\u00fcndeki tarihi Ermeni kilisesi ah\u0131r olarak kullan\u0131l\u0131yor. 10 y\u0131l \u00f6nce Ermeniler taraf\u0131ndan restorasyonu yap\u0131lan kilise 3 y\u0131l \u00f6nce turizme a\u00e7\u0131lmas\u0131 gerekirken \u015fimdi ah\u0131r halinde. Tarihi kilisenin giri\u015fine \u015eanl\u0131urfa \u0130l \u00d6zel \u0130daresi taraf\u0131ndan 3 dilde tan\u0131t\u0131m [&hellip;]<\/p>\n","protected":false},"author":7,"featured_media":0,"comment_status":"open","ping_status":"open","sticky":false,"template":"","format":"standard","meta":{"footnotes":""},"categories":[22,1],"tags":[],"class_list":["post-26106","post","type-post","status-publish","format-standard","hentry","category-gunumuzde-bati-ermenistan","category-haberler"],"yoast_head":"<!-- This site is optimized with the Yoast SEO plugin v27.4 - https:\/\/yoast.com\/product\/yoast-seo-wordpress\/ -->\n<title>Urfa&#039;daki tarihi Ermeni kilisesi ah\u0131ra d\u00f6n\u00fc\u015ft\u00fcr\u00fcld\u00fc! - Bati Ermenistan Ve Bati Ermenileri Sorunlari Ara\u015ftirmalar Merkezi<\/title>\n<meta name=\"robots\" content=\"index, follow, max-snippet:-1, max-image-preview:large, max-video-preview:-1\" \/>\n<link rel=\"canonical\" href=\"https:\/\/akunq.net\/tr\/?p=26106\" \/>\n<meta property=\"og:locale\" content=\"en_US\" \/>\n<meta property=\"og:type\" content=\"article\" \/>\n<meta property=\"og:title\" content=\"Urfa&#039;daki tarihi Ermeni kilisesi ah\u0131ra d\u00f6n\u00fc\u015ft\u00fcr\u00fcld\u00fc! - Bati Ermenistan Ve Bati Ermenileri Sorunlari Ara\u015ftirmalar Merkezi\" \/>\n<meta property=\"og:description\" content=\"\u015eanl\u0131urfa\u2019daki Germu\u015f K\u00f6y\u00fc&#8217;nde bulunan tarihi Ermeni kilisesi ah\u0131r olarak kullan\u0131l\u0131yor. \u015eanl\u0131urfa\u2019n\u0131n yerel haber sitesi olan urfadabugun.com\u2019un yapt\u0131\u011f\u0131 habere g\u00f6re Germu\u015f k\u00f6y\u00fcndeki tarihi Ermeni kilisesi ah\u0131r olarak kullan\u0131l\u0131yor. 10 y\u0131l \u00f6nce Ermeniler taraf\u0131ndan restorasyonu yap\u0131lan kilise 3 y\u0131l \u00f6nce turizme a\u00e7\u0131lmas\u0131 gerekirken \u015fimdi ah\u0131r halinde. Tarihi kilisenin giri\u015fine \u015eanl\u0131urfa \u0130l \u00d6zel \u0130daresi taraf\u0131ndan 3 dilde tan\u0131t\u0131m [&hellip;]\" \/>\n<meta property=\"og:url\" content=\"https:\/\/akunq.net\/tr\/?p=26106\" \/>\n<meta property=\"og:site_name\" content=\"Bati Ermenistan Ve Bati Ermenileri Sorunlari Ara\u015ftirmalar Merkezi\" \/>\n<meta property=\"article:published_time\" content=\"2013-10-14T06:53:45+00:00\" \/>\n<meta property=\"og:image\" content=\"http:\/\/akunq.net\/tr\/wp-content\/uploads\/2013\/10\/Urfadaki-tarihi-Ermeni-kilisesi-300x200.jpg\" \/>\n<meta name=\"author\" content=\"admin\" \/>\n<meta name=\"twitter:card\" content=\"summary_large_image\" \/>\n<meta name=\"twitter:label1\" content=\"Written by\" \/>\n\t<meta name=\"twitter:data1\" content=\"admin\" \/>\n\t<meta name=\"twitter:label2\" content=\"Est. reading time\" \/>\n\t<meta name=\"twitter:data2\" content=\"1 minute\" \/>\n<script type=\"application\/ld+json\" class=\"yoast-schema-graph\">{\"@context\":\"https:\\\/\\\/schema.org\",\"@graph\":[{\"@type\":\"Article\",\"@id\":\"https:\\\/\\\/akunq.net\\\/tr\\\/?p=26106#article\",\"isPartOf\":{\"@id\":\"https:\\\/\\\/akunq.net\\\/tr\\\/?p=26106\"},\"author\":{\"name\":\"admin\",\"@id\":\"https:\\\/\\\/akunq.net\\\/tr\\\/#\\\/schema\\\/person\\\/096f1d38a12cce57fb855b485ed24c9e\"},\"headline\":\"Urfa&#8217;daki tarihi Ermeni kilisesi ah\u0131ra d\u00f6n\u00fc\u015ft\u00fcr\u00fcld\u00fc!\",\"datePublished\":\"2013-10-14T06:53:45+00:00\",\"mainEntityOfPage\":{\"@id\":\"https:\\\/\\\/akunq.net\\\/tr\\\/?p=26106\"},\"wordCount\":173,\"commentCount\":0,\"image\":{\"@id\":\"https:\\\/\\\/akunq.net\\\/tr\\\/?p=26106#primaryimage\"},\"thumbnailUrl\":\"http:\\\/\\\/akunq.net\\\/tr\\\/wp-content\\\/uploads\\\/2013\\\/10\\\/Urfadaki-tarihi-Ermeni-kilisesi-300x200.jpg\",\"articleSection\":[\"G\u00fcn\u00fcm\u00fczde Bat\u0131 Ermenistan\",\"Haberler\"],\"inLanguage\":\"en-US\",\"potentialAction\":[{\"@type\":\"CommentAction\",\"name\":\"Comment\",\"target\":[\"https:\\\/\\\/akunq.net\\\/tr\\\/?p=26106#respond\"]}]},{\"@type\":\"WebPage\",\"@id\":\"https:\\\/\\\/akunq.net\\\/tr\\\/?p=26106\",\"url\":\"https:\\\/\\\/akunq.net\\\/tr\\\/?p=26106\",\"name\":\"Urfa'daki tarihi Ermeni kilisesi ah\u0131ra d\u00f6n\u00fc\u015ft\u00fcr\u00fcld\u00fc! - Bati Ermenistan Ve Bati Ermenileri Sorunlari Ara\u015ftirmalar Merkezi\",\"isPartOf\":{\"@id\":\"https:\\\/\\\/akunq.net\\\/tr\\\/#website\"},\"primaryImageOfPage\":{\"@id\":\"https:\\\/\\\/akunq.net\\\/tr\\\/?p=26106#primaryimage\"},\"image\":{\"@id\":\"https:\\\/\\\/akunq.net\\\/tr\\\/?p=26106#primaryimage\"},\"thumbnailUrl\":\"http:\\\/\\\/akunq.net\\\/tr\\\/wp-content\\\/uploads\\\/2013\\\/10\\\/Urfadaki-tarihi-Ermeni-kilisesi-300x200.jpg\",\"datePublished\":\"2013-10-14T06:53:45+00:00\",\"author\":{\"@id\":\"https:\\\/\\\/akunq.net\\\/tr\\\/#\\\/schema\\\/person\\\/096f1d38a12cce57fb855b485ed24c9e\"},\"breadcrumb\":{\"@id\":\"https:\\\/\\\/akunq.net\\\/tr\\\/?p=26106#breadcrumb\"},\"inLanguage\":\"en-US\",\"potentialAction\":[{\"@type\":\"ReadAction\",\"target\":[\"https:\\\/\\\/akunq.net\\\/tr\\\/?p=26106\"]}]},{\"@type\":\"ImageObject\",\"inLanguage\":\"en-US\",\"@id\":\"https:\\\/\\\/akunq.net\\\/tr\\\/?p=26106#primaryimage\",\"url\":\"https:\\\/\\\/akunq.net\\\/tr\\\/wp-content\\\/uploads\\\/sites\\\/6\\\/2013\\\/10\\\/Urfadaki-tarihi-Ermeni-kilisesi.jpg\",\"contentUrl\":\"https:\\\/\\\/akunq.net\\\/tr\\\/wp-content\\\/uploads\\\/sites\\\/6\\\/2013\\\/10\\\/Urfadaki-tarihi-Ermeni-kilisesi.jpg\",\"width\":665,\"height\":445},{\"@type\":\"BreadcrumbList\",\"@id\":\"https:\\\/\\\/akunq.net\\\/tr\\\/?p=26106#breadcrumb\",\"itemListElement\":[{\"@type\":\"ListItem\",\"position\":1,\"name\":\"Home\",\"item\":\"https:\\\/\\\/akunq.net\\\/tr\"},{\"@type\":\"ListItem\",\"position\":2,\"name\":\"Urfa&#8217;daki tarihi Ermeni kilisesi ah\u0131ra d\u00f6n\u00fc\u015ft\u00fcr\u00fcld\u00fc!\"}]},{\"@type\":\"WebSite\",\"@id\":\"https:\\\/\\\/akunq.net\\\/tr\\\/#website\",\"url\":\"https:\\\/\\\/akunq.net\\\/tr\\\/\",\"name\":\"Bati Ermenistan Ve Bati Ermenileri Sorunlari Ara\u015ftirmalar Merkezi\",\"description\":\"\",\"potentialAction\":[{\"@type\":\"SearchAction\",\"target\":{\"@type\":\"EntryPoint\",\"urlTemplate\":\"https:\\\/\\\/akunq.net\\\/tr\\\/?s={search_term_string}\"},\"query-input\":{\"@type\":\"PropertyValueSpecification\",\"valueRequired\":true,\"valueName\":\"search_term_string\"}}],\"inLanguage\":\"en-US\"},{\"@type\":\"Person\",\"@id\":\"https:\\\/\\\/akunq.net\\\/tr\\\/#\\\/schema\\\/person\\\/096f1d38a12cce57fb855b485ed24c9e\",\"name\":\"admin\",\"url\":\"https:\\\/\\\/akunq.net\\\/tr\\\/?author=7\"}]}<\/script>\n<!-- \/ Yoast SEO plugin. -->","yoast_head_json":{"title":"Urfa'daki tarihi Ermeni kilisesi ah\u0131ra d\u00f6n\u00fc\u015ft\u00fcr\u00fcld\u00fc! - Bati Ermenistan Ve Bati Ermenileri Sorunlari Ara\u015ftirmalar Merkezi","robots":{"index":"index","follow":"follow","max-snippet":"max-snippet:-1","max-image-preview":"max-image-preview:large","max-video-preview":"max-video-preview:-1"},"canonical":"https:\/\/akunq.net\/tr\/?p=26106","og_locale":"en_US","og_type":"article","og_title":"Urfa'daki tarihi Ermeni kilisesi ah\u0131ra d\u00f6n\u00fc\u015ft\u00fcr\u00fcld\u00fc! - Bati Ermenistan Ve Bati Ermenileri Sorunlari Ara\u015ftirmalar Merkezi","og_description":"\u015eanl\u0131urfa\u2019daki Germu\u015f K\u00f6y\u00fc&#8217;nde bulunan tarihi Ermeni kilisesi ah\u0131r olarak kullan\u0131l\u0131yor. \u015eanl\u0131urfa\u2019n\u0131n yerel haber sitesi olan urfadabugun.com\u2019un yapt\u0131\u011f\u0131 habere g\u00f6re Germu\u015f k\u00f6y\u00fcndeki tarihi Ermeni kilisesi ah\u0131r olarak kullan\u0131l\u0131yor. 10 y\u0131l \u00f6nce Ermeniler taraf\u0131ndan restorasyonu yap\u0131lan kilise 3 y\u0131l \u00f6nce turizme a\u00e7\u0131lmas\u0131 gerekirken \u015fimdi ah\u0131r halinde. Tarihi kilisenin giri\u015fine \u015eanl\u0131urfa \u0130l \u00d6zel \u0130daresi taraf\u0131ndan 3 dilde tan\u0131t\u0131m [&hellip;]","og_url":"https:\/\/akunq.net\/tr\/?p=26106","og_site_name":"Bati Ermenistan Ve Bati Ermenileri Sorunlari Ara\u015ftirmalar Merkezi","article_published_time":"2013-10-14T06:53:45+00:00","og_image":[{"url":"http:\/\/akunq.net\/tr\/wp-content\/uploads\/2013\/10\/Urfadaki-tarihi-Ermeni-kilisesi-300x200.jpg","type":"","width":"","height":""}],"author":"admin","twitter_card":"summary_large_image","twitter_misc":{"Written by":"admin","Est. reading time":"1 minute"},"schema":{"@context":"https:\/\/schema.org","@graph":[{"@type":"Article","@id":"https:\/\/akunq.net\/tr\/?p=26106#article","isPartOf":{"@id":"https:\/\/akunq.net\/tr\/?p=26106"},"author":{"name":"admin","@id":"https:\/\/akunq.net\/tr\/#\/schema\/person\/096f1d38a12cce57fb855b485ed24c9e"},"headline":"Urfa&#8217;daki tarihi Ermeni kilisesi ah\u0131ra d\u00f6n\u00fc\u015ft\u00fcr\u00fcld\u00fc!","datePublished":"2013-10-14T06:53:45+00:00","mainEntityOfPage":{"@id":"https:\/\/akunq.net\/tr\/?p=26106"},"wordCount":173,"commentCount":0,"image":{"@id":"https:\/\/akunq.net\/tr\/?p=26106#primaryimage"},"thumbnailUrl":"http:\/\/akunq.net\/tr\/wp-content\/uploads\/2013\/10\/Urfadaki-tarihi-Ermeni-kilisesi-300x200.jpg","articleSection":["G\u00fcn\u00fcm\u00fczde Bat\u0131 Ermenistan","Haberler"],"inLanguage":"en-US","potentialAction":[{"@type":"CommentAction","name":"Comment","target":["https:\/\/akunq.net\/tr\/?p=26106#respond"]}]},{"@type":"WebPage","@id":"https:\/\/akunq.net\/tr\/?p=26106","url":"https:\/\/akunq.net\/tr\/?p=26106","name":"Urfa'daki tarihi Ermeni kilisesi ah\u0131ra d\u00f6n\u00fc\u015ft\u00fcr\u00fcld\u00fc! - Bati Ermenistan Ve Bati Ermenileri Sorunlari Ara\u015ftirmalar Merkezi","isPartOf":{"@id":"https:\/\/akunq.net\/tr\/#website"},"primaryImageOfPage":{"@id":"https:\/\/akunq.net\/tr\/?p=26106#primaryimage"},"image":{"@id":"https:\/\/akunq.net\/tr\/?p=26106#primaryimage"},"thumbnailUrl":"http:\/\/akunq.net\/tr\/wp-content\/uploads\/2013\/10\/Urfadaki-tarihi-Ermeni-kilisesi-300x200.jpg","datePublished":"2013-10-14T06:53:45+00:00","author":{"@id":"https:\/\/akunq.net\/tr\/#\/schema\/person\/096f1d38a12cce57fb855b485ed24c9e"},"breadcrumb":{"@id":"https:\/\/akunq.net\/tr\/?p=26106#breadcrumb"},"inLanguage":"en-US","potentialAction":[{"@type":"ReadAction","target":["https:\/\/akunq.net\/tr\/?p=26106"]}]},{"@type":"ImageObject","inLanguage":"en-US","@id":"https:\/\/akunq.net\/tr\/?p=26106#primaryimage","url":"https:\/\/akunq.net\/tr\/wp-content\/uploads\/sites\/6\/2013\/10\/Urfadaki-tarihi-Ermeni-kilisesi.jpg","contentUrl":"https:\/\/akunq.net\/tr\/wp-content\/uploads\/sites\/6\/2013\/10\/Urfadaki-tarihi-Ermeni-kilisesi.jpg","width":665,"height":445},{"@type":"BreadcrumbList","@id":"https:\/\/akunq.net\/tr\/?p=26106#breadcrumb","itemListElement":[{"@type":"ListItem","position":1,"name":"Home","item":"https:\/\/akunq.net\/tr"},{"@type":"ListItem","position":2,"name":"Urfa&#8217;daki tarihi Ermeni kilisesi ah\u0131ra d\u00f6n\u00fc\u015ft\u00fcr\u00fcld\u00fc!"}]},{"@type":"WebSite","@id":"https:\/\/akunq.net\/tr\/#website","url":"https:\/\/akunq.net\/tr\/","name":"Bati Ermenistan Ve Bati Ermenileri Sorunlari Ara\u015ftirmalar Merkezi","description":"","potentialAction":[{"@type":"SearchAction","target":{"@type":"EntryPoint","urlTemplate":"https:\/\/akunq.net\/tr\/?s={search_term_string}"},"query-input":{"@type":"PropertyValueSpecification","valueRequired":true,"valueName":"search_term_string"}}],"inLanguage":"en-US"},{"@type":"Person","@id":"https:\/\/akunq.net\/tr\/#\/schema\/person\/096f1d38a12cce57fb855b485ed24c9e","name":"admin","url":"https:\/\/akunq.net\/tr\/?author=7"}]}},"_links":{"self":[{"href":"https:\/\/akunq.net\/tr\/index.php?rest_route=\/wp\/v2\/posts\/26106","targetHints":{"allow":["GET"]}}],"collection":[{"href":"https:\/\/akunq.net\/tr\/index.php?rest_route=\/wp\/v2\/posts"}],"about":[{"href":"https:\/\/akunq.net\/tr\/index.php?rest_route=\/wp\/v2\/types\/post"}],"author":[{"embeddable":true,"href":"https:\/\/akunq.net\/tr\/index.php?rest_route=\/wp\/v2\/users\/7"}],"replies":[{"embeddable":true,"href":"https:\/\/akunq.net\/tr\/index.php?rest_route=%2Fwp%2Fv2%2Fcomments&post=26106"}],"version-history":[{"count":1,"href":"https:\/\/akunq.net\/tr\/index.php?rest_route=\/wp\/v2\/posts\/26106\/revisions"}],"predecessor-version":[{"id":26108,"href":"https:\/\/akunq.net\/tr\/index.php?rest_route=\/wp\/v2\/posts\/26106\/revisions\/26108"}],"wp:attachment":[{"href":"https:\/\/akunq.net\/tr\/index.php?rest_route=%2Fwp%2Fv2%2Fmedia&parent=26106"}],"wp:term":[{"taxonomy":"category","embeddable":true,"href":"https:\/\/akunq.net\/tr\/index.php?rest_route=%2Fwp%2Fv2%2Fcategories&post=26106"},{"taxonomy":"post_tag","embeddable":true,"href":"https:\/\/akunq.net\/tr\/index.php?rest_route=%2Fwp%2Fv2%2Ftags&post=26106"}],"curies":[{"name":"wp","href":"https:\/\/api.w.org\/{rel}","templated":true}]}}