{"id":26093,"date":"2013-10-12T02:45:46","date_gmt":"2013-10-12T07:45:46","guid":{"rendered":"http:\/\/akunq.net\/tr\/?p=26093"},"modified":"2013-10-12T02:45:46","modified_gmt":"2013-10-12T07:45:46","slug":"davutoglu-cenevreye-ermeni-aniti-dikilmesi-konusundaki-hassasiyeti-iletti","status":"publish","type":"post","link":"https:\/\/akunq.net\/tr\/?p=26093","title":{"rendered":"Davuto\u011flu, Cenevre&#8217;ye Ermeni An\u0131t\u0131 Dikilmesi Konusundaki Hassasiyeti \u0130letti"},"content":{"rendered":"<p style=\"text-align: justify;\"><b><i><a href=\"http:\/\/akunq.net\/tr\/wp-content\/uploads\/2013\/10\/Davuto\u011flu.jpg\"><img loading=\"lazy\" decoding=\"async\" class=\"alignright size-medium wp-image-26094\" alt=\"Davuto\u011flu\" src=\"http:\/\/akunq.net\/tr\/wp-content\/uploads\/2013\/10\/Davuto\u011flu-300x215.jpg\" width=\"300\" height=\"215\" srcset=\"https:\/\/akunq.net\/tr\/wp-content\/uploads\/sites\/6\/2013\/10\/Davuto\u011flu-300x215.jpg 300w, https:\/\/akunq.net\/tr\/wp-content\/uploads\/sites\/6\/2013\/10\/Davuto\u011flu.jpg 500w\" sizes=\"auto, (max-width: 300px) 100vw, 300px\" \/><\/a>\u0130svi\u00e7re&#8217;nin ba\u015fkenti Bern&#8217;de mevkida\u015f\u0131 Didier Burkhalter&#8217;la ikili ili\u015fkiler konusunda g\u00f6r\u00fc\u015fmeler yapan D\u0131\u015fi\u015fleri Bakan\u0131 <a title=\"Ahmet Davuto\u011flu Haberleri\" href=\"http:\/\/www.haberler.com\/ahmet-davutoglu\/\">Ahmet Davuto\u011flu<\/a>, 2015 y\u0131l\u0131nda Ermeniler&#8217;in <a title=\"Cenevre Haberleri\" href=\"http:\/\/www.haberler.com\/cenevre\/\">Cenevre<\/a>&#8216;de yapmay\u0131 planlad\u0131klar\u0131 soyk\u0131r\u0131m an\u0131t\u0131 ile ilgili olarak <a title=\"T\u00fcrkiye Haberleri\" href=\"http:\/\/www.haberler.com\/turkiye\/\">T\u00fcrkiye<\/a>&#8216;nin hassasiyetini iletti.<\/i><\/b><\/p>\n<p style=\"text-align: justify;\">D\u0131\u015fi\u015fleri Bakan\u0131 <a title=\"Ahmet Davuto\u011flu Haberleri\" href=\"http:\/\/www.haberler.com\/ahmet-davutoglu\/\">Ahmet Davuto\u011flu<\/a>, bir g\u00fcnl\u00fck \u00e7al\u0131\u015fma ziyareti i\u00e7in <a title=\"\u0130svi\u00e7re Haberleri\" href=\"http:\/\/www.haberler.com\/isvicre\/\">\u0130svi\u00e7re<\/a>&#8216;nin ba\u015fkenti Bern&#8217;e geldi. Yap\u0131lan toplant\u0131 sonras\u0131 T\u00fcrk bas\u0131n mensuplar\u0131na bir a\u00e7\u0131klama yapan <a title=\"Davuto\u011flu Haberleri\" href=\"http:\/\/www.haberler.com\/ahmet-davutoglu\/\">Davuto\u011flu<\/a>, <a title=\"T\u00fcrkiye Haberleri\" href=\"http:\/\/www.haberler.com\/turkiye\/\">T\u00fcrkiye<\/a>&#8216;nin <a title=\"\u0130svi\u00e7re Haberleri\" href=\"http:\/\/www.haberler.com\/isvicre\/\">\u0130svi\u00e7re<\/a> ile iki y\u0131ll\u0131k stratejik i\u015fbirli\u011fi plan\u0131 yapt\u0131\u011f\u0131na dikkat \u00e7ekti. Finansal, k\u00fclt\u00fcrel i\u015fbirli\u011fi ba\u015fta olmak \u00fczere her alanda i\u015fbirli\u011fi i\u00e7eren \u00e7er\u00e7eve anla\u015fman\u0131n detaylar\u0131, <a title=\"\u0130svi\u00e7re Haberleri\" href=\"http:\/\/www.haberler.com\/isvicre\/\">\u0130svi\u00e7re<\/a> D\u0131\u015fi\u015fleri Bakan\u0131 Burkhalter&#8217;in \u00f6n\u00fcm\u00fczdeki aylarda <a title=\"T\u00fcrkiye Haberleri\" href=\"http:\/\/www.haberler.com\/turkiye\/\">T\u00fcrkiye<\/a>&#8216;ye yapaca\u011f\u0131 ziyaret de netle\u015fecek.<\/p>\n<p style=\"text-align: justify;\">Davuto\u011flu, <a title=\"Suriye Haberleri\" href=\"http:\/\/www.haberler.com\/suriye\/\">Suriye<\/a> konusunda \u00e7ok detayl\u0131 g\u00f6r\u00fc\u015fmeler yapt\u0131klar\u0131n\u0131 s\u00f6yledi. \u00d6zellikle <a title=\"\u0130svi\u00e7re Haberleri\" href=\"http:\/\/www.haberler.com\/isvicre\/\">\u0130svi\u00e7re<\/a> taraf\u0131n\u0131n insani yard\u0131m konusunda <a title=\"T\u00fcrkiye Haberleri\" href=\"http:\/\/www.haberler.com\/turkiye\/\">T\u00fcrkiye<\/a>&#8216;ye destek s\u00f6z\u00fc verdi\u011fini bildirdi. <a title=\"Davuto\u011flu Haberleri\" href=\"http:\/\/www.haberler.com\/ahmet-davutoglu\/\">Davuto\u011flu<\/a>, <a title=\"Ermenistan Haberleri\" href=\"http:\/\/www.haberler.com\/ermenistan\/\">Ermenistan<\/a> ile sorunlar\u0131n \u00e7\u00f6z\u00fclmesi i\u00e7in d\u00f6rt y\u0131l \u00f6nce imzalanan Z\u00fcrih protokol\u00fcn\u00fcn devam etti\u011fine dikkati \u00e7ekerek, <a title=\"T\u00fcrkiye Haberleri\" href=\"http:\/\/www.haberler.com\/turkiye\/\">T\u00fcrkiye<\/a>&#8216;nin <a title=\"Ermenistan Haberleri\" href=\"http:\/\/www.haberler.com\/ermenistan\/\">Ermenistan<\/a>&#8216;la ili\u015fkilerin normalle\u015fmesini istedi\u011fini s\u00f6yledi. Bu normalle\u015fmenin devam edebilmesi i\u00e7in, <a title=\"Ermenistan Haberleri\" href=\"http:\/\/www.haberler.com\/ermenistan\/\">Ermenistan<\/a>&#8216;\u0131n Da\u011fl\u0131k <a title=\"Karaba\u011f Haberleri\" href=\"http:\/\/www.haberler.com\/karabag\/\">Karaba\u011f<\/a>&#8216;daki i\u015fgali kald\u0131rmas\u0131 gerekti\u011fini vurgulad\u0131. <a title=\"Davuto\u011flu Haberleri\" href=\"http:\/\/www.haberler.com\/ahmet-davutoglu\/\">Davuto\u011flu<\/a>, 2015 y\u0131l\u0131nda Ermeniler&#8217;in <a title=\"Cenevre Haberleri\" href=\"http:\/\/www.haberler.com\/cenevre\/\">Cenevre<\/a>&#8216;de yapmay\u0131 planlad\u0131klar\u0131 soyk\u0131r\u0131m an\u0131t\u0131 ile ilgili olarak da <a title=\"T\u00fcrkiye Haberleri\" href=\"http:\/\/www.haberler.com\/turkiye\/\">T\u00fcrkiye<\/a>&#8216;nin hassasiyetini iletti.<\/p>\n<p style=\"text-align: justify;\"><b><i>http<\/i><\/b><b><i>:\/\/<\/i><\/b><b><i>www<\/i><\/b><b><i>.<\/i><\/b><b><i>haberler<\/i><\/b><b><i>.<\/i><\/b><b><i>com<\/i><\/b><b><i>\/<\/i><\/b><b><i>davutoglu<\/i><\/b><b><i>&#8211;<\/i><\/b><b><i>cenevre<\/i><\/b><b><i>&#8211;<\/i><\/b><b><i>ye<\/i><\/b><b><i>&#8211;<\/i><\/b><b><i>ermeni<\/i><\/b><b><i>&#8211;<\/i><\/b><b><i>aniti<\/i><\/b><b><i>&#8211;<\/i><\/b><b><i>dikilmesi<\/i><\/b><b><i>-5169955-<\/i><\/b><b><i>haberi<\/i><\/b><b><i>\/<\/i><\/b><\/p>\n","protected":false},"excerpt":{"rendered":"<p>\u0130svi\u00e7re&#8217;nin ba\u015fkenti Bern&#8217;de mevkida\u015f\u0131 Didier Burkhalter&#8217;la ikili ili\u015fkiler konusunda g\u00f6r\u00fc\u015fmeler yapan D\u0131\u015fi\u015fleri Bakan\u0131 Ahmet Davuto\u011flu, 2015 y\u0131l\u0131nda Ermeniler&#8217;in Cenevre&#8216;de yapmay\u0131 planlad\u0131klar\u0131 soyk\u0131r\u0131m an\u0131t\u0131 ile ilgili olarak T\u00fcrkiye&#8216;nin hassasiyetini iletti. D\u0131\u015fi\u015fleri Bakan\u0131 Ahmet Davuto\u011flu, bir g\u00fcnl\u00fck \u00e7al\u0131\u015fma ziyareti i\u00e7in \u0130svi\u00e7re&#8216;nin ba\u015fkenti Bern&#8217;e geldi. Yap\u0131lan toplant\u0131 sonras\u0131 T\u00fcrk bas\u0131n mensuplar\u0131na bir a\u00e7\u0131klama yapan Davuto\u011flu, T\u00fcrkiye&#8216;nin \u0130svi\u00e7re ile [&hellip;]<\/p>\n","protected":false},"author":7,"featured_media":0,"comment_status":"open","ping_status":"open","sticky":false,"template":"","format":"standard","meta":{"footnotes":""},"categories":[1],"tags":[],"class_list":["post-26093","post","type-post","status-publish","format-standard","hentry","category-haberler"],"yoast_head":"<!-- This site is optimized with the Yoast SEO plugin v27.4 - https:\/\/yoast.com\/product\/yoast-seo-wordpress\/ -->\n<title>Davuto\u011flu, Cenevre&#039;ye Ermeni An\u0131t\u0131 Dikilmesi Konusundaki Hassasiyeti \u0130letti - Bati Ermenistan Ve Bati Ermenileri Sorunlari Ara\u015ftirmalar Merkezi<\/title>\n<meta name=\"robots\" content=\"index, follow, max-snippet:-1, max-image-preview:large, max-video-preview:-1\" \/>\n<link rel=\"canonical\" href=\"https:\/\/akunq.net\/tr\/?p=26093\" \/>\n<meta property=\"og:locale\" content=\"en_US\" \/>\n<meta property=\"og:type\" content=\"article\" \/>\n<meta property=\"og:title\" content=\"Davuto\u011flu, Cenevre&#039;ye Ermeni An\u0131t\u0131 Dikilmesi Konusundaki Hassasiyeti \u0130letti - Bati Ermenistan Ve Bati Ermenileri Sorunlari Ara\u015ftirmalar Merkezi\" \/>\n<meta property=\"og:description\" content=\"\u0130svi\u00e7re&#8217;nin ba\u015fkenti Bern&#8217;de mevkida\u015f\u0131 Didier Burkhalter&#8217;la ikili ili\u015fkiler konusunda g\u00f6r\u00fc\u015fmeler yapan D\u0131\u015fi\u015fleri Bakan\u0131 Ahmet Davuto\u011flu, 2015 y\u0131l\u0131nda Ermeniler&#8217;in Cenevre&#8216;de yapmay\u0131 planlad\u0131klar\u0131 soyk\u0131r\u0131m an\u0131t\u0131 ile ilgili olarak T\u00fcrkiye&#8216;nin hassasiyetini iletti. D\u0131\u015fi\u015fleri Bakan\u0131 Ahmet Davuto\u011flu, bir g\u00fcnl\u00fck \u00e7al\u0131\u015fma ziyareti i\u00e7in \u0130svi\u00e7re&#8216;nin ba\u015fkenti Bern&#8217;e geldi. Yap\u0131lan toplant\u0131 sonras\u0131 T\u00fcrk bas\u0131n mensuplar\u0131na bir a\u00e7\u0131klama yapan Davuto\u011flu, T\u00fcrkiye&#8216;nin \u0130svi\u00e7re ile [&hellip;]\" \/>\n<meta property=\"og:url\" content=\"https:\/\/akunq.net\/tr\/?p=26093\" \/>\n<meta property=\"og:site_name\" content=\"Bati Ermenistan Ve Bati Ermenileri Sorunlari Ara\u015ftirmalar Merkezi\" \/>\n<meta property=\"article:published_time\" content=\"2013-10-12T07:45:46+00:00\" \/>\n<meta name=\"author\" content=\"admin\" \/>\n<meta name=\"twitter:card\" content=\"summary_large_image\" \/>\n<meta name=\"twitter:label1\" content=\"Written by\" \/>\n\t<meta name=\"twitter:data1\" content=\"admin\" \/>\n\t<meta name=\"twitter:label2\" content=\"Est. reading time\" \/>\n\t<meta name=\"twitter:data2\" content=\"1 minute\" \/>\n<script type=\"application\/ld+json\" class=\"yoast-schema-graph\">{\"@context\":\"https:\\\/\\\/schema.org\",\"@graph\":[{\"@type\":\"Article\",\"@id\":\"https:\\\/\\\/akunq.net\\\/tr\\\/?p=26093#article\",\"isPartOf\":{\"@id\":\"https:\\\/\\\/akunq.net\\\/tr\\\/?p=26093\"},\"author\":{\"name\":\"admin\",\"@id\":\"https:\\\/\\\/akunq.net\\\/tr\\\/#\\\/schema\\\/person\\\/096f1d38a12cce57fb855b485ed24c9e\"},\"headline\":\"Davuto\u011flu, Cenevre&#8217;ye Ermeni An\u0131t\u0131 Dikilmesi Konusundaki Hassasiyeti \u0130letti\",\"datePublished\":\"2013-10-12T07:45:46+00:00\",\"mainEntityOfPage\":{\"@id\":\"https:\\\/\\\/akunq.net\\\/tr\\\/?p=26093\"},\"wordCount\":282,\"commentCount\":0,\"articleSection\":[\"Haberler\"],\"inLanguage\":\"en-US\",\"potentialAction\":[{\"@type\":\"CommentAction\",\"name\":\"Comment\",\"target\":[\"https:\\\/\\\/akunq.net\\\/tr\\\/?p=26093#respond\"]}]},{\"@type\":\"WebPage\",\"@id\":\"https:\\\/\\\/akunq.net\\\/tr\\\/?p=26093\",\"url\":\"https:\\\/\\\/akunq.net\\\/tr\\\/?p=26093\",\"name\":\"Davuto\u011flu, Cenevre'ye Ermeni An\u0131t\u0131 Dikilmesi Konusundaki Hassasiyeti \u0130letti - Bati Ermenistan Ve Bati Ermenileri Sorunlari Ara\u015ftirmalar Merkezi\",\"isPartOf\":{\"@id\":\"https:\\\/\\\/akunq.net\\\/tr\\\/#website\"},\"datePublished\":\"2013-10-12T07:45:46+00:00\",\"author\":{\"@id\":\"https:\\\/\\\/akunq.net\\\/tr\\\/#\\\/schema\\\/person\\\/096f1d38a12cce57fb855b485ed24c9e\"},\"breadcrumb\":{\"@id\":\"https:\\\/\\\/akunq.net\\\/tr\\\/?p=26093#breadcrumb\"},\"inLanguage\":\"en-US\",\"potentialAction\":[{\"@type\":\"ReadAction\",\"target\":[\"https:\\\/\\\/akunq.net\\\/tr\\\/?p=26093\"]}]},{\"@type\":\"BreadcrumbList\",\"@id\":\"https:\\\/\\\/akunq.net\\\/tr\\\/?p=26093#breadcrumb\",\"itemListElement\":[{\"@type\":\"ListItem\",\"position\":1,\"name\":\"Home\",\"item\":\"https:\\\/\\\/akunq.net\\\/tr\"},{\"@type\":\"ListItem\",\"position\":2,\"name\":\"Davuto\u011flu, Cenevre&#8217;ye Ermeni An\u0131t\u0131 Dikilmesi Konusundaki Hassasiyeti \u0130letti\"}]},{\"@type\":\"WebSite\",\"@id\":\"https:\\\/\\\/akunq.net\\\/tr\\\/#website\",\"url\":\"https:\\\/\\\/akunq.net\\\/tr\\\/\",\"name\":\"Bati Ermenistan Ve Bati Ermenileri Sorunlari Ara\u015ftirmalar Merkezi\",\"description\":\"\",\"potentialAction\":[{\"@type\":\"SearchAction\",\"target\":{\"@type\":\"EntryPoint\",\"urlTemplate\":\"https:\\\/\\\/akunq.net\\\/tr\\\/?s={search_term_string}\"},\"query-input\":{\"@type\":\"PropertyValueSpecification\",\"valueRequired\":true,\"valueName\":\"search_term_string\"}}],\"inLanguage\":\"en-US\"},{\"@type\":\"Person\",\"@id\":\"https:\\\/\\\/akunq.net\\\/tr\\\/#\\\/schema\\\/person\\\/096f1d38a12cce57fb855b485ed24c9e\",\"name\":\"admin\",\"url\":\"https:\\\/\\\/akunq.net\\\/tr\\\/?author=7\"}]}<\/script>\n<!-- \/ Yoast SEO plugin. -->","yoast_head_json":{"title":"Davuto\u011flu, Cenevre'ye Ermeni An\u0131t\u0131 Dikilmesi Konusundaki Hassasiyeti \u0130letti - Bati Ermenistan Ve Bati Ermenileri Sorunlari Ara\u015ftirmalar Merkezi","robots":{"index":"index","follow":"follow","max-snippet":"max-snippet:-1","max-image-preview":"max-image-preview:large","max-video-preview":"max-video-preview:-1"},"canonical":"https:\/\/akunq.net\/tr\/?p=26093","og_locale":"en_US","og_type":"article","og_title":"Davuto\u011flu, Cenevre'ye Ermeni An\u0131t\u0131 Dikilmesi Konusundaki Hassasiyeti \u0130letti - Bati Ermenistan Ve Bati Ermenileri Sorunlari Ara\u015ftirmalar Merkezi","og_description":"\u0130svi\u00e7re&#8217;nin ba\u015fkenti Bern&#8217;de mevkida\u015f\u0131 Didier Burkhalter&#8217;la ikili ili\u015fkiler konusunda g\u00f6r\u00fc\u015fmeler yapan D\u0131\u015fi\u015fleri Bakan\u0131 Ahmet Davuto\u011flu, 2015 y\u0131l\u0131nda Ermeniler&#8217;in Cenevre&#8216;de yapmay\u0131 planlad\u0131klar\u0131 soyk\u0131r\u0131m an\u0131t\u0131 ile ilgili olarak T\u00fcrkiye&#8216;nin hassasiyetini iletti. D\u0131\u015fi\u015fleri Bakan\u0131 Ahmet Davuto\u011flu, bir g\u00fcnl\u00fck \u00e7al\u0131\u015fma ziyareti i\u00e7in \u0130svi\u00e7re&#8216;nin ba\u015fkenti Bern&#8217;e geldi. Yap\u0131lan toplant\u0131 sonras\u0131 T\u00fcrk bas\u0131n mensuplar\u0131na bir a\u00e7\u0131klama yapan Davuto\u011flu, T\u00fcrkiye&#8216;nin \u0130svi\u00e7re ile [&hellip;]","og_url":"https:\/\/akunq.net\/tr\/?p=26093","og_site_name":"Bati Ermenistan Ve Bati Ermenileri Sorunlari Ara\u015ftirmalar Merkezi","article_published_time":"2013-10-12T07:45:46+00:00","author":"admin","twitter_card":"summary_large_image","twitter_misc":{"Written by":"admin","Est. reading time":"1 minute"},"schema":{"@context":"https:\/\/schema.org","@graph":[{"@type":"Article","@id":"https:\/\/akunq.net\/tr\/?p=26093#article","isPartOf":{"@id":"https:\/\/akunq.net\/tr\/?p=26093"},"author":{"name":"admin","@id":"https:\/\/akunq.net\/tr\/#\/schema\/person\/096f1d38a12cce57fb855b485ed24c9e"},"headline":"Davuto\u011flu, Cenevre&#8217;ye Ermeni An\u0131t\u0131 Dikilmesi Konusundaki Hassasiyeti \u0130letti","datePublished":"2013-10-12T07:45:46+00:00","mainEntityOfPage":{"@id":"https:\/\/akunq.net\/tr\/?p=26093"},"wordCount":282,"commentCount":0,"articleSection":["Haberler"],"inLanguage":"en-US","potentialAction":[{"@type":"CommentAction","name":"Comment","target":["https:\/\/akunq.net\/tr\/?p=26093#respond"]}]},{"@type":"WebPage","@id":"https:\/\/akunq.net\/tr\/?p=26093","url":"https:\/\/akunq.net\/tr\/?p=26093","name":"Davuto\u011flu, Cenevre'ye Ermeni An\u0131t\u0131 Dikilmesi Konusundaki Hassasiyeti \u0130letti - Bati Ermenistan Ve Bati Ermenileri Sorunlari Ara\u015ftirmalar Merkezi","isPartOf":{"@id":"https:\/\/akunq.net\/tr\/#website"},"datePublished":"2013-10-12T07:45:46+00:00","author":{"@id":"https:\/\/akunq.net\/tr\/#\/schema\/person\/096f1d38a12cce57fb855b485ed24c9e"},"breadcrumb":{"@id":"https:\/\/akunq.net\/tr\/?p=26093#breadcrumb"},"inLanguage":"en-US","potentialAction":[{"@type":"ReadAction","target":["https:\/\/akunq.net\/tr\/?p=26093"]}]},{"@type":"BreadcrumbList","@id":"https:\/\/akunq.net\/tr\/?p=26093#breadcrumb","itemListElement":[{"@type":"ListItem","position":1,"name":"Home","item":"https:\/\/akunq.net\/tr"},{"@type":"ListItem","position":2,"name":"Davuto\u011flu, Cenevre&#8217;ye Ermeni An\u0131t\u0131 Dikilmesi Konusundaki Hassasiyeti \u0130letti"}]},{"@type":"WebSite","@id":"https:\/\/akunq.net\/tr\/#website","url":"https:\/\/akunq.net\/tr\/","name":"Bati Ermenistan Ve Bati Ermenileri Sorunlari Ara\u015ftirmalar Merkezi","description":"","potentialAction":[{"@type":"SearchAction","target":{"@type":"EntryPoint","urlTemplate":"https:\/\/akunq.net\/tr\/?s={search_term_string}"},"query-input":{"@type":"PropertyValueSpecification","valueRequired":true,"valueName":"search_term_string"}}],"inLanguage":"en-US"},{"@type":"Person","@id":"https:\/\/akunq.net\/tr\/#\/schema\/person\/096f1d38a12cce57fb855b485ed24c9e","name":"admin","url":"https:\/\/akunq.net\/tr\/?author=7"}]}},"_links":{"self":[{"href":"https:\/\/akunq.net\/tr\/index.php?rest_route=\/wp\/v2\/posts\/26093","targetHints":{"allow":["GET"]}}],"collection":[{"href":"https:\/\/akunq.net\/tr\/index.php?rest_route=\/wp\/v2\/posts"}],"about":[{"href":"https:\/\/akunq.net\/tr\/index.php?rest_route=\/wp\/v2\/types\/post"}],"author":[{"embeddable":true,"href":"https:\/\/akunq.net\/tr\/index.php?rest_route=\/wp\/v2\/users\/7"}],"replies":[{"embeddable":true,"href":"https:\/\/akunq.net\/tr\/index.php?rest_route=%2Fwp%2Fv2%2Fcomments&post=26093"}],"version-history":[{"count":1,"href":"https:\/\/akunq.net\/tr\/index.php?rest_route=\/wp\/v2\/posts\/26093\/revisions"}],"predecessor-version":[{"id":26095,"href":"https:\/\/akunq.net\/tr\/index.php?rest_route=\/wp\/v2\/posts\/26093\/revisions\/26095"}],"wp:attachment":[{"href":"https:\/\/akunq.net\/tr\/index.php?rest_route=%2Fwp%2Fv2%2Fmedia&parent=26093"}],"wp:term":[{"taxonomy":"category","embeddable":true,"href":"https:\/\/akunq.net\/tr\/index.php?rest_route=%2Fwp%2Fv2%2Fcategories&post=26093"},{"taxonomy":"post_tag","embeddable":true,"href":"https:\/\/akunq.net\/tr\/index.php?rest_route=%2Fwp%2Fv2%2Ftags&post=26093"}],"curies":[{"name":"wp","href":"https:\/\/api.w.org\/{rel}","templated":true}]}}