{"id":26071,"date":"2013-10-11T04:00:38","date_gmt":"2013-10-11T09:00:38","guid":{"rendered":"http:\/\/akunq.net\/tr\/?p=26071"},"modified":"2013-10-11T04:00:38","modified_gmt":"2013-10-11T09:00:38","slug":"ana-taht-kutsal-etchmiatsinde-kilise-ve-devlet-iliskileri-aciliyetler-ve-tehditler-temali-uluslararasi-konferans","status":"publish","type":"post","link":"https:\/\/akunq.net\/tr\/?p=26071","title":{"rendered":"Ana Taht Kutsal Etchmiatsin\u2019de \u00abKilise ve Devlet \u0130li\u015fkileri: Aciliyetler ve Tehditler\u00bb temal\u0131 uluslararas\u0131 konferans"},"content":{"rendered":"<p style=\"text-align: justify;\"><b><i><a href=\"http:\/\/akunq.net\/tr\/wp-content\/uploads\/2013\/10\/Ecmiadzin.jpg\"><img loading=\"lazy\" decoding=\"async\" class=\"alignright size-medium wp-image-26072\" alt=\"Ecmiadzin\" src=\"http:\/\/akunq.net\/tr\/wp-content\/uploads\/2013\/10\/Ecmiadzin-300x225.jpg\" width=\"300\" height=\"225\" srcset=\"https:\/\/akunq.net\/tr\/wp-content\/uploads\/sites\/6\/2013\/10\/Ecmiadzin-300x225.jpg 300w, https:\/\/akunq.net\/tr\/wp-content\/uploads\/sites\/6\/2013\/10\/Ecmiadzin-600x450.jpg 600w, https:\/\/akunq.net\/tr\/wp-content\/uploads\/sites\/6\/2013\/10\/Ecmiadzin.jpg 800w\" sizes=\"auto, (max-width: 300px) 100vw, 300px\" \/><\/a>D\u00fcnya Ermenileri Katolikosu Garegin II\u2019nin inayetiyle 18-19 Ekim\u2019de Ana Taht Kutsal Etchmiatsin\u2019de \u00abKilise ve Devlet \u0130li\u015fkileri: Muacceliyetler ve Tehditler\u00bb temal\u0131 uluslararas\u0131 konferans ger\u00e7ekle\u015ftirilecek; konferans Ana Taht Kiliseleraras\u0131 \u0130li\u015fkiler Bl. taraf\u0131ndan d\u00fczenlenmekte. <\/i><\/b><\/p>\n<p style=\"text-align: justify;\">Ana Taht Enformasyon Dairesi\u2019nden verilen bilgiye g\u00f6re; konferansta Ana Taht\u2019tan \u00a0ruhbanlar, farkl\u0131 kiliseler, Ermenistan devlet kurumlar\u0131, \u00fcniversiteler, uluslararas\u0131 H\u0131ristiyan toplumsal kurulu\u015flar\u0131 temsilcileri tebli\u011fler sunacaklar.<\/p>\n<p style=\"text-align: justify;\">Konferans g\u00fcndeminde\u00a0 Ermenistan ve d\u00fcnyada varolan farkl\u0131 kilise-devlet ili\u015fkileri modelleri, dini \u00f6zg\u00fcrl\u00fckler alan\u0131nda uluslararas\u0131 yasa ve k\u0131staslar, toplum ya\u015fam\u0131nda kilisenin rol\u00fc yan\u0131s\u0131ra g\u00fcncel aciliyetler, tehditler v.b. yer almakta.<\/p>\n<p style=\"text-align: justify;\"><b><i>http:\/\/news.am\/tur\/news\/175139.html<\/i><\/b><\/p>\n","protected":false},"excerpt":{"rendered":"<p>D\u00fcnya Ermenileri Katolikosu Garegin II\u2019nin inayetiyle 18-19 Ekim\u2019de Ana Taht Kutsal Etchmiatsin\u2019de \u00abKilise ve Devlet \u0130li\u015fkileri: Muacceliyetler ve Tehditler\u00bb temal\u0131 uluslararas\u0131 konferans ger\u00e7ekle\u015ftirilecek; konferans Ana Taht Kiliseleraras\u0131 \u0130li\u015fkiler Bl. taraf\u0131ndan d\u00fczenlenmekte. Ana Taht Enformasyon Dairesi\u2019nden verilen bilgiye g\u00f6re; konferansta Ana Taht\u2019tan \u00a0ruhbanlar, farkl\u0131 kiliseler, Ermenistan devlet kurumlar\u0131, \u00fcniversiteler, uluslararas\u0131 H\u0131ristiyan toplumsal kurulu\u015flar\u0131 temsilcileri tebli\u011fler sunacaklar. [&hellip;]<\/p>\n","protected":false},"author":7,"featured_media":0,"comment_status":"open","ping_status":"open","sticky":false,"template":"","format":"standard","meta":{"footnotes":""},"categories":[1,56],"tags":[],"class_list":["post-26071","post","type-post","status-publish","format-standard","hentry","category-haberler","category-tartismalar"],"yoast_head":"<!-- This site is optimized with the Yoast SEO plugin v27.4 - https:\/\/yoast.com\/product\/yoast-seo-wordpress\/ -->\n<title>Ana Taht Kutsal Etchmiatsin\u2019de \u00abKilise ve Devlet \u0130li\u015fkileri: Aciliyetler ve Tehditler\u00bb temal\u0131 uluslararas\u0131 konferans - Bati Ermenistan Ve Bati Ermenileri Sorunlari Ara\u015ftirmalar Merkezi<\/title>\n<meta name=\"robots\" content=\"index, follow, max-snippet:-1, max-image-preview:large, max-video-preview:-1\" \/>\n<link rel=\"canonical\" href=\"https:\/\/akunq.net\/tr\/?p=26071\" \/>\n<meta property=\"og:locale\" content=\"en_US\" \/>\n<meta property=\"og:type\" content=\"article\" \/>\n<meta property=\"og:title\" content=\"Ana Taht Kutsal Etchmiatsin\u2019de \u00abKilise ve Devlet \u0130li\u015fkileri: Aciliyetler ve Tehditler\u00bb temal\u0131 uluslararas\u0131 konferans - Bati Ermenistan Ve Bati Ermenileri Sorunlari Ara\u015ftirmalar Merkezi\" \/>\n<meta property=\"og:description\" content=\"D\u00fcnya Ermenileri Katolikosu Garegin II\u2019nin inayetiyle 18-19 Ekim\u2019de Ana Taht Kutsal Etchmiatsin\u2019de \u00abKilise ve Devlet \u0130li\u015fkileri: Muacceliyetler ve Tehditler\u00bb temal\u0131 uluslararas\u0131 konferans ger\u00e7ekle\u015ftirilecek; konferans Ana Taht Kiliseleraras\u0131 \u0130li\u015fkiler Bl. taraf\u0131ndan d\u00fczenlenmekte. Ana Taht Enformasyon Dairesi\u2019nden verilen bilgiye g\u00f6re; konferansta Ana Taht\u2019tan \u00a0ruhbanlar, farkl\u0131 kiliseler, Ermenistan devlet kurumlar\u0131, \u00fcniversiteler, uluslararas\u0131 H\u0131ristiyan toplumsal kurulu\u015flar\u0131 temsilcileri tebli\u011fler sunacaklar. [&hellip;]\" \/>\n<meta property=\"og:url\" content=\"https:\/\/akunq.net\/tr\/?p=26071\" \/>\n<meta property=\"og:site_name\" content=\"Bati Ermenistan Ve Bati Ermenileri Sorunlari Ara\u015ftirmalar Merkezi\" \/>\n<meta property=\"article:published_time\" content=\"2013-10-11T09:00:38+00:00\" \/>\n<meta property=\"og:image\" content=\"http:\/\/akunq.net\/tr\/wp-content\/uploads\/2013\/10\/Ecmiadzin-300x225.jpg\" \/>\n<meta name=\"author\" content=\"admin\" \/>\n<meta name=\"twitter:card\" content=\"summary_large_image\" \/>\n<meta name=\"twitter:label1\" content=\"Written by\" \/>\n\t<meta name=\"twitter:data1\" content=\"admin\" \/>\n\t<meta name=\"twitter:label2\" content=\"Est. reading time\" \/>\n\t<meta name=\"twitter:data2\" content=\"1 minute\" \/>\n<script type=\"application\/ld+json\" class=\"yoast-schema-graph\">{\"@context\":\"https:\\\/\\\/schema.org\",\"@graph\":[{\"@type\":\"Article\",\"@id\":\"https:\\\/\\\/akunq.net\\\/tr\\\/?p=26071#article\",\"isPartOf\":{\"@id\":\"https:\\\/\\\/akunq.net\\\/tr\\\/?p=26071\"},\"author\":{\"name\":\"admin\",\"@id\":\"https:\\\/\\\/akunq.net\\\/tr\\\/#\\\/schema\\\/person\\\/096f1d38a12cce57fb855b485ed24c9e\"},\"headline\":\"Ana Taht Kutsal Etchmiatsin\u2019de \u00abKilise ve Devlet \u0130li\u015fkileri: Aciliyetler ve Tehditler\u00bb temal\u0131 uluslararas\u0131 konferans\",\"datePublished\":\"2013-10-11T09:00:38+00:00\",\"mainEntityOfPage\":{\"@id\":\"https:\\\/\\\/akunq.net\\\/tr\\\/?p=26071\"},\"wordCount\":134,\"commentCount\":0,\"image\":{\"@id\":\"https:\\\/\\\/akunq.net\\\/tr\\\/?p=26071#primaryimage\"},\"thumbnailUrl\":\"http:\\\/\\\/akunq.net\\\/tr\\\/wp-content\\\/uploads\\\/2013\\\/10\\\/Ecmiadzin-300x225.jpg\",\"articleSection\":[\"Haberler\",\"Tart\u0131\u015fmalar\"],\"inLanguage\":\"en-US\",\"potentialAction\":[{\"@type\":\"CommentAction\",\"name\":\"Comment\",\"target\":[\"https:\\\/\\\/akunq.net\\\/tr\\\/?p=26071#respond\"]}]},{\"@type\":\"WebPage\",\"@id\":\"https:\\\/\\\/akunq.net\\\/tr\\\/?p=26071\",\"url\":\"https:\\\/\\\/akunq.net\\\/tr\\\/?p=26071\",\"name\":\"Ana Taht Kutsal Etchmiatsin\u2019de \u00abKilise ve Devlet \u0130li\u015fkileri: Aciliyetler ve Tehditler\u00bb temal\u0131 uluslararas\u0131 konferans - Bati Ermenistan Ve Bati Ermenileri Sorunlari Ara\u015ftirmalar Merkezi\",\"isPartOf\":{\"@id\":\"https:\\\/\\\/akunq.net\\\/tr\\\/#website\"},\"primaryImageOfPage\":{\"@id\":\"https:\\\/\\\/akunq.net\\\/tr\\\/?p=26071#primaryimage\"},\"image\":{\"@id\":\"https:\\\/\\\/akunq.net\\\/tr\\\/?p=26071#primaryimage\"},\"thumbnailUrl\":\"http:\\\/\\\/akunq.net\\\/tr\\\/wp-content\\\/uploads\\\/2013\\\/10\\\/Ecmiadzin-300x225.jpg\",\"datePublished\":\"2013-10-11T09:00:38+00:00\",\"author\":{\"@id\":\"https:\\\/\\\/akunq.net\\\/tr\\\/#\\\/schema\\\/person\\\/096f1d38a12cce57fb855b485ed24c9e\"},\"breadcrumb\":{\"@id\":\"https:\\\/\\\/akunq.net\\\/tr\\\/?p=26071#breadcrumb\"},\"inLanguage\":\"en-US\",\"potentialAction\":[{\"@type\":\"ReadAction\",\"target\":[\"https:\\\/\\\/akunq.net\\\/tr\\\/?p=26071\"]}]},{\"@type\":\"ImageObject\",\"inLanguage\":\"en-US\",\"@id\":\"https:\\\/\\\/akunq.net\\\/tr\\\/?p=26071#primaryimage\",\"url\":\"https:\\\/\\\/akunq.net\\\/tr\\\/wp-content\\\/uploads\\\/sites\\\/6\\\/2013\\\/10\\\/Ecmiadzin.jpg\",\"contentUrl\":\"https:\\\/\\\/akunq.net\\\/tr\\\/wp-content\\\/uploads\\\/sites\\\/6\\\/2013\\\/10\\\/Ecmiadzin.jpg\",\"width\":800,\"height\":600},{\"@type\":\"BreadcrumbList\",\"@id\":\"https:\\\/\\\/akunq.net\\\/tr\\\/?p=26071#breadcrumb\",\"itemListElement\":[{\"@type\":\"ListItem\",\"position\":1,\"name\":\"Home\",\"item\":\"https:\\\/\\\/akunq.net\\\/tr\"},{\"@type\":\"ListItem\",\"position\":2,\"name\":\"Ana Taht Kutsal Etchmiatsin\u2019de \u00abKilise ve Devlet \u0130li\u015fkileri: Aciliyetler ve Tehditler\u00bb temal\u0131 uluslararas\u0131 konferans\"}]},{\"@type\":\"WebSite\",\"@id\":\"https:\\\/\\\/akunq.net\\\/tr\\\/#website\",\"url\":\"https:\\\/\\\/akunq.net\\\/tr\\\/\",\"name\":\"Bati Ermenistan Ve Bati Ermenileri Sorunlari Ara\u015ftirmalar Merkezi\",\"description\":\"\",\"potentialAction\":[{\"@type\":\"SearchAction\",\"target\":{\"@type\":\"EntryPoint\",\"urlTemplate\":\"https:\\\/\\\/akunq.net\\\/tr\\\/?s={search_term_string}\"},\"query-input\":{\"@type\":\"PropertyValueSpecification\",\"valueRequired\":true,\"valueName\":\"search_term_string\"}}],\"inLanguage\":\"en-US\"},{\"@type\":\"Person\",\"@id\":\"https:\\\/\\\/akunq.net\\\/tr\\\/#\\\/schema\\\/person\\\/096f1d38a12cce57fb855b485ed24c9e\",\"name\":\"admin\",\"url\":\"https:\\\/\\\/akunq.net\\\/tr\\\/?author=7\"}]}<\/script>\n<!-- \/ Yoast SEO plugin. -->","yoast_head_json":{"title":"Ana Taht Kutsal Etchmiatsin\u2019de \u00abKilise ve Devlet \u0130li\u015fkileri: Aciliyetler ve Tehditler\u00bb temal\u0131 uluslararas\u0131 konferans - Bati Ermenistan Ve Bati Ermenileri Sorunlari Ara\u015ftirmalar Merkezi","robots":{"index":"index","follow":"follow","max-snippet":"max-snippet:-1","max-image-preview":"max-image-preview:large","max-video-preview":"max-video-preview:-1"},"canonical":"https:\/\/akunq.net\/tr\/?p=26071","og_locale":"en_US","og_type":"article","og_title":"Ana Taht Kutsal Etchmiatsin\u2019de \u00abKilise ve Devlet \u0130li\u015fkileri: Aciliyetler ve Tehditler\u00bb temal\u0131 uluslararas\u0131 konferans - Bati Ermenistan Ve Bati Ermenileri Sorunlari Ara\u015ftirmalar Merkezi","og_description":"D\u00fcnya Ermenileri Katolikosu Garegin II\u2019nin inayetiyle 18-19 Ekim\u2019de Ana Taht Kutsal Etchmiatsin\u2019de \u00abKilise ve Devlet \u0130li\u015fkileri: Muacceliyetler ve Tehditler\u00bb temal\u0131 uluslararas\u0131 konferans ger\u00e7ekle\u015ftirilecek; konferans Ana Taht Kiliseleraras\u0131 \u0130li\u015fkiler Bl. taraf\u0131ndan d\u00fczenlenmekte. Ana Taht Enformasyon Dairesi\u2019nden verilen bilgiye g\u00f6re; konferansta Ana Taht\u2019tan \u00a0ruhbanlar, farkl\u0131 kiliseler, Ermenistan devlet kurumlar\u0131, \u00fcniversiteler, uluslararas\u0131 H\u0131ristiyan toplumsal kurulu\u015flar\u0131 temsilcileri tebli\u011fler sunacaklar. [&hellip;]","og_url":"https:\/\/akunq.net\/tr\/?p=26071","og_site_name":"Bati Ermenistan Ve Bati Ermenileri Sorunlari Ara\u015ftirmalar Merkezi","article_published_time":"2013-10-11T09:00:38+00:00","og_image":[{"url":"http:\/\/akunq.net\/tr\/wp-content\/uploads\/2013\/10\/Ecmiadzin-300x225.jpg","type":"","width":"","height":""}],"author":"admin","twitter_card":"summary_large_image","twitter_misc":{"Written by":"admin","Est. reading time":"1 minute"},"schema":{"@context":"https:\/\/schema.org","@graph":[{"@type":"Article","@id":"https:\/\/akunq.net\/tr\/?p=26071#article","isPartOf":{"@id":"https:\/\/akunq.net\/tr\/?p=26071"},"author":{"name":"admin","@id":"https:\/\/akunq.net\/tr\/#\/schema\/person\/096f1d38a12cce57fb855b485ed24c9e"},"headline":"Ana Taht Kutsal Etchmiatsin\u2019de \u00abKilise ve Devlet \u0130li\u015fkileri: Aciliyetler ve Tehditler\u00bb temal\u0131 uluslararas\u0131 konferans","datePublished":"2013-10-11T09:00:38+00:00","mainEntityOfPage":{"@id":"https:\/\/akunq.net\/tr\/?p=26071"},"wordCount":134,"commentCount":0,"image":{"@id":"https:\/\/akunq.net\/tr\/?p=26071#primaryimage"},"thumbnailUrl":"http:\/\/akunq.net\/tr\/wp-content\/uploads\/2013\/10\/Ecmiadzin-300x225.jpg","articleSection":["Haberler","Tart\u0131\u015fmalar"],"inLanguage":"en-US","potentialAction":[{"@type":"CommentAction","name":"Comment","target":["https:\/\/akunq.net\/tr\/?p=26071#respond"]}]},{"@type":"WebPage","@id":"https:\/\/akunq.net\/tr\/?p=26071","url":"https:\/\/akunq.net\/tr\/?p=26071","name":"Ana Taht Kutsal Etchmiatsin\u2019de \u00abKilise ve Devlet \u0130li\u015fkileri: Aciliyetler ve Tehditler\u00bb temal\u0131 uluslararas\u0131 konferans - Bati Ermenistan Ve Bati Ermenileri Sorunlari Ara\u015ftirmalar Merkezi","isPartOf":{"@id":"https:\/\/akunq.net\/tr\/#website"},"primaryImageOfPage":{"@id":"https:\/\/akunq.net\/tr\/?p=26071#primaryimage"},"image":{"@id":"https:\/\/akunq.net\/tr\/?p=26071#primaryimage"},"thumbnailUrl":"http:\/\/akunq.net\/tr\/wp-content\/uploads\/2013\/10\/Ecmiadzin-300x225.jpg","datePublished":"2013-10-11T09:00:38+00:00","author":{"@id":"https:\/\/akunq.net\/tr\/#\/schema\/person\/096f1d38a12cce57fb855b485ed24c9e"},"breadcrumb":{"@id":"https:\/\/akunq.net\/tr\/?p=26071#breadcrumb"},"inLanguage":"en-US","potentialAction":[{"@type":"ReadAction","target":["https:\/\/akunq.net\/tr\/?p=26071"]}]},{"@type":"ImageObject","inLanguage":"en-US","@id":"https:\/\/akunq.net\/tr\/?p=26071#primaryimage","url":"https:\/\/akunq.net\/tr\/wp-content\/uploads\/sites\/6\/2013\/10\/Ecmiadzin.jpg","contentUrl":"https:\/\/akunq.net\/tr\/wp-content\/uploads\/sites\/6\/2013\/10\/Ecmiadzin.jpg","width":800,"height":600},{"@type":"BreadcrumbList","@id":"https:\/\/akunq.net\/tr\/?p=26071#breadcrumb","itemListElement":[{"@type":"ListItem","position":1,"name":"Home","item":"https:\/\/akunq.net\/tr"},{"@type":"ListItem","position":2,"name":"Ana Taht Kutsal Etchmiatsin\u2019de \u00abKilise ve Devlet \u0130li\u015fkileri: Aciliyetler ve Tehditler\u00bb temal\u0131 uluslararas\u0131 konferans"}]},{"@type":"WebSite","@id":"https:\/\/akunq.net\/tr\/#website","url":"https:\/\/akunq.net\/tr\/","name":"Bati Ermenistan Ve Bati Ermenileri Sorunlari Ara\u015ftirmalar Merkezi","description":"","potentialAction":[{"@type":"SearchAction","target":{"@type":"EntryPoint","urlTemplate":"https:\/\/akunq.net\/tr\/?s={search_term_string}"},"query-input":{"@type":"PropertyValueSpecification","valueRequired":true,"valueName":"search_term_string"}}],"inLanguage":"en-US"},{"@type":"Person","@id":"https:\/\/akunq.net\/tr\/#\/schema\/person\/096f1d38a12cce57fb855b485ed24c9e","name":"admin","url":"https:\/\/akunq.net\/tr\/?author=7"}]}},"_links":{"self":[{"href":"https:\/\/akunq.net\/tr\/index.php?rest_route=\/wp\/v2\/posts\/26071","targetHints":{"allow":["GET"]}}],"collection":[{"href":"https:\/\/akunq.net\/tr\/index.php?rest_route=\/wp\/v2\/posts"}],"about":[{"href":"https:\/\/akunq.net\/tr\/index.php?rest_route=\/wp\/v2\/types\/post"}],"author":[{"embeddable":true,"href":"https:\/\/akunq.net\/tr\/index.php?rest_route=\/wp\/v2\/users\/7"}],"replies":[{"embeddable":true,"href":"https:\/\/akunq.net\/tr\/index.php?rest_route=%2Fwp%2Fv2%2Fcomments&post=26071"}],"version-history":[{"count":2,"href":"https:\/\/akunq.net\/tr\/index.php?rest_route=\/wp\/v2\/posts\/26071\/revisions"}],"predecessor-version":[{"id":26074,"href":"https:\/\/akunq.net\/tr\/index.php?rest_route=\/wp\/v2\/posts\/26071\/revisions\/26074"}],"wp:attachment":[{"href":"https:\/\/akunq.net\/tr\/index.php?rest_route=%2Fwp%2Fv2%2Fmedia&parent=26071"}],"wp:term":[{"taxonomy":"category","embeddable":true,"href":"https:\/\/akunq.net\/tr\/index.php?rest_route=%2Fwp%2Fv2%2Fcategories&post=26071"},{"taxonomy":"post_tag","embeddable":true,"href":"https:\/\/akunq.net\/tr\/index.php?rest_route=%2Fwp%2Fv2%2Ftags&post=26071"}],"curies":[{"name":"wp","href":"https:\/\/api.w.org\/{rel}","templated":true}]}}