{"id":26045,"date":"2013-10-10T03:58:49","date_gmt":"2013-10-10T08:58:49","guid":{"rendered":"http:\/\/akunq.net\/tr\/?p=26045"},"modified":"2013-10-10T03:59:08","modified_gmt":"2013-10-10T08:59:08","slug":"yeni-adi-xeceriye","status":"publish","type":"post","link":"https:\/\/akunq.net\/tr\/?p=26045","title":{"rendered":"&#8220;Yeni&#8221; ad\u0131: Xeceriye"},"content":{"rendered":"<h2 style=\"text-align: justify;\"><i><a href=\"http:\/\/akunq.net\/tr\/wp-content\/uploads\/2013\/10\/Xeceriye.jpg\"><img loading=\"lazy\" decoding=\"async\" class=\"alignright size-full wp-image-26046\" alt=\"Xeceriye\" src=\"http:\/\/akunq.net\/tr\/wp-content\/uploads\/2013\/10\/Xeceriye.jpg\" width=\"290\" height=\"298\" \/><\/a>Tunceli&#8217;deki <\/i><i>(Dersim&#8217;deki-&#8216;Akunq&#8217; web sayfas\u0131 y\u00f6neticileri) <\/i><i>G\u00fcde\u00e7 k\u00f6y\u00fc eski ad\u0131na kavu\u015ftu<\/i><i>.<\/i><\/h2>\n<p style=\"text-align: justify;\">Tunceli&#8217;de 1958 y\u0131l\u0131nda Demokrat Parti h\u00fck\u00fcmeti d\u00f6neminde &#8216;<a href=\"http:\/\/www.haberturk.com\/etiket\/xeceriye\">Xeceriye<\/a>&#8216; olan ad\u0131 &#8216;G\u00fcde\u00e7&#8217; olarak de\u011fi\u015ftirilen k\u00f6ye, k\u00f6yl\u00fclerin talebi \u00fczerine, eski ad\u0131 verildi. K\u00f6yl\u00fcler bug\u00fcn &#8216;<a href=\"http:\/\/www.haberturk.com\/etiket\/xeceriye\">Xeceriye<\/a>&#8216; yaz\u0131l\u0131 tabelay\u0131 dikerken, bir k\u00f6ye ilk kez eski ad\u0131 resmi olarak verilmi\u015f oldu.<\/p>\n<p style=\"text-align: justify;\">Nazimiye \u0130l\u00e7esi yolu \u00fczerinde, merkeze 25 kilometre mesafede bulunan G\u00fcde\u00e7 K\u00f6y\u00fc sakinleri, bu y\u0131l\u0131n Nisan ay\u0131nda Tunceli Valili\u011fi&#8217;ne ba\u015fvurarak, <a href=\"http:\/\/www.haberturk.com\/etiket\/xeceriye\">Xeceriye<\/a> olan eski k\u00f6y ad\u0131n\u0131n iade edilmesini talep etti. Tunceli Valili\u011fi&#8217;nin &#8216;olur&#8217; verdi\u011fi yaz\u0131 ve \u0130\u00e7i\u015fleri Bakanl\u0131\u011f\u0131&#8217;n\u0131n Nisan ay\u0131ndaki onay\u0131 ile k\u00f6y\u00fcn ad\u0131, <a href=\"http:\/\/www.haberturk.com\/etiket\/xeceriye\">Xeceriye<\/a> olarak de\u011fi\u015ftirildi. K\u00f6yl\u00fcler, 55 y\u0131l aradan sonra <a href=\"http:\/\/www.haberturk.com\/etiket\/xeceriye\">Xeceriye<\/a> yaz\u0131l\u0131 tabelalar\u0131n\u0131 bug\u00fcn sade bir t\u00f6renle Nazimiye karayolu \u00fczerindeki k\u00f6y yol ay\u0131r\u0131m\u0131na dikti.<\/p>\n<p style=\"text-align: justify;\">Tunceli&#8217;de 1958 y\u0131l\u0131ndaki Demokrat Parti h\u00fck\u00fcmeti d\u00f6neminde Tunceli genelinde 273 k\u00f6y\u00fcn, Ermenice ve K\u00fcrt\u00e7e olan adlar\u0131 de\u011fi\u015ftirilerek, T\u00fcrk\u00e7e isimler verilmi\u015fti. Nazimiye karayolu \u00fczerinde bulunan 25 haneli Xaceriye K\u00f6y\u00fc&#8217;n\u00fcn, yaz aylar\u0131nda bat\u0131da \u00e7al\u0131\u015fan k\u00f6yl\u00fclerin de tatil ama\u00e7l\u0131 gelmesiyle birlikte 50 haneye ula\u015ft\u0131\u011f\u0131 belirtildi. 1990&#8217;l\u0131 y\u0131llarda 80 hane olan k\u00f6y halk\u0131ndan baz\u0131lar\u0131, b\u00f6lgedeki \u00e7at\u0131\u015fmal\u0131 ortam nedeniyle k\u00f6y\u00fc terk etti. Terk edenlerden \u00e7o\u011funun, huzurun sa\u011flanmas\u0131yla birlikte k\u00f6ylerine geri d\u00f6nd\u00fc\u011f\u00fc belirtildi.<\/p>\n<p style=\"text-align: justify;\"><strong>&#8216;DERS\u0130M ADI DA KISA S\u00dcREDE GER\u0130 VER\u0130LS\u0130N&#8217;<\/strong><br \/>\nK\u00f6y tabelas\u0131n\u0131 ana yol kenar\u0131na, k\u00f6y\u00fc g\u00f6sterir \u015fekilde diken k\u00f6yl\u00fcler ad\u0131na konu\u015fan Haydar \u00c7etinkaya, uzun bir m\u00fccadeleden sonra k\u00f6ylerinin ismini tekrar geri ald\u0131klar\u0131n\u0131 belirterek \u015funlar\u0131 s\u00f6yledi:<\/p>\n<p style=\"text-align: justify;\">&#8220;Biz y\u0131llarca k\u00f6y\u00fcm\u00fcz\u00fcn eski ismini almak i\u00e7in m\u00fccadele verdik. B\u00fcy\u00fcklerimizin bize anlatt\u0131\u011f\u0131na g\u00f6re 1960 y\u0131llar\u0131n ba\u015f\u0131nda Demokrat Parti iktidar\u0131 taraf\u0131ndan k\u00f6y\u00fcm\u00fcz\u00fcn ismi Xeceriye iken G\u00fcde\u00e7 olarak de\u011fi\u015ftirilmi\u015f. Bizim k\u00f6y gibi Dersim genelinde 273 k\u00f6y ismi de de\u011fi\u015ftirilmi\u015f. Bizim m\u00fccadelemiz uzun oldu ama, k\u00f6y\u00fcm\u00fcz\u00fcn ismi ge\u00e7ti\u011fimiz Nisan ay\u0131nda bize iade edildi. Mutluyuz, gururluyuz. Umar\u0131m Dersim ismi de k\u0131sa s\u00fcrede geri verilir ve b\u00fct\u00fcn Dersim halk\u0131 bu durumdan mutlu olur. Halk\u0131m\u0131z b\u00fct\u00fcn k\u00f6yleri eski isimleri ile an\u0131yor ve kimse yeni isimleri kullanm\u0131yor. Bir an \u00f6nce di\u011fer k\u00f6y isimleri de iade edilmelidir.&#8221;<\/p>\n<p style=\"text-align: justify;\">BDP Tunceli \u0130l Ba\u015fkan\u0131 Ergin Do\u011fru da, Xeceriye k\u00f6yl\u00fclerinin \u00f6rnek bir m\u00fccadele sergilediklerini ifade ederek \u015f\u00f6yle konu\u015ftu:<\/p>\n<p style=\"text-align: justify;\">&#8220;Bug\u00fcn Xeceriye k\u00f6y\u00fcm\u00fcz \u00f6rnek bir davran\u0131\u015f sergileyerek, bir hakk\u0131 geri alm\u0131\u015f durumda. E\u011fer bir \u00fclkede, halk kendi hakk\u0131na sahip \u00e7\u0131kar ve m\u00fccadele ederse mutlaka hakk\u0131n\u0131 kazanacakt\u0131r. Biz Xeceriye K\u00f6yl\u00fcleri ile gurur duyuyoruz. Uzun bir m\u00fccadele sonunda k\u00f6ylerinin ismini geri ald\u0131lar. Bu durum kesinlikle \u00f6rnek olarak ve Dersim ismi ile birlikte geri al\u0131nan di\u011fer k\u00f6y isimlerinin de geri iade edilece\u011fini umuyoruz. Bu konuda eme\u011fi ge\u00e7enleri kutluyoruz.&#8221;<\/p>\n<p style=\"text-align: justify;\">D\u00fc\u015f\u00fcncelerini a\u00e7\u0131klayan bir\u00e7ok k\u00f6yl\u00fc de bu durumdan son derece mutlu olduklar\u0131n\u0131 dile getirerek, Tunceli isminin de bir an \u00f6nce Dersim olarak de\u011fi\u015ftirilmesini istedi.<\/p>\n<p style=\"text-align: justify;\"><b><i>DHA<\/i><\/b><\/p>\n<p style=\"text-align: justify;\"><b><i>http:\/\/www.haberturk.com\/gundem\/haber\/884567-yeni-adi-xeceriye<\/i><\/b><\/p>\n","protected":false},"excerpt":{"rendered":"<p>Tunceli&#8217;deki (Dersim&#8217;deki-&#8216;Akunq&#8217; web sayfas\u0131 y\u00f6neticileri) G\u00fcde\u00e7 k\u00f6y\u00fc eski ad\u0131na kavu\u015ftu. Tunceli&#8217;de 1958 y\u0131l\u0131nda Demokrat Parti h\u00fck\u00fcmeti d\u00f6neminde &#8216;Xeceriye&#8216; olan ad\u0131 &#8216;G\u00fcde\u00e7&#8217; olarak de\u011fi\u015ftirilen k\u00f6ye, k\u00f6yl\u00fclerin talebi \u00fczerine, eski ad\u0131 verildi. K\u00f6yl\u00fcler bug\u00fcn &#8216;Xeceriye&#8216; yaz\u0131l\u0131 tabelay\u0131 dikerken, bir k\u00f6ye ilk kez eski ad\u0131 resmi olarak verilmi\u015f oldu. Nazimiye \u0130l\u00e7esi yolu \u00fczerinde, merkeze 25 kilometre mesafede bulunan [&hellip;]<\/p>\n","protected":false},"author":7,"featured_media":0,"comment_status":"open","ping_status":"open","sticky":false,"template":"","format":"standard","meta":{"footnotes":""},"categories":[1],"tags":[],"class_list":["post-26045","post","type-post","status-publish","format-standard","hentry","category-haberler"],"yoast_head":"<!-- This site is optimized with the Yoast SEO plugin v27.4 - https:\/\/yoast.com\/product\/yoast-seo-wordpress\/ -->\n<title>&quot;Yeni&quot; ad\u0131: Xeceriye - Bati Ermenistan Ve Bati Ermenileri Sorunlari Ara\u015ftirmalar Merkezi<\/title>\n<meta name=\"robots\" content=\"index, follow, max-snippet:-1, max-image-preview:large, max-video-preview:-1\" \/>\n<link rel=\"canonical\" href=\"https:\/\/akunq.net\/tr\/?p=26045\" \/>\n<meta property=\"og:locale\" content=\"en_US\" \/>\n<meta property=\"og:type\" content=\"article\" \/>\n<meta property=\"og:title\" content=\"&quot;Yeni&quot; ad\u0131: Xeceriye - Bati Ermenistan Ve Bati Ermenileri Sorunlari Ara\u015ftirmalar Merkezi\" \/>\n<meta property=\"og:description\" content=\"Tunceli&#8217;deki (Dersim&#8217;deki-&#8216;Akunq&#8217; web sayfas\u0131 y\u00f6neticileri) G\u00fcde\u00e7 k\u00f6y\u00fc eski ad\u0131na kavu\u015ftu. Tunceli&#8217;de 1958 y\u0131l\u0131nda Demokrat Parti h\u00fck\u00fcmeti d\u00f6neminde &#8216;Xeceriye&#8216; olan ad\u0131 &#8216;G\u00fcde\u00e7&#8217; olarak de\u011fi\u015ftirilen k\u00f6ye, k\u00f6yl\u00fclerin talebi \u00fczerine, eski ad\u0131 verildi. K\u00f6yl\u00fcler bug\u00fcn &#8216;Xeceriye&#8216; yaz\u0131l\u0131 tabelay\u0131 dikerken, bir k\u00f6ye ilk kez eski ad\u0131 resmi olarak verilmi\u015f oldu. Nazimiye \u0130l\u00e7esi yolu \u00fczerinde, merkeze 25 kilometre mesafede bulunan [&hellip;]\" \/>\n<meta property=\"og:url\" content=\"https:\/\/akunq.net\/tr\/?p=26045\" \/>\n<meta property=\"og:site_name\" content=\"Bati Ermenistan Ve Bati Ermenileri Sorunlari Ara\u015ftirmalar Merkezi\" \/>\n<meta property=\"article:published_time\" content=\"2013-10-10T08:58:49+00:00\" \/>\n<meta property=\"article:modified_time\" content=\"2013-10-10T08:59:08+00:00\" \/>\n<meta property=\"og:image\" content=\"http:\/\/akunq.net\/tr\/wp-content\/uploads\/2013\/10\/Xeceriye.jpg\" \/>\n<meta name=\"author\" content=\"admin\" \/>\n<meta name=\"twitter:card\" content=\"summary_large_image\" \/>\n<meta name=\"twitter:label1\" content=\"Written by\" \/>\n\t<meta name=\"twitter:data1\" content=\"admin\" \/>\n\t<meta name=\"twitter:label2\" content=\"Est. reading time\" \/>\n\t<meta name=\"twitter:data2\" content=\"3 minutes\" \/>\n<script type=\"application\/ld+json\" class=\"yoast-schema-graph\">{\"@context\":\"https:\\\/\\\/schema.org\",\"@graph\":[{\"@type\":\"Article\",\"@id\":\"https:\\\/\\\/akunq.net\\\/tr\\\/?p=26045#article\",\"isPartOf\":{\"@id\":\"https:\\\/\\\/akunq.net\\\/tr\\\/?p=26045\"},\"author\":{\"name\":\"admin\",\"@id\":\"https:\\\/\\\/akunq.net\\\/tr\\\/#\\\/schema\\\/person\\\/096f1d38a12cce57fb855b485ed24c9e\"},\"headline\":\"&#8220;Yeni&#8221; ad\u0131: Xeceriye\",\"datePublished\":\"2013-10-10T08:58:49+00:00\",\"dateModified\":\"2013-10-10T08:59:08+00:00\",\"mainEntityOfPage\":{\"@id\":\"https:\\\/\\\/akunq.net\\\/tr\\\/?p=26045\"},\"wordCount\":594,\"commentCount\":0,\"image\":{\"@id\":\"https:\\\/\\\/akunq.net\\\/tr\\\/?p=26045#primaryimage\"},\"thumbnailUrl\":\"http:\\\/\\\/akunq.net\\\/tr\\\/wp-content\\\/uploads\\\/2013\\\/10\\\/Xeceriye.jpg\",\"articleSection\":[\"Haberler\"],\"inLanguage\":\"en-US\",\"potentialAction\":[{\"@type\":\"CommentAction\",\"name\":\"Comment\",\"target\":[\"https:\\\/\\\/akunq.net\\\/tr\\\/?p=26045#respond\"]}]},{\"@type\":\"WebPage\",\"@id\":\"https:\\\/\\\/akunq.net\\\/tr\\\/?p=26045\",\"url\":\"https:\\\/\\\/akunq.net\\\/tr\\\/?p=26045\",\"name\":\"\\\"Yeni\\\" ad\u0131: Xeceriye - Bati Ermenistan Ve Bati Ermenileri Sorunlari Ara\u015ftirmalar Merkezi\",\"isPartOf\":{\"@id\":\"https:\\\/\\\/akunq.net\\\/tr\\\/#website\"},\"primaryImageOfPage\":{\"@id\":\"https:\\\/\\\/akunq.net\\\/tr\\\/?p=26045#primaryimage\"},\"image\":{\"@id\":\"https:\\\/\\\/akunq.net\\\/tr\\\/?p=26045#primaryimage\"},\"thumbnailUrl\":\"http:\\\/\\\/akunq.net\\\/tr\\\/wp-content\\\/uploads\\\/2013\\\/10\\\/Xeceriye.jpg\",\"datePublished\":\"2013-10-10T08:58:49+00:00\",\"dateModified\":\"2013-10-10T08:59:08+00:00\",\"author\":{\"@id\":\"https:\\\/\\\/akunq.net\\\/tr\\\/#\\\/schema\\\/person\\\/096f1d38a12cce57fb855b485ed24c9e\"},\"breadcrumb\":{\"@id\":\"https:\\\/\\\/akunq.net\\\/tr\\\/?p=26045#breadcrumb\"},\"inLanguage\":\"en-US\",\"potentialAction\":[{\"@type\":\"ReadAction\",\"target\":[\"https:\\\/\\\/akunq.net\\\/tr\\\/?p=26045\"]}]},{\"@type\":\"ImageObject\",\"inLanguage\":\"en-US\",\"@id\":\"https:\\\/\\\/akunq.net\\\/tr\\\/?p=26045#primaryimage\",\"url\":\"http:\\\/\\\/akunq.net\\\/tr\\\/wp-content\\\/uploads\\\/2013\\\/10\\\/Xeceriye.jpg\",\"contentUrl\":\"http:\\\/\\\/akunq.net\\\/tr\\\/wp-content\\\/uploads\\\/2013\\\/10\\\/Xeceriye.jpg\"},{\"@type\":\"BreadcrumbList\",\"@id\":\"https:\\\/\\\/akunq.net\\\/tr\\\/?p=26045#breadcrumb\",\"itemListElement\":[{\"@type\":\"ListItem\",\"position\":1,\"name\":\"Home\",\"item\":\"https:\\\/\\\/akunq.net\\\/tr\"},{\"@type\":\"ListItem\",\"position\":2,\"name\":\"&#8220;Yeni&#8221; ad\u0131: Xeceriye\"}]},{\"@type\":\"WebSite\",\"@id\":\"https:\\\/\\\/akunq.net\\\/tr\\\/#website\",\"url\":\"https:\\\/\\\/akunq.net\\\/tr\\\/\",\"name\":\"Bati Ermenistan Ve Bati Ermenileri Sorunlari Ara\u015ftirmalar Merkezi\",\"description\":\"\",\"potentialAction\":[{\"@type\":\"SearchAction\",\"target\":{\"@type\":\"EntryPoint\",\"urlTemplate\":\"https:\\\/\\\/akunq.net\\\/tr\\\/?s={search_term_string}\"},\"query-input\":{\"@type\":\"PropertyValueSpecification\",\"valueRequired\":true,\"valueName\":\"search_term_string\"}}],\"inLanguage\":\"en-US\"},{\"@type\":\"Person\",\"@id\":\"https:\\\/\\\/akunq.net\\\/tr\\\/#\\\/schema\\\/person\\\/096f1d38a12cce57fb855b485ed24c9e\",\"name\":\"admin\",\"url\":\"https:\\\/\\\/akunq.net\\\/tr\\\/?author=7\"}]}<\/script>\n<!-- \/ Yoast SEO plugin. -->","yoast_head_json":{"title":"\"Yeni\" ad\u0131: Xeceriye - Bati Ermenistan Ve Bati Ermenileri Sorunlari Ara\u015ftirmalar Merkezi","robots":{"index":"index","follow":"follow","max-snippet":"max-snippet:-1","max-image-preview":"max-image-preview:large","max-video-preview":"max-video-preview:-1"},"canonical":"https:\/\/akunq.net\/tr\/?p=26045","og_locale":"en_US","og_type":"article","og_title":"\"Yeni\" ad\u0131: Xeceriye - Bati Ermenistan Ve Bati Ermenileri Sorunlari Ara\u015ftirmalar Merkezi","og_description":"Tunceli&#8217;deki (Dersim&#8217;deki-&#8216;Akunq&#8217; web sayfas\u0131 y\u00f6neticileri) G\u00fcde\u00e7 k\u00f6y\u00fc eski ad\u0131na kavu\u015ftu. Tunceli&#8217;de 1958 y\u0131l\u0131nda Demokrat Parti h\u00fck\u00fcmeti d\u00f6neminde &#8216;Xeceriye&#8216; olan ad\u0131 &#8216;G\u00fcde\u00e7&#8217; olarak de\u011fi\u015ftirilen k\u00f6ye, k\u00f6yl\u00fclerin talebi \u00fczerine, eski ad\u0131 verildi. K\u00f6yl\u00fcler bug\u00fcn &#8216;Xeceriye&#8216; yaz\u0131l\u0131 tabelay\u0131 dikerken, bir k\u00f6ye ilk kez eski ad\u0131 resmi olarak verilmi\u015f oldu. Nazimiye \u0130l\u00e7esi yolu \u00fczerinde, merkeze 25 kilometre mesafede bulunan [&hellip;]","og_url":"https:\/\/akunq.net\/tr\/?p=26045","og_site_name":"Bati Ermenistan Ve Bati Ermenileri Sorunlari Ara\u015ftirmalar Merkezi","article_published_time":"2013-10-10T08:58:49+00:00","article_modified_time":"2013-10-10T08:59:08+00:00","og_image":[{"url":"http:\/\/akunq.net\/tr\/wp-content\/uploads\/2013\/10\/Xeceriye.jpg","type":"","width":"","height":""}],"author":"admin","twitter_card":"summary_large_image","twitter_misc":{"Written by":"admin","Est. reading time":"3 minutes"},"schema":{"@context":"https:\/\/schema.org","@graph":[{"@type":"Article","@id":"https:\/\/akunq.net\/tr\/?p=26045#article","isPartOf":{"@id":"https:\/\/akunq.net\/tr\/?p=26045"},"author":{"name":"admin","@id":"https:\/\/akunq.net\/tr\/#\/schema\/person\/096f1d38a12cce57fb855b485ed24c9e"},"headline":"&#8220;Yeni&#8221; ad\u0131: Xeceriye","datePublished":"2013-10-10T08:58:49+00:00","dateModified":"2013-10-10T08:59:08+00:00","mainEntityOfPage":{"@id":"https:\/\/akunq.net\/tr\/?p=26045"},"wordCount":594,"commentCount":0,"image":{"@id":"https:\/\/akunq.net\/tr\/?p=26045#primaryimage"},"thumbnailUrl":"http:\/\/akunq.net\/tr\/wp-content\/uploads\/2013\/10\/Xeceriye.jpg","articleSection":["Haberler"],"inLanguage":"en-US","potentialAction":[{"@type":"CommentAction","name":"Comment","target":["https:\/\/akunq.net\/tr\/?p=26045#respond"]}]},{"@type":"WebPage","@id":"https:\/\/akunq.net\/tr\/?p=26045","url":"https:\/\/akunq.net\/tr\/?p=26045","name":"\"Yeni\" ad\u0131: Xeceriye - Bati Ermenistan Ve Bati Ermenileri Sorunlari Ara\u015ftirmalar Merkezi","isPartOf":{"@id":"https:\/\/akunq.net\/tr\/#website"},"primaryImageOfPage":{"@id":"https:\/\/akunq.net\/tr\/?p=26045#primaryimage"},"image":{"@id":"https:\/\/akunq.net\/tr\/?p=26045#primaryimage"},"thumbnailUrl":"http:\/\/akunq.net\/tr\/wp-content\/uploads\/2013\/10\/Xeceriye.jpg","datePublished":"2013-10-10T08:58:49+00:00","dateModified":"2013-10-10T08:59:08+00:00","author":{"@id":"https:\/\/akunq.net\/tr\/#\/schema\/person\/096f1d38a12cce57fb855b485ed24c9e"},"breadcrumb":{"@id":"https:\/\/akunq.net\/tr\/?p=26045#breadcrumb"},"inLanguage":"en-US","potentialAction":[{"@type":"ReadAction","target":["https:\/\/akunq.net\/tr\/?p=26045"]}]},{"@type":"ImageObject","inLanguage":"en-US","@id":"https:\/\/akunq.net\/tr\/?p=26045#primaryimage","url":"http:\/\/akunq.net\/tr\/wp-content\/uploads\/2013\/10\/Xeceriye.jpg","contentUrl":"http:\/\/akunq.net\/tr\/wp-content\/uploads\/2013\/10\/Xeceriye.jpg"},{"@type":"BreadcrumbList","@id":"https:\/\/akunq.net\/tr\/?p=26045#breadcrumb","itemListElement":[{"@type":"ListItem","position":1,"name":"Home","item":"https:\/\/akunq.net\/tr"},{"@type":"ListItem","position":2,"name":"&#8220;Yeni&#8221; ad\u0131: Xeceriye"}]},{"@type":"WebSite","@id":"https:\/\/akunq.net\/tr\/#website","url":"https:\/\/akunq.net\/tr\/","name":"Bati Ermenistan Ve Bati Ermenileri Sorunlari Ara\u015ftirmalar Merkezi","description":"","potentialAction":[{"@type":"SearchAction","target":{"@type":"EntryPoint","urlTemplate":"https:\/\/akunq.net\/tr\/?s={search_term_string}"},"query-input":{"@type":"PropertyValueSpecification","valueRequired":true,"valueName":"search_term_string"}}],"inLanguage":"en-US"},{"@type":"Person","@id":"https:\/\/akunq.net\/tr\/#\/schema\/person\/096f1d38a12cce57fb855b485ed24c9e","name":"admin","url":"https:\/\/akunq.net\/tr\/?author=7"}]}},"_links":{"self":[{"href":"https:\/\/akunq.net\/tr\/index.php?rest_route=\/wp\/v2\/posts\/26045","targetHints":{"allow":["GET"]}}],"collection":[{"href":"https:\/\/akunq.net\/tr\/index.php?rest_route=\/wp\/v2\/posts"}],"about":[{"href":"https:\/\/akunq.net\/tr\/index.php?rest_route=\/wp\/v2\/types\/post"}],"author":[{"embeddable":true,"href":"https:\/\/akunq.net\/tr\/index.php?rest_route=\/wp\/v2\/users\/7"}],"replies":[{"embeddable":true,"href":"https:\/\/akunq.net\/tr\/index.php?rest_route=%2Fwp%2Fv2%2Fcomments&post=26045"}],"version-history":[{"count":2,"href":"https:\/\/akunq.net\/tr\/index.php?rest_route=\/wp\/v2\/posts\/26045\/revisions"}],"predecessor-version":[{"id":26048,"href":"https:\/\/akunq.net\/tr\/index.php?rest_route=\/wp\/v2\/posts\/26045\/revisions\/26048"}],"wp:attachment":[{"href":"https:\/\/akunq.net\/tr\/index.php?rest_route=%2Fwp%2Fv2%2Fmedia&parent=26045"}],"wp:term":[{"taxonomy":"category","embeddable":true,"href":"https:\/\/akunq.net\/tr\/index.php?rest_route=%2Fwp%2Fv2%2Fcategories&post=26045"},{"taxonomy":"post_tag","embeddable":true,"href":"https:\/\/akunq.net\/tr\/index.php?rest_route=%2Fwp%2Fv2%2Ftags&post=26045"}],"curies":[{"name":"wp","href":"https:\/\/api.w.org\/{rel}","templated":true}]}}