{"id":26039,"date":"2013-10-10T02:08:52","date_gmt":"2013-10-10T07:08:52","guid":{"rendered":"http:\/\/akunq.net\/tr\/?p=26039"},"modified":"2013-10-10T02:08:52","modified_gmt":"2013-10-10T07:08:52","slug":"balyoz-davasi-kararlari-buyuk-olcude-onaylandi","status":"publish","type":"post","link":"https:\/\/akunq.net\/tr\/?p=26039","title":{"rendered":"Balyoz Davas\u0131 Kararlar\u0131 B\u00fcy\u00fck \u00d6l\u00e7\u00fcde Onayland\u0131"},"content":{"rendered":"<p style=\"text-align: justify;\"><b><i><a href=\"http:\/\/akunq.net\/tr\/wp-content\/uploads\/2013\/10\/Yarg\u0131tay.jpg\"><img loading=\"lazy\" decoding=\"async\" class=\"alignright size-medium wp-image-26040\" alt=\"Yarg\u0131tay\" src=\"http:\/\/akunq.net\/tr\/wp-content\/uploads\/2013\/10\/Yarg\u0131tay-300x168.jpg\" width=\"300\" height=\"168\" srcset=\"https:\/\/akunq.net\/tr\/wp-content\/uploads\/sites\/6\/2013\/10\/Yarg\u0131tay-300x168.jpg 300w, https:\/\/akunq.net\/tr\/wp-content\/uploads\/sites\/6\/2013\/10\/Yarg\u0131tay-600x337.jpg 600w, https:\/\/akunq.net\/tr\/wp-content\/uploads\/sites\/6\/2013\/10\/Yarg\u0131tay.jpg 640w\" sizes=\"auto, (max-width: 300px) 100vw, 300px\" \/><\/a>Kamuoyunda Balyoz Davas\u0131 olarak bilinen davayla ilgili gerek\u00e7eli karar\u0131n\u0131 a\u00e7\u0131klayan Yarg\u0131tay aralar\u0131nda eski 1. Ordu Komutan\u0131 \u00c7etin Do\u011fan\u2019\u0131n da bulundu\u011fu san\u0131klar hakk\u0131ndaki mahkumiyet kararlar\u0131n\u0131 onaylad\u0131.<\/i><\/b><\/p>\n<div style=\"text-align: justify;\" align=\"center\">\n<hr align=\"center\" noshade=\"noshade\" size=\"1\" width=\"100%\" \/>\n<\/div>\n<p style=\"text-align: justify;\"><b><i>\u0130STANBUL \u2014<\/i><\/b> Yarg\u0131tay 9. Dairesi\u2019nin Yarg\u0131tay 9. Dairesi\u2019nin kamuoyunda Balyoz Davas\u0131 olarak bilinen davayla ilgili gerek\u00e7eli karar\u0131n\u0131 a\u00e7\u0131klad\u0131. 361 san\u0131\u011f\u0131n yarg\u0131land\u0131\u011f\u0131 davada 237 san\u0131k hakk\u0131nda verilen mahkumiyet karar\u0131n\u0131 d\u00fczelterek onaylayan 9. Daire, haklar\u0131nda mahkumiyet karar\u0131 bulunan 25 ki\u015fiyi beraat ettirdi. Y\u00fcksek mahkeme, daha \u00f6nce beraat eden 36 ki\u015fiyle ilgili karar\u0131 da teyit etti.<br \/>\n\u00a0<br \/>\nBalyoz davas\u0131nda Eski 1. Ordu Komutan\u0131 Emekli Orgeneral \u00c7etin Do\u011fan, Eski Hava Kuvvetleri Komutan\u0131 Emekli Orgeneral Halil \u0130brahim F\u0131rt\u0131na, Eski Deniz Kuvvetleri Komutan\u0131 Emekli Oramiral \u00d6zden \u00d6rnek 20 y\u0131l hapis cezas\u0131na \u00e7arpt\u0131r\u0131lm\u0131\u015ft\u0131. Ayn\u0131 davada Emekli Orgeneral Bilgin Balanl\u0131, MHP Milletvekili ve Emekli Korgeneral Engin Alan ile Emekli Orgeneral Ergin Saygun, Koramiraller Mehmet Otuzbiro\u011flu, Nejat Bek, eski MGK Genel Sekreteri emekli Orgeneral \u015e\u00fckr\u00fc Sar\u0131\u0131\u015f\u0131k hakk\u0131nda 15 y\u0131l hapis cezas\u0131 verilmi\u015fti. Yarg\u0131tay 9. Dairesi t\u00fcm bu cezalar\u0131 bug\u00fcnk\u00fc gerek\u00e7eli karar\u0131yla onaylam\u0131\u015f oldu.<br \/>\n\u00a0<br \/>\n<strong>Erdo\u011fan: \u2018S\u00fcre\u00e7 bitmi\u015f de\u011fil, takip edece\u011fiz\u2019<\/strong><br \/>\n\u00a0<br \/>\nUkrayna Devlet Ba\u015fkan\u0131 Viktor Yanukovi\u00e7\u2019le d\u00fczenledi\u011fi bas\u0131n toplant\u0131s\u0131nda gazetecilerin sorular\u0131n\u0131 yan\u0131tlayan Ba\u015fbakan Recep Tayyip Erdo\u011fan, s\u00fcrecin hen\u00fcz bitmedi\u011fini s\u00f6yledi. Ba\u015fbakan Erdo\u011fan, \u201cYarg\u0131tay ilk derece mahkemesi kararlar\u0131n bir b\u00f6l\u00fcm\u00fcn\u00fc onad\u0131, bir b\u00f6l\u00fcm\u00fcn\u00fc bozdu, bir b\u00f6l\u00fcm\u00fcn\u00fc de d\u00fczelterek onad\u0131. S\u00fcre\u00e7 \u015fu anda bitmi\u015f de\u011fil. Son nokta konmu\u015f de\u011fil. Takip edece\u011fiz\u201d dedi.<br \/>\n\u00a0<br \/>\nBa\u015fbakan tutuklu bulunan MHP \u0130stanbul milletvekili Engin Alan hakk\u0131nda da s\u00fcrecin devam etti\u011fini mahkumiyetin kesinle\u015fmesi halinde anayasan\u0131n ilgili maddeleri kapsam\u0131nda gerekenin yap\u0131laca\u011f\u0131n\u0131 belirtti.<br \/>\n\u00a0<br \/>\n<strong>Bah\u00e7eli \u2018Mahkeme karar\u0131n\u0131n milli vicdandaki kar\u015f\u0131l\u0131\u011f\u0131 yok\u2019 h\u00fckm\u00fcnde<\/strong><br \/>\n\u00a0<br \/>\nKarara en sert tepki Milliyet\u00e7i Hareket Partisi Genel Ba\u015fkan\u0131 Devlet Bah\u00e7eli\u2019den geldi. Mahkemenin kararlar\u0131n\u0131n tart\u0131\u015fmaya a\u00e7\u0131k oldu\u011funu hatta milli vicdandaki kar\u015f\u0131l\u0131\u011f\u0131n\u0131n yok h\u00fckm\u00fcnde oldu\u011funu savunan MHP lideri, \u201cMahkeme hakl\u0131 haks\u0131z, do\u011fru yanl\u0131\u015f, su\u00e7lu su\u00e7suz ayr\u0131m\u0131n\u0131 isabetle yapmadan yarg\u0131lamaya konu olan ki\u015filerin \u00f6nemli bir b\u00f6l\u00fcm\u00fcne bol keseden ceza vermi\u015f ve adaletin ruhunu a\u011f\u0131r derecede incitmi\u015ftir\u201d dedi.<br \/>\n\u00a0<br \/>\nHaklar\u0131nda mahkumiyet karar\u0131 verilenlerin ter\u00f6rle m\u00fccadele e\u015fsiz kahramanl\u0131k g\u00f6steren sayg\u0131n ki\u015filer oldu\u011funu belirten Bah\u00e7eli, bu komutanlara yarg\u0131 kanal\u0131yla karartma kampanyas\u0131 uyguland\u0131\u011f\u0131n\u0131 iddia etti.<br \/>\n\u00a0<br \/>\n<strong>Bah\u00e7eli: \u2018S\u00f6zde darbe davalar\u0131yla T\u00fcrk askeriyle hesapla\u015f\u0131l\u0131yor\u2019<\/strong><br \/>\n\u00a0<br \/>\nMahkemeyi \u201c\u0130ktidar\u0131n g\u00f6lge ve g\u00fcd\u00fcm\u00fcnde kalm\u0131\u015f vicdanlar\u0131yla s\u00f6zde darbe davalar\u0131n\u0131 T\u00fcrk askeriyle hesapla\u015fmaya \u00e7evirenler\u201d diyerek ele\u015ftiren muhalefet lideri, \u201cald\u0131klar\u0131 talimatla cezaevlerini masumlarla dolduranlar elbette bu vebalin alt\u0131ndan kalkamayacaklard\u0131r. Ger\u00e7ek su\u00e7lular ve b\u00f6l\u00fcc\u00fc hainler her yeri kaplam\u0131\u015fken siyasi d\u00fcrt\u00fc ve emellerle hareket eden yarg\u0131n\u0131n TSK&#8217;dan intikam almak i\u00e7in s\u0131raya giren f\u0131rsat\u00e7\u0131lara destek vermesi tarifi olmayan bir yanl\u0131\u015ft\u0131r&#8221; diye konu\u015ftu.<br \/>\n\u00a0<br \/>\n<strong>Haluk Ko\u00e7: \u2018Siyasi erk yarg\u0131y\u0131 \u015fekillendiriyor\u2019<\/strong><br \/>\n\u00a0<br \/>\nKarara ana muhalefet partisinden ilk tepki g\u00f6steren isim CHP Genel Ba\u015fkan Yard\u0131mc\u0131s\u0131 ve Parti S\u00f6zc\u00fcs\u00fc Haluk Ko\u00e7 oldu. CHP lideri Kemal K\u0131l\u0131\u00e7daro\u011flu ba\u015fkanl\u0131\u011f\u0131nda toplanan Merkez Y\u00f6netim Kurulu toplant\u0131s\u0131 s\u0131ras\u0131nda bas\u0131n a\u00e7\u0131klamas\u0131 yapan Ko\u00e7, yarg\u0131n\u0131n bug\u00fcn g\u00f6zler \u00f6n\u00fcne serdi\u011fi tablonun vahim oldu\u011funu ifade etti.<br \/>\n\u00a0<br \/>\nCHP Parti S\u00f6zc\u00fcs\u00fc, \u201c12 Eyl\u00fcl 2010\u2019da yap\u0131lan referandumda ama\u00e7lad\u0131klar\u0131 meyveyi yiyorlar. \u2018Yetmez ama evet\u2019\u00e7ilerin kulaklar\u0131 \u00e7\u0131nlas\u0131n. \u201cYarg\u0131, birinci dereceden y\u00fcksek yarg\u0131ya kadar siyasi iktidar\u0131n telkinleri, beklentileri do\u011frultusunda karar alan, uygulayan, h\u00fck\u00fcm veren, temyiz yapan bir yap\u0131ya ula\u015ft\u0131r\u0131lm\u0131\u015f g\u00f6z\u00fck\u00fcyor\u201d dedi.\u00a0Adil yarg\u0131lanma hakk\u0131n\u0131n ihlali konusunda \u00e7ok ciddi itirazlar olmas\u0131na ra\u011fmen, Yarg\u0131tay 9. Dairesi\u2019nin bu y\u00f6nde karar vermesini de ele\u015ftiren Ka\u00e7\u2019a g\u00f6re, bu durum ancak siyasi erkin yarg\u0131y\u0131 \u015fekillendirmesiyle izah edilebilir.<br \/>\n\u00a0<br \/>\n<strong>Haluk Ko\u00e7: \u2018Toplumsal bar\u0131\u015f tehdit alt\u0131nda\u2019<\/strong><br \/>\n\u00a0<br \/>\nToplumsal bar\u0131\u015f\u0131n ciddi bir tehdit alt\u0131nda oldu\u011funu savunan Ko\u00e7, \u201cBu siyasi iktidar\u0131n a\u00e7t\u0131\u011f\u0131 bir tehdittir, yolunun ta\u015flar\u0131n\u0131 d\u00f6\u015fedi\u011fi bir tehdittir. Bu tehdidi ortadan kald\u0131rman\u0131n \u00f6ncelikli ve acil bir siyasi g\u00f6rev oldu\u011funu bilincindeyiz\u201d dedi.<\/p>\n<p>361 san\u0131\u011f\u0131n yarg\u0131land\u0131\u011f\u0131 davada 237 san\u0131k hakk\u0131nda verilen mahkumiyet karar\u0131n\u0131 d\u00fczelterek onaylayan 9. Daire, haklar\u0131nda mahkumiyet karar\u0131 bulunan 25 ki\u015fiyi beraat ettirdi. Y\u00fcksek mahkeme, daha \u00f6nce beraat eden 36 ki\u015fiyle ilgili karar\u0131 da teyit etti.<\/p>\n<p style=\"text-align: justify;\"><b><i>http:\/\/www.amerikaninsesi.com\/content\/balyoz-davasi-kararlari-buyuk-olcude-onaylandi\/1766508.html<\/i><\/b><\/p>\n","protected":false},"excerpt":{"rendered":"<p>Kamuoyunda Balyoz Davas\u0131 olarak bilinen davayla ilgili gerek\u00e7eli karar\u0131n\u0131 a\u00e7\u0131klayan Yarg\u0131tay aralar\u0131nda eski 1. Ordu Komutan\u0131 \u00c7etin Do\u011fan\u2019\u0131n da bulundu\u011fu san\u0131klar hakk\u0131ndaki mahkumiyet kararlar\u0131n\u0131 onaylad\u0131. \u0130STANBUL \u2014 Yarg\u0131tay 9. Dairesi\u2019nin Yarg\u0131tay 9. Dairesi\u2019nin kamuoyunda Balyoz Davas\u0131 olarak bilinen davayla ilgili gerek\u00e7eli karar\u0131n\u0131 a\u00e7\u0131klad\u0131. 361 san\u0131\u011f\u0131n yarg\u0131land\u0131\u011f\u0131 davada 237 san\u0131k hakk\u0131nda verilen mahkumiyet karar\u0131n\u0131 d\u00fczelterek onaylayan [&hellip;]<\/p>\n","protected":false},"author":7,"featured_media":0,"comment_status":"open","ping_status":"open","sticky":false,"template":"","format":"standard","meta":{"footnotes":""},"categories":[1],"tags":[],"class_list":["post-26039","post","type-post","status-publish","format-standard","hentry","category-haberler"],"yoast_head":"<!-- This site is optimized with the Yoast SEO plugin v27.4 - https:\/\/yoast.com\/product\/yoast-seo-wordpress\/ -->\n<title>Balyoz Davas\u0131 Kararlar\u0131 B\u00fcy\u00fck \u00d6l\u00e7\u00fcde Onayland\u0131 - Bati Ermenistan Ve Bati Ermenileri Sorunlari Ara\u015ftirmalar Merkezi<\/title>\n<meta name=\"robots\" content=\"index, follow, max-snippet:-1, max-image-preview:large, max-video-preview:-1\" \/>\n<link rel=\"canonical\" href=\"https:\/\/akunq.net\/tr\/?p=26039\" \/>\n<meta property=\"og:locale\" content=\"en_US\" \/>\n<meta property=\"og:type\" content=\"article\" \/>\n<meta property=\"og:title\" content=\"Balyoz Davas\u0131 Kararlar\u0131 B\u00fcy\u00fck \u00d6l\u00e7\u00fcde Onayland\u0131 - Bati Ermenistan Ve Bati Ermenileri Sorunlari Ara\u015ftirmalar Merkezi\" \/>\n<meta property=\"og:description\" content=\"Kamuoyunda Balyoz Davas\u0131 olarak bilinen davayla ilgili gerek\u00e7eli karar\u0131n\u0131 a\u00e7\u0131klayan Yarg\u0131tay aralar\u0131nda eski 1. Ordu Komutan\u0131 \u00c7etin Do\u011fan\u2019\u0131n da bulundu\u011fu san\u0131klar hakk\u0131ndaki mahkumiyet kararlar\u0131n\u0131 onaylad\u0131. \u0130STANBUL \u2014 Yarg\u0131tay 9. Dairesi\u2019nin Yarg\u0131tay 9. Dairesi\u2019nin kamuoyunda Balyoz Davas\u0131 olarak bilinen davayla ilgili gerek\u00e7eli karar\u0131n\u0131 a\u00e7\u0131klad\u0131. 361 san\u0131\u011f\u0131n yarg\u0131land\u0131\u011f\u0131 davada 237 san\u0131k hakk\u0131nda verilen mahkumiyet karar\u0131n\u0131 d\u00fczelterek onaylayan [&hellip;]\" \/>\n<meta property=\"og:url\" content=\"https:\/\/akunq.net\/tr\/?p=26039\" \/>\n<meta property=\"og:site_name\" content=\"Bati Ermenistan Ve Bati Ermenileri Sorunlari Ara\u015ftirmalar Merkezi\" \/>\n<meta property=\"article:published_time\" content=\"2013-10-10T07:08:52+00:00\" \/>\n<meta name=\"author\" content=\"admin\" \/>\n<meta name=\"twitter:card\" content=\"summary_large_image\" \/>\n<meta name=\"twitter:label1\" content=\"Written by\" \/>\n\t<meta name=\"twitter:data1\" content=\"admin\" \/>\n\t<meta name=\"twitter:label2\" content=\"Est. reading time\" \/>\n\t<meta name=\"twitter:data2\" content=\"4 minutes\" \/>\n<script type=\"application\/ld+json\" class=\"yoast-schema-graph\">{\"@context\":\"https:\\\/\\\/schema.org\",\"@graph\":[{\"@type\":\"Article\",\"@id\":\"https:\\\/\\\/akunq.net\\\/tr\\\/?p=26039#article\",\"isPartOf\":{\"@id\":\"https:\\\/\\\/akunq.net\\\/tr\\\/?p=26039\"},\"author\":{\"name\":\"admin\",\"@id\":\"https:\\\/\\\/akunq.net\\\/tr\\\/#\\\/schema\\\/person\\\/096f1d38a12cce57fb855b485ed24c9e\"},\"headline\":\"Balyoz Davas\u0131 Kararlar\u0131 B\u00fcy\u00fck \u00d6l\u00e7\u00fcde Onayland\u0131\",\"datePublished\":\"2013-10-10T07:08:52+00:00\",\"mainEntityOfPage\":{\"@id\":\"https:\\\/\\\/akunq.net\\\/tr\\\/?p=26039\"},\"wordCount\":831,\"commentCount\":0,\"articleSection\":[\"Haberler\"],\"inLanguage\":\"en-US\",\"potentialAction\":[{\"@type\":\"CommentAction\",\"name\":\"Comment\",\"target\":[\"https:\\\/\\\/akunq.net\\\/tr\\\/?p=26039#respond\"]}]},{\"@type\":\"WebPage\",\"@id\":\"https:\\\/\\\/akunq.net\\\/tr\\\/?p=26039\",\"url\":\"https:\\\/\\\/akunq.net\\\/tr\\\/?p=26039\",\"name\":\"Balyoz Davas\u0131 Kararlar\u0131 B\u00fcy\u00fck \u00d6l\u00e7\u00fcde Onayland\u0131 - Bati Ermenistan Ve Bati Ermenileri Sorunlari Ara\u015ftirmalar Merkezi\",\"isPartOf\":{\"@id\":\"https:\\\/\\\/akunq.net\\\/tr\\\/#website\"},\"datePublished\":\"2013-10-10T07:08:52+00:00\",\"author\":{\"@id\":\"https:\\\/\\\/akunq.net\\\/tr\\\/#\\\/schema\\\/person\\\/096f1d38a12cce57fb855b485ed24c9e\"},\"breadcrumb\":{\"@id\":\"https:\\\/\\\/akunq.net\\\/tr\\\/?p=26039#breadcrumb\"},\"inLanguage\":\"en-US\",\"potentialAction\":[{\"@type\":\"ReadAction\",\"target\":[\"https:\\\/\\\/akunq.net\\\/tr\\\/?p=26039\"]}]},{\"@type\":\"BreadcrumbList\",\"@id\":\"https:\\\/\\\/akunq.net\\\/tr\\\/?p=26039#breadcrumb\",\"itemListElement\":[{\"@type\":\"ListItem\",\"position\":1,\"name\":\"Home\",\"item\":\"https:\\\/\\\/akunq.net\\\/tr\"},{\"@type\":\"ListItem\",\"position\":2,\"name\":\"Balyoz Davas\u0131 Kararlar\u0131 B\u00fcy\u00fck \u00d6l\u00e7\u00fcde Onayland\u0131\"}]},{\"@type\":\"WebSite\",\"@id\":\"https:\\\/\\\/akunq.net\\\/tr\\\/#website\",\"url\":\"https:\\\/\\\/akunq.net\\\/tr\\\/\",\"name\":\"Bati Ermenistan Ve Bati Ermenileri Sorunlari Ara\u015ftirmalar Merkezi\",\"description\":\"\",\"potentialAction\":[{\"@type\":\"SearchAction\",\"target\":{\"@type\":\"EntryPoint\",\"urlTemplate\":\"https:\\\/\\\/akunq.net\\\/tr\\\/?s={search_term_string}\"},\"query-input\":{\"@type\":\"PropertyValueSpecification\",\"valueRequired\":true,\"valueName\":\"search_term_string\"}}],\"inLanguage\":\"en-US\"},{\"@type\":\"Person\",\"@id\":\"https:\\\/\\\/akunq.net\\\/tr\\\/#\\\/schema\\\/person\\\/096f1d38a12cce57fb855b485ed24c9e\",\"name\":\"admin\",\"url\":\"https:\\\/\\\/akunq.net\\\/tr\\\/?author=7\"}]}<\/script>\n<!-- \/ Yoast SEO plugin. -->","yoast_head_json":{"title":"Balyoz Davas\u0131 Kararlar\u0131 B\u00fcy\u00fck \u00d6l\u00e7\u00fcde Onayland\u0131 - Bati Ermenistan Ve Bati Ermenileri Sorunlari Ara\u015ftirmalar Merkezi","robots":{"index":"index","follow":"follow","max-snippet":"max-snippet:-1","max-image-preview":"max-image-preview:large","max-video-preview":"max-video-preview:-1"},"canonical":"https:\/\/akunq.net\/tr\/?p=26039","og_locale":"en_US","og_type":"article","og_title":"Balyoz Davas\u0131 Kararlar\u0131 B\u00fcy\u00fck \u00d6l\u00e7\u00fcde Onayland\u0131 - Bati Ermenistan Ve Bati Ermenileri Sorunlari Ara\u015ftirmalar Merkezi","og_description":"Kamuoyunda Balyoz Davas\u0131 olarak bilinen davayla ilgili gerek\u00e7eli karar\u0131n\u0131 a\u00e7\u0131klayan Yarg\u0131tay aralar\u0131nda eski 1. Ordu Komutan\u0131 \u00c7etin Do\u011fan\u2019\u0131n da bulundu\u011fu san\u0131klar hakk\u0131ndaki mahkumiyet kararlar\u0131n\u0131 onaylad\u0131. \u0130STANBUL \u2014 Yarg\u0131tay 9. Dairesi\u2019nin Yarg\u0131tay 9. Dairesi\u2019nin kamuoyunda Balyoz Davas\u0131 olarak bilinen davayla ilgili gerek\u00e7eli karar\u0131n\u0131 a\u00e7\u0131klad\u0131. 361 san\u0131\u011f\u0131n yarg\u0131land\u0131\u011f\u0131 davada 237 san\u0131k hakk\u0131nda verilen mahkumiyet karar\u0131n\u0131 d\u00fczelterek onaylayan [&hellip;]","og_url":"https:\/\/akunq.net\/tr\/?p=26039","og_site_name":"Bati Ermenistan Ve Bati Ermenileri Sorunlari Ara\u015ftirmalar Merkezi","article_published_time":"2013-10-10T07:08:52+00:00","author":"admin","twitter_card":"summary_large_image","twitter_misc":{"Written by":"admin","Est. reading time":"4 minutes"},"schema":{"@context":"https:\/\/schema.org","@graph":[{"@type":"Article","@id":"https:\/\/akunq.net\/tr\/?p=26039#article","isPartOf":{"@id":"https:\/\/akunq.net\/tr\/?p=26039"},"author":{"name":"admin","@id":"https:\/\/akunq.net\/tr\/#\/schema\/person\/096f1d38a12cce57fb855b485ed24c9e"},"headline":"Balyoz Davas\u0131 Kararlar\u0131 B\u00fcy\u00fck \u00d6l\u00e7\u00fcde Onayland\u0131","datePublished":"2013-10-10T07:08:52+00:00","mainEntityOfPage":{"@id":"https:\/\/akunq.net\/tr\/?p=26039"},"wordCount":831,"commentCount":0,"articleSection":["Haberler"],"inLanguage":"en-US","potentialAction":[{"@type":"CommentAction","name":"Comment","target":["https:\/\/akunq.net\/tr\/?p=26039#respond"]}]},{"@type":"WebPage","@id":"https:\/\/akunq.net\/tr\/?p=26039","url":"https:\/\/akunq.net\/tr\/?p=26039","name":"Balyoz Davas\u0131 Kararlar\u0131 B\u00fcy\u00fck \u00d6l\u00e7\u00fcde Onayland\u0131 - Bati Ermenistan Ve Bati Ermenileri Sorunlari Ara\u015ftirmalar Merkezi","isPartOf":{"@id":"https:\/\/akunq.net\/tr\/#website"},"datePublished":"2013-10-10T07:08:52+00:00","author":{"@id":"https:\/\/akunq.net\/tr\/#\/schema\/person\/096f1d38a12cce57fb855b485ed24c9e"},"breadcrumb":{"@id":"https:\/\/akunq.net\/tr\/?p=26039#breadcrumb"},"inLanguage":"en-US","potentialAction":[{"@type":"ReadAction","target":["https:\/\/akunq.net\/tr\/?p=26039"]}]},{"@type":"BreadcrumbList","@id":"https:\/\/akunq.net\/tr\/?p=26039#breadcrumb","itemListElement":[{"@type":"ListItem","position":1,"name":"Home","item":"https:\/\/akunq.net\/tr"},{"@type":"ListItem","position":2,"name":"Balyoz Davas\u0131 Kararlar\u0131 B\u00fcy\u00fck \u00d6l\u00e7\u00fcde Onayland\u0131"}]},{"@type":"WebSite","@id":"https:\/\/akunq.net\/tr\/#website","url":"https:\/\/akunq.net\/tr\/","name":"Bati Ermenistan Ve Bati Ermenileri Sorunlari Ara\u015ftirmalar Merkezi","description":"","potentialAction":[{"@type":"SearchAction","target":{"@type":"EntryPoint","urlTemplate":"https:\/\/akunq.net\/tr\/?s={search_term_string}"},"query-input":{"@type":"PropertyValueSpecification","valueRequired":true,"valueName":"search_term_string"}}],"inLanguage":"en-US"},{"@type":"Person","@id":"https:\/\/akunq.net\/tr\/#\/schema\/person\/096f1d38a12cce57fb855b485ed24c9e","name":"admin","url":"https:\/\/akunq.net\/tr\/?author=7"}]}},"_links":{"self":[{"href":"https:\/\/akunq.net\/tr\/index.php?rest_route=\/wp\/v2\/posts\/26039","targetHints":{"allow":["GET"]}}],"collection":[{"href":"https:\/\/akunq.net\/tr\/index.php?rest_route=\/wp\/v2\/posts"}],"about":[{"href":"https:\/\/akunq.net\/tr\/index.php?rest_route=\/wp\/v2\/types\/post"}],"author":[{"embeddable":true,"href":"https:\/\/akunq.net\/tr\/index.php?rest_route=\/wp\/v2\/users\/7"}],"replies":[{"embeddable":true,"href":"https:\/\/akunq.net\/tr\/index.php?rest_route=%2Fwp%2Fv2%2Fcomments&post=26039"}],"version-history":[{"count":1,"href":"https:\/\/akunq.net\/tr\/index.php?rest_route=\/wp\/v2\/posts\/26039\/revisions"}],"predecessor-version":[{"id":26041,"href":"https:\/\/akunq.net\/tr\/index.php?rest_route=\/wp\/v2\/posts\/26039\/revisions\/26041"}],"wp:attachment":[{"href":"https:\/\/akunq.net\/tr\/index.php?rest_route=%2Fwp%2Fv2%2Fmedia&parent=26039"}],"wp:term":[{"taxonomy":"category","embeddable":true,"href":"https:\/\/akunq.net\/tr\/index.php?rest_route=%2Fwp%2Fv2%2Fcategories&post=26039"},{"taxonomy":"post_tag","embeddable":true,"href":"https:\/\/akunq.net\/tr\/index.php?rest_route=%2Fwp%2Fv2%2Ftags&post=26039"}],"curies":[{"name":"wp","href":"https:\/\/api.w.org\/{rel}","templated":true}]}}