{"id":26024,"date":"2013-10-09T04:28:24","date_gmt":"2013-10-09T09:28:24","guid":{"rendered":"http:\/\/akunq.net\/tr\/?p=26024"},"modified":"2013-10-09T04:30:08","modified_gmt":"2013-10-09T09:30:08","slug":"basbakan-erdogan-paket-ne-ilktir-ne-de-sondur","status":"publish","type":"post","link":"https:\/\/akunq.net\/tr\/?p=26024","title":{"rendered":"Ba\u015fbakan Erdo\u011fan, &#8216;Paket ne ilktir ne de sondur&#8217;"},"content":{"rendered":"<p style=\"text-align: justify;\"><b><i><a href=\"http:\/\/akunq.net\/tr\/wp-content\/uploads\/2013\/10\/Akhtamar.jpg\"><img loading=\"lazy\" decoding=\"async\" class=\"alignright size-medium wp-image-26028\" alt=\"Akhtamar\" src=\"http:\/\/akunq.net\/tr\/wp-content\/uploads\/2013\/10\/Akhtamar-300x454.jpg\" width=\"300\" height=\"454\" srcset=\"https:\/\/akunq.net\/tr\/wp-content\/uploads\/sites\/6\/2013\/10\/Akhtamar-300x454.jpg 300w, https:\/\/akunq.net\/tr\/wp-content\/uploads\/sites\/6\/2013\/10\/Akhtamar-600x908.jpg 600w, https:\/\/akunq.net\/tr\/wp-content\/uploads\/sites\/6\/2013\/10\/Akhtamar.jpg 1122w\" sizes=\"auto, (max-width: 300px) 100vw, 300px\" \/><\/a>Ba\u015fbakan Recep Tayyip Erdo\u011fan, demokratikle\u015fme paketiyle ilgili, &#8216;Paket ne ilktir ne de sondur&#8217; dedi.<\/i><\/b><\/p>\n<p style=\"text-align: justify;\"><b>Ba\u015fbakan Recep Tayyip Erdo\u011fan, <\/b>son demokratikle\u015fme paketine de\u011finerek, \u201cPaket ne ilktir ne de sondur. Geli\u015fmelere g\u00f6re ad\u0131mlar at\u0131lacakt\u0131r. Reform d\u00fczenlemelerimiz devam edecek\u201d dedi. \u00a0Ba\u015fbakan Erdo\u011fan, Adana Valili\u011fi taraf\u0131ndan onuruna verilen yemekte konu\u015ftu. Muhalefet partilerine \u00e7a\u011fr\u0131da bulunan Erdo\u011fan, &#8220;\u00c7\u0131k\u0131yor birisi &#8216;barajlar indirilsin&#8217; diyor. Ne olacak nereye inecek? Bu konuda s\u00f6yledikleri bir \u015fey var m\u0131, yok. Pekiyi biz ne diyoruz: Buyurun size \u00fc\u00e7 tane teklif. Bir mevcut durumu koruyabiliriz. Yani baraj y\u00fczde 10 olarak kal\u0131r. \u0130ki gelin baraj\u0131 y\u00fczde 5&#8217;e indirelim. Ama daralt\u0131lm\u0131\u015f b\u00f6lge yapal\u0131m. \u00dc\u00e7\u00fcnc\u00fc bir teklif daha getiriyoruz. Diyoruz ki barajlar\u0131 tamamen kald\u0131ral\u0131m, s\u0131f\u0131rlayal\u0131m, dar b\u00f6lge sistemi yapal\u0131m. Hodri meydan, hodri meydan. Daha ne istiyorsun. Ona hay\u0131r, \u00f6b\u00fcr\u00fcne hay\u0131r, hay\u0131r\u201d diye konu\u015ftu.<br \/>\n<b><br \/>\n&#8220;H\u0130ZMETLER HUZUR VE SEVG\u0130 \u0130LE ANLAM KAZANIR&#8221;<br \/>\n<\/b>\u00dclkede yap\u0131lan t\u00fcm hizmetlerin huzur ve sevgi ile anlam kazanabilece\u011fini anlatan Erdo\u011fan, &#8216;insan\u0131 ya\u015fat ki devlet ya\u015fas\u0131n&#8217; ve &#8216;yaradan\u0131 yaradandan \u00f6t\u00fcr\u00fc sev&#8217; anlay\u0131\u015flar\u0131yla yola \u00e7\u0131kt\u0131klar\u0131n\u0131 s\u00f6yledi. Erdo\u011fan, \u201c11 y\u0131lda milli gelirimizi 3 kat\u0131na \u00e7\u0131kart\u0131rken, \u00fclkemizi karde\u015flik \u00fclkesi haline getirmek i\u00e7in \u00e7al\u0131\u015ft\u0131k. \u00d6n\u00fcm\u00fcze \u00e7ok engeller \u00e7\u0131kart\u0131ld\u0131. Biz 11 y\u0131ll\u0131k iktidar\u0131m\u0131zda demokrasi konusunda temel hak ve h\u00fcrriyetleri konusunda sorun olu\u015fturmad\u0131k, sorunlar\u0131 \u00e7\u00f6zd\u00fck. De\u011fi\u015fim dedi\u011finiz hadise kolay olmuyor\u201d dedi. Son demokratikle\u015fme paketinin bu bak\u0131mdan \u00e7ok \u00f6nemli oldu\u011funu kaydeden Ba\u015fbakan, \u201cDemokratikle\u015fme paketi ile y\u0131llarca s\u00fcren sorunlar \u00e7\u00f6z\u00fcm buluyor. Yaralara ne\u015fter at\u0131yoruz&#8221; diye konu\u015ftu.<\/p>\n<p style=\"text-align: justify;\"><b>\u201c\u00c7OCUKLARIMI \u00dcLKEMDEK\u0130 \u00dcN\u0130VERS\u0130TELERDE OKUTAMADIM\u201d<\/b><br \/>\n\u00dclkenin huzuru i\u00e7in y\u0131llarca sabrettiklerini belirten Erdo\u011fan, \u201cBen belediye ba\u015fkan\u0131 olarak \u00e7ocuklar\u0131m\u0131 \u00fclkemdeki \u00fcniversitelerde okutamad\u0131m. Yurt d\u0131\u015f\u0131na g\u00f6nderdim. Biz buralardan buraya geldik. \u0130\u015fte demokratikle\u015fme paketi bu. Dan\u0131\u015ftay da karar\u0131n\u0131 verdi. Biz de a\u00e7\u0131klamalar\u0131m\u0131z\u0131 yapt\u0131k. Bu \u00fclkenin evlad\u0131 \u00fcniversiteye ba\u015f\u0131 kapal\u0131 olarak da gidebilir, a\u00e7\u0131k da. E\u015fitlik diyorsak bu \u00fclkede ba\u015f\u0131 kapal\u0131 olan bayan\u0131m\u0131z, ba\u015f\u0131 a\u00e7\u0131k gibi kamu sekt\u00f6r\u00fcnde \u00e7al\u0131\u015fabilir. Yarg\u0131, TSK ve Emniyet kendi mevzuatlar\u0131 i\u00e7inde kendi d\u00fczenlemelerini yapacaklar&#8221; ifadelerini kulland\u0131.<\/p>\n<p style=\"text-align: justify;\"><b>YUNAN Y\u00d6NET\u0130M\u0130NE Y\u00dcKLEND\u0130<\/b><br \/>\nYunanistan h\u00fck\u00fcmetine ele\u015ftiriler y\u00f6nelten Erdo\u011fan, T\u00fcrkiye&#8217;de &#8216;hak gasp\u0131&#8217; olarak g\u00f6rd\u00fckleri bir \u00e7ok konuda gayri m\u00fcslimlere y\u00f6nelik \u00f6nemli ad\u0131mlar at\u0131ld\u0131\u011f\u0131n\u0131 ama Atina&#8217;daki cami konusunda verilen s\u00f6zlerin tutulmad\u0131\u011f\u0131n\u0131 s\u00f6yledi. Ruhban okulunu a\u00e7\u0131labilece\u011fini ama art\u0131k Yunan y\u00f6netiminin de ad\u0131m atmas\u0131 gerekti\u011fini ifade eden Ba\u015fbakan Erdo\u011fan, \u201cBizim Atina&#8217;da iki tarihi camimiz var. Bize ka\u00e7 kere s\u00f6z verdiniz. Bat\u0131 Trakya&#8217;da benim 1,5 milyon soyda\u015f\u0131m var. Ba\u015fm\u00fcft\u00fcy\u00fc neden Yunanistan h\u00fck\u00fcmeti at\u0131yor? S\u00fcmela Manast\u0131r\u0131&#8217;n\u0131, Tarsus&#8217;u a\u00e7t\u0131k, Van&#8217;da Akdamar <i>(Akhtamar Surp Ha\u00e7 Kilisesi-\u2018Akunq\u2019 web sayfas\u0131 y\u00f6neticileri) <\/i>kilisesini yapt\u0131k. Orada ayinlerini yap\u0131yorlar. Pekiyi biz yapt\u0131k da siz ne yapt\u0131n\u0131z arkada\u015f?&#8221; dedi.<\/p>\n<p style=\"text-align: justify;\"><b>\u201cPAKET NE \u0130LK NE DE SON\u201d<\/b><br \/>\nT\u00fcrkiye&#8217;de yar\u0131m d\u00f6neminin bitti\u011fini kaydeden Erdo\u011fan, \u201cK\u00fcrt ve Alevi vatanda\u015flar\u0131m\u0131za kar\u015f\u0131 ayr\u0131m\u0131m\u0131z var m\u0131; yok. Milletimizin ve vicdan\u0131m\u0131z\u0131n istemedi\u011fi hi\u00e7bir \u015feyi yapmad\u0131k. Paket ne ilktir ne de sondur. Geli\u015fmelere g\u00f6re ad\u0131mlar at\u0131lacakt\u0131r. Reform d\u00fczenlemelerimiz devam edecek. Pakete sahip \u00e7\u0131kman\u0131z\u0131 ve yanl\u0131\u015f anlamalar\u0131n \u00f6n\u00fcn\u00fc ge\u00e7menizi istiyorum\u201d diye konu\u015ftu.<\/p>\n<p style=\"text-align: justify;\"><b><i>(Kaynak: \u0130HA)<\/i><\/b><\/p>\n<p style=\"text-align: justify;\"><b><i><a href=\"http:\/\/www.turkiyegazetesi.com.tr\/gundem\/85263.aspx\">http:\/\/www.turkiyegazetesi.com.tr\/gundem\/85263.aspx<\/a><\/i><\/b><\/p>\n","protected":false},"excerpt":{"rendered":"<p>Ba\u015fbakan Recep Tayyip Erdo\u011fan, demokratikle\u015fme paketiyle ilgili, &#8216;Paket ne ilktir ne de sondur&#8217; dedi. Ba\u015fbakan Recep Tayyip Erdo\u011fan, son demokratikle\u015fme paketine de\u011finerek, \u201cPaket ne ilktir ne de sondur. Geli\u015fmelere g\u00f6re ad\u0131mlar at\u0131lacakt\u0131r. Reform d\u00fczenlemelerimiz devam edecek\u201d dedi. \u00a0Ba\u015fbakan Erdo\u011fan, Adana Valili\u011fi taraf\u0131ndan onuruna verilen yemekte konu\u015ftu. Muhalefet partilerine \u00e7a\u011fr\u0131da bulunan Erdo\u011fan, &#8220;\u00c7\u0131k\u0131yor birisi &#8216;barajlar indirilsin&#8217; [&hellip;]<\/p>\n","protected":false},"author":7,"featured_media":0,"comment_status":"open","ping_status":"open","sticky":false,"template":"","format":"standard","meta":{"footnotes":""},"categories":[1],"tags":[],"class_list":["post-26024","post","type-post","status-publish","format-standard","hentry","category-haberler"],"yoast_head":"<!-- This site is optimized with the Yoast SEO plugin v27.4 - https:\/\/yoast.com\/product\/yoast-seo-wordpress\/ -->\n<title>Ba\u015fbakan Erdo\u011fan, &#039;Paket ne ilktir ne de sondur&#039; - Bati Ermenistan Ve Bati Ermenileri Sorunlari Ara\u015ftirmalar Merkezi<\/title>\n<meta name=\"robots\" content=\"index, follow, max-snippet:-1, max-image-preview:large, max-video-preview:-1\" \/>\n<link rel=\"canonical\" href=\"https:\/\/akunq.net\/tr\/?p=26024\" \/>\n<meta property=\"og:locale\" content=\"en_US\" \/>\n<meta property=\"og:type\" content=\"article\" \/>\n<meta property=\"og:title\" content=\"Ba\u015fbakan Erdo\u011fan, &#039;Paket ne ilktir ne de sondur&#039; - Bati Ermenistan Ve Bati Ermenileri Sorunlari Ara\u015ftirmalar Merkezi\" \/>\n<meta property=\"og:description\" content=\"Ba\u015fbakan Recep Tayyip Erdo\u011fan, demokratikle\u015fme paketiyle ilgili, &#8216;Paket ne ilktir ne de sondur&#8217; dedi. Ba\u015fbakan Recep Tayyip Erdo\u011fan, son demokratikle\u015fme paketine de\u011finerek, \u201cPaket ne ilktir ne de sondur. Geli\u015fmelere g\u00f6re ad\u0131mlar at\u0131lacakt\u0131r. Reform d\u00fczenlemelerimiz devam edecek\u201d dedi. \u00a0Ba\u015fbakan Erdo\u011fan, Adana Valili\u011fi taraf\u0131ndan onuruna verilen yemekte konu\u015ftu. Muhalefet partilerine \u00e7a\u011fr\u0131da bulunan Erdo\u011fan, &#8220;\u00c7\u0131k\u0131yor birisi &#8216;barajlar indirilsin&#8217; [&hellip;]\" \/>\n<meta property=\"og:url\" content=\"https:\/\/akunq.net\/tr\/?p=26024\" \/>\n<meta property=\"og:site_name\" content=\"Bati Ermenistan Ve Bati Ermenileri Sorunlari Ara\u015ftirmalar Merkezi\" \/>\n<meta property=\"article:published_time\" content=\"2013-10-09T09:28:24+00:00\" \/>\n<meta property=\"article:modified_time\" content=\"2013-10-09T09:30:08+00:00\" \/>\n<meta property=\"og:image\" content=\"http:\/\/akunq.net\/tr\/wp-content\/uploads\/2013\/10\/Akhtamar-300x454.jpg\" \/>\n<meta name=\"author\" content=\"admin\" \/>\n<meta name=\"twitter:card\" content=\"summary_large_image\" \/>\n<meta name=\"twitter:label1\" content=\"Written by\" \/>\n\t<meta name=\"twitter:data1\" content=\"admin\" \/>\n\t<meta name=\"twitter:label2\" content=\"Est. reading time\" \/>\n\t<meta name=\"twitter:data2\" content=\"3 minutes\" \/>\n<script type=\"application\/ld+json\" class=\"yoast-schema-graph\">{\"@context\":\"https:\\\/\\\/schema.org\",\"@graph\":[{\"@type\":\"Article\",\"@id\":\"https:\\\/\\\/akunq.net\\\/tr\\\/?p=26024#article\",\"isPartOf\":{\"@id\":\"https:\\\/\\\/akunq.net\\\/tr\\\/?p=26024\"},\"author\":{\"name\":\"admin\",\"@id\":\"https:\\\/\\\/akunq.net\\\/tr\\\/#\\\/schema\\\/person\\\/096f1d38a12cce57fb855b485ed24c9e\"},\"headline\":\"Ba\u015fbakan Erdo\u011fan, &#8216;Paket ne ilktir ne de sondur&#8217;\",\"datePublished\":\"2013-10-09T09:28:24+00:00\",\"dateModified\":\"2013-10-09T09:30:08+00:00\",\"mainEntityOfPage\":{\"@id\":\"https:\\\/\\\/akunq.net\\\/tr\\\/?p=26024\"},\"wordCount\":652,\"commentCount\":0,\"image\":{\"@id\":\"https:\\\/\\\/akunq.net\\\/tr\\\/?p=26024#primaryimage\"},\"thumbnailUrl\":\"http:\\\/\\\/akunq.net\\\/tr\\\/wp-content\\\/uploads\\\/2013\\\/10\\\/Akhtamar-300x454.jpg\",\"articleSection\":[\"Haberler\"],\"inLanguage\":\"en-US\",\"potentialAction\":[{\"@type\":\"CommentAction\",\"name\":\"Comment\",\"target\":[\"https:\\\/\\\/akunq.net\\\/tr\\\/?p=26024#respond\"]}]},{\"@type\":\"WebPage\",\"@id\":\"https:\\\/\\\/akunq.net\\\/tr\\\/?p=26024\",\"url\":\"https:\\\/\\\/akunq.net\\\/tr\\\/?p=26024\",\"name\":\"Ba\u015fbakan Erdo\u011fan, 'Paket ne ilktir ne de sondur' - Bati Ermenistan Ve Bati Ermenileri Sorunlari Ara\u015ftirmalar Merkezi\",\"isPartOf\":{\"@id\":\"https:\\\/\\\/akunq.net\\\/tr\\\/#website\"},\"primaryImageOfPage\":{\"@id\":\"https:\\\/\\\/akunq.net\\\/tr\\\/?p=26024#primaryimage\"},\"image\":{\"@id\":\"https:\\\/\\\/akunq.net\\\/tr\\\/?p=26024#primaryimage\"},\"thumbnailUrl\":\"http:\\\/\\\/akunq.net\\\/tr\\\/wp-content\\\/uploads\\\/2013\\\/10\\\/Akhtamar-300x454.jpg\",\"datePublished\":\"2013-10-09T09:28:24+00:00\",\"dateModified\":\"2013-10-09T09:30:08+00:00\",\"author\":{\"@id\":\"https:\\\/\\\/akunq.net\\\/tr\\\/#\\\/schema\\\/person\\\/096f1d38a12cce57fb855b485ed24c9e\"},\"breadcrumb\":{\"@id\":\"https:\\\/\\\/akunq.net\\\/tr\\\/?p=26024#breadcrumb\"},\"inLanguage\":\"en-US\",\"potentialAction\":[{\"@type\":\"ReadAction\",\"target\":[\"https:\\\/\\\/akunq.net\\\/tr\\\/?p=26024\"]}]},{\"@type\":\"ImageObject\",\"inLanguage\":\"en-US\",\"@id\":\"https:\\\/\\\/akunq.net\\\/tr\\\/?p=26024#primaryimage\",\"url\":\"https:\\\/\\\/akunq.net\\\/tr\\\/wp-content\\\/uploads\\\/sites\\\/6\\\/2013\\\/10\\\/Akhtamar.jpg\",\"contentUrl\":\"https:\\\/\\\/akunq.net\\\/tr\\\/wp-content\\\/uploads\\\/sites\\\/6\\\/2013\\\/10\\\/Akhtamar.jpg\",\"width\":1122,\"height\":1698},{\"@type\":\"BreadcrumbList\",\"@id\":\"https:\\\/\\\/akunq.net\\\/tr\\\/?p=26024#breadcrumb\",\"itemListElement\":[{\"@type\":\"ListItem\",\"position\":1,\"name\":\"Home\",\"item\":\"https:\\\/\\\/akunq.net\\\/tr\"},{\"@type\":\"ListItem\",\"position\":2,\"name\":\"Ba\u015fbakan Erdo\u011fan, &#8216;Paket ne ilktir ne de sondur&#8217;\"}]},{\"@type\":\"WebSite\",\"@id\":\"https:\\\/\\\/akunq.net\\\/tr\\\/#website\",\"url\":\"https:\\\/\\\/akunq.net\\\/tr\\\/\",\"name\":\"Bati Ermenistan Ve Bati Ermenileri Sorunlari Ara\u015ftirmalar Merkezi\",\"description\":\"\",\"potentialAction\":[{\"@type\":\"SearchAction\",\"target\":{\"@type\":\"EntryPoint\",\"urlTemplate\":\"https:\\\/\\\/akunq.net\\\/tr\\\/?s={search_term_string}\"},\"query-input\":{\"@type\":\"PropertyValueSpecification\",\"valueRequired\":true,\"valueName\":\"search_term_string\"}}],\"inLanguage\":\"en-US\"},{\"@type\":\"Person\",\"@id\":\"https:\\\/\\\/akunq.net\\\/tr\\\/#\\\/schema\\\/person\\\/096f1d38a12cce57fb855b485ed24c9e\",\"name\":\"admin\",\"url\":\"https:\\\/\\\/akunq.net\\\/tr\\\/?author=7\"}]}<\/script>\n<!-- \/ Yoast SEO plugin. -->","yoast_head_json":{"title":"Ba\u015fbakan Erdo\u011fan, 'Paket ne ilktir ne de sondur' - Bati Ermenistan Ve Bati Ermenileri Sorunlari Ara\u015ftirmalar Merkezi","robots":{"index":"index","follow":"follow","max-snippet":"max-snippet:-1","max-image-preview":"max-image-preview:large","max-video-preview":"max-video-preview:-1"},"canonical":"https:\/\/akunq.net\/tr\/?p=26024","og_locale":"en_US","og_type":"article","og_title":"Ba\u015fbakan Erdo\u011fan, 'Paket ne ilktir ne de sondur' - Bati Ermenistan Ve Bati Ermenileri Sorunlari Ara\u015ftirmalar Merkezi","og_description":"Ba\u015fbakan Recep Tayyip Erdo\u011fan, demokratikle\u015fme paketiyle ilgili, &#8216;Paket ne ilktir ne de sondur&#8217; dedi. Ba\u015fbakan Recep Tayyip Erdo\u011fan, son demokratikle\u015fme paketine de\u011finerek, \u201cPaket ne ilktir ne de sondur. Geli\u015fmelere g\u00f6re ad\u0131mlar at\u0131lacakt\u0131r. Reform d\u00fczenlemelerimiz devam edecek\u201d dedi. \u00a0Ba\u015fbakan Erdo\u011fan, Adana Valili\u011fi taraf\u0131ndan onuruna verilen yemekte konu\u015ftu. Muhalefet partilerine \u00e7a\u011fr\u0131da bulunan Erdo\u011fan, &#8220;\u00c7\u0131k\u0131yor birisi &#8216;barajlar indirilsin&#8217; [&hellip;]","og_url":"https:\/\/akunq.net\/tr\/?p=26024","og_site_name":"Bati Ermenistan Ve Bati Ermenileri Sorunlari Ara\u015ftirmalar Merkezi","article_published_time":"2013-10-09T09:28:24+00:00","article_modified_time":"2013-10-09T09:30:08+00:00","og_image":[{"url":"http:\/\/akunq.net\/tr\/wp-content\/uploads\/2013\/10\/Akhtamar-300x454.jpg","type":"","width":"","height":""}],"author":"admin","twitter_card":"summary_large_image","twitter_misc":{"Written by":"admin","Est. reading time":"3 minutes"},"schema":{"@context":"https:\/\/schema.org","@graph":[{"@type":"Article","@id":"https:\/\/akunq.net\/tr\/?p=26024#article","isPartOf":{"@id":"https:\/\/akunq.net\/tr\/?p=26024"},"author":{"name":"admin","@id":"https:\/\/akunq.net\/tr\/#\/schema\/person\/096f1d38a12cce57fb855b485ed24c9e"},"headline":"Ba\u015fbakan Erdo\u011fan, &#8216;Paket ne ilktir ne de sondur&#8217;","datePublished":"2013-10-09T09:28:24+00:00","dateModified":"2013-10-09T09:30:08+00:00","mainEntityOfPage":{"@id":"https:\/\/akunq.net\/tr\/?p=26024"},"wordCount":652,"commentCount":0,"image":{"@id":"https:\/\/akunq.net\/tr\/?p=26024#primaryimage"},"thumbnailUrl":"http:\/\/akunq.net\/tr\/wp-content\/uploads\/2013\/10\/Akhtamar-300x454.jpg","articleSection":["Haberler"],"inLanguage":"en-US","potentialAction":[{"@type":"CommentAction","name":"Comment","target":["https:\/\/akunq.net\/tr\/?p=26024#respond"]}]},{"@type":"WebPage","@id":"https:\/\/akunq.net\/tr\/?p=26024","url":"https:\/\/akunq.net\/tr\/?p=26024","name":"Ba\u015fbakan Erdo\u011fan, 'Paket ne ilktir ne de sondur' - Bati Ermenistan Ve Bati Ermenileri Sorunlari Ara\u015ftirmalar Merkezi","isPartOf":{"@id":"https:\/\/akunq.net\/tr\/#website"},"primaryImageOfPage":{"@id":"https:\/\/akunq.net\/tr\/?p=26024#primaryimage"},"image":{"@id":"https:\/\/akunq.net\/tr\/?p=26024#primaryimage"},"thumbnailUrl":"http:\/\/akunq.net\/tr\/wp-content\/uploads\/2013\/10\/Akhtamar-300x454.jpg","datePublished":"2013-10-09T09:28:24+00:00","dateModified":"2013-10-09T09:30:08+00:00","author":{"@id":"https:\/\/akunq.net\/tr\/#\/schema\/person\/096f1d38a12cce57fb855b485ed24c9e"},"breadcrumb":{"@id":"https:\/\/akunq.net\/tr\/?p=26024#breadcrumb"},"inLanguage":"en-US","potentialAction":[{"@type":"ReadAction","target":["https:\/\/akunq.net\/tr\/?p=26024"]}]},{"@type":"ImageObject","inLanguage":"en-US","@id":"https:\/\/akunq.net\/tr\/?p=26024#primaryimage","url":"https:\/\/akunq.net\/tr\/wp-content\/uploads\/sites\/6\/2013\/10\/Akhtamar.jpg","contentUrl":"https:\/\/akunq.net\/tr\/wp-content\/uploads\/sites\/6\/2013\/10\/Akhtamar.jpg","width":1122,"height":1698},{"@type":"BreadcrumbList","@id":"https:\/\/akunq.net\/tr\/?p=26024#breadcrumb","itemListElement":[{"@type":"ListItem","position":1,"name":"Home","item":"https:\/\/akunq.net\/tr"},{"@type":"ListItem","position":2,"name":"Ba\u015fbakan Erdo\u011fan, &#8216;Paket ne ilktir ne de sondur&#8217;"}]},{"@type":"WebSite","@id":"https:\/\/akunq.net\/tr\/#website","url":"https:\/\/akunq.net\/tr\/","name":"Bati Ermenistan Ve Bati Ermenileri Sorunlari Ara\u015ftirmalar Merkezi","description":"","potentialAction":[{"@type":"SearchAction","target":{"@type":"EntryPoint","urlTemplate":"https:\/\/akunq.net\/tr\/?s={search_term_string}"},"query-input":{"@type":"PropertyValueSpecification","valueRequired":true,"valueName":"search_term_string"}}],"inLanguage":"en-US"},{"@type":"Person","@id":"https:\/\/akunq.net\/tr\/#\/schema\/person\/096f1d38a12cce57fb855b485ed24c9e","name":"admin","url":"https:\/\/akunq.net\/tr\/?author=7"}]}},"_links":{"self":[{"href":"https:\/\/akunq.net\/tr\/index.php?rest_route=\/wp\/v2\/posts\/26024","targetHints":{"allow":["GET"]}}],"collection":[{"href":"https:\/\/akunq.net\/tr\/index.php?rest_route=\/wp\/v2\/posts"}],"about":[{"href":"https:\/\/akunq.net\/tr\/index.php?rest_route=\/wp\/v2\/types\/post"}],"author":[{"embeddable":true,"href":"https:\/\/akunq.net\/tr\/index.php?rest_route=\/wp\/v2\/users\/7"}],"replies":[{"embeddable":true,"href":"https:\/\/akunq.net\/tr\/index.php?rest_route=%2Fwp%2Fv2%2Fcomments&post=26024"}],"version-history":[{"count":4,"href":"https:\/\/akunq.net\/tr\/index.php?rest_route=\/wp\/v2\/posts\/26024\/revisions"}],"predecessor-version":[{"id":26030,"href":"https:\/\/akunq.net\/tr\/index.php?rest_route=\/wp\/v2\/posts\/26024\/revisions\/26030"}],"wp:attachment":[{"href":"https:\/\/akunq.net\/tr\/index.php?rest_route=%2Fwp%2Fv2%2Fmedia&parent=26024"}],"wp:term":[{"taxonomy":"category","embeddable":true,"href":"https:\/\/akunq.net\/tr\/index.php?rest_route=%2Fwp%2Fv2%2Fcategories&post=26024"},{"taxonomy":"post_tag","embeddable":true,"href":"https:\/\/akunq.net\/tr\/index.php?rest_route=%2Fwp%2Fv2%2Ftags&post=26024"}],"curies":[{"name":"wp","href":"https:\/\/api.w.org\/{rel}","templated":true}]}}