{"id":26007,"date":"2013-10-09T02:46:24","date_gmt":"2013-10-09T07:46:24","guid":{"rendered":"http:\/\/akunq.net\/tr\/?p=26007"},"modified":"2013-10-09T02:47:01","modified_gmt":"2013-10-09T07:47:01","slug":"ocalan-bu-paket-bizimle-ilgili-degildir","status":"publish","type":"post","link":"https:\/\/akunq.net\/tr\/?p=26007","title":{"rendered":"\u00d6calan: Bu paket bizimle ilgili de\u011fildir"},"content":{"rendered":"<p style=\"text-align: justify;\"><b><i><a href=\"http:\/\/akunq.net\/tr\/wp-content\/uploads\/2013\/10\/Mehmet-\u00d6calan.jpg\"><img loading=\"lazy\" decoding=\"async\" class=\"alignright size-medium wp-image-26008\" alt=\"Mehmet \u00d6calan\" src=\"http:\/\/akunq.net\/tr\/wp-content\/uploads\/2013\/10\/Mehmet-\u00d6calan-300x200.jpg\" width=\"300\" height=\"200\" srcset=\"https:\/\/akunq.net\/tr\/wp-content\/uploads\/sites\/6\/2013\/10\/Mehmet-\u00d6calan-300x200.jpg 300w, https:\/\/akunq.net\/tr\/wp-content\/uploads\/sites\/6\/2013\/10\/Mehmet-\u00d6calan.jpg 480w\" sizes=\"auto, (max-width: 300px) 100vw, 300px\" \/><\/a>Mehmet \u00d6calan, d\u00fcn \u0130mral\u0131 Adas\u0131&#8217;nda yapt\u0131klar\u0131 g\u00f6r\u00fc\u015fmede, a\u011fabeyi Abdullah \u00d6calan&#8217;\u0131n hem devam eden &#8220;demokratik \u00e7\u00f6z\u00fcm&#8221; s\u00fcrecine, hem de yakla\u015fan yerel se\u00e7imlere ili\u015fkin de\u011ferlendirmelerini aktard\u0131.<\/i><\/b><\/p>\n<p style=\"text-align: justify;\"><b>Radikal.com.tr &#8211; <\/b>Mehmet \u00d6calan, a\u011fabeyi Abdullah \u00d6calan\u2019la d\u00fcn \u0130mral\u0131 Adas\u0131\u2019nda yapt\u0131klar\u0131 g\u00f6r\u00fc\u015fmenin ayr\u0131nt\u0131lar\u0131n\u0131 aktard\u0131. G\u00f6r\u00fc\u015fmede \u00d6calan&#8217;\u0131n hem devam eden &#8220;demokratik \u00e7\u00f6z\u00fcm&#8221; s\u00fcrecine, hem de yakla\u015fan yerel se\u00e7imlere ili\u015fkin de\u011ferlendirmelerde bulundu\u011funu s\u00f6yleyen Mehmet \u00d6calan, a\u011fabeyinin sa\u011fl\u0131k durumunun iyi oldu\u011funu, s\u00fcrece ili\u015fkin ise \u00f6n\u00fcn\u00fcn a\u00e7\u0131lmad\u0131\u011f\u0131 takdirde \u00e7ekilebilece\u011fini s\u00f6yledi\u011fini kaydetti.<\/p>\n<p style=\"text-align: justify;\">Dicle <a href=\"http:\/\/www.radikal.com.tr\/\">Haber<\/a> Ajans\u0131\u2019na (D\u0130HA) konu\u015fan Mehmet \u00d6calan, <a href=\"http:\/\/www.radikal.com.tr\/index\/PKK\">PKK<\/a> lideri Abdullah \u00d6calan&#8217;\u0131n s\u00fcrece ili\u015fkin b\u00fct\u00fcn d\u00fc\u015f\u00fcncelerini kendileriyle g\u00f6r\u00fc\u015fmeyi bekledi\u011fi devlet ve <a href=\"http:\/\/www.radikal.com.tr\/index\/BDP\">BDP<\/a> heyetinin gelmesi durumunda 15 Ekim&#8217;de a\u00e7\u0131klayaca\u011f\u0131n\u0131 belirtti\u011fini s\u00f6yledi. Mehmet \u00d6calan, \u00d6calan&#8217;\u0131n <a href=\"http:\/\/www.radikal.com.tr\/index\/Recep-Tayyip-Erdogan\">Ba\u015fbakan Erdo\u011fan<\/a> taraf\u0131ndan ge\u00e7ti\u011fimiz hafta a\u00e7\u0131klanan &#8220;demokratikle\u015fme paketi&#8221;ne ili\u015fkin olarak ise, &#8220;Bu paketin haz\u0131rl\u0131k a\u015famas\u0131nda da, haz\u0131rland\u0131\u011f\u0131nda da paketle bir ilgimiz olmad\u0131. Paketi h\u00fck\u00fcmet ve devlet haz\u0131rlam\u0131\u015ft\u0131r. Bizimle ilgili bir durum de\u011fildi. H\u00fck\u00fcmet paketi haz\u0131rlam\u0131\u015f ve a\u00e7\u0131klam\u0131\u015ft\u0131r. Paket benim d\u0131\u015f\u0131mdad\u0131r&#8221; dedi\u011fini s\u00f6yledi.<\/p>\n<p style=\"text-align: justify;\"><b>15 EK\u0130M&#8217;DE D\u00dc\u015e\u00dcNCELER\u0130M\u0130 A\u00c7IKLAYACA\u011eIM<\/b><br \/>\nMehmet \u00d6calan, a\u011fabeyinin s\u00f6zlerini \u015f\u00f6yle aktard\u0131:<br \/>\n\u201c8-9 ayl\u0131k s\u00fcre\u00e7 boyunca vicdanen rahat\u0131z. Bu s\u00fcre\u00e7 i\u00e7erisinde asker \u00f6l\u00fcm\u00fc de, gerilla \u00f6l\u00fcm\u00fc de ya\u015fanmam\u0131\u015ft\u0131r. Bundan memnunuz. Ama s\u00fcre\u00e7 ba\u015flad\u0131\u011f\u0131 g\u00fcnden bu yana bizim a\u00e7\u0131m\u0131zdan ilerlememi\u015ftir. Bu s\u00fcrecin tek tarafl\u0131 ilerlemesi zor. Devlet ve h\u00fck\u00fcmet taraf\u0131ndan s\u00fcrecin \u00f6n\u00fcn\u00fcn a\u00e7\u0131lmas\u0131 gerekiyor. Ben d\u00fc\u015f\u00fcncelerimi 15 Ekim&#8217;de a\u00e7\u0131klayaca\u011f\u0131m. \u00d6n\u00fcm\u00fczdeki haftalarda devlet heyeti de, BDP heyeti de gelebilir. Geldikleri zaman d\u00fc\u015f\u00fcncelerimi b\u00fct\u00fcn\u00fcyle onlara aktaraca\u011f\u0131m. \u0130nsan\u0131n bir yere kadar g\u00fcc\u00fc olabilir. Ben de belki 15 Ekim&#8217;e kadar getirebilirim. Bundan sonra s\u00fcre\u00e7 devam eder mi, etmez mi o beni a\u015fan bir durumdur. D\u00fc\u015f\u00fcncelerimi 15 Ekim&#8217;de a\u00e7\u0131klar\u0131m. S\u00fcre\u00e7te \u00f6n\u00fcm a\u00e7\u0131lmad\u0131. \u00d6n\u00fcm\u00fcn a\u00e7\u0131lmas\u0131 gerekirdi. Geli\u015fmelerin olmas\u0131 gerekirdi. \u00d6n\u00fcm a\u00e7\u0131lmazsa benim yapabileceklerim buraya kadard\u0131r. Bu \u015fekilde s\u00fcrerse \u00e7ekilebilirim. Tabi ondan sonra s\u00fcre\u00e7 kimin \u00fczerinden gider bilemiyorum. Devam ederse BDP vard\u0131r, Kandil vard\u0131r.\u201d<\/p>\n<p style=\"text-align: justify;\"><b>BELED\u0130YELERE \u2018E\u015e BA\u015eKANLIK\u2019 \u00d6NER\u0130S\u0130<\/b><br \/>\nMehmet \u00d6calan, Abdullah \u00d6calan&#8217;\u0131n yakla\u015fan yerel se\u00e7imlere ili\u015fkin de\u011ferlendirmeleri i\u00e7inse \u015funlar\u0131 aktard\u0131:<br \/>\n\u201cBelli \u015fahsiyetler kalabilirler, ama bu s\u00fcre\u00e7 art\u0131k halk\u0131n da dedi\u011fi gibi ki\u015filer ve \u015fahsiyetler \u00fczerinden gitmemeli. Bir belediye ba\u015fkan\u0131 ya da bir belediye enc\u00fcmeni tek ba\u015f\u0131na kararlar vermemeli, kararlar toplumsal olarak verilmeli. Altyap\u0131s\u0131 kom\u00fcnal bi\u00e7imde \u00f6rg\u00fctlenmeli. Halk belediyeleri denetlemeli. Belediyeler de e\u015f ba\u015fkanl\u0131k sistemi ile y\u00f6netilmeli ve \u015fahsiyetler \u00fczerinden de\u011fil, halkla birlikte y\u00f6netilmelidir.&#8221;<\/p>\n<p style=\"text-align: justify;\"><b><i>http:\/\/www.radikal.com.tr\/turkiye\/ocalan_bu_paket_bizimle_ilgili_degildir-1154659<\/i><\/b><\/p>\n","protected":false},"excerpt":{"rendered":"<p>Mehmet \u00d6calan, d\u00fcn \u0130mral\u0131 Adas\u0131&#8217;nda yapt\u0131klar\u0131 g\u00f6r\u00fc\u015fmede, a\u011fabeyi Abdullah \u00d6calan&#8217;\u0131n hem devam eden &#8220;demokratik \u00e7\u00f6z\u00fcm&#8221; s\u00fcrecine, hem de yakla\u015fan yerel se\u00e7imlere ili\u015fkin de\u011ferlendirmelerini aktard\u0131. Radikal.com.tr &#8211; Mehmet \u00d6calan, a\u011fabeyi Abdullah \u00d6calan\u2019la d\u00fcn \u0130mral\u0131 Adas\u0131\u2019nda yapt\u0131klar\u0131 g\u00f6r\u00fc\u015fmenin ayr\u0131nt\u0131lar\u0131n\u0131 aktard\u0131. G\u00f6r\u00fc\u015fmede \u00d6calan&#8217;\u0131n hem devam eden &#8220;demokratik \u00e7\u00f6z\u00fcm&#8221; s\u00fcrecine, hem de yakla\u015fan yerel se\u00e7imlere ili\u015fkin de\u011ferlendirmelerde bulundu\u011funu s\u00f6yleyen [&hellip;]<\/p>\n","protected":false},"author":7,"featured_media":0,"comment_status":"open","ping_status":"open","sticky":false,"template":"","format":"standard","meta":{"footnotes":""},"categories":[1],"tags":[],"class_list":["post-26007","post","type-post","status-publish","format-standard","hentry","category-haberler"],"yoast_head":"<!-- This site is optimized with the Yoast SEO plugin v27.4 - https:\/\/yoast.com\/product\/yoast-seo-wordpress\/ -->\n<title>\u00d6calan: Bu paket bizimle ilgili de\u011fildir - Bati Ermenistan Ve Bati Ermenileri Sorunlari Ara\u015ftirmalar Merkezi<\/title>\n<meta name=\"robots\" content=\"index, follow, max-snippet:-1, max-image-preview:large, max-video-preview:-1\" \/>\n<link rel=\"canonical\" href=\"https:\/\/akunq.net\/tr\/?p=26007\" \/>\n<meta property=\"og:locale\" content=\"en_US\" \/>\n<meta property=\"og:type\" content=\"article\" \/>\n<meta property=\"og:title\" content=\"\u00d6calan: Bu paket bizimle ilgili de\u011fildir - Bati Ermenistan Ve Bati Ermenileri Sorunlari Ara\u015ftirmalar Merkezi\" \/>\n<meta property=\"og:description\" content=\"Mehmet \u00d6calan, d\u00fcn \u0130mral\u0131 Adas\u0131&#8217;nda yapt\u0131klar\u0131 g\u00f6r\u00fc\u015fmede, a\u011fabeyi Abdullah \u00d6calan&#8217;\u0131n hem devam eden &#8220;demokratik \u00e7\u00f6z\u00fcm&#8221; s\u00fcrecine, hem de yakla\u015fan yerel se\u00e7imlere ili\u015fkin de\u011ferlendirmelerini aktard\u0131. Radikal.com.tr &#8211; Mehmet \u00d6calan, a\u011fabeyi Abdullah \u00d6calan\u2019la d\u00fcn \u0130mral\u0131 Adas\u0131\u2019nda yapt\u0131klar\u0131 g\u00f6r\u00fc\u015fmenin ayr\u0131nt\u0131lar\u0131n\u0131 aktard\u0131. G\u00f6r\u00fc\u015fmede \u00d6calan&#8217;\u0131n hem devam eden &#8220;demokratik \u00e7\u00f6z\u00fcm&#8221; s\u00fcrecine, hem de yakla\u015fan yerel se\u00e7imlere ili\u015fkin de\u011ferlendirmelerde bulundu\u011funu s\u00f6yleyen [&hellip;]\" \/>\n<meta property=\"og:url\" content=\"https:\/\/akunq.net\/tr\/?p=26007\" \/>\n<meta property=\"og:site_name\" content=\"Bati Ermenistan Ve Bati Ermenileri Sorunlari Ara\u015ftirmalar Merkezi\" \/>\n<meta property=\"article:published_time\" content=\"2013-10-09T07:46:24+00:00\" \/>\n<meta property=\"article:modified_time\" content=\"2013-10-09T07:47:01+00:00\" \/>\n<meta name=\"author\" content=\"admin\" \/>\n<meta name=\"twitter:card\" content=\"summary_large_image\" \/>\n<meta name=\"twitter:label1\" content=\"Written by\" \/>\n\t<meta name=\"twitter:data1\" content=\"admin\" \/>\n\t<meta name=\"twitter:label2\" content=\"Est. reading time\" \/>\n\t<meta name=\"twitter:data2\" content=\"3 minutes\" \/>\n<script type=\"application\/ld+json\" class=\"yoast-schema-graph\">{\"@context\":\"https:\\\/\\\/schema.org\",\"@graph\":[{\"@type\":\"Article\",\"@id\":\"https:\\\/\\\/akunq.net\\\/tr\\\/?p=26007#article\",\"isPartOf\":{\"@id\":\"https:\\\/\\\/akunq.net\\\/tr\\\/?p=26007\"},\"author\":{\"name\":\"admin\",\"@id\":\"https:\\\/\\\/akunq.net\\\/tr\\\/#\\\/schema\\\/person\\\/096f1d38a12cce57fb855b485ed24c9e\"},\"headline\":\"\u00d6calan: Bu paket bizimle ilgili de\u011fildir\",\"datePublished\":\"2013-10-09T07:46:24+00:00\",\"dateModified\":\"2013-10-09T07:47:01+00:00\",\"mainEntityOfPage\":{\"@id\":\"https:\\\/\\\/akunq.net\\\/tr\\\/?p=26007\"},\"wordCount\":547,\"commentCount\":0,\"articleSection\":[\"Haberler\"],\"inLanguage\":\"en-US\",\"potentialAction\":[{\"@type\":\"CommentAction\",\"name\":\"Comment\",\"target\":[\"https:\\\/\\\/akunq.net\\\/tr\\\/?p=26007#respond\"]}]},{\"@type\":\"WebPage\",\"@id\":\"https:\\\/\\\/akunq.net\\\/tr\\\/?p=26007\",\"url\":\"https:\\\/\\\/akunq.net\\\/tr\\\/?p=26007\",\"name\":\"\u00d6calan: Bu paket bizimle ilgili de\u011fildir - Bati Ermenistan Ve Bati Ermenileri Sorunlari Ara\u015ftirmalar Merkezi\",\"isPartOf\":{\"@id\":\"https:\\\/\\\/akunq.net\\\/tr\\\/#website\"},\"datePublished\":\"2013-10-09T07:46:24+00:00\",\"dateModified\":\"2013-10-09T07:47:01+00:00\",\"author\":{\"@id\":\"https:\\\/\\\/akunq.net\\\/tr\\\/#\\\/schema\\\/person\\\/096f1d38a12cce57fb855b485ed24c9e\"},\"breadcrumb\":{\"@id\":\"https:\\\/\\\/akunq.net\\\/tr\\\/?p=26007#breadcrumb\"},\"inLanguage\":\"en-US\",\"potentialAction\":[{\"@type\":\"ReadAction\",\"target\":[\"https:\\\/\\\/akunq.net\\\/tr\\\/?p=26007\"]}]},{\"@type\":\"BreadcrumbList\",\"@id\":\"https:\\\/\\\/akunq.net\\\/tr\\\/?p=26007#breadcrumb\",\"itemListElement\":[{\"@type\":\"ListItem\",\"position\":1,\"name\":\"Home\",\"item\":\"https:\\\/\\\/akunq.net\\\/tr\"},{\"@type\":\"ListItem\",\"position\":2,\"name\":\"\u00d6calan: Bu paket bizimle ilgili de\u011fildir\"}]},{\"@type\":\"WebSite\",\"@id\":\"https:\\\/\\\/akunq.net\\\/tr\\\/#website\",\"url\":\"https:\\\/\\\/akunq.net\\\/tr\\\/\",\"name\":\"Bati Ermenistan Ve Bati Ermenileri Sorunlari Ara\u015ftirmalar Merkezi\",\"description\":\"\",\"potentialAction\":[{\"@type\":\"SearchAction\",\"target\":{\"@type\":\"EntryPoint\",\"urlTemplate\":\"https:\\\/\\\/akunq.net\\\/tr\\\/?s={search_term_string}\"},\"query-input\":{\"@type\":\"PropertyValueSpecification\",\"valueRequired\":true,\"valueName\":\"search_term_string\"}}],\"inLanguage\":\"en-US\"},{\"@type\":\"Person\",\"@id\":\"https:\\\/\\\/akunq.net\\\/tr\\\/#\\\/schema\\\/person\\\/096f1d38a12cce57fb855b485ed24c9e\",\"name\":\"admin\",\"url\":\"https:\\\/\\\/akunq.net\\\/tr\\\/?author=7\"}]}<\/script>\n<!-- \/ Yoast SEO plugin. -->","yoast_head_json":{"title":"\u00d6calan: Bu paket bizimle ilgili de\u011fildir - Bati Ermenistan Ve Bati Ermenileri Sorunlari Ara\u015ftirmalar Merkezi","robots":{"index":"index","follow":"follow","max-snippet":"max-snippet:-1","max-image-preview":"max-image-preview:large","max-video-preview":"max-video-preview:-1"},"canonical":"https:\/\/akunq.net\/tr\/?p=26007","og_locale":"en_US","og_type":"article","og_title":"\u00d6calan: Bu paket bizimle ilgili de\u011fildir - Bati Ermenistan Ve Bati Ermenileri Sorunlari Ara\u015ftirmalar Merkezi","og_description":"Mehmet \u00d6calan, d\u00fcn \u0130mral\u0131 Adas\u0131&#8217;nda yapt\u0131klar\u0131 g\u00f6r\u00fc\u015fmede, a\u011fabeyi Abdullah \u00d6calan&#8217;\u0131n hem devam eden &#8220;demokratik \u00e7\u00f6z\u00fcm&#8221; s\u00fcrecine, hem de yakla\u015fan yerel se\u00e7imlere ili\u015fkin de\u011ferlendirmelerini aktard\u0131. Radikal.com.tr &#8211; Mehmet \u00d6calan, a\u011fabeyi Abdullah \u00d6calan\u2019la d\u00fcn \u0130mral\u0131 Adas\u0131\u2019nda yapt\u0131klar\u0131 g\u00f6r\u00fc\u015fmenin ayr\u0131nt\u0131lar\u0131n\u0131 aktard\u0131. G\u00f6r\u00fc\u015fmede \u00d6calan&#8217;\u0131n hem devam eden &#8220;demokratik \u00e7\u00f6z\u00fcm&#8221; s\u00fcrecine, hem de yakla\u015fan yerel se\u00e7imlere ili\u015fkin de\u011ferlendirmelerde bulundu\u011funu s\u00f6yleyen [&hellip;]","og_url":"https:\/\/akunq.net\/tr\/?p=26007","og_site_name":"Bati Ermenistan Ve Bati Ermenileri Sorunlari Ara\u015ftirmalar Merkezi","article_published_time":"2013-10-09T07:46:24+00:00","article_modified_time":"2013-10-09T07:47:01+00:00","author":"admin","twitter_card":"summary_large_image","twitter_misc":{"Written by":"admin","Est. reading time":"3 minutes"},"schema":{"@context":"https:\/\/schema.org","@graph":[{"@type":"Article","@id":"https:\/\/akunq.net\/tr\/?p=26007#article","isPartOf":{"@id":"https:\/\/akunq.net\/tr\/?p=26007"},"author":{"name":"admin","@id":"https:\/\/akunq.net\/tr\/#\/schema\/person\/096f1d38a12cce57fb855b485ed24c9e"},"headline":"\u00d6calan: Bu paket bizimle ilgili de\u011fildir","datePublished":"2013-10-09T07:46:24+00:00","dateModified":"2013-10-09T07:47:01+00:00","mainEntityOfPage":{"@id":"https:\/\/akunq.net\/tr\/?p=26007"},"wordCount":547,"commentCount":0,"articleSection":["Haberler"],"inLanguage":"en-US","potentialAction":[{"@type":"CommentAction","name":"Comment","target":["https:\/\/akunq.net\/tr\/?p=26007#respond"]}]},{"@type":"WebPage","@id":"https:\/\/akunq.net\/tr\/?p=26007","url":"https:\/\/akunq.net\/tr\/?p=26007","name":"\u00d6calan: Bu paket bizimle ilgili de\u011fildir - Bati Ermenistan Ve Bati Ermenileri Sorunlari Ara\u015ftirmalar Merkezi","isPartOf":{"@id":"https:\/\/akunq.net\/tr\/#website"},"datePublished":"2013-10-09T07:46:24+00:00","dateModified":"2013-10-09T07:47:01+00:00","author":{"@id":"https:\/\/akunq.net\/tr\/#\/schema\/person\/096f1d38a12cce57fb855b485ed24c9e"},"breadcrumb":{"@id":"https:\/\/akunq.net\/tr\/?p=26007#breadcrumb"},"inLanguage":"en-US","potentialAction":[{"@type":"ReadAction","target":["https:\/\/akunq.net\/tr\/?p=26007"]}]},{"@type":"BreadcrumbList","@id":"https:\/\/akunq.net\/tr\/?p=26007#breadcrumb","itemListElement":[{"@type":"ListItem","position":1,"name":"Home","item":"https:\/\/akunq.net\/tr"},{"@type":"ListItem","position":2,"name":"\u00d6calan: Bu paket bizimle ilgili de\u011fildir"}]},{"@type":"WebSite","@id":"https:\/\/akunq.net\/tr\/#website","url":"https:\/\/akunq.net\/tr\/","name":"Bati Ermenistan Ve Bati Ermenileri Sorunlari Ara\u015ftirmalar Merkezi","description":"","potentialAction":[{"@type":"SearchAction","target":{"@type":"EntryPoint","urlTemplate":"https:\/\/akunq.net\/tr\/?s={search_term_string}"},"query-input":{"@type":"PropertyValueSpecification","valueRequired":true,"valueName":"search_term_string"}}],"inLanguage":"en-US"},{"@type":"Person","@id":"https:\/\/akunq.net\/tr\/#\/schema\/person\/096f1d38a12cce57fb855b485ed24c9e","name":"admin","url":"https:\/\/akunq.net\/tr\/?author=7"}]}},"_links":{"self":[{"href":"https:\/\/akunq.net\/tr\/index.php?rest_route=\/wp\/v2\/posts\/26007","targetHints":{"allow":["GET"]}}],"collection":[{"href":"https:\/\/akunq.net\/tr\/index.php?rest_route=\/wp\/v2\/posts"}],"about":[{"href":"https:\/\/akunq.net\/tr\/index.php?rest_route=\/wp\/v2\/types\/post"}],"author":[{"embeddable":true,"href":"https:\/\/akunq.net\/tr\/index.php?rest_route=\/wp\/v2\/users\/7"}],"replies":[{"embeddable":true,"href":"https:\/\/akunq.net\/tr\/index.php?rest_route=%2Fwp%2Fv2%2Fcomments&post=26007"}],"version-history":[{"count":2,"href":"https:\/\/akunq.net\/tr\/index.php?rest_route=\/wp\/v2\/posts\/26007\/revisions"}],"predecessor-version":[{"id":26010,"href":"https:\/\/akunq.net\/tr\/index.php?rest_route=\/wp\/v2\/posts\/26007\/revisions\/26010"}],"wp:attachment":[{"href":"https:\/\/akunq.net\/tr\/index.php?rest_route=%2Fwp%2Fv2%2Fmedia&parent=26007"}],"wp:term":[{"taxonomy":"category","embeddable":true,"href":"https:\/\/akunq.net\/tr\/index.php?rest_route=%2Fwp%2Fv2%2Fcategories&post=26007"},{"taxonomy":"post_tag","embeddable":true,"href":"https:\/\/akunq.net\/tr\/index.php?rest_route=%2Fwp%2Fv2%2Ftags&post=26007"}],"curies":[{"name":"wp","href":"https:\/\/api.w.org\/{rel}","templated":true}]}}