{"id":25997,"date":"2013-10-08T02:51:14","date_gmt":"2013-10-08T07:51:14","guid":{"rendered":"http:\/\/akunq.net\/tr\/?p=25997"},"modified":"2013-10-08T02:51:14","modified_gmt":"2013-10-08T07:51:14","slug":"ermenistan-siniri-gizlice-satiliyor","status":"publish","type":"post","link":"https:\/\/akunq.net\/tr\/?p=25997","title":{"rendered":"Ermenistan s\u0131n\u0131r\u0131 gizlice sat\u0131l\u0131yor"},"content":{"rendered":"<p style=\"text-align: justify;\"><b><i><a href=\"http:\/\/akunq.net\/tr\/wp-content\/uploads\/2013\/10\/Ermenistan-s\u0131n\u0131r\u0131-gizlice-sat\u0131l\u0131yor.jpg\"><img loading=\"lazy\" decoding=\"async\" class=\"alignright size-full wp-image-25998\" alt=\"Ermenistan s\u0131n\u0131r\u0131 gizlice sat\u0131l\u0131yor\" src=\"http:\/\/akunq.net\/tr\/wp-content\/uploads\/2013\/10\/Ermenistan-s\u0131n\u0131r\u0131-gizlice-sat\u0131l\u0131yor.jpg\" width=\"220\" height=\"180\" \/><\/a>H\u00fck\u00fcmet, askeri yasak b\u00f6lgeyi &#8216;tar\u0131m faaliyeti a\u00e7ma&#8217; ad\u0131 alt\u0131nda 30 y\u0131ll\u0131\u011f\u0131na kiraya \u00e7\u0131kard\u0131.<\/i><\/b><\/p>\n<p style=\"text-align: justify;\"><b>Yurt &#8211;<\/b> H\u00fck\u00fcmet, Ermenistan, \u0130ran, Nahc\u0131van ve T\u00fcrkiye aras\u0131ndaki askeri yasak b\u00f6lgeyi &#8216;tar\u0131m faaliyeti a\u00e7ma&#8217; ad\u0131 alt\u0131nda 30 y\u0131ll\u0131\u011f\u0131na kiraya \u00e7\u0131kard\u0131.<br \/>\nAKP H\u00fck\u00fcmeti T\u00fcrkiye&#8217;nin Ermenistan, \u0130ran, Nahc\u0131van aras\u0131ndaki s\u0131n\u0131rda kritik askeri yasak b\u00f6lgede yer alan 75 bin dekarl\u0131k araziyi &#8221;tar\u0131msal faaliyete a\u00e7ma&#8221; ad\u0131 alt\u0131nda 30 y\u0131ll\u0131\u011f\u0131na \u00f6zel sekt\u00f6re kiraya \u00e7\u0131kard\u0131.<br \/>\nTar\u0131m Bakanl\u0131\u011f\u0131&#8217;na ba\u011fl\u0131 Tar\u0131m \u0130\u015fletmeleri Genel M\u00fcd\u00fcrl\u00fc\u011f\u00fc&#8217;n\u00fcn davet ilan\u0131nda kurulacak ortakl\u0131kta, i\u015ftirak\u00e7i \u00f6zel sekt\u00f6r\u00fcn pay\u0131n\u0131n y\u00fczde 65&#8217;ten az olamayaca\u011f\u0131 ve T\u0130GEM pay\u0131n\u0131n da y\u00fczde 15-25 aras\u0131 olabilece\u011fi belirtiliyor. T\u0130GEM ilan\u0131nda ba\u015fvurular\u0131n 6\/12\/2013 saat 17:00&#8217;ye kadar yap\u0131lmas\u0131 isteniyor.<b><br \/>\n90 B\u0130N DEKARI ASKER\u0130 B\u00d6LGE<\/b><br \/>\nT\u00fcrkiye&#8217;nin en do\u011fu ucunda bulunan T\u0130GEM Kaz\u0131m Karabekir \u0130\u015fletmesi I\u011fd\u0131r&#8217;\u0131n Aral\u0131k \u0130l\u00e7esi&#8217;ne ba\u011fl\u0131 Dilovas\u0131 (Dilucu) b\u00f6lgesinde yer al\u0131yor. 118 bin dekarl\u0131k i\u015fletmenin 90 bin dekarl\u0131k b\u00f6l\u00fcm\u00fc Dilovas\u0131 i\u00e7inde ve ayn\u0131 zamanda askeri yasak b\u00f6lge konumunda. Devlet \u00dcretme \u00c7iftlikleri&#8217;ne (D\u00dc\u00c7) ba\u011fl\u0131 olarak 1953&#8217;te kurulan i\u015fletme 1983&#8217;te Kaz\u0131m Karabekir Tar\u0131m \u0130\u015fletmesi ad\u0131 alt\u0131nda T\u0130GEM&#8217;e ba\u011flan\u0131yor. \u0130\u015fletmede esas olarak hayvanc\u0131l\u0131k, tohumlama ve koyun \u0131slah\u0131 gibi faaliyetler yap\u0131l\u0131yor ve toplam 120 civar\u0131nda personel \u00e7al\u0131\u015f\u0131yor.<b><br \/>\n\u0130LG\u0130N\u00c7 MADDE<\/b><br \/>\n\u00d6zel sekt\u00f6re davet ilan\u0131n\u0131n VI-k maddesinde i\u015fletme hudut b\u00f6lgesinde yer ald\u0131\u011f\u0131ndan Askeri Yasak B\u00f6lgeler Kanun ve Y\u00f6netmeli\u011fi esaslar\u0131na uyulmas\u0131 gerekece\u011fi de a\u00e7\u0131k\u00e7a belirtiliyor. \u0130lan\u0131n giri\u015f b\u00f6l\u00fcm\u00fcnde 75 bin dekarl\u0131k arazinin &#8221;tar\u0131msal faaliyette bulunmak \u00fczere&#8221; \u00f6zel sekt\u00f6re a\u00e7\u0131ld\u0131\u011f\u0131 belirtilirken, VI-m maddesinde bu sahada &#8221;yeni tar\u0131m alan\u0131 a\u00e7\u0131lmamas\u0131&#8221; \u015fart\u0131 getiriliyor.<br \/>\nBu b\u00f6lgenin uzun s\u00fcredir \u00f6zellikle ABD&#8217;de ya\u015fayan Ermenilerin ilgi alan\u0131 i\u00e7inde oldu\u011fu biliniyor. Ge\u00e7mi\u015fte baz\u0131 ABD tar\u0131m firmalar\u0131 da, b\u00f6lgenin tar\u0131msal faaliyete a\u00e7\u0131lmas\u0131 halinde yat\u0131r\u0131m\u0131 d\u00fc\u015f\u00fcnebileceklerini belirtmi\u015flerdi.<br \/>\n<b>NEDEN KAZIM KARABEK\u0130R DEN\u0130YOR?<\/b><br \/>\nTar\u0131m \u0130\u015fletmesi&#8217;ne Kaz\u0131m Karabekir ad\u0131 verilmesinin, Karabekir&#8217;in 1917 ve 1920 y\u0131llar\u0131nda iki kez Ermenistan&#8217;a y\u00f6nelik olarak bu b\u00f6lgelerde yapt\u0131\u011f\u0131 askeri harekatlardaki ba\u015far\u0131s\u0131ndan kaynakland\u0131\u011f\u0131 kaydediliyor.<\/p>\n<p style=\"text-align: justify;\"><b><i><a href=\"http:\/\/www.gercekgundem.com\/?p=570423\">http:\/\/www.gercekgundem.com\/?p=570423<\/a><\/i><\/b><\/p>\n","protected":false},"excerpt":{"rendered":"<p>H\u00fck\u00fcmet, askeri yasak b\u00f6lgeyi &#8216;tar\u0131m faaliyeti a\u00e7ma&#8217; ad\u0131 alt\u0131nda 30 y\u0131ll\u0131\u011f\u0131na kiraya \u00e7\u0131kard\u0131. Yurt &#8211; H\u00fck\u00fcmet, Ermenistan, \u0130ran, Nahc\u0131van ve T\u00fcrkiye aras\u0131ndaki askeri yasak b\u00f6lgeyi &#8216;tar\u0131m faaliyeti a\u00e7ma&#8217; ad\u0131 alt\u0131nda 30 y\u0131ll\u0131\u011f\u0131na kiraya \u00e7\u0131kard\u0131. AKP H\u00fck\u00fcmeti T\u00fcrkiye&#8217;nin Ermenistan, \u0130ran, Nahc\u0131van aras\u0131ndaki s\u0131n\u0131rda kritik askeri yasak b\u00f6lgede yer alan 75 bin dekarl\u0131k araziyi &#8221;tar\u0131msal faaliyete a\u00e7ma&#8221; [&hellip;]<\/p>\n","protected":false},"author":7,"featured_media":0,"comment_status":"open","ping_status":"open","sticky":false,"template":"","format":"standard","meta":{"footnotes":""},"categories":[1],"tags":[],"class_list":["post-25997","post","type-post","status-publish","format-standard","hentry","category-haberler"],"yoast_head":"<!-- This site is optimized with the Yoast SEO plugin v27.4 - https:\/\/yoast.com\/product\/yoast-seo-wordpress\/ -->\n<title>Ermenistan s\u0131n\u0131r\u0131 gizlice sat\u0131l\u0131yor - Bati Ermenistan Ve Bati Ermenileri Sorunlari Ara\u015ftirmalar Merkezi<\/title>\n<meta name=\"robots\" content=\"index, follow, max-snippet:-1, max-image-preview:large, max-video-preview:-1\" \/>\n<link rel=\"canonical\" href=\"https:\/\/akunq.net\/tr\/?p=25997\" \/>\n<meta property=\"og:locale\" content=\"en_US\" \/>\n<meta property=\"og:type\" content=\"article\" \/>\n<meta property=\"og:title\" content=\"Ermenistan s\u0131n\u0131r\u0131 gizlice sat\u0131l\u0131yor - Bati Ermenistan Ve Bati Ermenileri Sorunlari Ara\u015ftirmalar Merkezi\" \/>\n<meta property=\"og:description\" content=\"H\u00fck\u00fcmet, askeri yasak b\u00f6lgeyi &#8216;tar\u0131m faaliyeti a\u00e7ma&#8217; ad\u0131 alt\u0131nda 30 y\u0131ll\u0131\u011f\u0131na kiraya \u00e7\u0131kard\u0131. Yurt &#8211; H\u00fck\u00fcmet, Ermenistan, \u0130ran, Nahc\u0131van ve T\u00fcrkiye aras\u0131ndaki askeri yasak b\u00f6lgeyi &#8216;tar\u0131m faaliyeti a\u00e7ma&#8217; ad\u0131 alt\u0131nda 30 y\u0131ll\u0131\u011f\u0131na kiraya \u00e7\u0131kard\u0131. AKP H\u00fck\u00fcmeti T\u00fcrkiye&#8217;nin Ermenistan, \u0130ran, Nahc\u0131van aras\u0131ndaki s\u0131n\u0131rda kritik askeri yasak b\u00f6lgede yer alan 75 bin dekarl\u0131k araziyi &#8221;tar\u0131msal faaliyete a\u00e7ma&#8221; [&hellip;]\" \/>\n<meta property=\"og:url\" content=\"https:\/\/akunq.net\/tr\/?p=25997\" \/>\n<meta property=\"og:site_name\" content=\"Bati Ermenistan Ve Bati Ermenileri Sorunlari Ara\u015ftirmalar Merkezi\" \/>\n<meta property=\"article:published_time\" content=\"2013-10-08T07:51:14+00:00\" \/>\n<meta name=\"author\" content=\"admin\" \/>\n<meta name=\"twitter:card\" content=\"summary_large_image\" \/>\n<meta name=\"twitter:label1\" content=\"Written by\" \/>\n\t<meta name=\"twitter:data1\" content=\"admin\" \/>\n\t<meta name=\"twitter:label2\" content=\"Est. reading time\" \/>\n\t<meta name=\"twitter:data2\" content=\"2 minutes\" \/>\n<script type=\"application\/ld+json\" class=\"yoast-schema-graph\">{\"@context\":\"https:\\\/\\\/schema.org\",\"@graph\":[{\"@type\":\"Article\",\"@id\":\"https:\\\/\\\/akunq.net\\\/tr\\\/?p=25997#article\",\"isPartOf\":{\"@id\":\"https:\\\/\\\/akunq.net\\\/tr\\\/?p=25997\"},\"author\":{\"name\":\"admin\",\"@id\":\"https:\\\/\\\/akunq.net\\\/tr\\\/#\\\/schema\\\/person\\\/096f1d38a12cce57fb855b485ed24c9e\"},\"headline\":\"Ermenistan s\u0131n\u0131r\u0131 gizlice sat\u0131l\u0131yor\",\"datePublished\":\"2013-10-08T07:51:14+00:00\",\"mainEntityOfPage\":{\"@id\":\"https:\\\/\\\/akunq.net\\\/tr\\\/?p=25997\"},\"wordCount\":428,\"commentCount\":0,\"articleSection\":[\"Haberler\"],\"inLanguage\":\"en-US\",\"potentialAction\":[{\"@type\":\"CommentAction\",\"name\":\"Comment\",\"target\":[\"https:\\\/\\\/akunq.net\\\/tr\\\/?p=25997#respond\"]}]},{\"@type\":\"WebPage\",\"@id\":\"https:\\\/\\\/akunq.net\\\/tr\\\/?p=25997\",\"url\":\"https:\\\/\\\/akunq.net\\\/tr\\\/?p=25997\",\"name\":\"Ermenistan s\u0131n\u0131r\u0131 gizlice sat\u0131l\u0131yor - Bati Ermenistan Ve Bati Ermenileri Sorunlari Ara\u015ftirmalar Merkezi\",\"isPartOf\":{\"@id\":\"https:\\\/\\\/akunq.net\\\/tr\\\/#website\"},\"datePublished\":\"2013-10-08T07:51:14+00:00\",\"author\":{\"@id\":\"https:\\\/\\\/akunq.net\\\/tr\\\/#\\\/schema\\\/person\\\/096f1d38a12cce57fb855b485ed24c9e\"},\"breadcrumb\":{\"@id\":\"https:\\\/\\\/akunq.net\\\/tr\\\/?p=25997#breadcrumb\"},\"inLanguage\":\"en-US\",\"potentialAction\":[{\"@type\":\"ReadAction\",\"target\":[\"https:\\\/\\\/akunq.net\\\/tr\\\/?p=25997\"]}]},{\"@type\":\"BreadcrumbList\",\"@id\":\"https:\\\/\\\/akunq.net\\\/tr\\\/?p=25997#breadcrumb\",\"itemListElement\":[{\"@type\":\"ListItem\",\"position\":1,\"name\":\"Home\",\"item\":\"https:\\\/\\\/akunq.net\\\/tr\"},{\"@type\":\"ListItem\",\"position\":2,\"name\":\"Ermenistan s\u0131n\u0131r\u0131 gizlice sat\u0131l\u0131yor\"}]},{\"@type\":\"WebSite\",\"@id\":\"https:\\\/\\\/akunq.net\\\/tr\\\/#website\",\"url\":\"https:\\\/\\\/akunq.net\\\/tr\\\/\",\"name\":\"Bati Ermenistan Ve Bati Ermenileri Sorunlari Ara\u015ftirmalar Merkezi\",\"description\":\"\",\"potentialAction\":[{\"@type\":\"SearchAction\",\"target\":{\"@type\":\"EntryPoint\",\"urlTemplate\":\"https:\\\/\\\/akunq.net\\\/tr\\\/?s={search_term_string}\"},\"query-input\":{\"@type\":\"PropertyValueSpecification\",\"valueRequired\":true,\"valueName\":\"search_term_string\"}}],\"inLanguage\":\"en-US\"},{\"@type\":\"Person\",\"@id\":\"https:\\\/\\\/akunq.net\\\/tr\\\/#\\\/schema\\\/person\\\/096f1d38a12cce57fb855b485ed24c9e\",\"name\":\"admin\",\"url\":\"https:\\\/\\\/akunq.net\\\/tr\\\/?author=7\"}]}<\/script>\n<!-- \/ Yoast SEO plugin. -->","yoast_head_json":{"title":"Ermenistan s\u0131n\u0131r\u0131 gizlice sat\u0131l\u0131yor - Bati Ermenistan Ve Bati Ermenileri Sorunlari Ara\u015ftirmalar Merkezi","robots":{"index":"index","follow":"follow","max-snippet":"max-snippet:-1","max-image-preview":"max-image-preview:large","max-video-preview":"max-video-preview:-1"},"canonical":"https:\/\/akunq.net\/tr\/?p=25997","og_locale":"en_US","og_type":"article","og_title":"Ermenistan s\u0131n\u0131r\u0131 gizlice sat\u0131l\u0131yor - Bati Ermenistan Ve Bati Ermenileri Sorunlari Ara\u015ftirmalar Merkezi","og_description":"H\u00fck\u00fcmet, askeri yasak b\u00f6lgeyi &#8216;tar\u0131m faaliyeti a\u00e7ma&#8217; ad\u0131 alt\u0131nda 30 y\u0131ll\u0131\u011f\u0131na kiraya \u00e7\u0131kard\u0131. Yurt &#8211; H\u00fck\u00fcmet, Ermenistan, \u0130ran, Nahc\u0131van ve T\u00fcrkiye aras\u0131ndaki askeri yasak b\u00f6lgeyi &#8216;tar\u0131m faaliyeti a\u00e7ma&#8217; ad\u0131 alt\u0131nda 30 y\u0131ll\u0131\u011f\u0131na kiraya \u00e7\u0131kard\u0131. AKP H\u00fck\u00fcmeti T\u00fcrkiye&#8217;nin Ermenistan, \u0130ran, Nahc\u0131van aras\u0131ndaki s\u0131n\u0131rda kritik askeri yasak b\u00f6lgede yer alan 75 bin dekarl\u0131k araziyi &#8221;tar\u0131msal faaliyete a\u00e7ma&#8221; [&hellip;]","og_url":"https:\/\/akunq.net\/tr\/?p=25997","og_site_name":"Bati Ermenistan Ve Bati Ermenileri Sorunlari Ara\u015ftirmalar Merkezi","article_published_time":"2013-10-08T07:51:14+00:00","author":"admin","twitter_card":"summary_large_image","twitter_misc":{"Written by":"admin","Est. reading time":"2 minutes"},"schema":{"@context":"https:\/\/schema.org","@graph":[{"@type":"Article","@id":"https:\/\/akunq.net\/tr\/?p=25997#article","isPartOf":{"@id":"https:\/\/akunq.net\/tr\/?p=25997"},"author":{"name":"admin","@id":"https:\/\/akunq.net\/tr\/#\/schema\/person\/096f1d38a12cce57fb855b485ed24c9e"},"headline":"Ermenistan s\u0131n\u0131r\u0131 gizlice sat\u0131l\u0131yor","datePublished":"2013-10-08T07:51:14+00:00","mainEntityOfPage":{"@id":"https:\/\/akunq.net\/tr\/?p=25997"},"wordCount":428,"commentCount":0,"articleSection":["Haberler"],"inLanguage":"en-US","potentialAction":[{"@type":"CommentAction","name":"Comment","target":["https:\/\/akunq.net\/tr\/?p=25997#respond"]}]},{"@type":"WebPage","@id":"https:\/\/akunq.net\/tr\/?p=25997","url":"https:\/\/akunq.net\/tr\/?p=25997","name":"Ermenistan s\u0131n\u0131r\u0131 gizlice sat\u0131l\u0131yor - Bati Ermenistan Ve Bati Ermenileri Sorunlari Ara\u015ftirmalar Merkezi","isPartOf":{"@id":"https:\/\/akunq.net\/tr\/#website"},"datePublished":"2013-10-08T07:51:14+00:00","author":{"@id":"https:\/\/akunq.net\/tr\/#\/schema\/person\/096f1d38a12cce57fb855b485ed24c9e"},"breadcrumb":{"@id":"https:\/\/akunq.net\/tr\/?p=25997#breadcrumb"},"inLanguage":"en-US","potentialAction":[{"@type":"ReadAction","target":["https:\/\/akunq.net\/tr\/?p=25997"]}]},{"@type":"BreadcrumbList","@id":"https:\/\/akunq.net\/tr\/?p=25997#breadcrumb","itemListElement":[{"@type":"ListItem","position":1,"name":"Home","item":"https:\/\/akunq.net\/tr"},{"@type":"ListItem","position":2,"name":"Ermenistan s\u0131n\u0131r\u0131 gizlice sat\u0131l\u0131yor"}]},{"@type":"WebSite","@id":"https:\/\/akunq.net\/tr\/#website","url":"https:\/\/akunq.net\/tr\/","name":"Bati Ermenistan Ve Bati Ermenileri Sorunlari Ara\u015ftirmalar Merkezi","description":"","potentialAction":[{"@type":"SearchAction","target":{"@type":"EntryPoint","urlTemplate":"https:\/\/akunq.net\/tr\/?s={search_term_string}"},"query-input":{"@type":"PropertyValueSpecification","valueRequired":true,"valueName":"search_term_string"}}],"inLanguage":"en-US"},{"@type":"Person","@id":"https:\/\/akunq.net\/tr\/#\/schema\/person\/096f1d38a12cce57fb855b485ed24c9e","name":"admin","url":"https:\/\/akunq.net\/tr\/?author=7"}]}},"_links":{"self":[{"href":"https:\/\/akunq.net\/tr\/index.php?rest_route=\/wp\/v2\/posts\/25997","targetHints":{"allow":["GET"]}}],"collection":[{"href":"https:\/\/akunq.net\/tr\/index.php?rest_route=\/wp\/v2\/posts"}],"about":[{"href":"https:\/\/akunq.net\/tr\/index.php?rest_route=\/wp\/v2\/types\/post"}],"author":[{"embeddable":true,"href":"https:\/\/akunq.net\/tr\/index.php?rest_route=\/wp\/v2\/users\/7"}],"replies":[{"embeddable":true,"href":"https:\/\/akunq.net\/tr\/index.php?rest_route=%2Fwp%2Fv2%2Fcomments&post=25997"}],"version-history":[{"count":1,"href":"https:\/\/akunq.net\/tr\/index.php?rest_route=\/wp\/v2\/posts\/25997\/revisions"}],"predecessor-version":[{"id":25999,"href":"https:\/\/akunq.net\/tr\/index.php?rest_route=\/wp\/v2\/posts\/25997\/revisions\/25999"}],"wp:attachment":[{"href":"https:\/\/akunq.net\/tr\/index.php?rest_route=%2Fwp%2Fv2%2Fmedia&parent=25997"}],"wp:term":[{"taxonomy":"category","embeddable":true,"href":"https:\/\/akunq.net\/tr\/index.php?rest_route=%2Fwp%2Fv2%2Fcategories&post=25997"},{"taxonomy":"post_tag","embeddable":true,"href":"https:\/\/akunq.net\/tr\/index.php?rest_route=%2Fwp%2Fv2%2Ftags&post=25997"}],"curies":[{"name":"wp","href":"https:\/\/api.w.org\/{rel}","templated":true}]}}