{"id":25992,"date":"2013-10-08T01:59:11","date_gmt":"2013-10-08T06:59:11","guid":{"rendered":"http:\/\/akunq.net\/tr\/?p=25992"},"modified":"2013-10-08T01:59:11","modified_gmt":"2013-10-08T06:59:11","slug":"mhpden-demokratiklesme-paketine-tepki","status":"publish","type":"post","link":"https:\/\/akunq.net\/tr\/?p=25992","title":{"rendered":"MHP\u2019den Demokratikle\u015fme Paketi\u2019ne Tepki"},"content":{"rendered":"<p style=\"text-align: justify;\"><em><strong><a href=\"http:\/\/akunq.net\/tr\/wp-content\/uploads\/2013\/10\/MHP\u2019den-Demokratikle\u015fme-Paketi\u2019ne-Tepki.jpg\"><img loading=\"lazy\" decoding=\"async\" class=\"alignright size-medium wp-image-25993\" alt=\"MHP\u2019den Demokratikle\u015fme Paketi\u2019ne Tepki\" src=\"http:\/\/akunq.net\/tr\/wp-content\/uploads\/2013\/10\/MHP\u2019den-Demokratikle\u015fme-Paketi\u2019ne-Tepki-300x120.jpg\" width=\"300\" height=\"120\" srcset=\"https:\/\/akunq.net\/tr\/wp-content\/uploads\/sites\/6\/2013\/10\/MHP\u2019den-Demokratikle\u015fme-Paketi\u2019ne-Tepki-300x120.jpg 300w, https:\/\/akunq.net\/tr\/wp-content\/uploads\/sites\/6\/2013\/10\/MHP\u2019den-Demokratikle\u015fme-Paketi\u2019ne-Tepki-600x240.jpg 600w, https:\/\/akunq.net\/tr\/wp-content\/uploads\/sites\/6\/2013\/10\/MHP\u2019den-Demokratikle\u015fme-Paketi\u2019ne-Tepki.jpg 925w\" sizes=\"auto, (max-width: 300px) 100vw, 300px\" \/><\/a>K\u0130L\u0130S (\u0130HA) \u2013 Milliyet\u00e7i Hareket Partisi Kilis Merkez \u0130l\u00e7e Ba\u015fkan\u0131 Arif Amoca, demokratikle\u015fme paketinin kabul edilir bir yan\u0131n\u0131n olmad\u0131\u011f\u0131n\u0131 s\u00f6yledi.<\/strong><\/em><br \/>\nKonuya ili\u015fkin a\u00e7\u0131klama yapan Merkez \u0130l\u00e7e Ba\u015fkan\u0131 Arif Amoca, \u015funlar\u0131 s\u00f6yledi:<br \/>\n\u201cA\u00e7\u0131klanan paketinin demokrasi, genel anlam\u0131yla vatanda\u015flar\u0131n devlet politikalar\u0131n\u0131n belirlenmesi, e\u015fit hakka sahip oldu\u011fu bir y\u00f6netim bi\u00e7imi olarak ifade edildi. Ancak bu s\u00f6zde paketten b\u0131rak\u0131n milleti; kendi milletvekillerinin bile haberi yoktur. \u0130sti\u015fareye dayanmayan ve toplumun hi\u00e7bir kesimiyle kucaklayamayan bu s\u00f6zde paket daha premat\u00fcre yani sakat do\u011fmu\u015ftur. T\u00fcrk alfabesinin i\u00e7erisine sokulmak istenen q, x, w gibi harflerle cumhuriyetimizin temel de\u011ferlerinden olan ana dilde e\u011fitim adeta han\u00e7erlenmek istenmektedir. se\u00e7im sistemi ile ilgili yap\u0131lmak istenen de\u011fi\u015fikliklerle demokrasinin ana ilkeleri olan temsilde adalet ve y\u00f6netimde istikrar anlay\u0131\u015f\u0131 hi\u00e7 edilmek istenmektedir. Pkk uzant\u0131s\u0131 siyasi partinin \u015fuanda kulland\u0131\u011f\u0131 e\u015f ba\u015fkanl\u0131k sistemine ge\u00e7ilmek istenmektedir. Bu durum demokrasiyi ara\u00e7 olarak g\u00f6ren zihniyetin trajik komik bir yans\u0131mas\u0131d\u0131r. \u2018T\u00fcrk\u00fcm, do\u011fruyum, \u00e7al\u0131\u015fkan\u0131m\u2019 diyerek ba\u015flayan \u2018varl\u0131\u011f\u0131m T\u00fcrk varl\u0131\u011f\u0131na arma\u011fan olsun. Ne mutlu T\u00fcrk\u00fcm\u2019 diyerek biten milli kimlik ve benli\u011fimizi ifade eden Gazi Mustafa Kemal Pa\u015fa ve silah arkada\u015flar\u0131 olmak \u00fczere top yekun bir m\u00fccadele vererek Anadolu\u2018yu son yurt edinmememize vesile olan ecdad\u0131m\u0131z\u0131n manevi \u015fahsiyetleri zedelenmek istenmektedir.\u201d<\/p>\n<p style=\"text-align: justify;\"><em><strong>http:\/\/www.tellal.com.tr\/2013\/10\/07\/mhpden-demokratiklesme-paketine-tepki\/<\/strong><\/em><\/p>\n","protected":false},"excerpt":{"rendered":"<p>K\u0130L\u0130S (\u0130HA) \u2013 Milliyet\u00e7i Hareket Partisi Kilis Merkez \u0130l\u00e7e Ba\u015fkan\u0131 Arif Amoca, demokratikle\u015fme paketinin kabul edilir bir yan\u0131n\u0131n olmad\u0131\u011f\u0131n\u0131 s\u00f6yledi. Konuya ili\u015fkin a\u00e7\u0131klama yapan Merkez \u0130l\u00e7e Ba\u015fkan\u0131 Arif Amoca, \u015funlar\u0131 s\u00f6yledi: \u201cA\u00e7\u0131klanan paketinin demokrasi, genel anlam\u0131yla vatanda\u015flar\u0131n devlet politikalar\u0131n\u0131n belirlenmesi, e\u015fit hakka sahip oldu\u011fu bir y\u00f6netim bi\u00e7imi olarak ifade edildi. Ancak bu s\u00f6zde paketten b\u0131rak\u0131n [&hellip;]<\/p>\n","protected":false},"author":7,"featured_media":0,"comment_status":"open","ping_status":"open","sticky":false,"template":"","format":"standard","meta":{"footnotes":""},"categories":[1],"tags":[],"class_list":["post-25992","post","type-post","status-publish","format-standard","hentry","category-haberler"],"yoast_head":"<!-- This site is optimized with the Yoast SEO plugin v27.4 - https:\/\/yoast.com\/product\/yoast-seo-wordpress\/ -->\n<title>MHP\u2019den Demokratikle\u015fme Paketi\u2019ne Tepki - Bati Ermenistan Ve Bati Ermenileri Sorunlari Ara\u015ftirmalar Merkezi<\/title>\n<meta name=\"robots\" content=\"index, follow, max-snippet:-1, max-image-preview:large, max-video-preview:-1\" \/>\n<link rel=\"canonical\" href=\"https:\/\/akunq.net\/tr\/?p=25992\" \/>\n<meta property=\"og:locale\" content=\"en_US\" \/>\n<meta property=\"og:type\" content=\"article\" \/>\n<meta property=\"og:title\" content=\"MHP\u2019den Demokratikle\u015fme Paketi\u2019ne Tepki - Bati Ermenistan Ve Bati Ermenileri Sorunlari Ara\u015ftirmalar Merkezi\" \/>\n<meta property=\"og:description\" content=\"K\u0130L\u0130S (\u0130HA) \u2013 Milliyet\u00e7i Hareket Partisi Kilis Merkez \u0130l\u00e7e Ba\u015fkan\u0131 Arif Amoca, demokratikle\u015fme paketinin kabul edilir bir yan\u0131n\u0131n olmad\u0131\u011f\u0131n\u0131 s\u00f6yledi. Konuya ili\u015fkin a\u00e7\u0131klama yapan Merkez \u0130l\u00e7e Ba\u015fkan\u0131 Arif Amoca, \u015funlar\u0131 s\u00f6yledi: \u201cA\u00e7\u0131klanan paketinin demokrasi, genel anlam\u0131yla vatanda\u015flar\u0131n devlet politikalar\u0131n\u0131n belirlenmesi, e\u015fit hakka sahip oldu\u011fu bir y\u00f6netim bi\u00e7imi olarak ifade edildi. Ancak bu s\u00f6zde paketten b\u0131rak\u0131n [&hellip;]\" \/>\n<meta property=\"og:url\" content=\"https:\/\/akunq.net\/tr\/?p=25992\" \/>\n<meta property=\"og:site_name\" content=\"Bati Ermenistan Ve Bati Ermenileri Sorunlari Ara\u015ftirmalar Merkezi\" \/>\n<meta property=\"article:published_time\" content=\"2013-10-08T06:59:11+00:00\" \/>\n<meta name=\"author\" content=\"admin\" \/>\n<meta name=\"twitter:card\" content=\"summary_large_image\" \/>\n<meta name=\"twitter:label1\" content=\"Written by\" \/>\n\t<meta name=\"twitter:data1\" content=\"admin\" \/>\n\t<meta name=\"twitter:label2\" content=\"Est. reading time\" \/>\n\t<meta name=\"twitter:data2\" content=\"1 minute\" \/>\n<script type=\"application\/ld+json\" class=\"yoast-schema-graph\">{\"@context\":\"https:\\\/\\\/schema.org\",\"@graph\":[{\"@type\":\"Article\",\"@id\":\"https:\\\/\\\/akunq.net\\\/tr\\\/?p=25992#article\",\"isPartOf\":{\"@id\":\"https:\\\/\\\/akunq.net\\\/tr\\\/?p=25992\"},\"author\":{\"name\":\"admin\",\"@id\":\"https:\\\/\\\/akunq.net\\\/tr\\\/#\\\/schema\\\/person\\\/096f1d38a12cce57fb855b485ed24c9e\"},\"headline\":\"MHP\u2019den Demokratikle\u015fme Paketi\u2019ne Tepki\",\"datePublished\":\"2013-10-08T06:59:11+00:00\",\"mainEntityOfPage\":{\"@id\":\"https:\\\/\\\/akunq.net\\\/tr\\\/?p=25992\"},\"wordCount\":268,\"commentCount\":0,\"articleSection\":[\"Haberler\"],\"inLanguage\":\"en-US\",\"potentialAction\":[{\"@type\":\"CommentAction\",\"name\":\"Comment\",\"target\":[\"https:\\\/\\\/akunq.net\\\/tr\\\/?p=25992#respond\"]}]},{\"@type\":\"WebPage\",\"@id\":\"https:\\\/\\\/akunq.net\\\/tr\\\/?p=25992\",\"url\":\"https:\\\/\\\/akunq.net\\\/tr\\\/?p=25992\",\"name\":\"MHP\u2019den Demokratikle\u015fme Paketi\u2019ne Tepki - Bati Ermenistan Ve Bati Ermenileri Sorunlari Ara\u015ftirmalar Merkezi\",\"isPartOf\":{\"@id\":\"https:\\\/\\\/akunq.net\\\/tr\\\/#website\"},\"datePublished\":\"2013-10-08T06:59:11+00:00\",\"author\":{\"@id\":\"https:\\\/\\\/akunq.net\\\/tr\\\/#\\\/schema\\\/person\\\/096f1d38a12cce57fb855b485ed24c9e\"},\"breadcrumb\":{\"@id\":\"https:\\\/\\\/akunq.net\\\/tr\\\/?p=25992#breadcrumb\"},\"inLanguage\":\"en-US\",\"potentialAction\":[{\"@type\":\"ReadAction\",\"target\":[\"https:\\\/\\\/akunq.net\\\/tr\\\/?p=25992\"]}]},{\"@type\":\"BreadcrumbList\",\"@id\":\"https:\\\/\\\/akunq.net\\\/tr\\\/?p=25992#breadcrumb\",\"itemListElement\":[{\"@type\":\"ListItem\",\"position\":1,\"name\":\"Home\",\"item\":\"https:\\\/\\\/akunq.net\\\/tr\"},{\"@type\":\"ListItem\",\"position\":2,\"name\":\"MHP\u2019den Demokratikle\u015fme Paketi\u2019ne Tepki\"}]},{\"@type\":\"WebSite\",\"@id\":\"https:\\\/\\\/akunq.net\\\/tr\\\/#website\",\"url\":\"https:\\\/\\\/akunq.net\\\/tr\\\/\",\"name\":\"Bati Ermenistan Ve Bati Ermenileri Sorunlari Ara\u015ftirmalar Merkezi\",\"description\":\"\",\"potentialAction\":[{\"@type\":\"SearchAction\",\"target\":{\"@type\":\"EntryPoint\",\"urlTemplate\":\"https:\\\/\\\/akunq.net\\\/tr\\\/?s={search_term_string}\"},\"query-input\":{\"@type\":\"PropertyValueSpecification\",\"valueRequired\":true,\"valueName\":\"search_term_string\"}}],\"inLanguage\":\"en-US\"},{\"@type\":\"Person\",\"@id\":\"https:\\\/\\\/akunq.net\\\/tr\\\/#\\\/schema\\\/person\\\/096f1d38a12cce57fb855b485ed24c9e\",\"name\":\"admin\",\"url\":\"https:\\\/\\\/akunq.net\\\/tr\\\/?author=7\"}]}<\/script>\n<!-- \/ Yoast SEO plugin. -->","yoast_head_json":{"title":"MHP\u2019den Demokratikle\u015fme Paketi\u2019ne Tepki - Bati Ermenistan Ve Bati Ermenileri Sorunlari Ara\u015ftirmalar Merkezi","robots":{"index":"index","follow":"follow","max-snippet":"max-snippet:-1","max-image-preview":"max-image-preview:large","max-video-preview":"max-video-preview:-1"},"canonical":"https:\/\/akunq.net\/tr\/?p=25992","og_locale":"en_US","og_type":"article","og_title":"MHP\u2019den Demokratikle\u015fme Paketi\u2019ne Tepki - Bati Ermenistan Ve Bati Ermenileri Sorunlari Ara\u015ftirmalar Merkezi","og_description":"K\u0130L\u0130S (\u0130HA) \u2013 Milliyet\u00e7i Hareket Partisi Kilis Merkez \u0130l\u00e7e Ba\u015fkan\u0131 Arif Amoca, demokratikle\u015fme paketinin kabul edilir bir yan\u0131n\u0131n olmad\u0131\u011f\u0131n\u0131 s\u00f6yledi. Konuya ili\u015fkin a\u00e7\u0131klama yapan Merkez \u0130l\u00e7e Ba\u015fkan\u0131 Arif Amoca, \u015funlar\u0131 s\u00f6yledi: \u201cA\u00e7\u0131klanan paketinin demokrasi, genel anlam\u0131yla vatanda\u015flar\u0131n devlet politikalar\u0131n\u0131n belirlenmesi, e\u015fit hakka sahip oldu\u011fu bir y\u00f6netim bi\u00e7imi olarak ifade edildi. Ancak bu s\u00f6zde paketten b\u0131rak\u0131n [&hellip;]","og_url":"https:\/\/akunq.net\/tr\/?p=25992","og_site_name":"Bati Ermenistan Ve Bati Ermenileri Sorunlari Ara\u015ftirmalar Merkezi","article_published_time":"2013-10-08T06:59:11+00:00","author":"admin","twitter_card":"summary_large_image","twitter_misc":{"Written by":"admin","Est. reading time":"1 minute"},"schema":{"@context":"https:\/\/schema.org","@graph":[{"@type":"Article","@id":"https:\/\/akunq.net\/tr\/?p=25992#article","isPartOf":{"@id":"https:\/\/akunq.net\/tr\/?p=25992"},"author":{"name":"admin","@id":"https:\/\/akunq.net\/tr\/#\/schema\/person\/096f1d38a12cce57fb855b485ed24c9e"},"headline":"MHP\u2019den Demokratikle\u015fme Paketi\u2019ne Tepki","datePublished":"2013-10-08T06:59:11+00:00","mainEntityOfPage":{"@id":"https:\/\/akunq.net\/tr\/?p=25992"},"wordCount":268,"commentCount":0,"articleSection":["Haberler"],"inLanguage":"en-US","potentialAction":[{"@type":"CommentAction","name":"Comment","target":["https:\/\/akunq.net\/tr\/?p=25992#respond"]}]},{"@type":"WebPage","@id":"https:\/\/akunq.net\/tr\/?p=25992","url":"https:\/\/akunq.net\/tr\/?p=25992","name":"MHP\u2019den Demokratikle\u015fme Paketi\u2019ne Tepki - Bati Ermenistan Ve Bati Ermenileri Sorunlari Ara\u015ftirmalar Merkezi","isPartOf":{"@id":"https:\/\/akunq.net\/tr\/#website"},"datePublished":"2013-10-08T06:59:11+00:00","author":{"@id":"https:\/\/akunq.net\/tr\/#\/schema\/person\/096f1d38a12cce57fb855b485ed24c9e"},"breadcrumb":{"@id":"https:\/\/akunq.net\/tr\/?p=25992#breadcrumb"},"inLanguage":"en-US","potentialAction":[{"@type":"ReadAction","target":["https:\/\/akunq.net\/tr\/?p=25992"]}]},{"@type":"BreadcrumbList","@id":"https:\/\/akunq.net\/tr\/?p=25992#breadcrumb","itemListElement":[{"@type":"ListItem","position":1,"name":"Home","item":"https:\/\/akunq.net\/tr"},{"@type":"ListItem","position":2,"name":"MHP\u2019den Demokratikle\u015fme Paketi\u2019ne Tepki"}]},{"@type":"WebSite","@id":"https:\/\/akunq.net\/tr\/#website","url":"https:\/\/akunq.net\/tr\/","name":"Bati Ermenistan Ve Bati Ermenileri Sorunlari Ara\u015ftirmalar Merkezi","description":"","potentialAction":[{"@type":"SearchAction","target":{"@type":"EntryPoint","urlTemplate":"https:\/\/akunq.net\/tr\/?s={search_term_string}"},"query-input":{"@type":"PropertyValueSpecification","valueRequired":true,"valueName":"search_term_string"}}],"inLanguage":"en-US"},{"@type":"Person","@id":"https:\/\/akunq.net\/tr\/#\/schema\/person\/096f1d38a12cce57fb855b485ed24c9e","name":"admin","url":"https:\/\/akunq.net\/tr\/?author=7"}]}},"_links":{"self":[{"href":"https:\/\/akunq.net\/tr\/index.php?rest_route=\/wp\/v2\/posts\/25992","targetHints":{"allow":["GET"]}}],"collection":[{"href":"https:\/\/akunq.net\/tr\/index.php?rest_route=\/wp\/v2\/posts"}],"about":[{"href":"https:\/\/akunq.net\/tr\/index.php?rest_route=\/wp\/v2\/types\/post"}],"author":[{"embeddable":true,"href":"https:\/\/akunq.net\/tr\/index.php?rest_route=\/wp\/v2\/users\/7"}],"replies":[{"embeddable":true,"href":"https:\/\/akunq.net\/tr\/index.php?rest_route=%2Fwp%2Fv2%2Fcomments&post=25992"}],"version-history":[{"count":0,"href":"https:\/\/akunq.net\/tr\/index.php?rest_route=\/wp\/v2\/posts\/25992\/revisions"}],"wp:attachment":[{"href":"https:\/\/akunq.net\/tr\/index.php?rest_route=%2Fwp%2Fv2%2Fmedia&parent=25992"}],"wp:term":[{"taxonomy":"category","embeddable":true,"href":"https:\/\/akunq.net\/tr\/index.php?rest_route=%2Fwp%2Fv2%2Fcategories&post=25992"},{"taxonomy":"post_tag","embeddable":true,"href":"https:\/\/akunq.net\/tr\/index.php?rest_route=%2Fwp%2Fv2%2Ftags&post=25992"}],"curies":[{"name":"wp","href":"https:\/\/api.w.org\/{rel}","templated":true}]}}