{"id":25989,"date":"2013-10-08T01:48:57","date_gmt":"2013-10-08T06:48:57","guid":{"rendered":"http:\/\/akunq.net\/tr\/?p=25989"},"modified":"2013-10-08T01:48:57","modified_gmt":"2013-10-08T06:48:57","slug":"suriye-sinirina-duvar-oruluyor","status":"publish","type":"post","link":"https:\/\/akunq.net\/tr\/?p=25989","title":{"rendered":"Suriye s\u0131n\u0131r\u0131na duvar \u00f6r\u00fcl\u00fcyor"},"content":{"rendered":"<p style=\"text-align: justify;\"><b><i><a href=\"http:\/\/akunq.net\/tr\/wp-content\/uploads\/2013\/10\/Suriye-s\u0131n\u0131r\u0131na-duvar.jpg\"><img loading=\"lazy\" decoding=\"async\" class=\"alignright size-full wp-image-25990\" alt=\"Suriye s\u0131n\u0131r\u0131na duvar\" src=\"http:\/\/akunq.net\/tr\/wp-content\/uploads\/2013\/10\/Suriye-s\u0131n\u0131r\u0131na-duvar.jpg\" width=\"292\" height=\"224\" \/><\/a>Mardin&#8217;in Nusaybin il\u00e7esinin <\/i><\/b><a href=\"http:\/\/www.cnnturk.com\/guncel.konular\/suriye\/438\/index.html\"><b><i>Suriye<\/i><\/b><\/a><b><i> s\u0131n\u0131r\u0131nda, ka\u00e7aklar\u0131n ge\u00e7i\u015flerinin \u00f6nlenmesi i\u00e7in yap\u0131lacak duvar\u0131n temel kaz\u0131 \u00e7al\u0131\u015fmalar\u0131na ba\u015fland\u0131.<\/i><\/b><i><br \/>\n<strong>(DHA) &#8211;<\/strong><\/i><a href=\"http:\/\/www.cnnturk.com\/guncel.konular\/suriye\/438\/index.html\">Suriye<\/a>&#8216;nin Kam\u0131\u015fl\u0131 kentinin hemen kar\u015f\u0131s\u0131nda bulunan Nusaybin \u0130l\u00e7esi&#8217;nde 2&#8217;nci Hudut Taburu taraf\u0131ndan s\u0131n\u0131rda istinat duvar\u0131 \u00e7al\u0131\u015fmalar\u0131 ba\u015flat\u0131ld\u0131.<\/p>\n<p>Dikenli tellerin bulundu\u011fu b\u00f6lgede i\u015f makineleri ile kaz\u0131 \u00e7al\u0131\u015fmalar\u0131 yap\u0131l\u0131rken, b\u00f6lgeye \u00f6zellikle may\u0131nl\u0131 araziden ka\u00e7ak ge\u00e7i\u015flerin \u00f6nlenmesinin ama\u00e7land\u0131\u011f\u0131 belirtildi.<\/p>\n<p>Duvar\u0131n y\u00fcksekli\u011fini 2 metre olaca\u011f\u0131 ve \u00fczerini de dikenli tel \u00f6r\u00fclece\u011fi \u00f6\u011frenildi.<\/p>\n<p style=\"text-align: justify;\"><b><i>http:\/\/www.cnnturk.com\/2013\/turkiye\/10\/04\/suriye.sinirina.duvar.oruluyor\/725918.0\/<\/i><\/b><\/p>\n","protected":false},"excerpt":{"rendered":"<p>Mardin&#8217;in Nusaybin il\u00e7esinin Suriye s\u0131n\u0131r\u0131nda, ka\u00e7aklar\u0131n ge\u00e7i\u015flerinin \u00f6nlenmesi i\u00e7in yap\u0131lacak duvar\u0131n temel kaz\u0131 \u00e7al\u0131\u015fmalar\u0131na ba\u015fland\u0131. (DHA) &#8211;Suriye&#8216;nin Kam\u0131\u015fl\u0131 kentinin hemen kar\u015f\u0131s\u0131nda bulunan Nusaybin \u0130l\u00e7esi&#8217;nde 2&#8217;nci Hudut Taburu taraf\u0131ndan s\u0131n\u0131rda istinat duvar\u0131 \u00e7al\u0131\u015fmalar\u0131 ba\u015flat\u0131ld\u0131. Dikenli tellerin bulundu\u011fu b\u00f6lgede i\u015f makineleri ile kaz\u0131 \u00e7al\u0131\u015fmalar\u0131 yap\u0131l\u0131rken, b\u00f6lgeye \u00f6zellikle may\u0131nl\u0131 araziden ka\u00e7ak ge\u00e7i\u015flerin \u00f6nlenmesinin ama\u00e7land\u0131\u011f\u0131 belirtildi. Duvar\u0131n y\u00fcksekli\u011fini 2 [&hellip;]<\/p>\n","protected":false},"author":7,"featured_media":0,"comment_status":"open","ping_status":"open","sticky":false,"template":"","format":"standard","meta":{"footnotes":""},"categories":[1],"tags":[],"class_list":["post-25989","post","type-post","status-publish","format-standard","hentry","category-haberler"],"yoast_head":"<!-- This site is optimized with the Yoast SEO plugin v27.4 - https:\/\/yoast.com\/product\/yoast-seo-wordpress\/ -->\n<title>Suriye s\u0131n\u0131r\u0131na duvar \u00f6r\u00fcl\u00fcyor - Bati Ermenistan Ve Bati Ermenileri Sorunlari Ara\u015ftirmalar Merkezi<\/title>\n<meta name=\"robots\" content=\"index, follow, max-snippet:-1, max-image-preview:large, max-video-preview:-1\" \/>\n<link rel=\"canonical\" href=\"https:\/\/akunq.net\/tr\/?p=25989\" \/>\n<meta property=\"og:locale\" content=\"en_US\" \/>\n<meta property=\"og:type\" content=\"article\" \/>\n<meta property=\"og:title\" content=\"Suriye s\u0131n\u0131r\u0131na duvar \u00f6r\u00fcl\u00fcyor - Bati Ermenistan Ve Bati Ermenileri Sorunlari Ara\u015ftirmalar Merkezi\" \/>\n<meta property=\"og:description\" content=\"Mardin&#8217;in Nusaybin il\u00e7esinin Suriye s\u0131n\u0131r\u0131nda, ka\u00e7aklar\u0131n ge\u00e7i\u015flerinin \u00f6nlenmesi i\u00e7in yap\u0131lacak duvar\u0131n temel kaz\u0131 \u00e7al\u0131\u015fmalar\u0131na ba\u015fland\u0131. (DHA) &#8211;Suriye&#8216;nin Kam\u0131\u015fl\u0131 kentinin hemen kar\u015f\u0131s\u0131nda bulunan Nusaybin \u0130l\u00e7esi&#8217;nde 2&#8217;nci Hudut Taburu taraf\u0131ndan s\u0131n\u0131rda istinat duvar\u0131 \u00e7al\u0131\u015fmalar\u0131 ba\u015flat\u0131ld\u0131. Dikenli tellerin bulundu\u011fu b\u00f6lgede i\u015f makineleri ile kaz\u0131 \u00e7al\u0131\u015fmalar\u0131 yap\u0131l\u0131rken, b\u00f6lgeye \u00f6zellikle may\u0131nl\u0131 araziden ka\u00e7ak ge\u00e7i\u015flerin \u00f6nlenmesinin ama\u00e7land\u0131\u011f\u0131 belirtildi. Duvar\u0131n y\u00fcksekli\u011fini 2 [&hellip;]\" \/>\n<meta property=\"og:url\" content=\"https:\/\/akunq.net\/tr\/?p=25989\" \/>\n<meta property=\"og:site_name\" content=\"Bati Ermenistan Ve Bati Ermenileri Sorunlari Ara\u015ftirmalar Merkezi\" \/>\n<meta property=\"article:published_time\" content=\"2013-10-08T06:48:57+00:00\" \/>\n<meta name=\"author\" content=\"admin\" \/>\n<meta name=\"twitter:card\" content=\"summary_large_image\" \/>\n<meta name=\"twitter:label1\" content=\"Written by\" \/>\n\t<meta name=\"twitter:data1\" content=\"admin\" \/>\n\t<meta name=\"twitter:label2\" content=\"Est. reading time\" \/>\n\t<meta name=\"twitter:data2\" content=\"1 minute\" \/>\n<script type=\"application\/ld+json\" class=\"yoast-schema-graph\">{\"@context\":\"https:\\\/\\\/schema.org\",\"@graph\":[{\"@type\":\"Article\",\"@id\":\"https:\\\/\\\/akunq.net\\\/tr\\\/?p=25989#article\",\"isPartOf\":{\"@id\":\"https:\\\/\\\/akunq.net\\\/tr\\\/?p=25989\"},\"author\":{\"name\":\"admin\",\"@id\":\"https:\\\/\\\/akunq.net\\\/tr\\\/#\\\/schema\\\/person\\\/096f1d38a12cce57fb855b485ed24c9e\"},\"headline\":\"Suriye s\u0131n\u0131r\u0131na duvar \u00f6r\u00fcl\u00fcyor\",\"datePublished\":\"2013-10-08T06:48:57+00:00\",\"mainEntityOfPage\":{\"@id\":\"https:\\\/\\\/akunq.net\\\/tr\\\/?p=25989\"},\"wordCount\":122,\"commentCount\":0,\"articleSection\":[\"Haberler\"],\"inLanguage\":\"en-US\",\"potentialAction\":[{\"@type\":\"CommentAction\",\"name\":\"Comment\",\"target\":[\"https:\\\/\\\/akunq.net\\\/tr\\\/?p=25989#respond\"]}]},{\"@type\":\"WebPage\",\"@id\":\"https:\\\/\\\/akunq.net\\\/tr\\\/?p=25989\",\"url\":\"https:\\\/\\\/akunq.net\\\/tr\\\/?p=25989\",\"name\":\"Suriye s\u0131n\u0131r\u0131na duvar \u00f6r\u00fcl\u00fcyor - Bati Ermenistan Ve Bati Ermenileri Sorunlari Ara\u015ftirmalar Merkezi\",\"isPartOf\":{\"@id\":\"https:\\\/\\\/akunq.net\\\/tr\\\/#website\"},\"datePublished\":\"2013-10-08T06:48:57+00:00\",\"author\":{\"@id\":\"https:\\\/\\\/akunq.net\\\/tr\\\/#\\\/schema\\\/person\\\/096f1d38a12cce57fb855b485ed24c9e\"},\"breadcrumb\":{\"@id\":\"https:\\\/\\\/akunq.net\\\/tr\\\/?p=25989#breadcrumb\"},\"inLanguage\":\"en-US\",\"potentialAction\":[{\"@type\":\"ReadAction\",\"target\":[\"https:\\\/\\\/akunq.net\\\/tr\\\/?p=25989\"]}]},{\"@type\":\"BreadcrumbList\",\"@id\":\"https:\\\/\\\/akunq.net\\\/tr\\\/?p=25989#breadcrumb\",\"itemListElement\":[{\"@type\":\"ListItem\",\"position\":1,\"name\":\"Home\",\"item\":\"https:\\\/\\\/akunq.net\\\/tr\"},{\"@type\":\"ListItem\",\"position\":2,\"name\":\"Suriye s\u0131n\u0131r\u0131na duvar \u00f6r\u00fcl\u00fcyor\"}]},{\"@type\":\"WebSite\",\"@id\":\"https:\\\/\\\/akunq.net\\\/tr\\\/#website\",\"url\":\"https:\\\/\\\/akunq.net\\\/tr\\\/\",\"name\":\"Bati Ermenistan Ve Bati Ermenileri Sorunlari Ara\u015ftirmalar Merkezi\",\"description\":\"\",\"potentialAction\":[{\"@type\":\"SearchAction\",\"target\":{\"@type\":\"EntryPoint\",\"urlTemplate\":\"https:\\\/\\\/akunq.net\\\/tr\\\/?s={search_term_string}\"},\"query-input\":{\"@type\":\"PropertyValueSpecification\",\"valueRequired\":true,\"valueName\":\"search_term_string\"}}],\"inLanguage\":\"en-US\"},{\"@type\":\"Person\",\"@id\":\"https:\\\/\\\/akunq.net\\\/tr\\\/#\\\/schema\\\/person\\\/096f1d38a12cce57fb855b485ed24c9e\",\"name\":\"admin\",\"url\":\"https:\\\/\\\/akunq.net\\\/tr\\\/?author=7\"}]}<\/script>\n<!-- \/ Yoast SEO plugin. -->","yoast_head_json":{"title":"Suriye s\u0131n\u0131r\u0131na duvar \u00f6r\u00fcl\u00fcyor - Bati Ermenistan Ve Bati Ermenileri Sorunlari Ara\u015ftirmalar Merkezi","robots":{"index":"index","follow":"follow","max-snippet":"max-snippet:-1","max-image-preview":"max-image-preview:large","max-video-preview":"max-video-preview:-1"},"canonical":"https:\/\/akunq.net\/tr\/?p=25989","og_locale":"en_US","og_type":"article","og_title":"Suriye s\u0131n\u0131r\u0131na duvar \u00f6r\u00fcl\u00fcyor - Bati Ermenistan Ve Bati Ermenileri Sorunlari Ara\u015ftirmalar Merkezi","og_description":"Mardin&#8217;in Nusaybin il\u00e7esinin Suriye s\u0131n\u0131r\u0131nda, ka\u00e7aklar\u0131n ge\u00e7i\u015flerinin \u00f6nlenmesi i\u00e7in yap\u0131lacak duvar\u0131n temel kaz\u0131 \u00e7al\u0131\u015fmalar\u0131na ba\u015fland\u0131. (DHA) &#8211;Suriye&#8216;nin Kam\u0131\u015fl\u0131 kentinin hemen kar\u015f\u0131s\u0131nda bulunan Nusaybin \u0130l\u00e7esi&#8217;nde 2&#8217;nci Hudut Taburu taraf\u0131ndan s\u0131n\u0131rda istinat duvar\u0131 \u00e7al\u0131\u015fmalar\u0131 ba\u015flat\u0131ld\u0131. Dikenli tellerin bulundu\u011fu b\u00f6lgede i\u015f makineleri ile kaz\u0131 \u00e7al\u0131\u015fmalar\u0131 yap\u0131l\u0131rken, b\u00f6lgeye \u00f6zellikle may\u0131nl\u0131 araziden ka\u00e7ak ge\u00e7i\u015flerin \u00f6nlenmesinin ama\u00e7land\u0131\u011f\u0131 belirtildi. Duvar\u0131n y\u00fcksekli\u011fini 2 [&hellip;]","og_url":"https:\/\/akunq.net\/tr\/?p=25989","og_site_name":"Bati Ermenistan Ve Bati Ermenileri Sorunlari Ara\u015ftirmalar Merkezi","article_published_time":"2013-10-08T06:48:57+00:00","author":"admin","twitter_card":"summary_large_image","twitter_misc":{"Written by":"admin","Est. reading time":"1 minute"},"schema":{"@context":"https:\/\/schema.org","@graph":[{"@type":"Article","@id":"https:\/\/akunq.net\/tr\/?p=25989#article","isPartOf":{"@id":"https:\/\/akunq.net\/tr\/?p=25989"},"author":{"name":"admin","@id":"https:\/\/akunq.net\/tr\/#\/schema\/person\/096f1d38a12cce57fb855b485ed24c9e"},"headline":"Suriye s\u0131n\u0131r\u0131na duvar \u00f6r\u00fcl\u00fcyor","datePublished":"2013-10-08T06:48:57+00:00","mainEntityOfPage":{"@id":"https:\/\/akunq.net\/tr\/?p=25989"},"wordCount":122,"commentCount":0,"articleSection":["Haberler"],"inLanguage":"en-US","potentialAction":[{"@type":"CommentAction","name":"Comment","target":["https:\/\/akunq.net\/tr\/?p=25989#respond"]}]},{"@type":"WebPage","@id":"https:\/\/akunq.net\/tr\/?p=25989","url":"https:\/\/akunq.net\/tr\/?p=25989","name":"Suriye s\u0131n\u0131r\u0131na duvar \u00f6r\u00fcl\u00fcyor - Bati Ermenistan Ve Bati Ermenileri Sorunlari Ara\u015ftirmalar Merkezi","isPartOf":{"@id":"https:\/\/akunq.net\/tr\/#website"},"datePublished":"2013-10-08T06:48:57+00:00","author":{"@id":"https:\/\/akunq.net\/tr\/#\/schema\/person\/096f1d38a12cce57fb855b485ed24c9e"},"breadcrumb":{"@id":"https:\/\/akunq.net\/tr\/?p=25989#breadcrumb"},"inLanguage":"en-US","potentialAction":[{"@type":"ReadAction","target":["https:\/\/akunq.net\/tr\/?p=25989"]}]},{"@type":"BreadcrumbList","@id":"https:\/\/akunq.net\/tr\/?p=25989#breadcrumb","itemListElement":[{"@type":"ListItem","position":1,"name":"Home","item":"https:\/\/akunq.net\/tr"},{"@type":"ListItem","position":2,"name":"Suriye s\u0131n\u0131r\u0131na duvar \u00f6r\u00fcl\u00fcyor"}]},{"@type":"WebSite","@id":"https:\/\/akunq.net\/tr\/#website","url":"https:\/\/akunq.net\/tr\/","name":"Bati Ermenistan Ve Bati Ermenileri Sorunlari Ara\u015ftirmalar Merkezi","description":"","potentialAction":[{"@type":"SearchAction","target":{"@type":"EntryPoint","urlTemplate":"https:\/\/akunq.net\/tr\/?s={search_term_string}"},"query-input":{"@type":"PropertyValueSpecification","valueRequired":true,"valueName":"search_term_string"}}],"inLanguage":"en-US"},{"@type":"Person","@id":"https:\/\/akunq.net\/tr\/#\/schema\/person\/096f1d38a12cce57fb855b485ed24c9e","name":"admin","url":"https:\/\/akunq.net\/tr\/?author=7"}]}},"_links":{"self":[{"href":"https:\/\/akunq.net\/tr\/index.php?rest_route=\/wp\/v2\/posts\/25989","targetHints":{"allow":["GET"]}}],"collection":[{"href":"https:\/\/akunq.net\/tr\/index.php?rest_route=\/wp\/v2\/posts"}],"about":[{"href":"https:\/\/akunq.net\/tr\/index.php?rest_route=\/wp\/v2\/types\/post"}],"author":[{"embeddable":true,"href":"https:\/\/akunq.net\/tr\/index.php?rest_route=\/wp\/v2\/users\/7"}],"replies":[{"embeddable":true,"href":"https:\/\/akunq.net\/tr\/index.php?rest_route=%2Fwp%2Fv2%2Fcomments&post=25989"}],"version-history":[{"count":1,"href":"https:\/\/akunq.net\/tr\/index.php?rest_route=\/wp\/v2\/posts\/25989\/revisions"}],"predecessor-version":[{"id":25991,"href":"https:\/\/akunq.net\/tr\/index.php?rest_route=\/wp\/v2\/posts\/25989\/revisions\/25991"}],"wp:attachment":[{"href":"https:\/\/akunq.net\/tr\/index.php?rest_route=%2Fwp%2Fv2%2Fmedia&parent=25989"}],"wp:term":[{"taxonomy":"category","embeddable":true,"href":"https:\/\/akunq.net\/tr\/index.php?rest_route=%2Fwp%2Fv2%2Fcategories&post=25989"},{"taxonomy":"post_tag","embeddable":true,"href":"https:\/\/akunq.net\/tr\/index.php?rest_route=%2Fwp%2Fv2%2Ftags&post=25989"}],"curies":[{"name":"wp","href":"https:\/\/api.w.org\/{rel}","templated":true}]}}