{"id":25981,"date":"2013-10-07T02:42:49","date_gmt":"2013-10-07T07:42:49","guid":{"rendered":"http:\/\/akunq.net\/tr\/?p=25981"},"modified":"2013-10-07T02:42:49","modified_gmt":"2013-10-07T07:42:49","slug":"isvec-parlamentosuna-soykirim-konferanslari-duzenleme-onergesi","status":"publish","type":"post","link":"https:\/\/akunq.net\/tr\/?p=25981","title":{"rendered":"\u0130sve\u00e7 Parlamentosu\u2019na soyk\u0131r\u0131m konferanslar\u0131 d\u00fczenleme \u00f6nergesi"},"content":{"rendered":"<p style=\"text-align: justify;\"><b><i><a href=\"http:\/\/akunq.net\/tr\/wp-content\/uploads\/2013\/10\/\u0130sve\u00e7-Parlamentosu\u2019na-soyk\u0131r\u0131m-konferanslar\u0131.jpg\"><img loading=\"lazy\" decoding=\"async\" class=\"alignright size-medium wp-image-25982\" alt=\"\u0130sve\u00e7 Parlamentosu\u2019na soyk\u0131r\u0131m konferanslar\u0131\" src=\"http:\/\/akunq.net\/tr\/wp-content\/uploads\/2013\/10\/\u0130sve\u00e7-Parlamentosu\u2019na-soyk\u0131r\u0131m-konferanslar\u0131-300x221.jpg\" width=\"300\" height=\"221\" srcset=\"https:\/\/akunq.net\/tr\/wp-content\/uploads\/sites\/6\/2013\/10\/\u0130sve\u00e7-Parlamentosu\u2019na-soyk\u0131r\u0131m-konferanslar\u0131-300x221.jpg 300w, https:\/\/akunq.net\/tr\/wp-content\/uploads\/sites\/6\/2013\/10\/\u0130sve\u00e7-Parlamentosu\u2019na-soyk\u0131r\u0131m-konferanslar\u0131.jpg 330w\" sizes=\"auto, (max-width: 300px) 100vw, 300px\" \/><\/a>MURAT KUSEYRI &#8211; STOCKHOLM <\/i><\/b><\/p>\n<p style=\"text-align: justify;\">2010 y\u0131l\u0131nda, Birinci D\u00fcnya Sava\u015f\u0131 y\u0131llar\u0131nda Ermeni, Asuri-S\u00fcryani ve Rumlara y\u00f6nelik yap\u0131lan katliam\u0131, ge\u00e7ti\u011fimiz y\u0131l da K\u00fcrtlere y\u00f6nelik Al Anfal\u2019\u0131 soyk\u0131r\u0131m olarak kabul eden \u0130sve\u00e7\u2019in ho\u015fg\u00f6r\u00fc ve anlay\u0131\u015f\u0131n artmas\u0131, yeni sald\u0131r\u0131 ve soyk\u0131r\u0131mlar\u0131n engellenmesi i\u00e7in her y\u0131l uluslararas\u0131 soyk\u0131r\u0131m konferans\u0131 d\u00fczenlemesi isteniyor.<\/p>\n<p style=\"text-align: justify;\">\u0130sve\u00e7 Parlamentosu\u2019na sunulan \u00f6nergede imzas\u0131 bulunan S\u00fcryani as\u0131ll\u0131 H\u0131ristiyan Demokrat Parti Milletvekili Robert Halef, Birinci ve \u0130kinci D\u00fcnya sava\u015flar\u0131 s\u0131ras\u0131nda milyonlarca insan\u0131n farkl\u0131 d\u00fc\u015f\u00fcnce, inan\u00e7 ve etnik k\u00f6kene sahip olduklar\u0131 i\u00e7in katledildiklerine dikkat \u00e7ekerek \u201cBiz bu gruplara kar\u015f\u0131 i\u015flenen bu insanl\u0131k su\u00e7unu hat\u0131rlamal\u0131, insanl\u0131k onuru i\u00e7in ho\u015fg\u00f6r\u00fc ve anlay\u0131\u015f\u0131n artmas\u0131 amac\u0131yla \u00e7al\u0131\u015fmal\u0131y\u0131z\u201d diyor.<\/p>\n<p style=\"text-align: justify;\">G\u00fcn\u00fcm\u00fczde d\u00fcnyada anti-semitizm, \u0131rk\u00e7\u0131l\u0131k ve farkl\u0131 inan\u00e7lardan olan insanlara kar\u015f\u0131 nefret su\u00e7lar\u0131n\u0131n artt\u0131\u011f\u0131n\u0131 belirten Halef, bu nedenle Auschwitz gibi sembollerin insanlar\u0131n \u00e7aresizli\u011fini, ama ayn\u0131 zamanda t\u00fcm insanlar\u0131n e\u015fit ve e\u015f\u015fiz bir de\u011ferde olduklar\u0131n\u0131 hat\u0131rlatt\u0131\u011f\u0131n\u0131 belirtiyor.<\/p>\n<p style=\"text-align: justify;\"><b>SOYKIRIM NEREDE VE NE ZAMAN YAPILDI\u011eINDAN BA\u011eIMSIZ OLARAK ASLA UNUTULMAMALI<\/b><\/p>\n<p style=\"text-align: justify;\">\u201cSoyk\u0131r\u0131m, etnik temizlik ve halklara kar\u015f\u0131 i\u015flenen di\u011fer su\u00e7lar ne zaman ve nerede yap\u0131ld\u0131\u011f\u0131ndan ba\u011f\u0131ms\u0131z olarak asla unutulmamal\u0131. Sahip oldu\u011fumuz bilgiler bunlardan \u00e7o\u011funun Birle\u015fmi\u015f Milletler\u2019in uyumlu ve tutarl\u0131 bir bi\u00e7imde hareket etmesi durumunda \u00f6nlenebilece\u011fini g\u00f6steriyor\u201d diyen Halef, G\u00fcn\u00fcm\u00fczde insanl\u0131\u011fa kar\u015f\u0131 su\u00e7 i\u015fleyen liderlerin Uluslararas\u0131 Ceza Mahkemesi kar\u015f\u0131s\u0131na \u00e7\u0131kar\u0131lmas\u0131n\u0131n \u00f6nemine de\u011findikten sonra \u201c B\u00f6ylelikle hi\u00e7 kimsenin yapt\u0131\u011f\u0131 sald\u0131r\u0131lar\u0131n cezas\u0131z kalmayaca\u011f\u0131n\u0131 g\u00f6stermi\u015f oluruz\u201d diyor.<\/p>\n<p style=\"text-align: justify;\">Kal\u0131c\u0131 bir bar\u0131\u015f\u0131n sa\u011flanabilmesi i\u00e7in, daha \u00f6nce problemler ya\u015fayan halklar\u0131n uzla\u015ft\u0131r\u0131lmas\u0131n\u0131n hayati bir \u00f6neme sahip oldu\u011fu de\u011ferlendirmesinde bulunduktan sonra, \u201cHi\u00e7 bir grubun inan\u00e7lar\u0131ndan dolay\u0131 soyk\u0131r\u0131ma u\u011framamas\u0131 i\u00e7in birlikte yap\u0131c\u0131 \u00e7al\u0131\u015fmalar\u0131n yap\u0131lmas\u0131 gerekli.G\u00fcn\u00fcm\u00fczde hala \u0130kinci D\u00fcnya Sava\u015f\u0131 y\u0131llar\u0131nda Yahudi ve Romanlara yap\u0131lan soyk\u0131r\u0131m\u0131n\u0131 inkar edenler var. Bu bazen bilgi eksikli\u011finden kaynaklanabiliyor\u201d diyor.<\/p>\n<p style=\"text-align: justify;\">Bu nedenle de soyk\u0131r\u0131m konusunda \u00e7al\u0131\u015fma yapmak amac\u0131yla kurulan ve bir devlet kurumu olan \u201cYa\u015fayan Tarih\u201din 1900\u2019l\u00fc y\u0131llarda ger\u00e7ekle\u015ftirilen t\u00fcm soyk\u0131r\u0131mlar\u0131n tart\u0131\u015f\u0131laca\u011f\u0131 uluslararas\u0131 konferanslar \u00f6rg\u00fctlemesini \u00f6neriyor. Bunun ger\u00e7ekle\u015febilmesi i\u00e7in de parlamentonun karar almas\u0131n\u0131 istiyor.<\/p>\n<p style=\"text-align: justify;\">2000\u2019li y\u0131llar\u0131n ba\u015f\u0131nda Sosyal Demokrat H\u00fck\u00fcmet 4 y\u0131l ard arda 60 civar\u0131ndaki devletin kat\u0131ld\u0131\u011f\u0131 uluslararas\u0131 soyk\u0131r\u0131m konferanslar\u0131 d\u00fczenlemi\u015fti.<\/p>\n<p style=\"text-align: justify;\"><b>\u0130SVE\u00c7 T\u00dcRK\u0130YE\u2019N\u0130N AZINLIKLARI F\u0130\u015eLEMES\u0130NE KAR\u015eI HAREKETE GE\u00c7S\u0130N<\/b><\/p>\n<p style=\"text-align: justify;\">Halef verdi\u011fi bir di\u011fer \u00f6nergeyle de T\u00fcrkiye\u2019de ya\u015fayan dini ve etnik az\u0131nl\u0131klar\u0131n numaraland\u0131r\u0131larak fi\u015flendiklerine dikkat \u00e7ekiyor ve fi\u015flenmenin son bulmas\u0131 i\u00e7in \u0130sve\u00e7 Parlamentosunun H\u00fck\u00fcmete g\u00f6rev vermesini talep ediyor.<\/p>\n<p style=\"text-align: justify;\">Ermenilerie 1, Rumlara 2, Yahudilere 3, S\u00fcryanilere 4 numaralar\u0131n\u0131n verildi\u011fini, askeri hizmetini yapan H\u0131ristiyanlar\u0131n da GM (Gayr\u0131-m\u00fcslim) olarak i\u015faretlendiklerini belirten Halef Avrupa Birli\u011fi\u2019nin T\u00fcrkiye ile \u00fcyelik m\u00fczakerelerinde insanlar\u0131n s\u0131n\u0131fland\u0131r\u0131lmas\u0131n\u0131 ve fi\u015flenmesini kabul etmeyece\u011fini vurgulamas\u0131 gerekti\u011fini dile getiriyor.<\/p>\n<p style=\"text-align: justify;\">\u0130sve\u00e7 H\u00fck\u00fcmetinin T\u00fcrkiye ile yapt\u0131\u011f\u0131 ikili g\u00f6r\u00fc\u015fmelerde de fi\u015flemeyi g\u00fcndeme getirmesi ve t\u00fcm insanlara dini ve etnik k\u00f6kenlerinden ba\u011f\u0131ms\u0131z olarak e\u015fit davran\u0131lmas\u0131n\u0131 talep etmesi gerekti\u011fini ifade ediyor.<\/p>\n<p style=\"text-align: justify;\"><b>EGEMEN BA\u011eI\u015e HALEF\u2019E VE S\u00dcRYAN\u0130LERE HAKARET ETM\u0130\u015eT\u0130<\/b><\/p>\n<p style=\"text-align: justify;\">Soyk\u0131r\u0131m\u0131n kabul edilmesi ve Mor Gabriel\u2019in arazilerinin geri verilmesi i\u00e7in yapt\u0131\u011f\u0131 giri\u015fimleriyle tan\u0131nan Robert Halef, bu y\u0131l\u0131n ba\u015f\u0131nda \u00e7al\u0131\u015fmalar\u0131ndan \u00f6t\u00fcr\u00fc Avrupa Birli\u011fi Bakan\u0131 Egemen Ba\u011f\u0131\u015f\u2019\u0131n hakaretlerine maruz kalm\u0131\u015ft\u0131. Ba\u011f\u0131\u015f, 16 Ocak 2013 g\u00fcn\u00fc Asuri-S\u00fcryani Milletvekilleri ile kitle \u00f6rg\u00fctlerinin temsilcilerini Stockholm B\u00fcy\u00fckel\u00e7ili\u011fine davet etmi\u015f, toplant\u0131da bulunan Robert Halef ve Sosyal Demokrat \u0130\u015f\u00e7i Partisi Milletvekili Y\u0131lmaz Kerimo\u2019ya \u201c\u0130sve\u00e7 ve Avrupa\u2019da soyk\u0131r\u0131m mast\u00fcrbasyonunu yap\u0131p \u0130sve\u00e7\u2019in soyk\u0131r\u0131m\u0131 tan\u0131mas\u0131na neden oldunuz da ne oldu?\u201d diyerek hakaret ettikten sonra Asuri temsilcileri Rumlar\u0131 k\u0131\u015fk\u0131rtmakla su\u00e7lam\u0131\u015ft\u0131.<\/p>\n<p style=\"text-align: justify;\">Olanlar\u0131n kamuoyuna yans\u0131mas\u0131ndan sonra a\u00e7\u0131lan imza kampanyas\u0131na kat\u0131lan binlerce Asuri-S\u00fcryani Ba\u011f\u0131\u015f\u2019\u0131 protesto etmi\u015f ve g\u00f6revden al\u0131nmas\u0131n\u0131 talep etmi\u015fti.<\/p>\n<p style=\"text-align: justify;\">Asuri milletvelilleri ve kitle y\u00f6neticilerini korkutmaya ve sindirmeye y\u00f6nelik bu giri\u015fim ters tepmi\u015f, Y\u0131lmaz Kerimo Cumhurba\u015fkan\u0131 Abdullah G\u00fcl\u2019\u00fcn \u0130sve\u00e7 parlamentosu\u2019nda yapt\u0131\u011f\u0131 konu\u015fman\u0131n ard\u0131ndan s\u00f6z alarak Cumhurba\u015fkan\u0131\u2019n\u0131n anlat\u0131mlar\u0131n\u0131n ger\u00e7ekleri yans\u0131tmad\u0131\u011f\u0131n\u0131 belirtmi\u015f, K\u00fcrt, Asuri-S\u00fcryani ve di\u011fer halklara yap\u0131lan bask\u0131 ve sald\u0131r\u0131lar\u0131 \u00f6rnekler vererek g\u00fcndeme getirmi\u015fti. Asuri-S\u00fcryani \u00f6rg\u00fctleri de G\u00fcl\u2019\u00fcn konu\u015fma yapt\u0131\u011f\u0131 saatlerde parlamento binas\u0131 \u00f6n\u00fcnde protesto g\u00f6sterisi yapm\u0131\u015ft\u0131.<\/p>\n<p style=\"text-align: justify;\"><b><i>http:\/\/www.firatnews.com\/news\/guncel\/isvec-parlamentosu-na-soykirim-konferanslari-duzenleme-onergesi.htm<\/i><\/b><\/p>\n","protected":false},"excerpt":{"rendered":"<p>MURAT KUSEYRI &#8211; STOCKHOLM 2010 y\u0131l\u0131nda, Birinci D\u00fcnya Sava\u015f\u0131 y\u0131llar\u0131nda Ermeni, Asuri-S\u00fcryani ve Rumlara y\u00f6nelik yap\u0131lan katliam\u0131, ge\u00e7ti\u011fimiz y\u0131l da K\u00fcrtlere y\u00f6nelik Al Anfal\u2019\u0131 soyk\u0131r\u0131m olarak kabul eden \u0130sve\u00e7\u2019in ho\u015fg\u00f6r\u00fc ve anlay\u0131\u015f\u0131n artmas\u0131, yeni sald\u0131r\u0131 ve soyk\u0131r\u0131mlar\u0131n engellenmesi i\u00e7in her y\u0131l uluslararas\u0131 soyk\u0131r\u0131m konferans\u0131 d\u00fczenlemesi isteniyor. \u0130sve\u00e7 Parlamentosu\u2019na sunulan \u00f6nergede imzas\u0131 bulunan S\u00fcryani as\u0131ll\u0131 H\u0131ristiyan [&hellip;]<\/p>\n","protected":false},"author":7,"featured_media":0,"comment_status":"open","ping_status":"open","sticky":false,"template":"","format":"standard","meta":{"footnotes":""},"categories":[1],"tags":[],"class_list":["post-25981","post","type-post","status-publish","format-standard","hentry","category-haberler"],"yoast_head":"<!-- This site is optimized with the Yoast SEO plugin v27.4 - https:\/\/yoast.com\/product\/yoast-seo-wordpress\/ -->\n<title>\u0130sve\u00e7 Parlamentosu\u2019na soyk\u0131r\u0131m konferanslar\u0131 d\u00fczenleme \u00f6nergesi - Bati Ermenistan Ve Bati Ermenileri Sorunlari Ara\u015ftirmalar Merkezi<\/title>\n<meta name=\"robots\" content=\"index, follow, max-snippet:-1, max-image-preview:large, max-video-preview:-1\" \/>\n<link rel=\"canonical\" href=\"https:\/\/akunq.net\/tr\/?p=25981\" \/>\n<meta property=\"og:locale\" content=\"en_US\" \/>\n<meta property=\"og:type\" content=\"article\" \/>\n<meta property=\"og:title\" content=\"\u0130sve\u00e7 Parlamentosu\u2019na soyk\u0131r\u0131m konferanslar\u0131 d\u00fczenleme \u00f6nergesi - Bati Ermenistan Ve Bati Ermenileri Sorunlari Ara\u015ftirmalar Merkezi\" \/>\n<meta property=\"og:description\" content=\"MURAT KUSEYRI &#8211; STOCKHOLM 2010 y\u0131l\u0131nda, Birinci D\u00fcnya Sava\u015f\u0131 y\u0131llar\u0131nda Ermeni, Asuri-S\u00fcryani ve Rumlara y\u00f6nelik yap\u0131lan katliam\u0131, ge\u00e7ti\u011fimiz y\u0131l da K\u00fcrtlere y\u00f6nelik Al Anfal\u2019\u0131 soyk\u0131r\u0131m olarak kabul eden \u0130sve\u00e7\u2019in ho\u015fg\u00f6r\u00fc ve anlay\u0131\u015f\u0131n artmas\u0131, yeni sald\u0131r\u0131 ve soyk\u0131r\u0131mlar\u0131n engellenmesi i\u00e7in her y\u0131l uluslararas\u0131 soyk\u0131r\u0131m konferans\u0131 d\u00fczenlemesi isteniyor. \u0130sve\u00e7 Parlamentosu\u2019na sunulan \u00f6nergede imzas\u0131 bulunan S\u00fcryani as\u0131ll\u0131 H\u0131ristiyan [&hellip;]\" \/>\n<meta property=\"og:url\" content=\"https:\/\/akunq.net\/tr\/?p=25981\" \/>\n<meta property=\"og:site_name\" content=\"Bati Ermenistan Ve Bati Ermenileri Sorunlari Ara\u015ftirmalar Merkezi\" \/>\n<meta property=\"article:published_time\" content=\"2013-10-07T07:42:49+00:00\" \/>\n<meta name=\"author\" content=\"admin\" \/>\n<meta name=\"twitter:card\" content=\"summary_large_image\" \/>\n<meta name=\"twitter:label1\" content=\"Written by\" \/>\n\t<meta name=\"twitter:data1\" content=\"admin\" \/>\n\t<meta name=\"twitter:label2\" content=\"Est. reading time\" \/>\n\t<meta name=\"twitter:data2\" content=\"4 minutes\" \/>\n<script type=\"application\/ld+json\" class=\"yoast-schema-graph\">{\"@context\":\"https:\\\/\\\/schema.org\",\"@graph\":[{\"@type\":\"Article\",\"@id\":\"https:\\\/\\\/akunq.net\\\/tr\\\/?p=25981#article\",\"isPartOf\":{\"@id\":\"https:\\\/\\\/akunq.net\\\/tr\\\/?p=25981\"},\"author\":{\"name\":\"admin\",\"@id\":\"https:\\\/\\\/akunq.net\\\/tr\\\/#\\\/schema\\\/person\\\/096f1d38a12cce57fb855b485ed24c9e\"},\"headline\":\"\u0130sve\u00e7 Parlamentosu\u2019na soyk\u0131r\u0131m konferanslar\u0131 d\u00fczenleme \u00f6nergesi\",\"datePublished\":\"2013-10-07T07:42:49+00:00\",\"mainEntityOfPage\":{\"@id\":\"https:\\\/\\\/akunq.net\\\/tr\\\/?p=25981\"},\"wordCount\":906,\"commentCount\":0,\"articleSection\":[\"Haberler\"],\"inLanguage\":\"en-US\",\"potentialAction\":[{\"@type\":\"CommentAction\",\"name\":\"Comment\",\"target\":[\"https:\\\/\\\/akunq.net\\\/tr\\\/?p=25981#respond\"]}]},{\"@type\":\"WebPage\",\"@id\":\"https:\\\/\\\/akunq.net\\\/tr\\\/?p=25981\",\"url\":\"https:\\\/\\\/akunq.net\\\/tr\\\/?p=25981\",\"name\":\"\u0130sve\u00e7 Parlamentosu\u2019na soyk\u0131r\u0131m konferanslar\u0131 d\u00fczenleme \u00f6nergesi - Bati Ermenistan Ve Bati Ermenileri Sorunlari Ara\u015ftirmalar Merkezi\",\"isPartOf\":{\"@id\":\"https:\\\/\\\/akunq.net\\\/tr\\\/#website\"},\"datePublished\":\"2013-10-07T07:42:49+00:00\",\"author\":{\"@id\":\"https:\\\/\\\/akunq.net\\\/tr\\\/#\\\/schema\\\/person\\\/096f1d38a12cce57fb855b485ed24c9e\"},\"breadcrumb\":{\"@id\":\"https:\\\/\\\/akunq.net\\\/tr\\\/?p=25981#breadcrumb\"},\"inLanguage\":\"en-US\",\"potentialAction\":[{\"@type\":\"ReadAction\",\"target\":[\"https:\\\/\\\/akunq.net\\\/tr\\\/?p=25981\"]}]},{\"@type\":\"BreadcrumbList\",\"@id\":\"https:\\\/\\\/akunq.net\\\/tr\\\/?p=25981#breadcrumb\",\"itemListElement\":[{\"@type\":\"ListItem\",\"position\":1,\"name\":\"Home\",\"item\":\"https:\\\/\\\/akunq.net\\\/tr\"},{\"@type\":\"ListItem\",\"position\":2,\"name\":\"\u0130sve\u00e7 Parlamentosu\u2019na soyk\u0131r\u0131m konferanslar\u0131 d\u00fczenleme \u00f6nergesi\"}]},{\"@type\":\"WebSite\",\"@id\":\"https:\\\/\\\/akunq.net\\\/tr\\\/#website\",\"url\":\"https:\\\/\\\/akunq.net\\\/tr\\\/\",\"name\":\"Bati Ermenistan Ve Bati Ermenileri Sorunlari Ara\u015ftirmalar Merkezi\",\"description\":\"\",\"potentialAction\":[{\"@type\":\"SearchAction\",\"target\":{\"@type\":\"EntryPoint\",\"urlTemplate\":\"https:\\\/\\\/akunq.net\\\/tr\\\/?s={search_term_string}\"},\"query-input\":{\"@type\":\"PropertyValueSpecification\",\"valueRequired\":true,\"valueName\":\"search_term_string\"}}],\"inLanguage\":\"en-US\"},{\"@type\":\"Person\",\"@id\":\"https:\\\/\\\/akunq.net\\\/tr\\\/#\\\/schema\\\/person\\\/096f1d38a12cce57fb855b485ed24c9e\",\"name\":\"admin\",\"url\":\"https:\\\/\\\/akunq.net\\\/tr\\\/?author=7\"}]}<\/script>\n<!-- \/ Yoast SEO plugin. -->","yoast_head_json":{"title":"\u0130sve\u00e7 Parlamentosu\u2019na soyk\u0131r\u0131m konferanslar\u0131 d\u00fczenleme \u00f6nergesi - Bati Ermenistan Ve Bati Ermenileri Sorunlari Ara\u015ftirmalar Merkezi","robots":{"index":"index","follow":"follow","max-snippet":"max-snippet:-1","max-image-preview":"max-image-preview:large","max-video-preview":"max-video-preview:-1"},"canonical":"https:\/\/akunq.net\/tr\/?p=25981","og_locale":"en_US","og_type":"article","og_title":"\u0130sve\u00e7 Parlamentosu\u2019na soyk\u0131r\u0131m konferanslar\u0131 d\u00fczenleme \u00f6nergesi - Bati Ermenistan Ve Bati Ermenileri Sorunlari Ara\u015ftirmalar Merkezi","og_description":"MURAT KUSEYRI &#8211; STOCKHOLM 2010 y\u0131l\u0131nda, Birinci D\u00fcnya Sava\u015f\u0131 y\u0131llar\u0131nda Ermeni, Asuri-S\u00fcryani ve Rumlara y\u00f6nelik yap\u0131lan katliam\u0131, ge\u00e7ti\u011fimiz y\u0131l da K\u00fcrtlere y\u00f6nelik Al Anfal\u2019\u0131 soyk\u0131r\u0131m olarak kabul eden \u0130sve\u00e7\u2019in ho\u015fg\u00f6r\u00fc ve anlay\u0131\u015f\u0131n artmas\u0131, yeni sald\u0131r\u0131 ve soyk\u0131r\u0131mlar\u0131n engellenmesi i\u00e7in her y\u0131l uluslararas\u0131 soyk\u0131r\u0131m konferans\u0131 d\u00fczenlemesi isteniyor. \u0130sve\u00e7 Parlamentosu\u2019na sunulan \u00f6nergede imzas\u0131 bulunan S\u00fcryani as\u0131ll\u0131 H\u0131ristiyan [&hellip;]","og_url":"https:\/\/akunq.net\/tr\/?p=25981","og_site_name":"Bati Ermenistan Ve Bati Ermenileri Sorunlari Ara\u015ftirmalar Merkezi","article_published_time":"2013-10-07T07:42:49+00:00","author":"admin","twitter_card":"summary_large_image","twitter_misc":{"Written by":"admin","Est. reading time":"4 minutes"},"schema":{"@context":"https:\/\/schema.org","@graph":[{"@type":"Article","@id":"https:\/\/akunq.net\/tr\/?p=25981#article","isPartOf":{"@id":"https:\/\/akunq.net\/tr\/?p=25981"},"author":{"name":"admin","@id":"https:\/\/akunq.net\/tr\/#\/schema\/person\/096f1d38a12cce57fb855b485ed24c9e"},"headline":"\u0130sve\u00e7 Parlamentosu\u2019na soyk\u0131r\u0131m konferanslar\u0131 d\u00fczenleme \u00f6nergesi","datePublished":"2013-10-07T07:42:49+00:00","mainEntityOfPage":{"@id":"https:\/\/akunq.net\/tr\/?p=25981"},"wordCount":906,"commentCount":0,"articleSection":["Haberler"],"inLanguage":"en-US","potentialAction":[{"@type":"CommentAction","name":"Comment","target":["https:\/\/akunq.net\/tr\/?p=25981#respond"]}]},{"@type":"WebPage","@id":"https:\/\/akunq.net\/tr\/?p=25981","url":"https:\/\/akunq.net\/tr\/?p=25981","name":"\u0130sve\u00e7 Parlamentosu\u2019na soyk\u0131r\u0131m konferanslar\u0131 d\u00fczenleme \u00f6nergesi - Bati Ermenistan Ve Bati Ermenileri Sorunlari Ara\u015ftirmalar Merkezi","isPartOf":{"@id":"https:\/\/akunq.net\/tr\/#website"},"datePublished":"2013-10-07T07:42:49+00:00","author":{"@id":"https:\/\/akunq.net\/tr\/#\/schema\/person\/096f1d38a12cce57fb855b485ed24c9e"},"breadcrumb":{"@id":"https:\/\/akunq.net\/tr\/?p=25981#breadcrumb"},"inLanguage":"en-US","potentialAction":[{"@type":"ReadAction","target":["https:\/\/akunq.net\/tr\/?p=25981"]}]},{"@type":"BreadcrumbList","@id":"https:\/\/akunq.net\/tr\/?p=25981#breadcrumb","itemListElement":[{"@type":"ListItem","position":1,"name":"Home","item":"https:\/\/akunq.net\/tr"},{"@type":"ListItem","position":2,"name":"\u0130sve\u00e7 Parlamentosu\u2019na soyk\u0131r\u0131m konferanslar\u0131 d\u00fczenleme \u00f6nergesi"}]},{"@type":"WebSite","@id":"https:\/\/akunq.net\/tr\/#website","url":"https:\/\/akunq.net\/tr\/","name":"Bati Ermenistan Ve Bati Ermenileri Sorunlari Ara\u015ftirmalar Merkezi","description":"","potentialAction":[{"@type":"SearchAction","target":{"@type":"EntryPoint","urlTemplate":"https:\/\/akunq.net\/tr\/?s={search_term_string}"},"query-input":{"@type":"PropertyValueSpecification","valueRequired":true,"valueName":"search_term_string"}}],"inLanguage":"en-US"},{"@type":"Person","@id":"https:\/\/akunq.net\/tr\/#\/schema\/person\/096f1d38a12cce57fb855b485ed24c9e","name":"admin","url":"https:\/\/akunq.net\/tr\/?author=7"}]}},"_links":{"self":[{"href":"https:\/\/akunq.net\/tr\/index.php?rest_route=\/wp\/v2\/posts\/25981","targetHints":{"allow":["GET"]}}],"collection":[{"href":"https:\/\/akunq.net\/tr\/index.php?rest_route=\/wp\/v2\/posts"}],"about":[{"href":"https:\/\/akunq.net\/tr\/index.php?rest_route=\/wp\/v2\/types\/post"}],"author":[{"embeddable":true,"href":"https:\/\/akunq.net\/tr\/index.php?rest_route=\/wp\/v2\/users\/7"}],"replies":[{"embeddable":true,"href":"https:\/\/akunq.net\/tr\/index.php?rest_route=%2Fwp%2Fv2%2Fcomments&post=25981"}],"version-history":[{"count":1,"href":"https:\/\/akunq.net\/tr\/index.php?rest_route=\/wp\/v2\/posts\/25981\/revisions"}],"predecessor-version":[{"id":25983,"href":"https:\/\/akunq.net\/tr\/index.php?rest_route=\/wp\/v2\/posts\/25981\/revisions\/25983"}],"wp:attachment":[{"href":"https:\/\/akunq.net\/tr\/index.php?rest_route=%2Fwp%2Fv2%2Fmedia&parent=25981"}],"wp:term":[{"taxonomy":"category","embeddable":true,"href":"https:\/\/akunq.net\/tr\/index.php?rest_route=%2Fwp%2Fv2%2Fcategories&post=25981"},{"taxonomy":"post_tag","embeddable":true,"href":"https:\/\/akunq.net\/tr\/index.php?rest_route=%2Fwp%2Fv2%2Ftags&post=25981"}],"curies":[{"name":"wp","href":"https:\/\/api.w.org\/{rel}","templated":true}]}}