{"id":25968,"date":"2013-10-05T02:43:59","date_gmt":"2013-10-05T07:43:59","guid":{"rendered":"http:\/\/akunq.net\/tr\/?p=25968"},"modified":"2013-10-05T02:43:59","modified_gmt":"2013-10-05T07:43:59","slug":"bahcesinde-ermeni-ve-kurt-tarihini-yasatiyor","status":"publish","type":"post","link":"https:\/\/akunq.net\/tr\/?p=25968","title":{"rendered":"Bah\u00e7esinde Ermeni ve K\u00fcrt tarihini ya\u015fat\u0131yor"},"content":{"rendered":"<p style=\"text-align: justify;\"><b><i><a href=\"http:\/\/akunq.net\/tr\/wp-content\/uploads\/2013\/10\/\u015eahwelat-K\u0131l\u0131\u00e7.jpg\"><img loading=\"lazy\" decoding=\"async\" class=\"alignright size-full wp-image-25969\" alt=\"\u015eahwelat K\u0131l\u0131\u00e7\" src=\"http:\/\/akunq.net\/tr\/wp-content\/uploads\/2013\/10\/\u015eahwelat-K\u0131l\u0131\u00e7.jpg\" width=\"300\" height=\"250\" \/><\/a> Van Erci\u015f&#8217;e ba\u011fl\u0131 Yukar\u0131 I\u015f\u0131kl\u0131 (\u0130ri\u015fat) k\u00f6y\u00fcnde oturan \u015eahwelat K\u0131l\u0131\u00e7 (58), hi\u00e7bir e\u011fitim almadan \u00f6\u011frendi\u011fi heykeltra\u015fl\u0131k mesle\u011fi ile K\u00fcrt ve Ermeni medeniyetlerine ait fig\u00fcrleri ta\u015flara i\u015fleyerek, adeta m\u00fczeye \u00e7evirdi\u011fi bah\u00e7esinde sergiliyor.<\/i><\/b><\/p>\n<p style=\"text-align: justify;\">Erci\u015f&#8217;te \u00e7ocuk ya\u015fta iken \u00e7obanl\u0131k yapt\u0131\u011f\u0131 s\u0131rada ta\u015flar\u0131 oyarak \u00e7e\u015fitli \u015fekiller yapmaya ba\u015flayan \u015eahwelat K\u0131l\u0131\u00e7, oyun sand\u0131\u011f\u0131 kaz\u0131 mesle\u011fini ilerleterek heykelt\u0131ra\u015fl\u0131\u011fa d\u00f6n\u00fc\u015ft\u00fcr\u00fcp hem kendine hem de k\u00fclt\u00fcr\u00fcne katk\u0131 sunmaya \u00e7al\u0131\u015f\u0131yor. Yapt\u0131\u011f\u0131 heykellerle ge\u00e7imini sa\u011flayan K\u0131l\u0131\u00e7, yok edilmeye \u00e7al\u0131\u015fan K\u00fcrt medeniyetleri fig\u00fcrlerini kendi bah\u00e7esinde yapt\u0131\u011f\u0131 alanda \u00e7e\u015fitli ta\u015flara \u015fekil vererek yeniden canland\u0131r\u0131yor. K\u0131l\u0131\u00e7, T\u00fcrkiye topraklar\u0131nda bir\u00e7ok halklar\u0131n tarihi dokular\u0131na sayg\u0131 duyulmad\u0131\u011f\u0131n\u0131 ifade ederek, &#8220;Erci\u015f topraklar\u0131 bir\u00e7ok medeniyete ev sahipli\u011fi yapt\u0131. Bu medeniyetlerden bize \u00e7ok \u00f6nemli miraslar b\u0131rak\u0131ld\u0131. Fakat devlet buna sahip \u00e7\u0131kamad\u0131. \u00c7o\u011fu definecilerin insaf\u0131na b\u0131rak\u0131ld\u0131, bir\u00e7o\u011fu ise kendi kaderine terk edilerek yok edilmeye \u00e7al\u0131\u015f\u0131ld\u0131&#8221; dedi. Bah\u00e7esinde K\u00fcrt medeniyetlerini ya\u015fatmaya \u00e7al\u0131\u015fan K\u0131l\u0131\u00e7, ta\u015flar\u0131n \u00fczerine Urartu tanr\u0131s\u0131 olarak bilinen Haldi, Med, S\u00fcmer, Gilgam\u00ea\u015f, M\u00f6so Meleka, Kral Astiya Ges, Demirci Kawa gibi efsaneleri i\u015fleyerek sonsuza kadar ya\u015fatmak istedi\u011fini dile getirdi ve &#8220;Bana imkan verilirse bunlar\u0131 T\u00fcrkiye&#8217;nin d\u00f6rt bir yan\u0131na yapar\u0131m&#8221; dedi.<\/p>\n<p style=\"text-align: justify;\"><b>&#8216;K\u00fcrt ve Ermeni tarihleri yok ettirildi&#8217;<\/b><\/p>\n<p style=\"text-align: justify;\">Y\u0131llard\u0131r bu co\u011frafyada kalan \u00e7ok de\u011ferli tarihi kal\u0131nt\u0131lar oldu\u011funu ifade eden K\u0131l\u0131\u00e7, tarihi de\u011ferlere sahip \u00e7\u0131k\u0131lmad\u0131\u011f\u0131n\u0131 s\u00f6yledi. Ara\u015ft\u0131r\u0131lmas\u0131 halinde Erci\u015f&#8217;te K\u00fcrt medeniyetlerine ait \u00e7ok say\u0131da kal\u0131nt\u0131n\u0131n ortaya \u00e7\u0131kaca\u011f\u0131n\u0131 belirten K\u0131l\u0131\u00e7, &#8220;G\u00fcn gelecek bizler bu de\u011ferlere ve kal\u0131nt\u0131lara muhta\u00e7 kalaca\u011f\u0131z. \u00c7ok arayaca\u011f\u0131z fakat bulamayaca\u011f\u0131z. \u00dclkemizde maalesef K\u00fcrt ve Ermeni medeniyetlerine ait \u00e7ok say\u0131da tarihi doku yok ettirildi. Kiliseler, manast\u0131rlar ve y\u00fczy\u0131llar \u00f6ncesi yap\u0131lan kutsal heykeller yok ettirildi. Bu topraklardan s\u00fcr\u00fclen, g\u00f6nderilen ya da kalan halklar\u0131n tarihin kendilerine b\u0131rakt\u0131\u011f\u0131 miraslar\u0131 yok ettirildi. Ben \u00e7ocuklu\u011fumdan beri bu da\u011flar\u0131 ve ta\u015flar\u0131 gezdim tozdum. Z\u0131rteki (Z\u0131rnekol) tepesi olarak bilinen yerde Kral Arg\u0131\u015fti&#8217;nin fig\u00fcr\u00fcne rastlad\u0131m. \u0130nan\u0131lmaz muazzam eserler g\u00f6rd\u00fcm. Fakat \u015fimdi bu eserlere sadece kitaplarda rastl\u0131yorum. Bu y\u00fczden ben de g\u00f6rd\u00fcklerimi yeniden ya\u015fatmak amac\u0131 ile bah\u00e7emde ta\u015flar\u0131n \u00fczerine yeniden i\u015fliyorum&#8221; diye konu\u015ftu.<\/p>\n<p style=\"text-align: justify;\"><b>&#8216;\u00c7izdi\u011fim efsane karakterleri ya\u015f\u0131yorum&#8217;<\/b><\/p>\n<p style=\"text-align: justify;\">K\u00fcrt ve Ermeni tarihlerini kap\u0131s\u0131nda ya\u015fatmak i\u00e7in ciddi emek sarf etti\u011fini ifade eden K\u0131l\u0131\u00e7, \u015funlar\u0131 dile getirdi: &#8220;Kendi K\u00fcrt tarihimle ilgili yapt\u0131\u011f\u0131m her kabartmaya konu olan efsaneler, \u00e7al\u0131\u015ft\u0131\u011f\u0131m s\u0131rada beni adeta o tarihe s\u00fcr\u00fckl\u00fcyor. \u00d6zellikle yapt\u0131\u011f\u0131m sava\u015f karakterlerini ta\u015fa oyarken sallad\u0131\u011f\u0131m her \u00e7eki\u00e7 beni o d\u00f6neme g\u00f6t\u00fcr\u00fcyor ve sanki onlarla birlikte o tarihi ya\u015f\u0131yor oluyorum. Gece yatarken g\u00f6zlerimi kapatt\u0131\u011f\u0131mda onlar gibi onlar\u0131n ya\u015fam\u0131nda yer al\u0131yorum. Sonra kendime geldi\u011fimde bitmi\u015f oluyor.&#8221; Yapt\u0131\u011f\u0131 her eserin yakla\u015f\u0131k bir haftas\u0131n\u0131 ald\u0131\u011f\u0131n\u0131 belirten K\u0131l\u0131\u00e7, &#8220;Bunu yaparken yorulmuyor musunuz?&#8221; sorusuna ise &#8220;Ben asla \u00e7al\u0131\u015f\u0131rken yorulmam, kendi tarihime ve kendi k\u00fclt\u00fcr\u00fcme katk\u0131 sunmam beni onurland\u0131r\u0131yor&#8221; yan\u0131t\u0131n\u0131 veriyor.<\/p>\n<p style=\"text-align: justify;\"><b>&#8216;\u0130mkan verilirse restore ederim&#8221;<\/b><\/p>\n<p style=\"text-align: justify;\">B\u00f6lgede halen Ermeni ve K\u00fcrt tarihine ait \u00e7ok say\u0131da kal\u0131nt\u0131n\u0131n oldu\u011funu s\u00f6yleyen K\u0131l\u0131\u00e7, &#8220;Yok olanlara sahip \u00e7\u0131kamad\u0131k, fakat kalanlara sahip \u00e7\u0131kmal\u0131y\u0131z. Bana imkan verilmesi durumunda geride kalan tarihi kal\u0131nt\u0131lar\u0131 restore edip turizme kazand\u0131rabilirim&#8221; dedi.<\/p>\n<p style=\"text-align: justify;\"><b><i>(D\u0130HA)<\/i><\/b><\/p>\n<p style=\"text-align: justify;\"><b><i>http:\/\/hyetert.blogspot.com\/2013\/10\/bahcesinde-ermeni-ve-kurt-tarihini.html<\/i><\/b><\/p>\n","protected":false},"excerpt":{"rendered":"<p>Van Erci\u015f&#8217;e ba\u011fl\u0131 Yukar\u0131 I\u015f\u0131kl\u0131 (\u0130ri\u015fat) k\u00f6y\u00fcnde oturan \u015eahwelat K\u0131l\u0131\u00e7 (58), hi\u00e7bir e\u011fitim almadan \u00f6\u011frendi\u011fi heykeltra\u015fl\u0131k mesle\u011fi ile K\u00fcrt ve Ermeni medeniyetlerine ait fig\u00fcrleri ta\u015flara i\u015fleyerek, adeta m\u00fczeye \u00e7evirdi\u011fi bah\u00e7esinde sergiliyor. Erci\u015f&#8217;te \u00e7ocuk ya\u015fta iken \u00e7obanl\u0131k yapt\u0131\u011f\u0131 s\u0131rada ta\u015flar\u0131 oyarak \u00e7e\u015fitli \u015fekiller yapmaya ba\u015flayan \u015eahwelat K\u0131l\u0131\u00e7, oyun sand\u0131\u011f\u0131 kaz\u0131 mesle\u011fini ilerleterek heykelt\u0131ra\u015fl\u0131\u011fa d\u00f6n\u00fc\u015ft\u00fcr\u00fcp hem kendine [&hellip;]<\/p>\n","protected":false},"author":7,"featured_media":0,"comment_status":"open","ping_status":"open","sticky":false,"template":"","format":"standard","meta":{"footnotes":""},"categories":[22,1],"tags":[],"class_list":["post-25968","post","type-post","status-publish","format-standard","hentry","category-gunumuzde-bati-ermenistan","category-haberler"],"yoast_head":"<!-- This site is optimized with the Yoast SEO plugin v27.4 - https:\/\/yoast.com\/product\/yoast-seo-wordpress\/ -->\n<title>Bah\u00e7esinde Ermeni ve K\u00fcrt tarihini ya\u015fat\u0131yor - Bati Ermenistan Ve Bati Ermenileri Sorunlari Ara\u015ftirmalar Merkezi<\/title>\n<meta name=\"robots\" content=\"index, follow, max-snippet:-1, max-image-preview:large, max-video-preview:-1\" \/>\n<link rel=\"canonical\" href=\"https:\/\/akunq.net\/tr\/?p=25968\" \/>\n<meta property=\"og:locale\" content=\"en_US\" \/>\n<meta property=\"og:type\" content=\"article\" \/>\n<meta property=\"og:title\" content=\"Bah\u00e7esinde Ermeni ve K\u00fcrt tarihini ya\u015fat\u0131yor - Bati Ermenistan Ve Bati Ermenileri Sorunlari Ara\u015ftirmalar Merkezi\" \/>\n<meta property=\"og:description\" content=\"Van Erci\u015f&#8217;e ba\u011fl\u0131 Yukar\u0131 I\u015f\u0131kl\u0131 (\u0130ri\u015fat) k\u00f6y\u00fcnde oturan \u015eahwelat K\u0131l\u0131\u00e7 (58), hi\u00e7bir e\u011fitim almadan \u00f6\u011frendi\u011fi heykeltra\u015fl\u0131k mesle\u011fi ile K\u00fcrt ve Ermeni medeniyetlerine ait fig\u00fcrleri ta\u015flara i\u015fleyerek, adeta m\u00fczeye \u00e7evirdi\u011fi bah\u00e7esinde sergiliyor. Erci\u015f&#8217;te \u00e7ocuk ya\u015fta iken \u00e7obanl\u0131k yapt\u0131\u011f\u0131 s\u0131rada ta\u015flar\u0131 oyarak \u00e7e\u015fitli \u015fekiller yapmaya ba\u015flayan \u015eahwelat K\u0131l\u0131\u00e7, oyun sand\u0131\u011f\u0131 kaz\u0131 mesle\u011fini ilerleterek heykelt\u0131ra\u015fl\u0131\u011fa d\u00f6n\u00fc\u015ft\u00fcr\u00fcp hem kendine [&hellip;]\" \/>\n<meta property=\"og:url\" content=\"https:\/\/akunq.net\/tr\/?p=25968\" \/>\n<meta property=\"og:site_name\" content=\"Bati Ermenistan Ve Bati Ermenileri Sorunlari Ara\u015ftirmalar Merkezi\" \/>\n<meta property=\"article:published_time\" content=\"2013-10-05T07:43:59+00:00\" \/>\n<meta name=\"author\" content=\"admin\" \/>\n<meta name=\"twitter:card\" content=\"summary_large_image\" \/>\n<meta name=\"twitter:label1\" content=\"Written by\" \/>\n\t<meta name=\"twitter:data1\" content=\"admin\" \/>\n\t<meta name=\"twitter:label2\" content=\"Est. reading time\" \/>\n\t<meta name=\"twitter:data2\" content=\"3 minutes\" \/>\n<script type=\"application\/ld+json\" class=\"yoast-schema-graph\">{\"@context\":\"https:\\\/\\\/schema.org\",\"@graph\":[{\"@type\":\"Article\",\"@id\":\"https:\\\/\\\/akunq.net\\\/tr\\\/?p=25968#article\",\"isPartOf\":{\"@id\":\"https:\\\/\\\/akunq.net\\\/tr\\\/?p=25968\"},\"author\":{\"name\":\"admin\",\"@id\":\"https:\\\/\\\/akunq.net\\\/tr\\\/#\\\/schema\\\/person\\\/096f1d38a12cce57fb855b485ed24c9e\"},\"headline\":\"Bah\u00e7esinde Ermeni ve K\u00fcrt tarihini ya\u015fat\u0131yor\",\"datePublished\":\"2013-10-05T07:43:59+00:00\",\"mainEntityOfPage\":{\"@id\":\"https:\\\/\\\/akunq.net\\\/tr\\\/?p=25968\"},\"wordCount\":671,\"commentCount\":0,\"articleSection\":[\"G\u00fcn\u00fcm\u00fczde Bat\u0131 Ermenistan\",\"Haberler\"],\"inLanguage\":\"en-US\",\"potentialAction\":[{\"@type\":\"CommentAction\",\"name\":\"Comment\",\"target\":[\"https:\\\/\\\/akunq.net\\\/tr\\\/?p=25968#respond\"]}]},{\"@type\":\"WebPage\",\"@id\":\"https:\\\/\\\/akunq.net\\\/tr\\\/?p=25968\",\"url\":\"https:\\\/\\\/akunq.net\\\/tr\\\/?p=25968\",\"name\":\"Bah\u00e7esinde Ermeni ve K\u00fcrt tarihini ya\u015fat\u0131yor - Bati Ermenistan Ve Bati Ermenileri Sorunlari Ara\u015ftirmalar Merkezi\",\"isPartOf\":{\"@id\":\"https:\\\/\\\/akunq.net\\\/tr\\\/#website\"},\"datePublished\":\"2013-10-05T07:43:59+00:00\",\"author\":{\"@id\":\"https:\\\/\\\/akunq.net\\\/tr\\\/#\\\/schema\\\/person\\\/096f1d38a12cce57fb855b485ed24c9e\"},\"breadcrumb\":{\"@id\":\"https:\\\/\\\/akunq.net\\\/tr\\\/?p=25968#breadcrumb\"},\"inLanguage\":\"en-US\",\"potentialAction\":[{\"@type\":\"ReadAction\",\"target\":[\"https:\\\/\\\/akunq.net\\\/tr\\\/?p=25968\"]}]},{\"@type\":\"BreadcrumbList\",\"@id\":\"https:\\\/\\\/akunq.net\\\/tr\\\/?p=25968#breadcrumb\",\"itemListElement\":[{\"@type\":\"ListItem\",\"position\":1,\"name\":\"Home\",\"item\":\"https:\\\/\\\/akunq.net\\\/tr\"},{\"@type\":\"ListItem\",\"position\":2,\"name\":\"Bah\u00e7esinde Ermeni ve K\u00fcrt tarihini ya\u015fat\u0131yor\"}]},{\"@type\":\"WebSite\",\"@id\":\"https:\\\/\\\/akunq.net\\\/tr\\\/#website\",\"url\":\"https:\\\/\\\/akunq.net\\\/tr\\\/\",\"name\":\"Bati Ermenistan Ve Bati Ermenileri Sorunlari Ara\u015ftirmalar Merkezi\",\"description\":\"\",\"potentialAction\":[{\"@type\":\"SearchAction\",\"target\":{\"@type\":\"EntryPoint\",\"urlTemplate\":\"https:\\\/\\\/akunq.net\\\/tr\\\/?s={search_term_string}\"},\"query-input\":{\"@type\":\"PropertyValueSpecification\",\"valueRequired\":true,\"valueName\":\"search_term_string\"}}],\"inLanguage\":\"en-US\"},{\"@type\":\"Person\",\"@id\":\"https:\\\/\\\/akunq.net\\\/tr\\\/#\\\/schema\\\/person\\\/096f1d38a12cce57fb855b485ed24c9e\",\"name\":\"admin\",\"url\":\"https:\\\/\\\/akunq.net\\\/tr\\\/?author=7\"}]}<\/script>\n<!-- \/ Yoast SEO plugin. -->","yoast_head_json":{"title":"Bah\u00e7esinde Ermeni ve K\u00fcrt tarihini ya\u015fat\u0131yor - Bati Ermenistan Ve Bati Ermenileri Sorunlari Ara\u015ftirmalar Merkezi","robots":{"index":"index","follow":"follow","max-snippet":"max-snippet:-1","max-image-preview":"max-image-preview:large","max-video-preview":"max-video-preview:-1"},"canonical":"https:\/\/akunq.net\/tr\/?p=25968","og_locale":"en_US","og_type":"article","og_title":"Bah\u00e7esinde Ermeni ve K\u00fcrt tarihini ya\u015fat\u0131yor - Bati Ermenistan Ve Bati Ermenileri Sorunlari Ara\u015ftirmalar Merkezi","og_description":"Van Erci\u015f&#8217;e ba\u011fl\u0131 Yukar\u0131 I\u015f\u0131kl\u0131 (\u0130ri\u015fat) k\u00f6y\u00fcnde oturan \u015eahwelat K\u0131l\u0131\u00e7 (58), hi\u00e7bir e\u011fitim almadan \u00f6\u011frendi\u011fi heykeltra\u015fl\u0131k mesle\u011fi ile K\u00fcrt ve Ermeni medeniyetlerine ait fig\u00fcrleri ta\u015flara i\u015fleyerek, adeta m\u00fczeye \u00e7evirdi\u011fi bah\u00e7esinde sergiliyor. Erci\u015f&#8217;te \u00e7ocuk ya\u015fta iken \u00e7obanl\u0131k yapt\u0131\u011f\u0131 s\u0131rada ta\u015flar\u0131 oyarak \u00e7e\u015fitli \u015fekiller yapmaya ba\u015flayan \u015eahwelat K\u0131l\u0131\u00e7, oyun sand\u0131\u011f\u0131 kaz\u0131 mesle\u011fini ilerleterek heykelt\u0131ra\u015fl\u0131\u011fa d\u00f6n\u00fc\u015ft\u00fcr\u00fcp hem kendine [&hellip;]","og_url":"https:\/\/akunq.net\/tr\/?p=25968","og_site_name":"Bati Ermenistan Ve Bati Ermenileri Sorunlari Ara\u015ftirmalar Merkezi","article_published_time":"2013-10-05T07:43:59+00:00","author":"admin","twitter_card":"summary_large_image","twitter_misc":{"Written by":"admin","Est. reading time":"3 minutes"},"schema":{"@context":"https:\/\/schema.org","@graph":[{"@type":"Article","@id":"https:\/\/akunq.net\/tr\/?p=25968#article","isPartOf":{"@id":"https:\/\/akunq.net\/tr\/?p=25968"},"author":{"name":"admin","@id":"https:\/\/akunq.net\/tr\/#\/schema\/person\/096f1d38a12cce57fb855b485ed24c9e"},"headline":"Bah\u00e7esinde Ermeni ve K\u00fcrt tarihini ya\u015fat\u0131yor","datePublished":"2013-10-05T07:43:59+00:00","mainEntityOfPage":{"@id":"https:\/\/akunq.net\/tr\/?p=25968"},"wordCount":671,"commentCount":0,"articleSection":["G\u00fcn\u00fcm\u00fczde Bat\u0131 Ermenistan","Haberler"],"inLanguage":"en-US","potentialAction":[{"@type":"CommentAction","name":"Comment","target":["https:\/\/akunq.net\/tr\/?p=25968#respond"]}]},{"@type":"WebPage","@id":"https:\/\/akunq.net\/tr\/?p=25968","url":"https:\/\/akunq.net\/tr\/?p=25968","name":"Bah\u00e7esinde Ermeni ve K\u00fcrt tarihini ya\u015fat\u0131yor - Bati Ermenistan Ve Bati Ermenileri Sorunlari Ara\u015ftirmalar Merkezi","isPartOf":{"@id":"https:\/\/akunq.net\/tr\/#website"},"datePublished":"2013-10-05T07:43:59+00:00","author":{"@id":"https:\/\/akunq.net\/tr\/#\/schema\/person\/096f1d38a12cce57fb855b485ed24c9e"},"breadcrumb":{"@id":"https:\/\/akunq.net\/tr\/?p=25968#breadcrumb"},"inLanguage":"en-US","potentialAction":[{"@type":"ReadAction","target":["https:\/\/akunq.net\/tr\/?p=25968"]}]},{"@type":"BreadcrumbList","@id":"https:\/\/akunq.net\/tr\/?p=25968#breadcrumb","itemListElement":[{"@type":"ListItem","position":1,"name":"Home","item":"https:\/\/akunq.net\/tr"},{"@type":"ListItem","position":2,"name":"Bah\u00e7esinde Ermeni ve K\u00fcrt tarihini ya\u015fat\u0131yor"}]},{"@type":"WebSite","@id":"https:\/\/akunq.net\/tr\/#website","url":"https:\/\/akunq.net\/tr\/","name":"Bati Ermenistan Ve Bati Ermenileri Sorunlari Ara\u015ftirmalar Merkezi","description":"","potentialAction":[{"@type":"SearchAction","target":{"@type":"EntryPoint","urlTemplate":"https:\/\/akunq.net\/tr\/?s={search_term_string}"},"query-input":{"@type":"PropertyValueSpecification","valueRequired":true,"valueName":"search_term_string"}}],"inLanguage":"en-US"},{"@type":"Person","@id":"https:\/\/akunq.net\/tr\/#\/schema\/person\/096f1d38a12cce57fb855b485ed24c9e","name":"admin","url":"https:\/\/akunq.net\/tr\/?author=7"}]}},"_links":{"self":[{"href":"https:\/\/akunq.net\/tr\/index.php?rest_route=\/wp\/v2\/posts\/25968","targetHints":{"allow":["GET"]}}],"collection":[{"href":"https:\/\/akunq.net\/tr\/index.php?rest_route=\/wp\/v2\/posts"}],"about":[{"href":"https:\/\/akunq.net\/tr\/index.php?rest_route=\/wp\/v2\/types\/post"}],"author":[{"embeddable":true,"href":"https:\/\/akunq.net\/tr\/index.php?rest_route=\/wp\/v2\/users\/7"}],"replies":[{"embeddable":true,"href":"https:\/\/akunq.net\/tr\/index.php?rest_route=%2Fwp%2Fv2%2Fcomments&post=25968"}],"version-history":[{"count":1,"href":"https:\/\/akunq.net\/tr\/index.php?rest_route=\/wp\/v2\/posts\/25968\/revisions"}],"predecessor-version":[{"id":25971,"href":"https:\/\/akunq.net\/tr\/index.php?rest_route=\/wp\/v2\/posts\/25968\/revisions\/25971"}],"wp:attachment":[{"href":"https:\/\/akunq.net\/tr\/index.php?rest_route=%2Fwp%2Fv2%2Fmedia&parent=25968"}],"wp:term":[{"taxonomy":"category","embeddable":true,"href":"https:\/\/akunq.net\/tr\/index.php?rest_route=%2Fwp%2Fv2%2Fcategories&post=25968"},{"taxonomy":"post_tag","embeddable":true,"href":"https:\/\/akunq.net\/tr\/index.php?rest_route=%2Fwp%2Fv2%2Ftags&post=25968"}],"curies":[{"name":"wp","href":"https:\/\/api.w.org\/{rel}","templated":true}]}}