{"id":25964,"date":"2013-10-05T02:23:54","date_gmt":"2013-10-05T07:23:54","guid":{"rendered":"http:\/\/akunq.net\/tr\/?p=25964"},"modified":"2013-10-05T02:24:10","modified_gmt":"2013-10-05T07:24:10","slug":"dogan-akhanli-ben-kafkanin-kahramani-degilim","status":"publish","type":"post","link":"https:\/\/akunq.net\/tr\/?p=25964","title":{"rendered":"Do\u011fan Akhanl\u0131: Ben Kafka&#8217;n\u0131n kahraman\u0131 de\u011filim!"},"content":{"rendered":"<p style=\"text-align: justify;\"><b><i><a href=\"http:\/\/akunq.net\/tr\/wp-content\/uploads\/2013\/10\/Do\u011fan-Akhanl\u0131.jpeg\"><img loading=\"lazy\" decoding=\"async\" class=\"alignright size-medium wp-image-25965\" alt=\"Do\u011fan Akhanl\u0131\" src=\"http:\/\/akunq.net\/tr\/wp-content\/uploads\/2013\/10\/Do\u011fan-Akhanl\u0131-300x202.jpeg\" width=\"300\" height=\"202\" srcset=\"https:\/\/akunq.net\/tr\/wp-content\/uploads\/sites\/6\/2013\/10\/Do\u011fan-Akhanl\u0131-300x202.jpeg 300w, https:\/\/akunq.net\/tr\/wp-content\/uploads\/sites\/6\/2013\/10\/Do\u011fan-Akhanl\u0131.jpeg 478w\" sizes=\"auto, (max-width: 300px) 100vw, 300px\" \/><\/a>A\u011f\u0131rla\u015ft\u0131r\u0131lm\u0131\u015f m\u00fcebbet istemiyle yarg\u0131lanan Do\u011fan Akhanl\u0131, mahkemeye gelmedi ama mektup g\u00f6nderdi.<\/i><\/b><\/p>\n<p style=\"text-align: justify;\"><a href=\"http:\/\/www.radikal.com.tr\/index\/istanbul\"><b><i>\u0130STANBUL<\/i><\/b><\/a><b><i> &#8211;<\/i><\/b> Yarg\u0131tay 9. Ceza Dairesi\u2019nin \u201ca\u011f\u0131rla\u015ft\u0131r\u0131lm\u0131\u015f m\u00fcebbet\u201d hapis cezas\u0131 verilmesi istemiyle beraat karar\u0131n\u0131 bozmas\u0131 sonras\u0131 yeniden g\u00f6r\u00fclmeye ba\u015flanan Do\u011fan Ahkanl\u0131 Davas\u0131\u2019na bug\u00fcn devam edildi. Hakk\u0131nda \u201cK\u0131rm\u0131z\u0131 B\u00fclten\u201d \u00e7\u0131kar\u0131lan yazar Akhanl\u0131, duru\u015fmaya kat\u0131lmad\u0131. Fakat avukat\u0131 Sennur Baybu\u011fa ar\u0131c\u0131l\u0131\u011f\u0131yla mahkemeye bir mektup g\u00f6nderdi.<br \/>\nAkhanl\u0131, \u201cRedd-i Dava\u201d ba\u015fl\u0131kl\u0131 mektubunda, \u0130stanbul 11. <a href=\"http:\/\/www.radikal.com.tr\/index\/Agir-Ceza-Mahkemesi\">A\u011f\u0131r Ceza Mahkemesi<\/a> \u2019nde g\u00f6r\u00fclen davan\u0131n \u201cKafkaesk bir karakter\u201d kazand\u0131\u011f\u0131n\u0131 savunarak, davaya kat\u0131lmayaca\u011f\u0131n\u0131 ve protesto ama\u00e7l\u0131 suskunlu\u011funu s\u00fcrd\u00fcrece\u011fini a\u00e7\u0131klad\u0131. Mektupta \u015f\u00f6yle deniyor:<\/p>\n<p style=\"text-align: justify;\">\u201cBa\u015ftan beri, hukuk hi\u00e7e say\u0131larak a\u00e7\u0131lan, s\u00fcrd\u00fcr\u00fclen ve beraatimle sonu\u00e7lanan dava, Yarg\u0131tay\u2019\u0131n aleyte bozma karar\u0131yla yeniden KAFKAESK bir karakter kazand\u0131.<br \/>\n<a href=\"http:\/\/www.radikal.com.tr\/index\/Hrant-Dink\">Hrant Dink<\/a> Cinayeti\u2019nin arkas\u0131nda \u00f6rg\u00fct bulamayan ayn\u0131 Yarg\u0131tay, d\u00fcnyan\u0131n g\u00f6z\u00fc \u00f6n\u00fcnde, beni yeniden var olmayan bir \u00f6rg\u00fct\u00fcn DO\u011eAN K. kod adl\u0131 lideri ilan ederken, benden, t\u0131pk\u0131 roman kahraman\u0131 Josef K. gibi, boynumu cellatlara g\u00f6n\u00fcl r\u0131zas\u0131yla uzatmam\u0131 talep ediyor.<br \/>\nJosef K.\u2019n\u0131n \u00fcrk\u00fct\u00fcc\u00fc uyum sa\u011flama yetene\u011fini, davran\u0131\u015f tarz\u0131 ve trajik akibetini bilen bir edebiyat\u00e7\u0131 olarak, serbest b\u0131rak\u0131ld\u0131\u011f\u0131m 8.12.2010 tarihli ilk duru\u015fmada, davan\u0131n b\u00fct\u00fcn a\u015famalar\u0131nda susma karar\u0131 verdi\u011fimi a\u00e7\u0131klayarak, oyunda bana d\u00fc\u015fen rol\u00fc reddetti\u011fimi ilan etmi\u015f, kamuoyunun ilgi ve deste\u011fi ile, hapis tutuldu\u011fum Kafkaesk mekandan kurtulmay\u0131 ba\u015farabilmi\u015ftim.<\/p>\n<p style=\"text-align: justify;\">Susma karar\u0131m ge\u00e7erlili\u011fini korumaktad\u0131r.<\/p>\n<p style=\"text-align: justify;\">Yeniden t\u0131k\u0131lmak istendi\u011fim Kafkaesk mekana d\u00f6nmeyece\u011fim. Neticede b\u00fct\u00fcn \u00e7\u0131kmaz ve ac\u0131lar\u0131na, \u201cDava\u201dn\u0131n finalinde kalbine saplanan celladi han\u00e7ere ra\u011fmen, her okunu\u015fta canlanan ve okunduk\u00e7a hayatta kalan Josef K. de\u011filim. Franz Kafka taraf\u0131ndan yarat\u0131lmad\u0131m. Varolan tek hayat\u0131m\u0131n, Kafkaes komediden daha b\u00fcy\u00fck bir hacmi ve de\u011feri var.<br \/>\n\u0130radem d\u0131\u015f\u0131nda yeniden mahkeme \u00f6n\u00fcne \u00e7\u0131kar\u0131lma zorunda b\u0131rak\u0131lsam bile susma karar\u0131ma sad\u0131k kalacak, esirgenmeye \u00e7al\u0131\u015f\u0131lan h\u00fcrriyetimi, bu tutumumla savunaca\u011f\u0131m.<br \/>\nDO\u011eAN K. davas\u0131 benim i\u00e7in y\u00fczlerce benzeri olan, ak\u0131lalmaz bir keyfiyet ve kibirle a\u00e7\u0131lan, s\u00fcrd\u00fcr\u00fclen ve sonu\u00e7land\u0131r\u0131lan adaletsizli\u011fin bir par\u00e7as\u0131d\u0131r. Dava beni bir Yazar ve \u0130nsan Haklar\u0131 Savunucusu olarak bu yan\u0131yla ilgilendirmeye devam edecektir. Davay\u0131 reddetme karar\u0131m, ayn\u0131 zamanda, hukuk d\u0131\u015f\u0131 uygulamalar\u0131n ma\u011fduru olmu\u015f, \u00fcmitsizce seslerini duyurmaya \u00e7al\u0131\u015fan insanlarla dayan\u0131\u015fman\u0131n da bir ilan\u0131d\u0131r.\u201d<\/p>\n<p style=\"text-align: justify;\"><a href=\"http:\/\/www.radikal.com.tr\/radikal.aspx?atype=detayliaramasonucv2&amp;itemsperpage=10&amp;page=1&amp;keyword=&amp;categoryid=-1&amp;prmek=0&amp;authorkeyword=&amp;muhabirkeyword=%C4%B0SMA%C4%B0L%20SAYMAZ%20&amp;startdatenull=&amp;enddatenull=&amp;asc=0\"><b><i>\u0130SMA\u0130L SAYMAZ <\/i><\/b><\/a><b><i>\u00a0<\/i><\/b><\/p>\n<p style=\"text-align: justify;\"><b><i>http:\/\/www.radikal.com.tr\/turkiye\/dogan_akhanli_ben_kafkanin_kahramani_degilim-1154064<\/i><\/b><\/p>\n","protected":false},"excerpt":{"rendered":"<p>A\u011f\u0131rla\u015ft\u0131r\u0131lm\u0131\u015f m\u00fcebbet istemiyle yarg\u0131lanan Do\u011fan Akhanl\u0131, mahkemeye gelmedi ama mektup g\u00f6nderdi. \u0130STANBUL &#8211; Yarg\u0131tay 9. Ceza Dairesi\u2019nin \u201ca\u011f\u0131rla\u015ft\u0131r\u0131lm\u0131\u015f m\u00fcebbet\u201d hapis cezas\u0131 verilmesi istemiyle beraat karar\u0131n\u0131 bozmas\u0131 sonras\u0131 yeniden g\u00f6r\u00fclmeye ba\u015flanan Do\u011fan Ahkanl\u0131 Davas\u0131\u2019na bug\u00fcn devam edildi. Hakk\u0131nda \u201cK\u0131rm\u0131z\u0131 B\u00fclten\u201d \u00e7\u0131kar\u0131lan yazar Akhanl\u0131, duru\u015fmaya kat\u0131lmad\u0131. Fakat avukat\u0131 Sennur Baybu\u011fa ar\u0131c\u0131l\u0131\u011f\u0131yla mahkemeye bir mektup g\u00f6nderdi. Akhanl\u0131, \u201cRedd-i [&hellip;]<\/p>\n","protected":false},"author":7,"featured_media":0,"comment_status":"open","ping_status":"open","sticky":false,"template":"","format":"standard","meta":{"footnotes":""},"categories":[1],"tags":[],"class_list":["post-25964","post","type-post","status-publish","format-standard","hentry","category-haberler"],"yoast_head":"<!-- This site is optimized with the Yoast SEO plugin v27.4 - https:\/\/yoast.com\/product\/yoast-seo-wordpress\/ -->\n<title>Do\u011fan Akhanl\u0131: Ben Kafka&#039;n\u0131n kahraman\u0131 de\u011filim! - Bati Ermenistan Ve Bati Ermenileri Sorunlari Ara\u015ftirmalar Merkezi<\/title>\n<meta name=\"robots\" content=\"index, follow, max-snippet:-1, max-image-preview:large, max-video-preview:-1\" \/>\n<link rel=\"canonical\" href=\"https:\/\/akunq.net\/tr\/?p=25964\" \/>\n<meta property=\"og:locale\" content=\"en_US\" \/>\n<meta property=\"og:type\" content=\"article\" \/>\n<meta property=\"og:title\" content=\"Do\u011fan Akhanl\u0131: Ben Kafka&#039;n\u0131n kahraman\u0131 de\u011filim! - Bati Ermenistan Ve Bati Ermenileri Sorunlari Ara\u015ftirmalar Merkezi\" \/>\n<meta property=\"og:description\" content=\"A\u011f\u0131rla\u015ft\u0131r\u0131lm\u0131\u015f m\u00fcebbet istemiyle yarg\u0131lanan Do\u011fan Akhanl\u0131, mahkemeye gelmedi ama mektup g\u00f6nderdi. \u0130STANBUL &#8211; Yarg\u0131tay 9. Ceza Dairesi\u2019nin \u201ca\u011f\u0131rla\u015ft\u0131r\u0131lm\u0131\u015f m\u00fcebbet\u201d hapis cezas\u0131 verilmesi istemiyle beraat karar\u0131n\u0131 bozmas\u0131 sonras\u0131 yeniden g\u00f6r\u00fclmeye ba\u015flanan Do\u011fan Ahkanl\u0131 Davas\u0131\u2019na bug\u00fcn devam edildi. Hakk\u0131nda \u201cK\u0131rm\u0131z\u0131 B\u00fclten\u201d \u00e7\u0131kar\u0131lan yazar Akhanl\u0131, duru\u015fmaya kat\u0131lmad\u0131. Fakat avukat\u0131 Sennur Baybu\u011fa ar\u0131c\u0131l\u0131\u011f\u0131yla mahkemeye bir mektup g\u00f6nderdi. Akhanl\u0131, \u201cRedd-i [&hellip;]\" \/>\n<meta property=\"og:url\" content=\"https:\/\/akunq.net\/tr\/?p=25964\" \/>\n<meta property=\"og:site_name\" content=\"Bati Ermenistan Ve Bati Ermenileri Sorunlari Ara\u015ftirmalar Merkezi\" \/>\n<meta property=\"article:published_time\" content=\"2013-10-05T07:23:54+00:00\" \/>\n<meta property=\"article:modified_time\" content=\"2013-10-05T07:24:10+00:00\" \/>\n<meta name=\"author\" content=\"admin\" \/>\n<meta name=\"twitter:card\" content=\"summary_large_image\" \/>\n<meta name=\"twitter:label1\" content=\"Written by\" \/>\n\t<meta name=\"twitter:data1\" content=\"admin\" \/>\n\t<meta name=\"twitter:label2\" content=\"Est. reading time\" \/>\n\t<meta name=\"twitter:data2\" content=\"2 minutes\" \/>\n<script type=\"application\/ld+json\" class=\"yoast-schema-graph\">{\"@context\":\"https:\\\/\\\/schema.org\",\"@graph\":[{\"@type\":\"Article\",\"@id\":\"https:\\\/\\\/akunq.net\\\/tr\\\/?p=25964#article\",\"isPartOf\":{\"@id\":\"https:\\\/\\\/akunq.net\\\/tr\\\/?p=25964\"},\"author\":{\"name\":\"admin\",\"@id\":\"https:\\\/\\\/akunq.net\\\/tr\\\/#\\\/schema\\\/person\\\/096f1d38a12cce57fb855b485ed24c9e\"},\"headline\":\"Do\u011fan Akhanl\u0131: Ben Kafka&#8217;n\u0131n kahraman\u0131 de\u011filim!\",\"datePublished\":\"2013-10-05T07:23:54+00:00\",\"dateModified\":\"2013-10-05T07:24:10+00:00\",\"mainEntityOfPage\":{\"@id\":\"https:\\\/\\\/akunq.net\\\/tr\\\/?p=25964\"},\"wordCount\":488,\"commentCount\":0,\"articleSection\":[\"Haberler\"],\"inLanguage\":\"en-US\",\"potentialAction\":[{\"@type\":\"CommentAction\",\"name\":\"Comment\",\"target\":[\"https:\\\/\\\/akunq.net\\\/tr\\\/?p=25964#respond\"]}]},{\"@type\":\"WebPage\",\"@id\":\"https:\\\/\\\/akunq.net\\\/tr\\\/?p=25964\",\"url\":\"https:\\\/\\\/akunq.net\\\/tr\\\/?p=25964\",\"name\":\"Do\u011fan Akhanl\u0131: Ben Kafka'n\u0131n kahraman\u0131 de\u011filim! - Bati Ermenistan Ve Bati Ermenileri Sorunlari Ara\u015ftirmalar Merkezi\",\"isPartOf\":{\"@id\":\"https:\\\/\\\/akunq.net\\\/tr\\\/#website\"},\"datePublished\":\"2013-10-05T07:23:54+00:00\",\"dateModified\":\"2013-10-05T07:24:10+00:00\",\"author\":{\"@id\":\"https:\\\/\\\/akunq.net\\\/tr\\\/#\\\/schema\\\/person\\\/096f1d38a12cce57fb855b485ed24c9e\"},\"breadcrumb\":{\"@id\":\"https:\\\/\\\/akunq.net\\\/tr\\\/?p=25964#breadcrumb\"},\"inLanguage\":\"en-US\",\"potentialAction\":[{\"@type\":\"ReadAction\",\"target\":[\"https:\\\/\\\/akunq.net\\\/tr\\\/?p=25964\"]}]},{\"@type\":\"BreadcrumbList\",\"@id\":\"https:\\\/\\\/akunq.net\\\/tr\\\/?p=25964#breadcrumb\",\"itemListElement\":[{\"@type\":\"ListItem\",\"position\":1,\"name\":\"Home\",\"item\":\"https:\\\/\\\/akunq.net\\\/tr\"},{\"@type\":\"ListItem\",\"position\":2,\"name\":\"Do\u011fan Akhanl\u0131: Ben Kafka&#8217;n\u0131n kahraman\u0131 de\u011filim!\"}]},{\"@type\":\"WebSite\",\"@id\":\"https:\\\/\\\/akunq.net\\\/tr\\\/#website\",\"url\":\"https:\\\/\\\/akunq.net\\\/tr\\\/\",\"name\":\"Bati Ermenistan Ve Bati Ermenileri Sorunlari Ara\u015ftirmalar Merkezi\",\"description\":\"\",\"potentialAction\":[{\"@type\":\"SearchAction\",\"target\":{\"@type\":\"EntryPoint\",\"urlTemplate\":\"https:\\\/\\\/akunq.net\\\/tr\\\/?s={search_term_string}\"},\"query-input\":{\"@type\":\"PropertyValueSpecification\",\"valueRequired\":true,\"valueName\":\"search_term_string\"}}],\"inLanguage\":\"en-US\"},{\"@type\":\"Person\",\"@id\":\"https:\\\/\\\/akunq.net\\\/tr\\\/#\\\/schema\\\/person\\\/096f1d38a12cce57fb855b485ed24c9e\",\"name\":\"admin\",\"url\":\"https:\\\/\\\/akunq.net\\\/tr\\\/?author=7\"}]}<\/script>\n<!-- \/ Yoast SEO plugin. -->","yoast_head_json":{"title":"Do\u011fan Akhanl\u0131: Ben Kafka'n\u0131n kahraman\u0131 de\u011filim! - Bati Ermenistan Ve Bati Ermenileri Sorunlari Ara\u015ftirmalar Merkezi","robots":{"index":"index","follow":"follow","max-snippet":"max-snippet:-1","max-image-preview":"max-image-preview:large","max-video-preview":"max-video-preview:-1"},"canonical":"https:\/\/akunq.net\/tr\/?p=25964","og_locale":"en_US","og_type":"article","og_title":"Do\u011fan Akhanl\u0131: Ben Kafka'n\u0131n kahraman\u0131 de\u011filim! - Bati Ermenistan Ve Bati Ermenileri Sorunlari Ara\u015ftirmalar Merkezi","og_description":"A\u011f\u0131rla\u015ft\u0131r\u0131lm\u0131\u015f m\u00fcebbet istemiyle yarg\u0131lanan Do\u011fan Akhanl\u0131, mahkemeye gelmedi ama mektup g\u00f6nderdi. \u0130STANBUL &#8211; Yarg\u0131tay 9. Ceza Dairesi\u2019nin \u201ca\u011f\u0131rla\u015ft\u0131r\u0131lm\u0131\u015f m\u00fcebbet\u201d hapis cezas\u0131 verilmesi istemiyle beraat karar\u0131n\u0131 bozmas\u0131 sonras\u0131 yeniden g\u00f6r\u00fclmeye ba\u015flanan Do\u011fan Ahkanl\u0131 Davas\u0131\u2019na bug\u00fcn devam edildi. Hakk\u0131nda \u201cK\u0131rm\u0131z\u0131 B\u00fclten\u201d \u00e7\u0131kar\u0131lan yazar Akhanl\u0131, duru\u015fmaya kat\u0131lmad\u0131. Fakat avukat\u0131 Sennur Baybu\u011fa ar\u0131c\u0131l\u0131\u011f\u0131yla mahkemeye bir mektup g\u00f6nderdi. Akhanl\u0131, \u201cRedd-i [&hellip;]","og_url":"https:\/\/akunq.net\/tr\/?p=25964","og_site_name":"Bati Ermenistan Ve Bati Ermenileri Sorunlari Ara\u015ftirmalar Merkezi","article_published_time":"2013-10-05T07:23:54+00:00","article_modified_time":"2013-10-05T07:24:10+00:00","author":"admin","twitter_card":"summary_large_image","twitter_misc":{"Written by":"admin","Est. reading time":"2 minutes"},"schema":{"@context":"https:\/\/schema.org","@graph":[{"@type":"Article","@id":"https:\/\/akunq.net\/tr\/?p=25964#article","isPartOf":{"@id":"https:\/\/akunq.net\/tr\/?p=25964"},"author":{"name":"admin","@id":"https:\/\/akunq.net\/tr\/#\/schema\/person\/096f1d38a12cce57fb855b485ed24c9e"},"headline":"Do\u011fan Akhanl\u0131: Ben Kafka&#8217;n\u0131n kahraman\u0131 de\u011filim!","datePublished":"2013-10-05T07:23:54+00:00","dateModified":"2013-10-05T07:24:10+00:00","mainEntityOfPage":{"@id":"https:\/\/akunq.net\/tr\/?p=25964"},"wordCount":488,"commentCount":0,"articleSection":["Haberler"],"inLanguage":"en-US","potentialAction":[{"@type":"CommentAction","name":"Comment","target":["https:\/\/akunq.net\/tr\/?p=25964#respond"]}]},{"@type":"WebPage","@id":"https:\/\/akunq.net\/tr\/?p=25964","url":"https:\/\/akunq.net\/tr\/?p=25964","name":"Do\u011fan Akhanl\u0131: Ben Kafka'n\u0131n kahraman\u0131 de\u011filim! - Bati Ermenistan Ve Bati Ermenileri Sorunlari Ara\u015ftirmalar Merkezi","isPartOf":{"@id":"https:\/\/akunq.net\/tr\/#website"},"datePublished":"2013-10-05T07:23:54+00:00","dateModified":"2013-10-05T07:24:10+00:00","author":{"@id":"https:\/\/akunq.net\/tr\/#\/schema\/person\/096f1d38a12cce57fb855b485ed24c9e"},"breadcrumb":{"@id":"https:\/\/akunq.net\/tr\/?p=25964#breadcrumb"},"inLanguage":"en-US","potentialAction":[{"@type":"ReadAction","target":["https:\/\/akunq.net\/tr\/?p=25964"]}]},{"@type":"BreadcrumbList","@id":"https:\/\/akunq.net\/tr\/?p=25964#breadcrumb","itemListElement":[{"@type":"ListItem","position":1,"name":"Home","item":"https:\/\/akunq.net\/tr"},{"@type":"ListItem","position":2,"name":"Do\u011fan Akhanl\u0131: Ben Kafka&#8217;n\u0131n kahraman\u0131 de\u011filim!"}]},{"@type":"WebSite","@id":"https:\/\/akunq.net\/tr\/#website","url":"https:\/\/akunq.net\/tr\/","name":"Bati Ermenistan Ve Bati Ermenileri Sorunlari Ara\u015ftirmalar Merkezi","description":"","potentialAction":[{"@type":"SearchAction","target":{"@type":"EntryPoint","urlTemplate":"https:\/\/akunq.net\/tr\/?s={search_term_string}"},"query-input":{"@type":"PropertyValueSpecification","valueRequired":true,"valueName":"search_term_string"}}],"inLanguage":"en-US"},{"@type":"Person","@id":"https:\/\/akunq.net\/tr\/#\/schema\/person\/096f1d38a12cce57fb855b485ed24c9e","name":"admin","url":"https:\/\/akunq.net\/tr\/?author=7"}]}},"_links":{"self":[{"href":"https:\/\/akunq.net\/tr\/index.php?rest_route=\/wp\/v2\/posts\/25964","targetHints":{"allow":["GET"]}}],"collection":[{"href":"https:\/\/akunq.net\/tr\/index.php?rest_route=\/wp\/v2\/posts"}],"about":[{"href":"https:\/\/akunq.net\/tr\/index.php?rest_route=\/wp\/v2\/types\/post"}],"author":[{"embeddable":true,"href":"https:\/\/akunq.net\/tr\/index.php?rest_route=\/wp\/v2\/users\/7"}],"replies":[{"embeddable":true,"href":"https:\/\/akunq.net\/tr\/index.php?rest_route=%2Fwp%2Fv2%2Fcomments&post=25964"}],"version-history":[{"count":2,"href":"https:\/\/akunq.net\/tr\/index.php?rest_route=\/wp\/v2\/posts\/25964\/revisions"}],"predecessor-version":[{"id":25967,"href":"https:\/\/akunq.net\/tr\/index.php?rest_route=\/wp\/v2\/posts\/25964\/revisions\/25967"}],"wp:attachment":[{"href":"https:\/\/akunq.net\/tr\/index.php?rest_route=%2Fwp%2Fv2%2Fmedia&parent=25964"}],"wp:term":[{"taxonomy":"category","embeddable":true,"href":"https:\/\/akunq.net\/tr\/index.php?rest_route=%2Fwp%2Fv2%2Fcategories&post=25964"},{"taxonomy":"post_tag","embeddable":true,"href":"https:\/\/akunq.net\/tr\/index.php?rest_route=%2Fwp%2Fv2%2Ftags&post=25964"}],"curies":[{"name":"wp","href":"https:\/\/api.w.org\/{rel}","templated":true}]}}