{"id":25955,"date":"2013-10-04T09:01:42","date_gmt":"2013-10-04T14:01:42","guid":{"rendered":"http:\/\/akunq.net\/tr\/?p=25955"},"modified":"2013-10-04T09:01:42","modified_gmt":"2013-10-04T14:01:42","slug":"ermeni-soykirimi-kurbanlari-aziz-ilan-edilecek","status":"publish","type":"post","link":"https:\/\/akunq.net\/tr\/?p=25955","title":{"rendered":"Ermeni Soyk\u0131r\u0131m\u2019\u0131 kurbanlar\u0131 aziz ilan edilecek"},"content":{"rendered":"<p style=\"text-align: justify;\"><b><i><a href=\"http:\/\/akunq.net\/tr\/wp-content\/uploads\/2013\/10\/Episkoposlar-toplant\u0131s\u0131.jpg\"><img loading=\"lazy\" decoding=\"async\" class=\"alignright size-medium wp-image-25956\" alt=\"Episkoposlar toplant\u0131s\u0131\" src=\"http:\/\/akunq.net\/tr\/wp-content\/uploads\/2013\/10\/Episkoposlar-toplant\u0131s\u0131-300x188.jpg\" width=\"300\" height=\"188\" srcset=\"https:\/\/akunq.net\/tr\/wp-content\/uploads\/sites\/6\/2013\/10\/Episkoposlar-toplant\u0131s\u0131-300x188.jpg 300w, https:\/\/akunq.net\/tr\/wp-content\/uploads\/sites\/6\/2013\/10\/Episkoposlar-toplant\u0131s\u0131.jpg 550w\" sizes=\"auto, (max-width: 300px) 100vw, 300px\" \/><\/a>D\u00fcnya Ermenileri Dini Merkezi olan E\u00e7miadzin\u2019de d\u00fczenlenen Episkoposlar toplant\u0131s\u0131, d\u00f6rt g\u00fcnl\u00fck \u00e7al\u0131\u015fman\u0131n ard\u0131ndan sona erdi. 17. y\u00fczy\u0131lda kesintiye u\u011frayan aziz ilan etme gelene\u011fi, soyk\u0131r\u0131m kurbanlar\u0131n\u0131n aziz say\u0131lmas\u0131yla tekrar canland\u0131r\u0131lm\u0131\u015f olacak.<\/i><\/b><\/p>\n<p style=\"text-align: justify;\">\u00a0E\u00e7miadzin\u2019de24-27 Eyl\u00fcl aras\u0131nda d\u00fczenlenen Episkoposlar toplant\u0131s\u0131, d\u00f6rt g\u00fcnl\u00fck \u00e7al\u0131\u015fman\u0131n ard\u0131ndan sona erdi. Ermeni Apostolik Kilisesi\u2019nin iki \u00f6nemli ba\u015fpatri\u011finin ba\u015fkanl\u0131\u011f\u0131nda ger\u00e7ekle\u015ftirilen toplant\u0131, Ermeni Kilisesi mensubu t\u00fcm episkoposlar\u0131n kat\u0131l\u0131m\u0131ndan \u00f6t\u00fcr\u00fc tarihi bir i\u015flev kazand\u0131. Bu boyuttaki bir toplant\u0131 en son 1651 y\u0131l\u0131nda d\u00fczenlenmi\u015fti.<\/p>\n<p style=\"text-align: justify;\"><b>Vaftiz t\u00f6renleri tektip oluyor<\/b><\/p>\n<p style=\"text-align: justify;\">Toplant\u0131 g\u00fcndeminin iki \u00f6nemli maddesinden biri azizlik bah\u015fetme gelene\u011finin yeniden ya\u015fam bulmas\u0131, di\u011feri ise vaftiz t\u00f6renlerinin tektiple\u015ftirilmesine dairdi. D\u00f6rt g\u00fcnl\u00fck \u00e7al\u0131\u015ftay sonunda vaftiz t\u00f6renlerinin bir \u00f6rnek yap\u0131lmas\u0131 konusunda karara var\u0131ld\u0131 ve bu y\u00f6nde yeni bir rehber belgenin yay\u0131nlanmas\u0131na karar verildi. E\u00e7miadzin Kilisesi Genel Sekreteri Ar\u015fag Episkopos Kha\u00e7aduryan, yap\u0131lacak d\u00fczenlemelerin b\u00fct\u00fcn m\u00fcminlerin vaftiz olmalar\u0131n\u0131 kolayla\u015ft\u0131raca\u011f\u0131n\u0131 ve kilisenin temel ilkeleriyle tan\u0131\u015fmalar\u0131na f\u0131rsat sa\u011flayaca\u011f\u0131n\u0131 s\u00f6yledi.<\/p>\n<p style=\"text-align: justify;\">Azizlik r\u00fctbesinin bah\u015fedilmesi konusundaysa bir komisyon olu\u015fturulmas\u0131na karar verildi. \u00d6te yandan, 1915 soyk\u0131r\u0131m\u0131 kurbanlar\u0131n\u0131n topluca aziz ilan edilmelerine ilkesel olarak karar verildi. 1915\u2019te hayat\u0131n\u0131 kaybedenlerin aziz say\u0131lmalar\u0131 y\u00f6n\u00fcnde \u00e7al\u0131\u015fmalar 2014\u2019te tamamlanacak ve E\u00e7miadzin ve Antilyas Gat\u011figoslar\u0131na sunulacak.<\/p>\n<p style=\"text-align: justify;\">Ermeni Apostolik Kilisesi nezdinde aziz ilan edilen son isim Gato\u011figos Movses Datevatsi olmu\u015ftu. 17. y\u00fczy\u0131lda kesintiye u\u011frayan bu gelenek, soyk\u0131r\u0131m kurbanlar\u0131n\u0131n aziz say\u0131lmas\u0131yla tekrar canland\u0131r\u0131lm\u0131\u015f olacak. Komisyon \u00e7al\u0131\u015fmalar\u0131n\u0131 s\u00fcrd\u00fcrd\u00fck\u00e7e, ileriki tarihlerde\u00a0 yeni azizlik mertebeleri g\u00fcndeme gelmesi de bekleniyor.<\/p>\n<p style=\"text-align: justify;\">Episkoposlar toplant\u0131s\u0131nda al\u0131nan bir di\u011fer karar ise Ermenistan, Karaba\u011f ve Suriye Ermenileri aras\u0131nda ihtiya\u00e7 duyan ailelere yard\u0131m etmek amac\u0131yla bir vak\u0131f kurulmas\u0131 oldu. Vakf\u0131n faaliyetlerinin ba\u015flamas\u0131 i\u00e7in 2 milyon dolarl\u0131k bir ba\u015flang\u0131\u00e7 b\u00fct\u00e7esi de tahsis edildi.<\/p>\n<p style=\"text-align: justify;\">Kilise ve toplumu ilgilendiren sorunlar\u0131n irdelenece\u011fi ikinci Episkoposlar toplant\u0131s\u0131 2014\u2019\u00fcn sonbahar\u0131nda d\u00fczenlenecek.<\/p>\n<p style=\"text-align: justify;\"><b><i>http:\/\/agos.com.tr\/haber.php?seo=ermeni-soykirimi-kurbanlari-aziz-ilan-edilecek&amp;haberid=5868<\/i><\/b><\/p>\n","protected":false},"excerpt":{"rendered":"<p>D\u00fcnya Ermenileri Dini Merkezi olan E\u00e7miadzin\u2019de d\u00fczenlenen Episkoposlar toplant\u0131s\u0131, d\u00f6rt g\u00fcnl\u00fck \u00e7al\u0131\u015fman\u0131n ard\u0131ndan sona erdi. 17. y\u00fczy\u0131lda kesintiye u\u011frayan aziz ilan etme gelene\u011fi, soyk\u0131r\u0131m kurbanlar\u0131n\u0131n aziz say\u0131lmas\u0131yla tekrar canland\u0131r\u0131lm\u0131\u015f olacak. \u00a0E\u00e7miadzin\u2019de24-27 Eyl\u00fcl aras\u0131nda d\u00fczenlenen Episkoposlar toplant\u0131s\u0131, d\u00f6rt g\u00fcnl\u00fck \u00e7al\u0131\u015fman\u0131n ard\u0131ndan sona erdi. Ermeni Apostolik Kilisesi\u2019nin iki \u00f6nemli ba\u015fpatri\u011finin ba\u015fkanl\u0131\u011f\u0131nda ger\u00e7ekle\u015ftirilen toplant\u0131, Ermeni Kilisesi mensubu t\u00fcm [&hellip;]<\/p>\n","protected":false},"author":7,"featured_media":0,"comment_status":"open","ping_status":"open","sticky":false,"template":"","format":"standard","meta":{"footnotes":""},"categories":[1],"tags":[],"class_list":["post-25955","post","type-post","status-publish","format-standard","hentry","category-haberler"],"yoast_head":"<!-- This site is optimized with the Yoast SEO plugin v27.4 - https:\/\/yoast.com\/product\/yoast-seo-wordpress\/ -->\n<title>Ermeni Soyk\u0131r\u0131m\u2019\u0131 kurbanlar\u0131 aziz ilan edilecek - Bati Ermenistan Ve Bati Ermenileri Sorunlari Ara\u015ftirmalar Merkezi<\/title>\n<meta name=\"robots\" content=\"index, follow, max-snippet:-1, max-image-preview:large, max-video-preview:-1\" \/>\n<link rel=\"canonical\" href=\"https:\/\/akunq.net\/tr\/?p=25955\" \/>\n<meta property=\"og:locale\" content=\"en_US\" \/>\n<meta property=\"og:type\" content=\"article\" \/>\n<meta property=\"og:title\" content=\"Ermeni Soyk\u0131r\u0131m\u2019\u0131 kurbanlar\u0131 aziz ilan edilecek - Bati Ermenistan Ve Bati Ermenileri Sorunlari Ara\u015ftirmalar Merkezi\" \/>\n<meta property=\"og:description\" content=\"D\u00fcnya Ermenileri Dini Merkezi olan E\u00e7miadzin\u2019de d\u00fczenlenen Episkoposlar toplant\u0131s\u0131, d\u00f6rt g\u00fcnl\u00fck \u00e7al\u0131\u015fman\u0131n ard\u0131ndan sona erdi. 17. y\u00fczy\u0131lda kesintiye u\u011frayan aziz ilan etme gelene\u011fi, soyk\u0131r\u0131m kurbanlar\u0131n\u0131n aziz say\u0131lmas\u0131yla tekrar canland\u0131r\u0131lm\u0131\u015f olacak. \u00a0E\u00e7miadzin\u2019de24-27 Eyl\u00fcl aras\u0131nda d\u00fczenlenen Episkoposlar toplant\u0131s\u0131, d\u00f6rt g\u00fcnl\u00fck \u00e7al\u0131\u015fman\u0131n ard\u0131ndan sona erdi. Ermeni Apostolik Kilisesi\u2019nin iki \u00f6nemli ba\u015fpatri\u011finin ba\u015fkanl\u0131\u011f\u0131nda ger\u00e7ekle\u015ftirilen toplant\u0131, Ermeni Kilisesi mensubu t\u00fcm [&hellip;]\" \/>\n<meta property=\"og:url\" content=\"https:\/\/akunq.net\/tr\/?p=25955\" \/>\n<meta property=\"og:site_name\" content=\"Bati Ermenistan Ve Bati Ermenileri Sorunlari Ara\u015ftirmalar Merkezi\" \/>\n<meta property=\"article:published_time\" content=\"2013-10-04T14:01:42+00:00\" \/>\n<meta name=\"author\" content=\"admin\" \/>\n<meta name=\"twitter:card\" content=\"summary_large_image\" \/>\n<meta name=\"twitter:label1\" content=\"Written by\" \/>\n\t<meta name=\"twitter:data1\" content=\"admin\" \/>\n\t<meta name=\"twitter:label2\" content=\"Est. reading time\" \/>\n\t<meta name=\"twitter:data2\" content=\"2 minutes\" \/>\n<script type=\"application\/ld+json\" class=\"yoast-schema-graph\">{\"@context\":\"https:\\\/\\\/schema.org\",\"@graph\":[{\"@type\":\"Article\",\"@id\":\"https:\\\/\\\/akunq.net\\\/tr\\\/?p=25955#article\",\"isPartOf\":{\"@id\":\"https:\\\/\\\/akunq.net\\\/tr\\\/?p=25955\"},\"author\":{\"name\":\"admin\",\"@id\":\"https:\\\/\\\/akunq.net\\\/tr\\\/#\\\/schema\\\/person\\\/096f1d38a12cce57fb855b485ed24c9e\"},\"headline\":\"Ermeni Soyk\u0131r\u0131m\u2019\u0131 kurbanlar\u0131 aziz ilan edilecek\",\"datePublished\":\"2013-10-04T14:01:42+00:00\",\"mainEntityOfPage\":{\"@id\":\"https:\\\/\\\/akunq.net\\\/tr\\\/?p=25955\"},\"wordCount\":419,\"commentCount\":0,\"articleSection\":[\"Haberler\"],\"inLanguage\":\"en-US\",\"potentialAction\":[{\"@type\":\"CommentAction\",\"name\":\"Comment\",\"target\":[\"https:\\\/\\\/akunq.net\\\/tr\\\/?p=25955#respond\"]}]},{\"@type\":\"WebPage\",\"@id\":\"https:\\\/\\\/akunq.net\\\/tr\\\/?p=25955\",\"url\":\"https:\\\/\\\/akunq.net\\\/tr\\\/?p=25955\",\"name\":\"Ermeni Soyk\u0131r\u0131m\u2019\u0131 kurbanlar\u0131 aziz ilan edilecek - Bati Ermenistan Ve Bati Ermenileri Sorunlari Ara\u015ftirmalar Merkezi\",\"isPartOf\":{\"@id\":\"https:\\\/\\\/akunq.net\\\/tr\\\/#website\"},\"datePublished\":\"2013-10-04T14:01:42+00:00\",\"author\":{\"@id\":\"https:\\\/\\\/akunq.net\\\/tr\\\/#\\\/schema\\\/person\\\/096f1d38a12cce57fb855b485ed24c9e\"},\"breadcrumb\":{\"@id\":\"https:\\\/\\\/akunq.net\\\/tr\\\/?p=25955#breadcrumb\"},\"inLanguage\":\"en-US\",\"potentialAction\":[{\"@type\":\"ReadAction\",\"target\":[\"https:\\\/\\\/akunq.net\\\/tr\\\/?p=25955\"]}]},{\"@type\":\"BreadcrumbList\",\"@id\":\"https:\\\/\\\/akunq.net\\\/tr\\\/?p=25955#breadcrumb\",\"itemListElement\":[{\"@type\":\"ListItem\",\"position\":1,\"name\":\"Home\",\"item\":\"https:\\\/\\\/akunq.net\\\/tr\"},{\"@type\":\"ListItem\",\"position\":2,\"name\":\"Ermeni Soyk\u0131r\u0131m\u2019\u0131 kurbanlar\u0131 aziz ilan edilecek\"}]},{\"@type\":\"WebSite\",\"@id\":\"https:\\\/\\\/akunq.net\\\/tr\\\/#website\",\"url\":\"https:\\\/\\\/akunq.net\\\/tr\\\/\",\"name\":\"Bati Ermenistan Ve Bati Ermenileri Sorunlari Ara\u015ftirmalar Merkezi\",\"description\":\"\",\"potentialAction\":[{\"@type\":\"SearchAction\",\"target\":{\"@type\":\"EntryPoint\",\"urlTemplate\":\"https:\\\/\\\/akunq.net\\\/tr\\\/?s={search_term_string}\"},\"query-input\":{\"@type\":\"PropertyValueSpecification\",\"valueRequired\":true,\"valueName\":\"search_term_string\"}}],\"inLanguage\":\"en-US\"},{\"@type\":\"Person\",\"@id\":\"https:\\\/\\\/akunq.net\\\/tr\\\/#\\\/schema\\\/person\\\/096f1d38a12cce57fb855b485ed24c9e\",\"name\":\"admin\",\"url\":\"https:\\\/\\\/akunq.net\\\/tr\\\/?author=7\"}]}<\/script>\n<!-- \/ Yoast SEO plugin. -->","yoast_head_json":{"title":"Ermeni Soyk\u0131r\u0131m\u2019\u0131 kurbanlar\u0131 aziz ilan edilecek - Bati Ermenistan Ve Bati Ermenileri Sorunlari Ara\u015ftirmalar Merkezi","robots":{"index":"index","follow":"follow","max-snippet":"max-snippet:-1","max-image-preview":"max-image-preview:large","max-video-preview":"max-video-preview:-1"},"canonical":"https:\/\/akunq.net\/tr\/?p=25955","og_locale":"en_US","og_type":"article","og_title":"Ermeni Soyk\u0131r\u0131m\u2019\u0131 kurbanlar\u0131 aziz ilan edilecek - Bati Ermenistan Ve Bati Ermenileri Sorunlari Ara\u015ftirmalar Merkezi","og_description":"D\u00fcnya Ermenileri Dini Merkezi olan E\u00e7miadzin\u2019de d\u00fczenlenen Episkoposlar toplant\u0131s\u0131, d\u00f6rt g\u00fcnl\u00fck \u00e7al\u0131\u015fman\u0131n ard\u0131ndan sona erdi. 17. y\u00fczy\u0131lda kesintiye u\u011frayan aziz ilan etme gelene\u011fi, soyk\u0131r\u0131m kurbanlar\u0131n\u0131n aziz say\u0131lmas\u0131yla tekrar canland\u0131r\u0131lm\u0131\u015f olacak. \u00a0E\u00e7miadzin\u2019de24-27 Eyl\u00fcl aras\u0131nda d\u00fczenlenen Episkoposlar toplant\u0131s\u0131, d\u00f6rt g\u00fcnl\u00fck \u00e7al\u0131\u015fman\u0131n ard\u0131ndan sona erdi. Ermeni Apostolik Kilisesi\u2019nin iki \u00f6nemli ba\u015fpatri\u011finin ba\u015fkanl\u0131\u011f\u0131nda ger\u00e7ekle\u015ftirilen toplant\u0131, Ermeni Kilisesi mensubu t\u00fcm [&hellip;]","og_url":"https:\/\/akunq.net\/tr\/?p=25955","og_site_name":"Bati Ermenistan Ve Bati Ermenileri Sorunlari Ara\u015ftirmalar Merkezi","article_published_time":"2013-10-04T14:01:42+00:00","author":"admin","twitter_card":"summary_large_image","twitter_misc":{"Written by":"admin","Est. reading time":"2 minutes"},"schema":{"@context":"https:\/\/schema.org","@graph":[{"@type":"Article","@id":"https:\/\/akunq.net\/tr\/?p=25955#article","isPartOf":{"@id":"https:\/\/akunq.net\/tr\/?p=25955"},"author":{"name":"admin","@id":"https:\/\/akunq.net\/tr\/#\/schema\/person\/096f1d38a12cce57fb855b485ed24c9e"},"headline":"Ermeni Soyk\u0131r\u0131m\u2019\u0131 kurbanlar\u0131 aziz ilan edilecek","datePublished":"2013-10-04T14:01:42+00:00","mainEntityOfPage":{"@id":"https:\/\/akunq.net\/tr\/?p=25955"},"wordCount":419,"commentCount":0,"articleSection":["Haberler"],"inLanguage":"en-US","potentialAction":[{"@type":"CommentAction","name":"Comment","target":["https:\/\/akunq.net\/tr\/?p=25955#respond"]}]},{"@type":"WebPage","@id":"https:\/\/akunq.net\/tr\/?p=25955","url":"https:\/\/akunq.net\/tr\/?p=25955","name":"Ermeni Soyk\u0131r\u0131m\u2019\u0131 kurbanlar\u0131 aziz ilan edilecek - Bati Ermenistan Ve Bati Ermenileri Sorunlari Ara\u015ftirmalar Merkezi","isPartOf":{"@id":"https:\/\/akunq.net\/tr\/#website"},"datePublished":"2013-10-04T14:01:42+00:00","author":{"@id":"https:\/\/akunq.net\/tr\/#\/schema\/person\/096f1d38a12cce57fb855b485ed24c9e"},"breadcrumb":{"@id":"https:\/\/akunq.net\/tr\/?p=25955#breadcrumb"},"inLanguage":"en-US","potentialAction":[{"@type":"ReadAction","target":["https:\/\/akunq.net\/tr\/?p=25955"]}]},{"@type":"BreadcrumbList","@id":"https:\/\/akunq.net\/tr\/?p=25955#breadcrumb","itemListElement":[{"@type":"ListItem","position":1,"name":"Home","item":"https:\/\/akunq.net\/tr"},{"@type":"ListItem","position":2,"name":"Ermeni Soyk\u0131r\u0131m\u2019\u0131 kurbanlar\u0131 aziz ilan edilecek"}]},{"@type":"WebSite","@id":"https:\/\/akunq.net\/tr\/#website","url":"https:\/\/akunq.net\/tr\/","name":"Bati Ermenistan Ve Bati Ermenileri Sorunlari Ara\u015ftirmalar Merkezi","description":"","potentialAction":[{"@type":"SearchAction","target":{"@type":"EntryPoint","urlTemplate":"https:\/\/akunq.net\/tr\/?s={search_term_string}"},"query-input":{"@type":"PropertyValueSpecification","valueRequired":true,"valueName":"search_term_string"}}],"inLanguage":"en-US"},{"@type":"Person","@id":"https:\/\/akunq.net\/tr\/#\/schema\/person\/096f1d38a12cce57fb855b485ed24c9e","name":"admin","url":"https:\/\/akunq.net\/tr\/?author=7"}]}},"_links":{"self":[{"href":"https:\/\/akunq.net\/tr\/index.php?rest_route=\/wp\/v2\/posts\/25955","targetHints":{"allow":["GET"]}}],"collection":[{"href":"https:\/\/akunq.net\/tr\/index.php?rest_route=\/wp\/v2\/posts"}],"about":[{"href":"https:\/\/akunq.net\/tr\/index.php?rest_route=\/wp\/v2\/types\/post"}],"author":[{"embeddable":true,"href":"https:\/\/akunq.net\/tr\/index.php?rest_route=\/wp\/v2\/users\/7"}],"replies":[{"embeddable":true,"href":"https:\/\/akunq.net\/tr\/index.php?rest_route=%2Fwp%2Fv2%2Fcomments&post=25955"}],"version-history":[{"count":1,"href":"https:\/\/akunq.net\/tr\/index.php?rest_route=\/wp\/v2\/posts\/25955\/revisions"}],"predecessor-version":[{"id":25957,"href":"https:\/\/akunq.net\/tr\/index.php?rest_route=\/wp\/v2\/posts\/25955\/revisions\/25957"}],"wp:attachment":[{"href":"https:\/\/akunq.net\/tr\/index.php?rest_route=%2Fwp%2Fv2%2Fmedia&parent=25955"}],"wp:term":[{"taxonomy":"category","embeddable":true,"href":"https:\/\/akunq.net\/tr\/index.php?rest_route=%2Fwp%2Fv2%2Fcategories&post=25955"},{"taxonomy":"post_tag","embeddable":true,"href":"https:\/\/akunq.net\/tr\/index.php?rest_route=%2Fwp%2Fv2%2Ftags&post=25955"}],"curies":[{"name":"wp","href":"https:\/\/api.w.org\/{rel}","templated":true}]}}