{"id":25946,"date":"2013-10-04T04:36:12","date_gmt":"2013-10-04T09:36:12","guid":{"rendered":"http:\/\/akunq.net\/tr\/?p=25946"},"modified":"2013-10-04T04:36:37","modified_gmt":"2013-10-04T09:36:37","slug":"pkkdan-yakit-tankerine-bombali-saldiri","status":"publish","type":"post","link":"https:\/\/akunq.net\/tr\/?p=25946","title":{"rendered":"PKK&#8217;dan yak\u0131t tankerine bombal\u0131 sald\u0131r\u0131"},"content":{"rendered":"<h5 style=\"text-align: justify;\"><b><i><a href=\"http:\/\/akunq.net\/tr\/wp-content\/uploads\/2013\/10\/PKKdan-bombal\u0131-sald\u0131r\u0131.jpg\"><img loading=\"lazy\" decoding=\"async\" class=\"alignright size-medium wp-image-25947\" alt=\"PKK'dan bombal\u0131 sald\u0131r\u0131\" src=\"http:\/\/akunq.net\/tr\/wp-content\/uploads\/2013\/10\/PKKdan-bombal\u0131-sald\u0131r\u0131-300x199.jpg\" width=\"300\" height=\"199\" srcset=\"https:\/\/akunq.net\/tr\/wp-content\/uploads\/sites\/6\/2013\/10\/PKKdan-bombal\u0131-sald\u0131r\u0131-300x199.jpg 300w, https:\/\/akunq.net\/tr\/wp-content\/uploads\/sites\/6\/2013\/10\/PKKdan-bombal\u0131-sald\u0131r\u0131.jpg 488w\" sizes=\"auto, (max-width: 300px) 100vw, 300px\" \/><\/a>Bing\u00f6l&#8217;\u00fcn Gen\u00e7 il\u00e7esinde PKK&#8217;l\u0131lar, \u00f6zel bir firmaya ait yak\u0131t tankerine bombal\u0131 sald\u0131r\u0131 d\u00fczenleyip kullan\u0131lamaz hale getirdi. <\/i><\/b><\/h5>\n<p style=\"text-align: justify;\"><a href=\"http:\/\/www.radikal.com.tr\/index\/BINGOL\"><b><i>B\u0130NG\u00d6L<\/i><\/b><\/a><b><i> \u2013<\/i><\/b>Bing\u00f6l\u2019\u00fcn Gen\u00e7 il\u00e7esinde <a href=\"http:\/\/www.radikal.com.tr\/index\/PKK\">PKK<\/a> &#8216;l\u0131lar, \u00f6zel bir firmaya ait yak\u0131t tankerine bombal\u0131 sald\u0131r\u0131 d\u00fczenleyip kullan\u0131lamaz hale getirdi.<\/p>\n<p style=\"text-align: justify;\">Gen\u00e7 il\u00e7esinin Suveren K\u00f6y\u00fc \u00c7ubuk Mahallesi&#8217;nde PKK&#8217;l\u0131lar, b\u00f6lgede karayollar\u0131 in\u015faat\u0131 yapan \u00f6zel bir firmaya ait yak\u0131t tankerine bug\u00fcn saat 06.30 s\u0131ralar\u0131nda sald\u0131r\u0131 d\u00fczenledi. PKK&#8217;l\u0131lar tankerin alt\u0131na d\u00f6\u015fedikleri bombay\u0131 uzaktan kumanda ile infilak ettirdi. \u00d6len ve yaralanan\u0131n olmad\u0131\u011f\u0131 patlamada alev alan tanker yanarak kullan\u0131lamaz hale geldi.<\/p>\n<p style=\"text-align: justify;\">Olayla ilgili g\u00fcvenlik g\u00fc\u00e7lerinin ba\u015flatt\u0131\u011f\u0131 \u00e7al\u0131\u015fma s\u00fcr\u00fcyor.<\/p>\n<p style=\"text-align: justify;\"><b><i>G\u00dcLB\u0130N YILDIZ \/ DHA<\/i><\/b><\/p>\n<p style=\"text-align: justify;\"><b><i>http:\/\/www.radikal.com.tr\/turkiye\/pkkdan_yakit_tankerine_bombali_saldiri-1153750<\/i><\/b><\/p>\n","protected":false},"excerpt":{"rendered":"<p>Bing\u00f6l&#8217;\u00fcn Gen\u00e7 il\u00e7esinde PKK&#8217;l\u0131lar, \u00f6zel bir firmaya ait yak\u0131t tankerine bombal\u0131 sald\u0131r\u0131 d\u00fczenleyip kullan\u0131lamaz hale getirdi. B\u0130NG\u00d6L \u2013Bing\u00f6l\u2019\u00fcn Gen\u00e7 il\u00e7esinde PKK &#8216;l\u0131lar, \u00f6zel bir firmaya ait yak\u0131t tankerine bombal\u0131 sald\u0131r\u0131 d\u00fczenleyip kullan\u0131lamaz hale getirdi. Gen\u00e7 il\u00e7esinin Suveren K\u00f6y\u00fc \u00c7ubuk Mahallesi&#8217;nde PKK&#8217;l\u0131lar, b\u00f6lgede karayollar\u0131 in\u015faat\u0131 yapan \u00f6zel bir firmaya ait yak\u0131t tankerine bug\u00fcn saat 06.30 s\u0131ralar\u0131nda [&hellip;]<\/p>\n","protected":false},"author":7,"featured_media":0,"comment_status":"open","ping_status":"open","sticky":false,"template":"","format":"standard","meta":{"footnotes":""},"categories":[1],"tags":[],"class_list":["post-25946","post","type-post","status-publish","format-standard","hentry","category-haberler"],"yoast_head":"<!-- This site is optimized with the Yoast SEO plugin v27.4 - https:\/\/yoast.com\/product\/yoast-seo-wordpress\/ -->\n<title>PKK&#039;dan yak\u0131t tankerine bombal\u0131 sald\u0131r\u0131 - Bati Ermenistan Ve Bati Ermenileri Sorunlari Ara\u015ftirmalar Merkezi<\/title>\n<meta name=\"robots\" content=\"index, follow, max-snippet:-1, max-image-preview:large, max-video-preview:-1\" \/>\n<link rel=\"canonical\" href=\"https:\/\/akunq.net\/tr\/?p=25946\" \/>\n<meta property=\"og:locale\" content=\"en_US\" \/>\n<meta property=\"og:type\" content=\"article\" \/>\n<meta property=\"og:title\" content=\"PKK&#039;dan yak\u0131t tankerine bombal\u0131 sald\u0131r\u0131 - Bati Ermenistan Ve Bati Ermenileri Sorunlari Ara\u015ftirmalar Merkezi\" \/>\n<meta property=\"og:description\" content=\"Bing\u00f6l&#8217;\u00fcn Gen\u00e7 il\u00e7esinde PKK&#8217;l\u0131lar, \u00f6zel bir firmaya ait yak\u0131t tankerine bombal\u0131 sald\u0131r\u0131 d\u00fczenleyip kullan\u0131lamaz hale getirdi. B\u0130NG\u00d6L \u2013Bing\u00f6l\u2019\u00fcn Gen\u00e7 il\u00e7esinde PKK &#8216;l\u0131lar, \u00f6zel bir firmaya ait yak\u0131t tankerine bombal\u0131 sald\u0131r\u0131 d\u00fczenleyip kullan\u0131lamaz hale getirdi. Gen\u00e7 il\u00e7esinin Suveren K\u00f6y\u00fc \u00c7ubuk Mahallesi&#8217;nde PKK&#8217;l\u0131lar, b\u00f6lgede karayollar\u0131 in\u015faat\u0131 yapan \u00f6zel bir firmaya ait yak\u0131t tankerine bug\u00fcn saat 06.30 s\u0131ralar\u0131nda [&hellip;]\" \/>\n<meta property=\"og:url\" content=\"https:\/\/akunq.net\/tr\/?p=25946\" \/>\n<meta property=\"og:site_name\" content=\"Bati Ermenistan Ve Bati Ermenileri Sorunlari Ara\u015ftirmalar Merkezi\" \/>\n<meta property=\"article:published_time\" content=\"2013-10-04T09:36:12+00:00\" \/>\n<meta property=\"article:modified_time\" content=\"2013-10-04T09:36:37+00:00\" \/>\n<meta name=\"author\" content=\"admin\" \/>\n<meta name=\"twitter:card\" content=\"summary_large_image\" \/>\n<meta name=\"twitter:label1\" content=\"Written by\" \/>\n\t<meta name=\"twitter:data1\" content=\"admin\" \/>\n\t<meta name=\"twitter:label2\" content=\"Est. reading time\" \/>\n\t<meta name=\"twitter:data2\" content=\"1 minute\" \/>\n<script type=\"application\/ld+json\" class=\"yoast-schema-graph\">{\"@context\":\"https:\\\/\\\/schema.org\",\"@graph\":[{\"@type\":\"Article\",\"@id\":\"https:\\\/\\\/akunq.net\\\/tr\\\/?p=25946#article\",\"isPartOf\":{\"@id\":\"https:\\\/\\\/akunq.net\\\/tr\\\/?p=25946\"},\"author\":{\"name\":\"admin\",\"@id\":\"https:\\\/\\\/akunq.net\\\/tr\\\/#\\\/schema\\\/person\\\/096f1d38a12cce57fb855b485ed24c9e\"},\"headline\":\"PKK&#8217;dan yak\u0131t tankerine bombal\u0131 sald\u0131r\u0131\",\"datePublished\":\"2013-10-04T09:36:12+00:00\",\"dateModified\":\"2013-10-04T09:36:37+00:00\",\"mainEntityOfPage\":{\"@id\":\"https:\\\/\\\/akunq.net\\\/tr\\\/?p=25946\"},\"wordCount\":148,\"commentCount\":0,\"articleSection\":[\"Haberler\"],\"inLanguage\":\"en-US\",\"potentialAction\":[{\"@type\":\"CommentAction\",\"name\":\"Comment\",\"target\":[\"https:\\\/\\\/akunq.net\\\/tr\\\/?p=25946#respond\"]}]},{\"@type\":\"WebPage\",\"@id\":\"https:\\\/\\\/akunq.net\\\/tr\\\/?p=25946\",\"url\":\"https:\\\/\\\/akunq.net\\\/tr\\\/?p=25946\",\"name\":\"PKK'dan yak\u0131t tankerine bombal\u0131 sald\u0131r\u0131 - Bati Ermenistan Ve Bati Ermenileri Sorunlari Ara\u015ftirmalar Merkezi\",\"isPartOf\":{\"@id\":\"https:\\\/\\\/akunq.net\\\/tr\\\/#website\"},\"datePublished\":\"2013-10-04T09:36:12+00:00\",\"dateModified\":\"2013-10-04T09:36:37+00:00\",\"author\":{\"@id\":\"https:\\\/\\\/akunq.net\\\/tr\\\/#\\\/schema\\\/person\\\/096f1d38a12cce57fb855b485ed24c9e\"},\"breadcrumb\":{\"@id\":\"https:\\\/\\\/akunq.net\\\/tr\\\/?p=25946#breadcrumb\"},\"inLanguage\":\"en-US\",\"potentialAction\":[{\"@type\":\"ReadAction\",\"target\":[\"https:\\\/\\\/akunq.net\\\/tr\\\/?p=25946\"]}]},{\"@type\":\"BreadcrumbList\",\"@id\":\"https:\\\/\\\/akunq.net\\\/tr\\\/?p=25946#breadcrumb\",\"itemListElement\":[{\"@type\":\"ListItem\",\"position\":1,\"name\":\"Home\",\"item\":\"https:\\\/\\\/akunq.net\\\/tr\"},{\"@type\":\"ListItem\",\"position\":2,\"name\":\"PKK&#8217;dan yak\u0131t tankerine bombal\u0131 sald\u0131r\u0131\"}]},{\"@type\":\"WebSite\",\"@id\":\"https:\\\/\\\/akunq.net\\\/tr\\\/#website\",\"url\":\"https:\\\/\\\/akunq.net\\\/tr\\\/\",\"name\":\"Bati Ermenistan Ve Bati Ermenileri Sorunlari Ara\u015ftirmalar Merkezi\",\"description\":\"\",\"potentialAction\":[{\"@type\":\"SearchAction\",\"target\":{\"@type\":\"EntryPoint\",\"urlTemplate\":\"https:\\\/\\\/akunq.net\\\/tr\\\/?s={search_term_string}\"},\"query-input\":{\"@type\":\"PropertyValueSpecification\",\"valueRequired\":true,\"valueName\":\"search_term_string\"}}],\"inLanguage\":\"en-US\"},{\"@type\":\"Person\",\"@id\":\"https:\\\/\\\/akunq.net\\\/tr\\\/#\\\/schema\\\/person\\\/096f1d38a12cce57fb855b485ed24c9e\",\"name\":\"admin\",\"url\":\"https:\\\/\\\/akunq.net\\\/tr\\\/?author=7\"}]}<\/script>\n<!-- \/ Yoast SEO plugin. -->","yoast_head_json":{"title":"PKK'dan yak\u0131t tankerine bombal\u0131 sald\u0131r\u0131 - Bati Ermenistan Ve Bati Ermenileri Sorunlari Ara\u015ftirmalar Merkezi","robots":{"index":"index","follow":"follow","max-snippet":"max-snippet:-1","max-image-preview":"max-image-preview:large","max-video-preview":"max-video-preview:-1"},"canonical":"https:\/\/akunq.net\/tr\/?p=25946","og_locale":"en_US","og_type":"article","og_title":"PKK'dan yak\u0131t tankerine bombal\u0131 sald\u0131r\u0131 - Bati Ermenistan Ve Bati Ermenileri Sorunlari Ara\u015ftirmalar Merkezi","og_description":"Bing\u00f6l&#8217;\u00fcn Gen\u00e7 il\u00e7esinde PKK&#8217;l\u0131lar, \u00f6zel bir firmaya ait yak\u0131t tankerine bombal\u0131 sald\u0131r\u0131 d\u00fczenleyip kullan\u0131lamaz hale getirdi. B\u0130NG\u00d6L \u2013Bing\u00f6l\u2019\u00fcn Gen\u00e7 il\u00e7esinde PKK &#8216;l\u0131lar, \u00f6zel bir firmaya ait yak\u0131t tankerine bombal\u0131 sald\u0131r\u0131 d\u00fczenleyip kullan\u0131lamaz hale getirdi. Gen\u00e7 il\u00e7esinin Suveren K\u00f6y\u00fc \u00c7ubuk Mahallesi&#8217;nde PKK&#8217;l\u0131lar, b\u00f6lgede karayollar\u0131 in\u015faat\u0131 yapan \u00f6zel bir firmaya ait yak\u0131t tankerine bug\u00fcn saat 06.30 s\u0131ralar\u0131nda [&hellip;]","og_url":"https:\/\/akunq.net\/tr\/?p=25946","og_site_name":"Bati Ermenistan Ve Bati Ermenileri Sorunlari Ara\u015ftirmalar Merkezi","article_published_time":"2013-10-04T09:36:12+00:00","article_modified_time":"2013-10-04T09:36:37+00:00","author":"admin","twitter_card":"summary_large_image","twitter_misc":{"Written by":"admin","Est. reading time":"1 minute"},"schema":{"@context":"https:\/\/schema.org","@graph":[{"@type":"Article","@id":"https:\/\/akunq.net\/tr\/?p=25946#article","isPartOf":{"@id":"https:\/\/akunq.net\/tr\/?p=25946"},"author":{"name":"admin","@id":"https:\/\/akunq.net\/tr\/#\/schema\/person\/096f1d38a12cce57fb855b485ed24c9e"},"headline":"PKK&#8217;dan yak\u0131t tankerine bombal\u0131 sald\u0131r\u0131","datePublished":"2013-10-04T09:36:12+00:00","dateModified":"2013-10-04T09:36:37+00:00","mainEntityOfPage":{"@id":"https:\/\/akunq.net\/tr\/?p=25946"},"wordCount":148,"commentCount":0,"articleSection":["Haberler"],"inLanguage":"en-US","potentialAction":[{"@type":"CommentAction","name":"Comment","target":["https:\/\/akunq.net\/tr\/?p=25946#respond"]}]},{"@type":"WebPage","@id":"https:\/\/akunq.net\/tr\/?p=25946","url":"https:\/\/akunq.net\/tr\/?p=25946","name":"PKK'dan yak\u0131t tankerine bombal\u0131 sald\u0131r\u0131 - Bati Ermenistan Ve Bati Ermenileri Sorunlari Ara\u015ftirmalar Merkezi","isPartOf":{"@id":"https:\/\/akunq.net\/tr\/#website"},"datePublished":"2013-10-04T09:36:12+00:00","dateModified":"2013-10-04T09:36:37+00:00","author":{"@id":"https:\/\/akunq.net\/tr\/#\/schema\/person\/096f1d38a12cce57fb855b485ed24c9e"},"breadcrumb":{"@id":"https:\/\/akunq.net\/tr\/?p=25946#breadcrumb"},"inLanguage":"en-US","potentialAction":[{"@type":"ReadAction","target":["https:\/\/akunq.net\/tr\/?p=25946"]}]},{"@type":"BreadcrumbList","@id":"https:\/\/akunq.net\/tr\/?p=25946#breadcrumb","itemListElement":[{"@type":"ListItem","position":1,"name":"Home","item":"https:\/\/akunq.net\/tr"},{"@type":"ListItem","position":2,"name":"PKK&#8217;dan yak\u0131t tankerine bombal\u0131 sald\u0131r\u0131"}]},{"@type":"WebSite","@id":"https:\/\/akunq.net\/tr\/#website","url":"https:\/\/akunq.net\/tr\/","name":"Bati Ermenistan Ve Bati Ermenileri Sorunlari Ara\u015ftirmalar Merkezi","description":"","potentialAction":[{"@type":"SearchAction","target":{"@type":"EntryPoint","urlTemplate":"https:\/\/akunq.net\/tr\/?s={search_term_string}"},"query-input":{"@type":"PropertyValueSpecification","valueRequired":true,"valueName":"search_term_string"}}],"inLanguage":"en-US"},{"@type":"Person","@id":"https:\/\/akunq.net\/tr\/#\/schema\/person\/096f1d38a12cce57fb855b485ed24c9e","name":"admin","url":"https:\/\/akunq.net\/tr\/?author=7"}]}},"_links":{"self":[{"href":"https:\/\/akunq.net\/tr\/index.php?rest_route=\/wp\/v2\/posts\/25946","targetHints":{"allow":["GET"]}}],"collection":[{"href":"https:\/\/akunq.net\/tr\/index.php?rest_route=\/wp\/v2\/posts"}],"about":[{"href":"https:\/\/akunq.net\/tr\/index.php?rest_route=\/wp\/v2\/types\/post"}],"author":[{"embeddable":true,"href":"https:\/\/akunq.net\/tr\/index.php?rest_route=\/wp\/v2\/users\/7"}],"replies":[{"embeddable":true,"href":"https:\/\/akunq.net\/tr\/index.php?rest_route=%2Fwp%2Fv2%2Fcomments&post=25946"}],"version-history":[{"count":3,"href":"https:\/\/akunq.net\/tr\/index.php?rest_route=\/wp\/v2\/posts\/25946\/revisions"}],"predecessor-version":[{"id":25949,"href":"https:\/\/akunq.net\/tr\/index.php?rest_route=\/wp\/v2\/posts\/25946\/revisions\/25949"}],"wp:attachment":[{"href":"https:\/\/akunq.net\/tr\/index.php?rest_route=%2Fwp%2Fv2%2Fmedia&parent=25946"}],"wp:term":[{"taxonomy":"category","embeddable":true,"href":"https:\/\/akunq.net\/tr\/index.php?rest_route=%2Fwp%2Fv2%2Fcategories&post=25946"},{"taxonomy":"post_tag","embeddable":true,"href":"https:\/\/akunq.net\/tr\/index.php?rest_route=%2Fwp%2Fv2%2Ftags&post=25946"}],"curies":[{"name":"wp","href":"https:\/\/api.w.org\/{rel}","templated":true}]}}