{"id":25942,"date":"2013-10-04T03:01:09","date_gmt":"2013-10-04T08:01:09","guid":{"rendered":"http:\/\/akunq.net\/tr\/?p=25942"},"modified":"2013-10-04T03:01:34","modified_gmt":"2013-10-04T08:01:34","slug":"tuncelden-mesaj-kimseyle-gorusmek","status":"publish","type":"post","link":"https:\/\/akunq.net\/tr\/?p=25942","title":{"rendered":"Tuncel&#8217;den mesaj: Kimseyle g\u00f6r\u00fc\u015fmek&#8230;"},"content":{"rendered":"<h2 style=\"text-align: justify;\"><i><a href=\"http:\/\/akunq.net\/tr\/wp-content\/uploads\/2013\/10\/\u0534\u056b\u0576\u0584.jpg\"><img loading=\"lazy\" decoding=\"async\" class=\"alignright size-medium wp-image-25943\" alt=\"\u0534\u056b\u0576\u0584\" src=\"http:\/\/akunq.net\/tr\/wp-content\/uploads\/2013\/10\/\u0534\u056b\u0576\u0584-300x225.jpg\" width=\"300\" height=\"225\" srcset=\"https:\/\/akunq.net\/tr\/wp-content\/uploads\/sites\/6\/2013\/10\/\u0534\u056b\u0576\u0584-300x225.jpg 300w, https:\/\/akunq.net\/tr\/wp-content\/uploads\/sites\/6\/2013\/10\/\u0534\u056b\u0576\u0584.jpg 312w\" sizes=\"auto, (max-width: 300px) 100vw, 300px\" \/><\/a>Erhan Tuncel\u2019in avukat\u0131 Erdo\u011fan Soruklu&#8217;dan a\u00e7\u0131klama<\/i><\/h2>\n<p style=\"text-align: justify;\">Agos Gazetesi Genel Yay\u0131n Y\u00f6netmeni Hrant Dink\u2019in \u00f6ld\u00fcr\u00fclmesiyle ilgili tekrar g\u00f6r\u00fclmeye ba\u015flayan davada hakk\u0131nda yakalama karar\u0131 \u00e7\u0131kar\u0131lan Erhan Tuncel\u2019in avukat\u0131 Erdo\u011fan Soruklu, \u201cErhan Tuncel T\u00fcrkiye\u2019de. Bir yere ka\u00e7mad\u0131. \u0130fade haz\u0131rl\u0131\u011f\u0131 i\u00e7erisinde, onu tamamlad\u0131ktan sonra teslim olacak\u201d dedi.<\/p>\n<p style=\"text-align: justify;\">Dink cinayetinin Yarg\u0131tay taraf\u0131ndan bozulmas\u0131n\u0131n ard\u0131ndan, 17 Eyl\u00fcl\u2019de g\u00f6r\u00fclen duru\u015fmada, hakk\u0131nda yakalama karar\u0131 \u00e7\u0131kar\u0131lan Erhan Tuncel\u2019den 15 g\u00fcnd\u00fcr haber al\u0131nam\u0131yor. Konuya ili\u015fkin olarak VATAN&#8217;a konu\u015fan avukat Erdo\u011fan Soruklu, m\u00fcvekkili Erhan Tuncel\u2019in, savunma haz\u0131rlad\u0131\u011f\u0131n\u0131 ve bittikten sonra teslim olaca\u011f\u0131n\u0131 s\u00f6yledi. Mahkeme g\u00fcn\u00fc, bir g\u00fcnl\u00fck rapor ald\u0131\u011f\u0131 i\u00e7in duru\u015fmaya kat\u0131lmayan ve hakk\u0131nda yakalama karar\u0131 \u00e7\u0131kar\u0131lmas\u0131n\u0131n ard\u0131ndan s\u0131rra kadem bast\u0131\u011f\u0131 iddia edilen Tuncel, en son Twitter adresinden mesaj g\u00f6ndermi\u015fti. O g\u00fcnden bu yana telefonlar\u0131na bakmayan ve kimseyle de g\u00f6r\u00fc\u015fmeyen Tuncel, avukat\u0131 arac\u0131l\u0131\u011f\u0131yla iddialara yan\u0131t verdi.<\/p>\n<p style=\"text-align: justify;\"><b>T\u00fcrkiye&#8217;de ka\u00e7mad\u0131<\/b><\/p>\n<p style=\"text-align: justify;\">Hakk\u0131nda \u00e7\u0131kan yakalama karar\u0131 sonras\u0131nda hi\u00e7 konu\u015fmayan Tuncel\u2019in avukat\u0131, yapt\u0131\u011f\u0131 a\u00e7\u0131klamada, m\u00fcvekkilinin T\u00fcrkiye\u2019de oldu\u011funu hi\u00e7bir yere ka\u00e7mad\u0131\u011f\u0131n\u0131 ve k\u0131sa s\u00fcre i\u00e7erisinde de teslim olaca\u011f\u0131n\u0131 belirtti. \u201cErhan Tuncel T\u00fcrkiye\u2019de. Bir yere ka\u00e7mad\u0131. Kendisi en k\u0131sa s\u00fcrede teslim olacak. Kimseyle g\u00f6r\u00fc\u015fmek istemiyor \u015fu a\u015famada. Ne zaman teslim olaca\u011f\u0131n\u0131 bilemiyorum ona kendisi karar verecek. \u015eu anda ifadesini haz\u0131rl\u0131yor. \u0130fade haz\u0131rl\u0131\u011f\u0131 i\u00e7erisinde, onu tamamlad\u0131ktan sonra teslim olacak\u201d<\/p>\n<p style=\"text-align: justify;\"><b><i>\u00c7a\u011fda\u015f ULUS \/ \u0130ST\u0130HBARAT<\/i><\/b><\/p>\n<p style=\"text-align: justify;\"><b><i>http:\/\/haber.gazetevatan.com\/Haber\/573599\/1\/Gundem<\/i><\/b><\/p>\n","protected":false},"excerpt":{"rendered":"<p>Erhan Tuncel\u2019in avukat\u0131 Erdo\u011fan Soruklu&#8217;dan a\u00e7\u0131klama Agos Gazetesi Genel Yay\u0131n Y\u00f6netmeni Hrant Dink\u2019in \u00f6ld\u00fcr\u00fclmesiyle ilgili tekrar g\u00f6r\u00fclmeye ba\u015flayan davada hakk\u0131nda yakalama karar\u0131 \u00e7\u0131kar\u0131lan Erhan Tuncel\u2019in avukat\u0131 Erdo\u011fan Soruklu, \u201cErhan Tuncel T\u00fcrkiye\u2019de. Bir yere ka\u00e7mad\u0131. \u0130fade haz\u0131rl\u0131\u011f\u0131 i\u00e7erisinde, onu tamamlad\u0131ktan sonra teslim olacak\u201d dedi. Dink cinayetinin Yarg\u0131tay taraf\u0131ndan bozulmas\u0131n\u0131n ard\u0131ndan, 17 Eyl\u00fcl\u2019de g\u00f6r\u00fclen duru\u015fmada, hakk\u0131nda yakalama [&hellip;]<\/p>\n","protected":false},"author":7,"featured_media":0,"comment_status":"open","ping_status":"open","sticky":false,"template":"","format":"standard","meta":{"footnotes":""},"categories":[1],"tags":[],"class_list":["post-25942","post","type-post","status-publish","format-standard","hentry","category-haberler"],"yoast_head":"<!-- This site is optimized with the Yoast SEO plugin v27.4 - https:\/\/yoast.com\/product\/yoast-seo-wordpress\/ -->\n<title>Tuncel&#039;den mesaj: Kimseyle g\u00f6r\u00fc\u015fmek... - Bati Ermenistan Ve Bati Ermenileri Sorunlari Ara\u015ftirmalar Merkezi<\/title>\n<meta name=\"robots\" content=\"index, follow, max-snippet:-1, max-image-preview:large, max-video-preview:-1\" \/>\n<link rel=\"canonical\" href=\"https:\/\/akunq.net\/tr\/?p=25942\" \/>\n<meta property=\"og:locale\" content=\"en_US\" \/>\n<meta property=\"og:type\" content=\"article\" \/>\n<meta property=\"og:title\" content=\"Tuncel&#039;den mesaj: Kimseyle g\u00f6r\u00fc\u015fmek... - Bati Ermenistan Ve Bati Ermenileri Sorunlari Ara\u015ftirmalar Merkezi\" \/>\n<meta property=\"og:description\" content=\"Erhan Tuncel\u2019in avukat\u0131 Erdo\u011fan Soruklu&#8217;dan a\u00e7\u0131klama Agos Gazetesi Genel Yay\u0131n Y\u00f6netmeni Hrant Dink\u2019in \u00f6ld\u00fcr\u00fclmesiyle ilgili tekrar g\u00f6r\u00fclmeye ba\u015flayan davada hakk\u0131nda yakalama karar\u0131 \u00e7\u0131kar\u0131lan Erhan Tuncel\u2019in avukat\u0131 Erdo\u011fan Soruklu, \u201cErhan Tuncel T\u00fcrkiye\u2019de. Bir yere ka\u00e7mad\u0131. \u0130fade haz\u0131rl\u0131\u011f\u0131 i\u00e7erisinde, onu tamamlad\u0131ktan sonra teslim olacak\u201d dedi. Dink cinayetinin Yarg\u0131tay taraf\u0131ndan bozulmas\u0131n\u0131n ard\u0131ndan, 17 Eyl\u00fcl\u2019de g\u00f6r\u00fclen duru\u015fmada, hakk\u0131nda yakalama [&hellip;]\" \/>\n<meta property=\"og:url\" content=\"https:\/\/akunq.net\/tr\/?p=25942\" \/>\n<meta property=\"og:site_name\" content=\"Bati Ermenistan Ve Bati Ermenileri Sorunlari Ara\u015ftirmalar Merkezi\" \/>\n<meta property=\"article:published_time\" content=\"2013-10-04T08:01:09+00:00\" \/>\n<meta property=\"article:modified_time\" content=\"2013-10-04T08:01:34+00:00\" \/>\n<meta name=\"author\" content=\"admin\" \/>\n<meta name=\"twitter:card\" content=\"summary_large_image\" \/>\n<meta name=\"twitter:label1\" content=\"Written by\" \/>\n\t<meta name=\"twitter:data1\" content=\"admin\" \/>\n\t<meta name=\"twitter:label2\" content=\"Est. reading time\" \/>\n\t<meta name=\"twitter:data2\" content=\"1 minute\" \/>\n<script type=\"application\/ld+json\" class=\"yoast-schema-graph\">{\"@context\":\"https:\\\/\\\/schema.org\",\"@graph\":[{\"@type\":\"Article\",\"@id\":\"https:\\\/\\\/akunq.net\\\/tr\\\/?p=25942#article\",\"isPartOf\":{\"@id\":\"https:\\\/\\\/akunq.net\\\/tr\\\/?p=25942\"},\"author\":{\"name\":\"admin\",\"@id\":\"https:\\\/\\\/akunq.net\\\/tr\\\/#\\\/schema\\\/person\\\/096f1d38a12cce57fb855b485ed24c9e\"},\"headline\":\"Tuncel&#8217;den mesaj: Kimseyle g\u00f6r\u00fc\u015fmek&#8230;\",\"datePublished\":\"2013-10-04T08:01:09+00:00\",\"dateModified\":\"2013-10-04T08:01:34+00:00\",\"mainEntityOfPage\":{\"@id\":\"https:\\\/\\\/akunq.net\\\/tr\\\/?p=25942\"},\"wordCount\":305,\"commentCount\":0,\"articleSection\":[\"Haberler\"],\"inLanguage\":\"en-US\",\"potentialAction\":[{\"@type\":\"CommentAction\",\"name\":\"Comment\",\"target\":[\"https:\\\/\\\/akunq.net\\\/tr\\\/?p=25942#respond\"]}]},{\"@type\":\"WebPage\",\"@id\":\"https:\\\/\\\/akunq.net\\\/tr\\\/?p=25942\",\"url\":\"https:\\\/\\\/akunq.net\\\/tr\\\/?p=25942\",\"name\":\"Tuncel'den mesaj: Kimseyle g\u00f6r\u00fc\u015fmek... - Bati Ermenistan Ve Bati Ermenileri Sorunlari Ara\u015ftirmalar Merkezi\",\"isPartOf\":{\"@id\":\"https:\\\/\\\/akunq.net\\\/tr\\\/#website\"},\"datePublished\":\"2013-10-04T08:01:09+00:00\",\"dateModified\":\"2013-10-04T08:01:34+00:00\",\"author\":{\"@id\":\"https:\\\/\\\/akunq.net\\\/tr\\\/#\\\/schema\\\/person\\\/096f1d38a12cce57fb855b485ed24c9e\"},\"breadcrumb\":{\"@id\":\"https:\\\/\\\/akunq.net\\\/tr\\\/?p=25942#breadcrumb\"},\"inLanguage\":\"en-US\",\"potentialAction\":[{\"@type\":\"ReadAction\",\"target\":[\"https:\\\/\\\/akunq.net\\\/tr\\\/?p=25942\"]}]},{\"@type\":\"BreadcrumbList\",\"@id\":\"https:\\\/\\\/akunq.net\\\/tr\\\/?p=25942#breadcrumb\",\"itemListElement\":[{\"@type\":\"ListItem\",\"position\":1,\"name\":\"Home\",\"item\":\"https:\\\/\\\/akunq.net\\\/tr\"},{\"@type\":\"ListItem\",\"position\":2,\"name\":\"Tuncel&#8217;den mesaj: Kimseyle g\u00f6r\u00fc\u015fmek&#8230;\"}]},{\"@type\":\"WebSite\",\"@id\":\"https:\\\/\\\/akunq.net\\\/tr\\\/#website\",\"url\":\"https:\\\/\\\/akunq.net\\\/tr\\\/\",\"name\":\"Bati Ermenistan Ve Bati Ermenileri Sorunlari Ara\u015ftirmalar Merkezi\",\"description\":\"\",\"potentialAction\":[{\"@type\":\"SearchAction\",\"target\":{\"@type\":\"EntryPoint\",\"urlTemplate\":\"https:\\\/\\\/akunq.net\\\/tr\\\/?s={search_term_string}\"},\"query-input\":{\"@type\":\"PropertyValueSpecification\",\"valueRequired\":true,\"valueName\":\"search_term_string\"}}],\"inLanguage\":\"en-US\"},{\"@type\":\"Person\",\"@id\":\"https:\\\/\\\/akunq.net\\\/tr\\\/#\\\/schema\\\/person\\\/096f1d38a12cce57fb855b485ed24c9e\",\"name\":\"admin\",\"url\":\"https:\\\/\\\/akunq.net\\\/tr\\\/?author=7\"}]}<\/script>\n<!-- \/ Yoast SEO plugin. -->","yoast_head_json":{"title":"Tuncel'den mesaj: Kimseyle g\u00f6r\u00fc\u015fmek... - Bati Ermenistan Ve Bati Ermenileri Sorunlari Ara\u015ftirmalar Merkezi","robots":{"index":"index","follow":"follow","max-snippet":"max-snippet:-1","max-image-preview":"max-image-preview:large","max-video-preview":"max-video-preview:-1"},"canonical":"https:\/\/akunq.net\/tr\/?p=25942","og_locale":"en_US","og_type":"article","og_title":"Tuncel'den mesaj: Kimseyle g\u00f6r\u00fc\u015fmek... - Bati Ermenistan Ve Bati Ermenileri Sorunlari Ara\u015ftirmalar Merkezi","og_description":"Erhan Tuncel\u2019in avukat\u0131 Erdo\u011fan Soruklu&#8217;dan a\u00e7\u0131klama Agos Gazetesi Genel Yay\u0131n Y\u00f6netmeni Hrant Dink\u2019in \u00f6ld\u00fcr\u00fclmesiyle ilgili tekrar g\u00f6r\u00fclmeye ba\u015flayan davada hakk\u0131nda yakalama karar\u0131 \u00e7\u0131kar\u0131lan Erhan Tuncel\u2019in avukat\u0131 Erdo\u011fan Soruklu, \u201cErhan Tuncel T\u00fcrkiye\u2019de. Bir yere ka\u00e7mad\u0131. \u0130fade haz\u0131rl\u0131\u011f\u0131 i\u00e7erisinde, onu tamamlad\u0131ktan sonra teslim olacak\u201d dedi. Dink cinayetinin Yarg\u0131tay taraf\u0131ndan bozulmas\u0131n\u0131n ard\u0131ndan, 17 Eyl\u00fcl\u2019de g\u00f6r\u00fclen duru\u015fmada, hakk\u0131nda yakalama [&hellip;]","og_url":"https:\/\/akunq.net\/tr\/?p=25942","og_site_name":"Bati Ermenistan Ve Bati Ermenileri Sorunlari Ara\u015ftirmalar Merkezi","article_published_time":"2013-10-04T08:01:09+00:00","article_modified_time":"2013-10-04T08:01:34+00:00","author":"admin","twitter_card":"summary_large_image","twitter_misc":{"Written by":"admin","Est. reading time":"1 minute"},"schema":{"@context":"https:\/\/schema.org","@graph":[{"@type":"Article","@id":"https:\/\/akunq.net\/tr\/?p=25942#article","isPartOf":{"@id":"https:\/\/akunq.net\/tr\/?p=25942"},"author":{"name":"admin","@id":"https:\/\/akunq.net\/tr\/#\/schema\/person\/096f1d38a12cce57fb855b485ed24c9e"},"headline":"Tuncel&#8217;den mesaj: Kimseyle g\u00f6r\u00fc\u015fmek&#8230;","datePublished":"2013-10-04T08:01:09+00:00","dateModified":"2013-10-04T08:01:34+00:00","mainEntityOfPage":{"@id":"https:\/\/akunq.net\/tr\/?p=25942"},"wordCount":305,"commentCount":0,"articleSection":["Haberler"],"inLanguage":"en-US","potentialAction":[{"@type":"CommentAction","name":"Comment","target":["https:\/\/akunq.net\/tr\/?p=25942#respond"]}]},{"@type":"WebPage","@id":"https:\/\/akunq.net\/tr\/?p=25942","url":"https:\/\/akunq.net\/tr\/?p=25942","name":"Tuncel'den mesaj: Kimseyle g\u00f6r\u00fc\u015fmek... - Bati Ermenistan Ve Bati Ermenileri Sorunlari Ara\u015ftirmalar Merkezi","isPartOf":{"@id":"https:\/\/akunq.net\/tr\/#website"},"datePublished":"2013-10-04T08:01:09+00:00","dateModified":"2013-10-04T08:01:34+00:00","author":{"@id":"https:\/\/akunq.net\/tr\/#\/schema\/person\/096f1d38a12cce57fb855b485ed24c9e"},"breadcrumb":{"@id":"https:\/\/akunq.net\/tr\/?p=25942#breadcrumb"},"inLanguage":"en-US","potentialAction":[{"@type":"ReadAction","target":["https:\/\/akunq.net\/tr\/?p=25942"]}]},{"@type":"BreadcrumbList","@id":"https:\/\/akunq.net\/tr\/?p=25942#breadcrumb","itemListElement":[{"@type":"ListItem","position":1,"name":"Home","item":"https:\/\/akunq.net\/tr"},{"@type":"ListItem","position":2,"name":"Tuncel&#8217;den mesaj: Kimseyle g\u00f6r\u00fc\u015fmek&#8230;"}]},{"@type":"WebSite","@id":"https:\/\/akunq.net\/tr\/#website","url":"https:\/\/akunq.net\/tr\/","name":"Bati Ermenistan Ve Bati Ermenileri Sorunlari Ara\u015ftirmalar Merkezi","description":"","potentialAction":[{"@type":"SearchAction","target":{"@type":"EntryPoint","urlTemplate":"https:\/\/akunq.net\/tr\/?s={search_term_string}"},"query-input":{"@type":"PropertyValueSpecification","valueRequired":true,"valueName":"search_term_string"}}],"inLanguage":"en-US"},{"@type":"Person","@id":"https:\/\/akunq.net\/tr\/#\/schema\/person\/096f1d38a12cce57fb855b485ed24c9e","name":"admin","url":"https:\/\/akunq.net\/tr\/?author=7"}]}},"_links":{"self":[{"href":"https:\/\/akunq.net\/tr\/index.php?rest_route=\/wp\/v2\/posts\/25942","targetHints":{"allow":["GET"]}}],"collection":[{"href":"https:\/\/akunq.net\/tr\/index.php?rest_route=\/wp\/v2\/posts"}],"about":[{"href":"https:\/\/akunq.net\/tr\/index.php?rest_route=\/wp\/v2\/types\/post"}],"author":[{"embeddable":true,"href":"https:\/\/akunq.net\/tr\/index.php?rest_route=\/wp\/v2\/users\/7"}],"replies":[{"embeddable":true,"href":"https:\/\/akunq.net\/tr\/index.php?rest_route=%2Fwp%2Fv2%2Fcomments&post=25942"}],"version-history":[{"count":2,"href":"https:\/\/akunq.net\/tr\/index.php?rest_route=\/wp\/v2\/posts\/25942\/revisions"}],"predecessor-version":[{"id":25945,"href":"https:\/\/akunq.net\/tr\/index.php?rest_route=\/wp\/v2\/posts\/25942\/revisions\/25945"}],"wp:attachment":[{"href":"https:\/\/akunq.net\/tr\/index.php?rest_route=%2Fwp%2Fv2%2Fmedia&parent=25942"}],"wp:term":[{"taxonomy":"category","embeddable":true,"href":"https:\/\/akunq.net\/tr\/index.php?rest_route=%2Fwp%2Fv2%2Fcategories&post=25942"},{"taxonomy":"post_tag","embeddable":true,"href":"https:\/\/akunq.net\/tr\/index.php?rest_route=%2Fwp%2Fv2%2Ftags&post=25942"}],"curies":[{"name":"wp","href":"https:\/\/api.w.org\/{rel}","templated":true}]}}