{"id":25920,"date":"2013-10-03T03:33:35","date_gmt":"2013-10-03T08:33:35","guid":{"rendered":"http:\/\/akunq.net\/tr\/?p=25920"},"modified":"2013-10-03T03:33:55","modified_gmt":"2013-10-03T08:33:55","slug":"ab-anadilde-bizi-ornek-alsin","status":"publish","type":"post","link":"https:\/\/akunq.net\/tr\/?p=25920","title":{"rendered":"&#8216;AB, anadilde bizi \u00f6rnek als\u0131n&#8217;"},"content":{"rendered":"<p style=\"text-align: justify;\"><a href=\"http:\/\/akunq.net\/tr\/wp-content\/uploads\/2013\/10\/\u0537\u0580\u0564\u0578\u0572\u0561\u0576.jpg\"><img loading=\"lazy\" decoding=\"async\" class=\"alignright size-medium wp-image-25921\" alt=\"\u0537\u0580\u0564\u0578\u0572\u0561\u0576\" src=\"http:\/\/akunq.net\/tr\/wp-content\/uploads\/2013\/10\/\u0537\u0580\u0564\u0578\u0572\u0561\u0576-300x224.jpg\" width=\"300\" height=\"224\" srcset=\"https:\/\/akunq.net\/tr\/wp-content\/uploads\/sites\/6\/2013\/10\/\u0537\u0580\u0564\u0578\u0572\u0561\u0576-300x224.jpg 300w, https:\/\/akunq.net\/tr\/wp-content\/uploads\/sites\/6\/2013\/10\/\u0537\u0580\u0564\u0578\u0572\u0561\u0576.jpg 410w\" sizes=\"auto, (max-width: 300px) 100vw, 300px\" \/><\/a>Ba\u015fbakanTayyip Erdo\u011fan Demokratikle\u015fme Paketi&#8217;nde yer alan \u00f6zel okullarda ana dilde e\u011fitim hakk\u0131 ile bir\u00e7ok Avrupa \u00fclkesinin \u00f6n\u00fcne ge\u00e7ildi\u011fini s\u00f6yledi. \u0130stanbul&#8217;da d\u00fczenlenen OECD E\u011fitim Bakanlar\u0131 Gayri Resmi Toplant\u0131s\u0131&#8217;nda konu\u015fan Erdo\u011fan e\u011fitimde yeni ve \u00f6nemli bir ad\u0131m\u0131n son reform paketiyle at\u0131ld\u0131\u011f\u0131n\u0131 belirterek \u015funlar\u0131 s\u00f6yledi: &#8220;\u00d6zel okullarda, arzu edilen anadillerde e\u011fitim yap\u0131labilmesinin yolunu a\u00e7arak, bu alanda bizi pek \u00e7ok Avrupa \u00fclkesinin dahi \u00f6n\u00fcne ge\u00e7iren bir reformu hayata ge\u00e7irmi\u015f olduk. Bilindi\u011fi gibi Avrupa \u00fclkelerinde yakla\u015f\u0131k 5 milyon T\u00fcrkiye k\u00f6kenli insan\u0131m\u0131z ya\u015f\u0131yor. Bu vatanda\u015flar\u0131m\u0131z\u0131n \u00e7ok b\u00fcy\u00fck bir b\u00f6l\u00fcm\u00fc, t\u00fcm taleplerine ve u\u011fra\u015flar\u0131na ra\u011fmen anadilde e\u011fitim hakk\u0131n\u0131 elde edemediler. Verilmesi laz\u0131m bu hakk\u0131n. AB m\u00fcktesebat\u0131 i\u00e7inde olmas\u0131na ra\u011fmen bu hak maalesef kendilerine teslim edilmemi\u015ftir. Biz ise \u015fu anda Avrupa \u00fclkelerinden bu konuda T\u00fcrkiye&#8217;yi \u00f6rnek almalar\u0131n\u0131 sa\u011flayacak bir ad\u0131m\u0131 atm\u0131\u015f bulunuyoruz.&#8221; Erdo\u011fan, Suriye konusunda Birle\u015fmi\u015f Milletler&#8217;e y\u00f6nelik ele\u015ftirilerini de yineledi: &#8220;Uluslararas\u0131 \u00f6rg\u00fctlerin yap\u0131lar\u0131nda reforma gidilmesi gerekti\u011fini savunuyoruz. Ve \u015fu anda da BM G\u00fcvenlik Konseyi&#8217;ni fel\u00e7 olmu\u015f bir halde g\u00f6r\u00fcyorum. Ve 5 \u00fclkenin iki duda\u011f\u0131 aras\u0131na s\u0131k\u0131\u015fm\u0131\u015f<\/p>\n<p style=\"text-align: justify;\"><strong>PAKET AVRUPA&#8217;DA ANLATILACAK<\/strong><b><br \/>\n<\/b>T\u00fcrkiye demokratikle\u015fme paketini konu\u015furken, AK Parti paketin r\u00fczgar\u0131n\u0131 arkas\u0131na alarak Avrupa&#8217;ya \u00e7\u0131karma yapmaya haz\u0131rlan\u0131yor. Ba\u015fbakan Tayyip Erdo\u011fan, kurmaylar\u0131na demokratikle\u015fme paketini &#8220;Avrupa&#8217;ya anlat\u0131n&#8221; talimat\u0131 verdi. Ba\u015fbakanl\u0131kta bu konu ile ilgili \u00e7al\u0131\u015fmalar ba\u015flat\u0131l\u0131rken, k\u0131sa s\u00fcre i\u00e7inde AK Parti ve h\u00fck\u00fcmetten olu\u015fturulacak gruplarla Avrupa&#8217;ya paketi anlatacak. Avrupa&#8217;ya gidecek heyetlerin hedefinde Avrupa kamuoyu olacak. T\u00fcrkiye&#8217;nin hala siyasi engellere tak\u0131lan AB \u00fcyeli\u011fine ra\u011fmen reformcu kimli\u011fini devam ettirdi\u011fi ve a\u00e7\u0131klad\u0131\u011f\u0131 son paketin bu kapsamda at\u0131lan en b\u00fcy\u00fck ad\u0131mlardan biri oldu\u011fu vurgulanacak. \u00d6zellikle, Ba\u015fbakan Erdo\u011fan&#8217;\u0131n &#8220;bu paket ne ilk ne de son&#8221; mesaj\u0131 verilecek. Erdo\u011fan da bu kapsamda 5, 6, 7 Kas\u0131m&#8217;da Finlandiya, \u0130sve\u00e7 ve Polonya&#8217;ya gidecek.<\/p>\n<p style=\"text-align: justify;\"><strong>&#8216;BAYRAMA YET\u0130\u015eECEK&#8217;<\/strong><b><br \/>\n<\/b>Ba\u015fbakan Yard\u0131mc\u0131s\u0131 B\u00fclent Ar\u0131n\u00e7 \u0130zmir&#8217;de gazetecilerin Demokratikle\u015fme Paketi&#8217;ne ili\u015fkin sorular\u0131n\u0131 yan\u0131tlad\u0131. Ar\u0131n\u00e7 d\u00fczenlemelerin bir k\u0131sm\u0131n\u0131n bayrama kadar y\u00fcr\u00fcrl\u00fc\u011fe girece\u011fini s\u00f6yledi. Ar\u0131n\u00e7, pakete yabanc\u0131 bas\u0131n\u0131n ilgisiyle ilgili de &#8220;D\u0131\u015f bas\u0131nda ertesi g\u00fcnk\u00fc 47 haberin analizi yap\u0131ld\u0131. Almanya, Fransa, ABD, \u0130talya, Ortado\u011fu bas\u0131n\u0131 olmak \u00fczere 47 ba\u015fl\u0131k ve haberden 38&#8217;inin olumlu yans\u0131d\u0131\u011f\u0131n\u0131, 7&#8217;sinin olumsuz oldu\u011funu 2&#8217;sinin de tarafs\u0131z g\u00f6r\u00fcld\u00fc\u011f\u00fcn\u00fc tespit etmi\u015fler&#8221; dedi.<\/p>\n<p style=\"text-align: justify;\"><strong>AKPM: MEMNUN OLDUK<\/strong><b><br \/>\n<\/b>AvrupaKonseyi Parlamenterler Meclisi (AKPM) Ba\u015fkan\u0131 Jean-Claude Mignon, Demokratikle\u015fme Paketi&#8217;ni memnuniyetle kar\u015f\u0131lad\u0131klar\u0131n\u0131 s\u00f6yledi. Mignon, &#8220;A\u00e7\u0131klanan ve b\u00fcy\u00fck bir k\u0131sm\u0131 T\u00fcrk halk\u0131n\u0131n beklentilerini tatmin etti\u011fi ve bizim g\u00f6zlemlerimizi kar\u015f\u0131lad\u0131\u011f\u0131 g\u00f6r\u00fclen demokratikle\u015fme paketini memnuniyetle kar\u015f\u0131lad\u0131k&#8221; dedi. Mignon, paketin en k\u0131sa zamanda derin bir demokratik tart\u0131\u015fma i\u00e7inde hayata ge\u00e7irilmesini umut ettiklerini s\u00f6yledi.<\/p>\n<p style=\"text-align: justify;\"><b><i>http:\/\/www.sabah.com.tr\/Yasam\/2013\/10\/03\/ab-anadilde-bizi-ornek-alsin<\/i><\/b><\/p>\n","protected":false},"excerpt":{"rendered":"<p>Ba\u015fbakanTayyip Erdo\u011fan Demokratikle\u015fme Paketi&#8217;nde yer alan \u00f6zel okullarda ana dilde e\u011fitim hakk\u0131 ile bir\u00e7ok Avrupa \u00fclkesinin \u00f6n\u00fcne ge\u00e7ildi\u011fini s\u00f6yledi. \u0130stanbul&#8217;da d\u00fczenlenen OECD E\u011fitim Bakanlar\u0131 Gayri Resmi Toplant\u0131s\u0131&#8217;nda konu\u015fan Erdo\u011fan e\u011fitimde yeni ve \u00f6nemli bir ad\u0131m\u0131n son reform paketiyle at\u0131ld\u0131\u011f\u0131n\u0131 belirterek \u015funlar\u0131 s\u00f6yledi: &#8220;\u00d6zel okullarda, arzu edilen anadillerde e\u011fitim yap\u0131labilmesinin yolunu a\u00e7arak, bu alanda bizi pek [&hellip;]<\/p>\n","protected":false},"author":7,"featured_media":0,"comment_status":"open","ping_status":"open","sticky":false,"template":"","format":"standard","meta":{"footnotes":""},"categories":[1],"tags":[],"class_list":["post-25920","post","type-post","status-publish","format-standard","hentry","category-haberler"],"yoast_head":"<!-- This site is optimized with the Yoast SEO plugin v27.4 - https:\/\/yoast.com\/product\/yoast-seo-wordpress\/ -->\n<title>&#039;AB, anadilde bizi \u00f6rnek als\u0131n&#039; - Bati Ermenistan Ve Bati Ermenileri Sorunlari Ara\u015ftirmalar Merkezi<\/title>\n<meta name=\"robots\" content=\"index, follow, max-snippet:-1, max-image-preview:large, max-video-preview:-1\" \/>\n<link rel=\"canonical\" href=\"https:\/\/akunq.net\/tr\/?p=25920\" \/>\n<meta property=\"og:locale\" content=\"en_US\" \/>\n<meta property=\"og:type\" content=\"article\" \/>\n<meta property=\"og:title\" content=\"&#039;AB, anadilde bizi \u00f6rnek als\u0131n&#039; - Bati Ermenistan Ve Bati Ermenileri Sorunlari Ara\u015ftirmalar Merkezi\" \/>\n<meta property=\"og:description\" content=\"Ba\u015fbakanTayyip Erdo\u011fan Demokratikle\u015fme Paketi&#8217;nde yer alan \u00f6zel okullarda ana dilde e\u011fitim hakk\u0131 ile bir\u00e7ok Avrupa \u00fclkesinin \u00f6n\u00fcne ge\u00e7ildi\u011fini s\u00f6yledi. \u0130stanbul&#8217;da d\u00fczenlenen OECD E\u011fitim Bakanlar\u0131 Gayri Resmi Toplant\u0131s\u0131&#8217;nda konu\u015fan Erdo\u011fan e\u011fitimde yeni ve \u00f6nemli bir ad\u0131m\u0131n son reform paketiyle at\u0131ld\u0131\u011f\u0131n\u0131 belirterek \u015funlar\u0131 s\u00f6yledi: &#8220;\u00d6zel okullarda, arzu edilen anadillerde e\u011fitim yap\u0131labilmesinin yolunu a\u00e7arak, bu alanda bizi pek [&hellip;]\" \/>\n<meta property=\"og:url\" content=\"https:\/\/akunq.net\/tr\/?p=25920\" \/>\n<meta property=\"og:site_name\" content=\"Bati Ermenistan Ve Bati Ermenileri Sorunlari Ara\u015ftirmalar Merkezi\" \/>\n<meta property=\"article:published_time\" content=\"2013-10-03T08:33:35+00:00\" \/>\n<meta property=\"article:modified_time\" content=\"2013-10-03T08:33:55+00:00\" \/>\n<meta name=\"author\" content=\"admin\" \/>\n<meta name=\"twitter:card\" content=\"summary_large_image\" \/>\n<meta name=\"twitter:label1\" content=\"Written by\" \/>\n\t<meta name=\"twitter:data1\" content=\"admin\" \/>\n\t<meta name=\"twitter:label2\" content=\"Est. reading time\" \/>\n\t<meta name=\"twitter:data2\" content=\"3 minutes\" \/>\n<script type=\"application\/ld+json\" class=\"yoast-schema-graph\">{\"@context\":\"https:\\\/\\\/schema.org\",\"@graph\":[{\"@type\":\"Article\",\"@id\":\"https:\\\/\\\/akunq.net\\\/tr\\\/?p=25920#article\",\"isPartOf\":{\"@id\":\"https:\\\/\\\/akunq.net\\\/tr\\\/?p=25920\"},\"author\":{\"name\":\"admin\",\"@id\":\"https:\\\/\\\/akunq.net\\\/tr\\\/#\\\/schema\\\/person\\\/096f1d38a12cce57fb855b485ed24c9e\"},\"headline\":\"&#8216;AB, anadilde bizi \u00f6rnek als\u0131n&#8217;\",\"datePublished\":\"2013-10-03T08:33:35+00:00\",\"dateModified\":\"2013-10-03T08:33:55+00:00\",\"mainEntityOfPage\":{\"@id\":\"https:\\\/\\\/akunq.net\\\/tr\\\/?p=25920\"},\"wordCount\":561,\"commentCount\":0,\"articleSection\":[\"Haberler\"],\"inLanguage\":\"en-US\",\"potentialAction\":[{\"@type\":\"CommentAction\",\"name\":\"Comment\",\"target\":[\"https:\\\/\\\/akunq.net\\\/tr\\\/?p=25920#respond\"]}]},{\"@type\":\"WebPage\",\"@id\":\"https:\\\/\\\/akunq.net\\\/tr\\\/?p=25920\",\"url\":\"https:\\\/\\\/akunq.net\\\/tr\\\/?p=25920\",\"name\":\"'AB, anadilde bizi \u00f6rnek als\u0131n' - Bati Ermenistan Ve Bati Ermenileri Sorunlari Ara\u015ftirmalar Merkezi\",\"isPartOf\":{\"@id\":\"https:\\\/\\\/akunq.net\\\/tr\\\/#website\"},\"datePublished\":\"2013-10-03T08:33:35+00:00\",\"dateModified\":\"2013-10-03T08:33:55+00:00\",\"author\":{\"@id\":\"https:\\\/\\\/akunq.net\\\/tr\\\/#\\\/schema\\\/person\\\/096f1d38a12cce57fb855b485ed24c9e\"},\"breadcrumb\":{\"@id\":\"https:\\\/\\\/akunq.net\\\/tr\\\/?p=25920#breadcrumb\"},\"inLanguage\":\"en-US\",\"potentialAction\":[{\"@type\":\"ReadAction\",\"target\":[\"https:\\\/\\\/akunq.net\\\/tr\\\/?p=25920\"]}]},{\"@type\":\"BreadcrumbList\",\"@id\":\"https:\\\/\\\/akunq.net\\\/tr\\\/?p=25920#breadcrumb\",\"itemListElement\":[{\"@type\":\"ListItem\",\"position\":1,\"name\":\"Home\",\"item\":\"https:\\\/\\\/akunq.net\\\/tr\"},{\"@type\":\"ListItem\",\"position\":2,\"name\":\"&#8216;AB, anadilde bizi \u00f6rnek als\u0131n&#8217;\"}]},{\"@type\":\"WebSite\",\"@id\":\"https:\\\/\\\/akunq.net\\\/tr\\\/#website\",\"url\":\"https:\\\/\\\/akunq.net\\\/tr\\\/\",\"name\":\"Bati Ermenistan Ve Bati Ermenileri Sorunlari Ara\u015ftirmalar Merkezi\",\"description\":\"\",\"potentialAction\":[{\"@type\":\"SearchAction\",\"target\":{\"@type\":\"EntryPoint\",\"urlTemplate\":\"https:\\\/\\\/akunq.net\\\/tr\\\/?s={search_term_string}\"},\"query-input\":{\"@type\":\"PropertyValueSpecification\",\"valueRequired\":true,\"valueName\":\"search_term_string\"}}],\"inLanguage\":\"en-US\"},{\"@type\":\"Person\",\"@id\":\"https:\\\/\\\/akunq.net\\\/tr\\\/#\\\/schema\\\/person\\\/096f1d38a12cce57fb855b485ed24c9e\",\"name\":\"admin\",\"url\":\"https:\\\/\\\/akunq.net\\\/tr\\\/?author=7\"}]}<\/script>\n<!-- \/ Yoast SEO plugin. -->","yoast_head_json":{"title":"'AB, anadilde bizi \u00f6rnek als\u0131n' - Bati Ermenistan Ve Bati Ermenileri Sorunlari Ara\u015ftirmalar Merkezi","robots":{"index":"index","follow":"follow","max-snippet":"max-snippet:-1","max-image-preview":"max-image-preview:large","max-video-preview":"max-video-preview:-1"},"canonical":"https:\/\/akunq.net\/tr\/?p=25920","og_locale":"en_US","og_type":"article","og_title":"'AB, anadilde bizi \u00f6rnek als\u0131n' - Bati Ermenistan Ve Bati Ermenileri Sorunlari Ara\u015ftirmalar Merkezi","og_description":"Ba\u015fbakanTayyip Erdo\u011fan Demokratikle\u015fme Paketi&#8217;nde yer alan \u00f6zel okullarda ana dilde e\u011fitim hakk\u0131 ile bir\u00e7ok Avrupa \u00fclkesinin \u00f6n\u00fcne ge\u00e7ildi\u011fini s\u00f6yledi. \u0130stanbul&#8217;da d\u00fczenlenen OECD E\u011fitim Bakanlar\u0131 Gayri Resmi Toplant\u0131s\u0131&#8217;nda konu\u015fan Erdo\u011fan e\u011fitimde yeni ve \u00f6nemli bir ad\u0131m\u0131n son reform paketiyle at\u0131ld\u0131\u011f\u0131n\u0131 belirterek \u015funlar\u0131 s\u00f6yledi: &#8220;\u00d6zel okullarda, arzu edilen anadillerde e\u011fitim yap\u0131labilmesinin yolunu a\u00e7arak, bu alanda bizi pek [&hellip;]","og_url":"https:\/\/akunq.net\/tr\/?p=25920","og_site_name":"Bati Ermenistan Ve Bati Ermenileri Sorunlari Ara\u015ftirmalar Merkezi","article_published_time":"2013-10-03T08:33:35+00:00","article_modified_time":"2013-10-03T08:33:55+00:00","author":"admin","twitter_card":"summary_large_image","twitter_misc":{"Written by":"admin","Est. reading time":"3 minutes"},"schema":{"@context":"https:\/\/schema.org","@graph":[{"@type":"Article","@id":"https:\/\/akunq.net\/tr\/?p=25920#article","isPartOf":{"@id":"https:\/\/akunq.net\/tr\/?p=25920"},"author":{"name":"admin","@id":"https:\/\/akunq.net\/tr\/#\/schema\/person\/096f1d38a12cce57fb855b485ed24c9e"},"headline":"&#8216;AB, anadilde bizi \u00f6rnek als\u0131n&#8217;","datePublished":"2013-10-03T08:33:35+00:00","dateModified":"2013-10-03T08:33:55+00:00","mainEntityOfPage":{"@id":"https:\/\/akunq.net\/tr\/?p=25920"},"wordCount":561,"commentCount":0,"articleSection":["Haberler"],"inLanguage":"en-US","potentialAction":[{"@type":"CommentAction","name":"Comment","target":["https:\/\/akunq.net\/tr\/?p=25920#respond"]}]},{"@type":"WebPage","@id":"https:\/\/akunq.net\/tr\/?p=25920","url":"https:\/\/akunq.net\/tr\/?p=25920","name":"'AB, anadilde bizi \u00f6rnek als\u0131n' - Bati Ermenistan Ve Bati Ermenileri Sorunlari Ara\u015ftirmalar Merkezi","isPartOf":{"@id":"https:\/\/akunq.net\/tr\/#website"},"datePublished":"2013-10-03T08:33:35+00:00","dateModified":"2013-10-03T08:33:55+00:00","author":{"@id":"https:\/\/akunq.net\/tr\/#\/schema\/person\/096f1d38a12cce57fb855b485ed24c9e"},"breadcrumb":{"@id":"https:\/\/akunq.net\/tr\/?p=25920#breadcrumb"},"inLanguage":"en-US","potentialAction":[{"@type":"ReadAction","target":["https:\/\/akunq.net\/tr\/?p=25920"]}]},{"@type":"BreadcrumbList","@id":"https:\/\/akunq.net\/tr\/?p=25920#breadcrumb","itemListElement":[{"@type":"ListItem","position":1,"name":"Home","item":"https:\/\/akunq.net\/tr"},{"@type":"ListItem","position":2,"name":"&#8216;AB, anadilde bizi \u00f6rnek als\u0131n&#8217;"}]},{"@type":"WebSite","@id":"https:\/\/akunq.net\/tr\/#website","url":"https:\/\/akunq.net\/tr\/","name":"Bati Ermenistan Ve Bati Ermenileri Sorunlari Ara\u015ftirmalar Merkezi","description":"","potentialAction":[{"@type":"SearchAction","target":{"@type":"EntryPoint","urlTemplate":"https:\/\/akunq.net\/tr\/?s={search_term_string}"},"query-input":{"@type":"PropertyValueSpecification","valueRequired":true,"valueName":"search_term_string"}}],"inLanguage":"en-US"},{"@type":"Person","@id":"https:\/\/akunq.net\/tr\/#\/schema\/person\/096f1d38a12cce57fb855b485ed24c9e","name":"admin","url":"https:\/\/akunq.net\/tr\/?author=7"}]}},"_links":{"self":[{"href":"https:\/\/akunq.net\/tr\/index.php?rest_route=\/wp\/v2\/posts\/25920","targetHints":{"allow":["GET"]}}],"collection":[{"href":"https:\/\/akunq.net\/tr\/index.php?rest_route=\/wp\/v2\/posts"}],"about":[{"href":"https:\/\/akunq.net\/tr\/index.php?rest_route=\/wp\/v2\/types\/post"}],"author":[{"embeddable":true,"href":"https:\/\/akunq.net\/tr\/index.php?rest_route=\/wp\/v2\/users\/7"}],"replies":[{"embeddable":true,"href":"https:\/\/akunq.net\/tr\/index.php?rest_route=%2Fwp%2Fv2%2Fcomments&post=25920"}],"version-history":[{"count":2,"href":"https:\/\/akunq.net\/tr\/index.php?rest_route=\/wp\/v2\/posts\/25920\/revisions"}],"predecessor-version":[{"id":25923,"href":"https:\/\/akunq.net\/tr\/index.php?rest_route=\/wp\/v2\/posts\/25920\/revisions\/25923"}],"wp:attachment":[{"href":"https:\/\/akunq.net\/tr\/index.php?rest_route=%2Fwp%2Fv2%2Fmedia&parent=25920"}],"wp:term":[{"taxonomy":"category","embeddable":true,"href":"https:\/\/akunq.net\/tr\/index.php?rest_route=%2Fwp%2Fv2%2Fcategories&post=25920"},{"taxonomy":"post_tag","embeddable":true,"href":"https:\/\/akunq.net\/tr\/index.php?rest_route=%2Fwp%2Fv2%2Ftags&post=25920"}],"curies":[{"name":"wp","href":"https:\/\/api.w.org\/{rel}","templated":true}]}}