{"id":25903,"date":"2013-10-03T01:56:57","date_gmt":"2013-10-03T06:56:57","guid":{"rendered":"http:\/\/akunq.net\/tr\/?p=25903"},"modified":"2013-10-03T01:57:17","modified_gmt":"2013-10-03T06:57:17","slug":"kckdan-demokratiklesme-paketine-tepki","status":"publish","type":"post","link":"https:\/\/akunq.net\/tr\/?p=25903","title":{"rendered":"KCK&#8217;dan Demokratikle\u015fme Paketi&#8217;ne tepki"},"content":{"rendered":"<p style=\"text-align: justify;\"><b><i><a href=\"http:\/\/akunq.net\/tr\/wp-content\/uploads\/2013\/10\/PKK.jpg\"><img loading=\"lazy\" decoding=\"async\" class=\"alignright size-medium wp-image-25904\" alt=\"PKK\" src=\"http:\/\/akunq.net\/tr\/wp-content\/uploads\/2013\/10\/PKK-300x202.jpg\" width=\"300\" height=\"202\" srcset=\"https:\/\/akunq.net\/tr\/wp-content\/uploads\/sites\/6\/2013\/10\/PKK-300x202.jpg 300w, https:\/\/akunq.net\/tr\/wp-content\/uploads\/sites\/6\/2013\/10\/PKK.jpg 478w\" sizes=\"auto, (max-width: 300px) 100vw, 300px\" \/><\/a>KCK Y\u00fcr\u00fctme Konseyi E\u015fba\u015fkanl\u0131\u011f\u0131, Ba\u015fbakan Recep Tayyip Erdo\u011fan&#8217;\u0131nd\u00fcn a\u00e7\u0131klad\u0131\u011f\u0131 demokratikle\u015fme paketine tepki g\u00f6sterdi. KCK taraf\u0131nda yap\u0131lan a\u00e7\u0131klamada paket ile \u00e7\u00f6z\u00fcm s\u00fcrecinin sabote edildi\u011fi belirtildi.<\/i><\/b><\/p>\n<p style=\"text-align: justify;\"><b>\u0130STANBUL &#8211; \u2018KCK Y\u00fcr\u00fctme Konseyi E\u015fba\u015fkanl\u0131\u011f\u0131\u2019<\/b> Ba\u015fbakan <a href=\"http:\/\/www.radikal.com.tr\/index\/Recep-Tayyip-Erdogan\">Recep Tayyip Erdo\u011fan<\/a> \u2019\u0131n a\u00e7\u0131klad\u0131\u011f\u0131 <b>\u2018Demokratikle\u015fme Paketi\u2019ne<\/b> tepki g\u00f6sterirken, <b>\u201cBu yakla\u015f\u0131m ba\u015fl\u0131 ba\u015f\u0131na K\u00fcrt Halk \u00d6nderinin ba\u015flatt\u0131\u011f\u0131 s\u00fcreci sabote etme anlam\u0131na gelmektedir. <\/b><a href=\"http:\/\/www.radikal.com.tr\/index\/Adalet-Ve-Kalkinma-Partisi\"><b>AKP<\/b><\/a><b> gelinen a\u015famada ortada bir s\u00fcre\u00e7 b\u0131rakmam\u0131\u015f, \u015fimdiye kadar yapt\u0131\u011f\u0131 oyalama politikas\u0131n\u0131 s\u00fcrd\u00fcrme ve bildi\u011fini okumada \u0131srar\u0131n\u0131 bir daha s\u00fcrd\u00fcrm\u00fc\u015ft\u00fcr\u201d<\/b> iddialar\u0131nda bulunuldu.<\/p>\n<p style=\"text-align: justify;\"><a href=\"http:\/\/www.radikal.com.tr\/index\/PKK\">PKK<\/a> \u2019ya yak\u0131n internet sitelerinde KCK ad\u0131na yap\u0131lan a\u00e7\u0131klamada, <b>\u201cY\u00f6ntemi demokratik olmayan\u0131n a\u00e7t\u0131\u011f\u0131 paket de demokratikle\u015fmeyi getiren ad\u0131mlar\u0131 ihtiva etmemi\u015ftir. Zaten etmesi de m\u00fcmk\u00fcn de\u011fildir\u201d<\/b> iddias\u0131nda bulunurken, h\u00fck\u00fcmetin izledi\u011fi politikalar ve a\u00e7\u0131klad\u0131\u011f\u0131 pametle ortaya koydu\u011fu tutuma bir deklarasyonla yan\u0131t verilece\u011fi yer ald\u0131. Paket ile ilgili tutumu belirtmek amac\u0131yla yap\u0131ld\u0131\u011f\u0131 belirtilen a\u00e7\u0131klamada, AK Parti\u2019nin K\u00fcrt sorununu anlamad\u0131\u011f\u0131 ve ciddi yakla\u015fmad\u0131\u011f\u0131 iddias\u0131nda bulunurken, \u2018Demokratikle\u015fme Paketi\u2019 ile \u00e7\u00f6z\u00fcm de\u011fil, \u00e7\u00f6z\u00fcms\u00fczl\u00fc\u011f\u00fcn bir politika olarak benimsedi\u011fini ortaya koydu\u011fu savunuldu. KCK a\u00e7\u0131klamas\u0131nda, <b>\u201cBu pakette a\u00e7\u0131klananlarla oyalama yap\u0131p bir se\u00e7im daha kazanmaktan ba\u015fka bir \u015fey d\u00fc\u015f\u00fcn\u00fclmedi\u011fi anla\u015f\u0131lm\u0131\u015ft\u0131r. T\u00fcrkiye\u2019nin en temel sorununa bir se\u00e7im hesab\u0131 ekseninde yakla\u015fmak ve oyalama i\u00e7in toplumun \u00f6n\u00fcne birka\u00e7 k\u0131r\u0131nt\u0131 atmak bu h\u00fck\u00fcmetin bu sorunu \u00e7\u00f6zme zihniyeti ve kapasitesinde olmad\u0131\u011f\u0131n\u0131 g\u00f6stermi\u015ftir. Zaten y\u00f6ntemi demokratik olmayan bir siyasi \u00e7al\u0131\u015fmadan temel demokratikle\u015fme sorunlar\u0131n\u0131 \u00e7\u00f6zmesi beklenemezdi. Demokratik olmayanlar ger\u00e7ek demokratikle\u015fme ad\u0131mlar\u0131 da atamazlar\u201d<\/b> denildi.<\/p>\n<p style=\"text-align: justify;\">\u201c<b>OYALAMA POL\u0130T\u0130KASI\u201d<\/b><\/p>\n<p style=\"text-align: justify;\">AK Parti h\u00fck\u00fcmetinin bu tutumuyla Abdullah \u00d6calan ve K\u00fcrt \u00d6zg\u00fcrl\u00fck Hareketi\u2019nin sorunu \u00e7\u00f6zmek i\u00e7in ortaya koydu\u011fu irade, att\u0131\u011f\u0131 ad\u0131mlara ve yapt\u0131\u011f\u0131 b\u00fcy\u00fck fedakarl\u0131klara basit yakla\u015ft\u0131\u011f\u0131n\u0131 ortaya koydu\u011fu ileri s\u00fcr\u00fcld\u00fc. A\u00e7\u0131klamada, \u2018K\u00fcrt Halk \u00d6nderi\u2019 olarak nitelendirilen Abdullah \u00d6calan\u2019\u0131n sorunu \u00e7\u00f6zmek ve T\u00fcrkiye\u2019yi kal\u0131c\u0131 bar\u0131\u015fa kavu\u015fturmak i\u00e7in \u00f6nemli ad\u0131mlar atarken, h\u00fck\u00fcmetin gayri ciddi yakla\u015farak \u00e7\u00f6z\u00fcm i\u00e7in at\u0131lm\u0131\u015f bu \u00f6nemli ad\u0131mlar\u0131 se\u00e7im hesaplar\u0131na ve bir tarz haline getirdi\u011fi, y\u0131llard\u0131r s\u00fcrd\u00fcr\u00fclen oyalama politikas\u0131na kurban etti\u011fi savunuldu. KCK Y\u00fcr\u00fctme Konseyi E\u015f Ba\u015fkanl\u0131\u011f\u0131\u2019n\u0131n a\u00e7\u0131klamas\u0131nda \u015fu iddialar yer ald\u0131:<\/p>\n<p style=\"text-align: justify;\"><b>&#8220;BU YAKLA\u015eIM S\u00dcREC\u0130 SABOTE ED\u0130YOR&#8221;<\/b><\/p>\n<p style=\"text-align: justify;\">\u201cHerkes bilmelidir ki, K\u00fcrt halk \u00d6nderi ve K\u00fcrt \u00d6zg\u00fcrl\u00fck Hareketi AKP h\u00fck\u00fcmeti yeni bir oyalama f\u0131rsat\u0131 ve zaman\u0131 bulsun ve bir se\u00e7im daha kazans\u0131n diye bu ad\u0131mlar\u0131 atmam\u0131\u015ft\u0131r. AKP h\u00fck\u00fcmetinin K\u00fcrt Halk \u00d6nderinin ve K\u00fcrt \u00d6zg\u00fcrl\u00fck Hareketi\u2019nin att\u0131\u011f\u0131 ad\u0131mlar\u0131 K\u00fcrt sorununu \u00e7\u00f6zme ve kal\u0131c\u0131 bar\u0131\u015f\u0131 sa\u011flamak i\u00e7in ele almad\u0131\u011f\u0131 a\u00e7\u0131k\u00e7a g\u00f6r\u00fclm\u00fc\u015ft\u00fcr. AKP, sa\u011flanan \u00e7at\u0131\u015fmas\u0131zl\u0131\u011f\u0131 ve yarat\u0131lan \u00e7\u00f6z\u00fcm zeminini K\u00fcrt Halk \u00d6nderini bir ara\u00e7 haline getirmek ve K\u00fcrt \u00d6zg\u00fcrl\u00fck Hareketi\u2019ni de tasfiye etmek i\u00e7in zaman kazanma ve pozisyonunu g\u00fc\u00e7lendirmek i\u00e7in de\u011ferlendirmeye \u00e7al\u0131\u015fmaktad\u0131r. Bu yakla\u015f\u0131m ba\u015fl\u0131 ba\u015f\u0131na K\u00fcrt Halk \u00d6nderinin ba\u015flatt\u0131\u011f\u0131 s\u00fcreci sabote etme anlam\u0131na gelmektedir. AKP gelinen a\u015famada ortada bir s\u00fcre\u00e7 b\u0131rakmam\u0131\u015f, \u015fimdiye kadar yapt\u0131\u011f\u0131 oyalama politikas\u0131n\u0131 s\u00fcrd\u00fcrme ve bildi\u011fini okumada \u0131srar\u0131n\u0131 bir daha s\u00fcrd\u00fcrm\u00fc\u015ft\u00fcr. K\u00fcrt sorununu bir halk\u0131n ulusal varl\u0131\u011f\u0131n\u0131 tan\u0131mama ve siyasi iradesini kabul etmeme politikas\u0131 yaratm\u0131\u015ft\u0131r. \u00c7\u00f6z\u00fcm\u00fc de ancak K\u00fcrtleri bir ulusal toplum olarak tan\u0131mak, siyasi iradesini muhatap almak ve toplumsal haklar\u0131yla birlikte kendi kendini y\u00f6netme hakk\u0131n\u0131 tan\u0131makla sa\u011flan\u0131r. K\u00fcrtleri bir toplum olarak tan\u0131mayan, toplum olmaktan kaynakl\u0131 haklar\u0131n\u0131 kabul etmeyen, siyasi iradesini muhatap almayan hi\u00e7bir yakla\u015f\u0131m ve politika K\u00fcrt sorununu \u00e7\u00f6zemez.\u201d<\/p>\n<p style=\"text-align: justify;\">\u00c7\u00f6z\u00fcm\u00fcn sorunu yaratan kesim taraf\u0131ndan <b>\u201cBen sana \u015funu bunu veriyorum, ya da vermiyorum\u201d demesiyle ger\u00e7ekle\u015femeyece\u011fi \u00f6ne s\u00fcr\u00fclen a\u00e7\u0131klamada, h\u00fck\u00fcmetin K\u00fcrtlerin neye hakk\u0131 olup olmad\u0131\u011f\u0131n\u0131 kendisinin tespit edemeyece\u011fi bunlar\u0131n K\u00fcrtlerin siyasi iradesi olan kurum ve \u00f6nderlerle tart\u0131\u015farak ve m\u00fczakere ederek tespit edilebilece\u011fi iddia edildi. A\u00e7\u0131klamada, \u201c\u00c7\u00f6z\u00fcm\u00fc sa\u011flatacak ad\u0131mlar b\u00f6yle at\u0131l\u0131r. Bunun d\u0131\u015f\u0131ndaki her yakla\u015f\u0131m K\u00fcrt sorununu yaratan zihniyetin devam etmesi anlam\u0131na gelir. Bu da siyasi egemenli\u011fini s\u00fcrd\u00fcrmek ve K\u00fcrtleri k\u00fclt\u00fcrel soyk\u0131r\u0131ma u\u011fratmakta \u0131srar etmektir. Bu paketi a\u00e7\u0131klayan zihniyet, K\u00fcrt sorununu yaratan zihniyetin kendini yeni ko\u015fullara uydurmu\u015f bir versiyonudur. Bu paketle a\u00e7\u0131klananlar da siyasi s\u00f6m\u00fcrgecili\u011fin s\u00fcrd\u00fcr\u00fclece\u011fi ve k\u00fclt\u00fcrel soyk\u0131r\u0131m\u0131n devam ettirilece\u011fi anlam\u0131na gelmektedir\u201d<\/b> g\u00f6r\u00fc\u015f\u00fc savunuldu.<\/p>\n<p style=\"text-align: justify;\">Abdullah \u00d6calan ile bir y\u0131l \u00f6nce ba\u015flayan g\u00f6r\u00fc\u015fmeler sonucu demokratik zihniyetin ve demokratik siyasetin devreye girmesini ve bu temelde K\u00fcrt sorununun \u00e7\u00f6z\u00fcm\u00fcn\u00fcn hedeflendi\u011fi belirtilen a\u00e7\u0131klamada, \u201cAKP h\u00fck\u00fcmeti ne demokratik siyasetin yap\u0131lmas\u0131n\u0131n ko\u015fullar\u0131n\u0131 sa\u011flamak i\u00e7in ad\u0131m atm\u0131\u015f, ne de sorunun \u00e7\u00f6z\u00fcm\u00fc i\u00e7in demokratik siyasetin yol ve y\u00f6ntemlerini uygulam\u0131\u015ft\u0131r. T\u00fcrk Ba\u015fbakan\u0131 etraf\u0131na toplad\u0131\u011f\u0131 5-10 adamla T\u00fcrkiye\u2019nin en temel sorunlar\u0131 konusunda politika belirlemektedir. Bunun on y\u0131llar \u00f6nceki derin devlet yakla\u015f\u0131mlar\u0131ndan bir fark\u0131 yoktur\u201d iddialar\u0131 \u00f6ne s\u00fcr\u00fcld\u00fc.<\/p>\n<p style=\"text-align: justify;\">\u0130ktidar partisinin \u201cBiz kimseyi muhatap almayal\u0131m, baz\u0131 \u015feyleri kendimiz yapal\u0131m\u201d s\u00f6ylemini uygulamaya koydu\u011fu savunulan a\u00e7\u0131klamada, \u201c\u00c7\u00fcnk\u00fc muhatap almak; K\u00fcrtleri toplum olarak tan\u0131mak anlam\u0131na gelmektedir. Bu da zihniyet de\u011fi\u015fimi ve demokratik siyaset temelinde do\u011fru yol ve y\u00f6ntemleri uygulamay\u0131 getirir. AKP h\u00fck\u00fcmetinin yapmad\u0131\u011f\u0131 ve yapmaktan ka\u00e7\u0131nd\u0131\u011f\u0131 da budur. AKP bu paketle sadece ba\u015fta K\u00fcrtler nezdinde olmak \u00fczere kamuoyunda te\u015fhir olmu\u015f ve me\u015fruiyetini kaybetmi\u015f baz\u0131 uygulamalardan vazge\u00e7ti\u011fini belirtmi\u015ftir\u201d ifadesine yer verildi. H\u00fck\u00fcmetin g\u00f6z boyamaya y\u00f6nelik ad\u0131mlar\u0131 zorunlu kald\u0131\u011f\u0131 i\u00e7in att\u0131\u011f\u0131 iddia edilen a\u00e7\u0131klamada, \u015f\u00f6yle denildi:<\/p>\n<p style=\"text-align: justify;\"><b>\u201cBARI\u015e S\u00dcREC\u0130NE TERS\u201d<\/b><\/p>\n<p style=\"text-align: justify;\">\u201cSiyasi s\u00f6m\u00fcrgecilik ve k\u00fclt\u00fcrel soyk\u0131r\u0131m politikalar\u0131n\u0131 s\u00fcrd\u00fcrmede art\u0131k kendilerine yarar\u0131 olmayan baz\u0131 \u015feylerden kurtulma yakla\u015f\u0131m\u0131 K\u00fcrt Halk \u00d6nderinin ba\u015flatt\u0131\u011f\u0131 k\u00f6kl\u00fc \u00e7\u00f6z\u00fcm ve kal\u0131c\u0131 bar\u0131\u015f s\u00fcrecinin ruhuna terstir. Bu s\u00fcrecin gere\u011fi olan tutumlar\u0131 g\u00f6sterme ve pratik ad\u0131mlar\u0131 atma yerine bu s\u00fcreci ba\u015flatan ve K\u00fcrtlerin siyasi iradesi olan muhataplar yokmu\u015f gibi kendi bildi\u011fini okumak ve g\u00f6stermelik ad\u0131mlar atmak b\u00f6yle bir s\u00fcrecin varl\u0131\u011f\u0131n\u0131 ortadan kald\u0131ran tutum ve pratik i\u00e7ine girmek anlam\u0131na geldi\u011fi gibi en ba\u015fta da t\u00fcm T\u00fcrkiye halklar\u0131na kar\u015f\u0131 g\u00f6sterilmi\u015f bir sorumsuzluktur. Pakette Alevilere y\u00f6nelik baz\u0131 \u015feylere yer verip sonradan da bunlar\u0131n reddedilece\u011fini ve tepki yarataca\u011f\u0131n\u0131 d\u00fc\u015f\u00fcnerek vazge\u00e7mesi AKP h\u00fck\u00fcmetinin sorunlara nas\u0131l y\u00fczeysel, ciddiyetsiz ve g\u00fcn\u00fc birlik yakla\u015ft\u0131\u011f\u0131n\u0131 g\u00f6stermektedir. K\u00fcrtler ve T\u00fcrkiye halklar\u0131 K\u00fcrt Halk \u00d6nderinin ba\u015flatt\u0131\u011f\u0131 yeni s\u00fcrece AKP oyalama yaps\u0131n, se\u00e7im kazanmak i\u00e7in zaman kazans\u0131n diye de\u011fil, K\u00fcrt sorununu \u00e7\u00f6zmesi i\u00e7in destek vermi\u015ftir. Bu nedenle K\u00fcrt halk\u0131 ve demokrasi g\u00fc\u00e7leri oyalama ve se\u00e7im hesab\u0131yla s\u00fcreci bo\u015fa \u00e7\u0131karan, hatta bitiren AKP h\u00fck\u00fcmetinden hesap sormal\u0131 ve demokratikle\u015fme ve K\u00fcrt sorununun \u00e7\u00f6z\u00fcm\u00fc i\u00e7in m\u00fccadeleyi y\u00fckseltmelidir.\u201d<\/p>\n<p style=\"text-align: justify;\"><b><i>(DHA)<\/i><\/b><\/p>\n<p style=\"text-align: justify;\"><b><i>http:\/\/www.radikal.com.tr\/politika\/kckdan_demokratiklesme_paketine_tepki-1153451<\/i><\/b><\/p>\n","protected":false},"excerpt":{"rendered":"<p>KCK Y\u00fcr\u00fctme Konseyi E\u015fba\u015fkanl\u0131\u011f\u0131, Ba\u015fbakan Recep Tayyip Erdo\u011fan&#8217;\u0131nd\u00fcn a\u00e7\u0131klad\u0131\u011f\u0131 demokratikle\u015fme paketine tepki g\u00f6sterdi. KCK taraf\u0131nda yap\u0131lan a\u00e7\u0131klamada paket ile \u00e7\u00f6z\u00fcm s\u00fcrecinin sabote edildi\u011fi belirtildi. \u0130STANBUL &#8211; \u2018KCK Y\u00fcr\u00fctme Konseyi E\u015fba\u015fkanl\u0131\u011f\u0131\u2019 Ba\u015fbakan Recep Tayyip Erdo\u011fan \u2019\u0131n a\u00e7\u0131klad\u0131\u011f\u0131 \u2018Demokratikle\u015fme Paketi\u2019ne tepki g\u00f6sterirken, \u201cBu yakla\u015f\u0131m ba\u015fl\u0131 ba\u015f\u0131na K\u00fcrt Halk \u00d6nderinin ba\u015flatt\u0131\u011f\u0131 s\u00fcreci sabote etme anlam\u0131na gelmektedir. AKP gelinen [&hellip;]<\/p>\n","protected":false},"author":7,"featured_media":0,"comment_status":"open","ping_status":"open","sticky":false,"template":"","format":"standard","meta":{"footnotes":""},"categories":[1],"tags":[],"class_list":["post-25903","post","type-post","status-publish","format-standard","hentry","category-haberler"],"yoast_head":"<!-- This site is optimized with the Yoast SEO plugin v27.4 - https:\/\/yoast.com\/product\/yoast-seo-wordpress\/ -->\n<title>KCK&#039;dan Demokratikle\u015fme Paketi&#039;ne tepki - Bati Ermenistan Ve Bati Ermenileri Sorunlari Ara\u015ftirmalar Merkezi<\/title>\n<meta name=\"robots\" content=\"index, follow, max-snippet:-1, max-image-preview:large, max-video-preview:-1\" \/>\n<link rel=\"canonical\" href=\"https:\/\/akunq.net\/tr\/?p=25903\" \/>\n<meta property=\"og:locale\" content=\"en_US\" \/>\n<meta property=\"og:type\" content=\"article\" \/>\n<meta property=\"og:title\" content=\"KCK&#039;dan Demokratikle\u015fme Paketi&#039;ne tepki - Bati Ermenistan Ve Bati Ermenileri Sorunlari Ara\u015ftirmalar Merkezi\" \/>\n<meta property=\"og:description\" content=\"KCK Y\u00fcr\u00fctme Konseyi E\u015fba\u015fkanl\u0131\u011f\u0131, Ba\u015fbakan Recep Tayyip Erdo\u011fan&#8217;\u0131nd\u00fcn a\u00e7\u0131klad\u0131\u011f\u0131 demokratikle\u015fme paketine tepki g\u00f6sterdi. KCK taraf\u0131nda yap\u0131lan a\u00e7\u0131klamada paket ile \u00e7\u00f6z\u00fcm s\u00fcrecinin sabote edildi\u011fi belirtildi. \u0130STANBUL &#8211; \u2018KCK Y\u00fcr\u00fctme Konseyi E\u015fba\u015fkanl\u0131\u011f\u0131\u2019 Ba\u015fbakan Recep Tayyip Erdo\u011fan \u2019\u0131n a\u00e7\u0131klad\u0131\u011f\u0131 \u2018Demokratikle\u015fme Paketi\u2019ne tepki g\u00f6sterirken, \u201cBu yakla\u015f\u0131m ba\u015fl\u0131 ba\u015f\u0131na K\u00fcrt Halk \u00d6nderinin ba\u015flatt\u0131\u011f\u0131 s\u00fcreci sabote etme anlam\u0131na gelmektedir. AKP gelinen [&hellip;]\" \/>\n<meta property=\"og:url\" content=\"https:\/\/akunq.net\/tr\/?p=25903\" \/>\n<meta property=\"og:site_name\" content=\"Bati Ermenistan Ve Bati Ermenileri Sorunlari Ara\u015ftirmalar Merkezi\" \/>\n<meta property=\"article:published_time\" content=\"2013-10-03T06:56:57+00:00\" \/>\n<meta property=\"article:modified_time\" content=\"2013-10-03T06:57:17+00:00\" \/>\n<meta property=\"og:image\" content=\"http:\/\/akunq.net\/tr\/wp-content\/uploads\/2013\/10\/PKK-300x202.jpg\" \/>\n<meta name=\"author\" content=\"admin\" \/>\n<meta name=\"twitter:card\" content=\"summary_large_image\" \/>\n<meta name=\"twitter:label1\" content=\"Written by\" \/>\n\t<meta name=\"twitter:data1\" content=\"admin\" \/>\n\t<meta name=\"twitter:label2\" content=\"Est. reading time\" \/>\n\t<meta name=\"twitter:data2\" content=\"7 minutes\" \/>\n<script type=\"application\/ld+json\" class=\"yoast-schema-graph\">{\"@context\":\"https:\\\/\\\/schema.org\",\"@graph\":[{\"@type\":\"Article\",\"@id\":\"https:\\\/\\\/akunq.net\\\/tr\\\/?p=25903#article\",\"isPartOf\":{\"@id\":\"https:\\\/\\\/akunq.net\\\/tr\\\/?p=25903\"},\"author\":{\"name\":\"admin\",\"@id\":\"https:\\\/\\\/akunq.net\\\/tr\\\/#\\\/schema\\\/person\\\/096f1d38a12cce57fb855b485ed24c9e\"},\"headline\":\"KCK&#8217;dan Demokratikle\u015fme Paketi&#8217;ne tepki\",\"datePublished\":\"2013-10-03T06:56:57+00:00\",\"dateModified\":\"2013-10-03T06:57:17+00:00\",\"mainEntityOfPage\":{\"@id\":\"https:\\\/\\\/akunq.net\\\/tr\\\/?p=25903\"},\"wordCount\":1374,\"commentCount\":0,\"image\":{\"@id\":\"https:\\\/\\\/akunq.net\\\/tr\\\/?p=25903#primaryimage\"},\"thumbnailUrl\":\"http:\\\/\\\/akunq.net\\\/tr\\\/wp-content\\\/uploads\\\/2013\\\/10\\\/PKK-300x202.jpg\",\"articleSection\":[\"Haberler\"],\"inLanguage\":\"en-US\",\"potentialAction\":[{\"@type\":\"CommentAction\",\"name\":\"Comment\",\"target\":[\"https:\\\/\\\/akunq.net\\\/tr\\\/?p=25903#respond\"]}]},{\"@type\":\"WebPage\",\"@id\":\"https:\\\/\\\/akunq.net\\\/tr\\\/?p=25903\",\"url\":\"https:\\\/\\\/akunq.net\\\/tr\\\/?p=25903\",\"name\":\"KCK'dan Demokratikle\u015fme Paketi'ne tepki - Bati Ermenistan Ve Bati Ermenileri Sorunlari Ara\u015ftirmalar Merkezi\",\"isPartOf\":{\"@id\":\"https:\\\/\\\/akunq.net\\\/tr\\\/#website\"},\"primaryImageOfPage\":{\"@id\":\"https:\\\/\\\/akunq.net\\\/tr\\\/?p=25903#primaryimage\"},\"image\":{\"@id\":\"https:\\\/\\\/akunq.net\\\/tr\\\/?p=25903#primaryimage\"},\"thumbnailUrl\":\"http:\\\/\\\/akunq.net\\\/tr\\\/wp-content\\\/uploads\\\/2013\\\/10\\\/PKK-300x202.jpg\",\"datePublished\":\"2013-10-03T06:56:57+00:00\",\"dateModified\":\"2013-10-03T06:57:17+00:00\",\"author\":{\"@id\":\"https:\\\/\\\/akunq.net\\\/tr\\\/#\\\/schema\\\/person\\\/096f1d38a12cce57fb855b485ed24c9e\"},\"breadcrumb\":{\"@id\":\"https:\\\/\\\/akunq.net\\\/tr\\\/?p=25903#breadcrumb\"},\"inLanguage\":\"en-US\",\"potentialAction\":[{\"@type\":\"ReadAction\",\"target\":[\"https:\\\/\\\/akunq.net\\\/tr\\\/?p=25903\"]}]},{\"@type\":\"ImageObject\",\"inLanguage\":\"en-US\",\"@id\":\"https:\\\/\\\/akunq.net\\\/tr\\\/?p=25903#primaryimage\",\"url\":\"https:\\\/\\\/akunq.net\\\/tr\\\/wp-content\\\/uploads\\\/sites\\\/6\\\/2013\\\/10\\\/PKK.jpg\",\"contentUrl\":\"https:\\\/\\\/akunq.net\\\/tr\\\/wp-content\\\/uploads\\\/sites\\\/6\\\/2013\\\/10\\\/PKK.jpg\",\"width\":478,\"height\":322},{\"@type\":\"BreadcrumbList\",\"@id\":\"https:\\\/\\\/akunq.net\\\/tr\\\/?p=25903#breadcrumb\",\"itemListElement\":[{\"@type\":\"ListItem\",\"position\":1,\"name\":\"Home\",\"item\":\"https:\\\/\\\/akunq.net\\\/tr\"},{\"@type\":\"ListItem\",\"position\":2,\"name\":\"KCK&#8217;dan Demokratikle\u015fme Paketi&#8217;ne tepki\"}]},{\"@type\":\"WebSite\",\"@id\":\"https:\\\/\\\/akunq.net\\\/tr\\\/#website\",\"url\":\"https:\\\/\\\/akunq.net\\\/tr\\\/\",\"name\":\"Bati Ermenistan Ve Bati Ermenileri Sorunlari Ara\u015ftirmalar Merkezi\",\"description\":\"\",\"potentialAction\":[{\"@type\":\"SearchAction\",\"target\":{\"@type\":\"EntryPoint\",\"urlTemplate\":\"https:\\\/\\\/akunq.net\\\/tr\\\/?s={search_term_string}\"},\"query-input\":{\"@type\":\"PropertyValueSpecification\",\"valueRequired\":true,\"valueName\":\"search_term_string\"}}],\"inLanguage\":\"en-US\"},{\"@type\":\"Person\",\"@id\":\"https:\\\/\\\/akunq.net\\\/tr\\\/#\\\/schema\\\/person\\\/096f1d38a12cce57fb855b485ed24c9e\",\"name\":\"admin\",\"url\":\"https:\\\/\\\/akunq.net\\\/tr\\\/?author=7\"}]}<\/script>\n<!-- \/ Yoast SEO plugin. -->","yoast_head_json":{"title":"KCK'dan Demokratikle\u015fme Paketi'ne tepki - Bati Ermenistan Ve Bati Ermenileri Sorunlari Ara\u015ftirmalar Merkezi","robots":{"index":"index","follow":"follow","max-snippet":"max-snippet:-1","max-image-preview":"max-image-preview:large","max-video-preview":"max-video-preview:-1"},"canonical":"https:\/\/akunq.net\/tr\/?p=25903","og_locale":"en_US","og_type":"article","og_title":"KCK'dan Demokratikle\u015fme Paketi'ne tepki - Bati Ermenistan Ve Bati Ermenileri Sorunlari Ara\u015ftirmalar Merkezi","og_description":"KCK Y\u00fcr\u00fctme Konseyi E\u015fba\u015fkanl\u0131\u011f\u0131, Ba\u015fbakan Recep Tayyip Erdo\u011fan&#8217;\u0131nd\u00fcn a\u00e7\u0131klad\u0131\u011f\u0131 demokratikle\u015fme paketine tepki g\u00f6sterdi. KCK taraf\u0131nda yap\u0131lan a\u00e7\u0131klamada paket ile \u00e7\u00f6z\u00fcm s\u00fcrecinin sabote edildi\u011fi belirtildi. \u0130STANBUL &#8211; \u2018KCK Y\u00fcr\u00fctme Konseyi E\u015fba\u015fkanl\u0131\u011f\u0131\u2019 Ba\u015fbakan Recep Tayyip Erdo\u011fan \u2019\u0131n a\u00e7\u0131klad\u0131\u011f\u0131 \u2018Demokratikle\u015fme Paketi\u2019ne tepki g\u00f6sterirken, \u201cBu yakla\u015f\u0131m ba\u015fl\u0131 ba\u015f\u0131na K\u00fcrt Halk \u00d6nderinin ba\u015flatt\u0131\u011f\u0131 s\u00fcreci sabote etme anlam\u0131na gelmektedir. AKP gelinen [&hellip;]","og_url":"https:\/\/akunq.net\/tr\/?p=25903","og_site_name":"Bati Ermenistan Ve Bati Ermenileri Sorunlari Ara\u015ftirmalar Merkezi","article_published_time":"2013-10-03T06:56:57+00:00","article_modified_time":"2013-10-03T06:57:17+00:00","og_image":[{"url":"http:\/\/akunq.net\/tr\/wp-content\/uploads\/2013\/10\/PKK-300x202.jpg","type":"","width":"","height":""}],"author":"admin","twitter_card":"summary_large_image","twitter_misc":{"Written by":"admin","Est. reading time":"7 minutes"},"schema":{"@context":"https:\/\/schema.org","@graph":[{"@type":"Article","@id":"https:\/\/akunq.net\/tr\/?p=25903#article","isPartOf":{"@id":"https:\/\/akunq.net\/tr\/?p=25903"},"author":{"name":"admin","@id":"https:\/\/akunq.net\/tr\/#\/schema\/person\/096f1d38a12cce57fb855b485ed24c9e"},"headline":"KCK&#8217;dan Demokratikle\u015fme Paketi&#8217;ne tepki","datePublished":"2013-10-03T06:56:57+00:00","dateModified":"2013-10-03T06:57:17+00:00","mainEntityOfPage":{"@id":"https:\/\/akunq.net\/tr\/?p=25903"},"wordCount":1374,"commentCount":0,"image":{"@id":"https:\/\/akunq.net\/tr\/?p=25903#primaryimage"},"thumbnailUrl":"http:\/\/akunq.net\/tr\/wp-content\/uploads\/2013\/10\/PKK-300x202.jpg","articleSection":["Haberler"],"inLanguage":"en-US","potentialAction":[{"@type":"CommentAction","name":"Comment","target":["https:\/\/akunq.net\/tr\/?p=25903#respond"]}]},{"@type":"WebPage","@id":"https:\/\/akunq.net\/tr\/?p=25903","url":"https:\/\/akunq.net\/tr\/?p=25903","name":"KCK'dan Demokratikle\u015fme Paketi'ne tepki - Bati Ermenistan Ve Bati Ermenileri Sorunlari Ara\u015ftirmalar Merkezi","isPartOf":{"@id":"https:\/\/akunq.net\/tr\/#website"},"primaryImageOfPage":{"@id":"https:\/\/akunq.net\/tr\/?p=25903#primaryimage"},"image":{"@id":"https:\/\/akunq.net\/tr\/?p=25903#primaryimage"},"thumbnailUrl":"http:\/\/akunq.net\/tr\/wp-content\/uploads\/2013\/10\/PKK-300x202.jpg","datePublished":"2013-10-03T06:56:57+00:00","dateModified":"2013-10-03T06:57:17+00:00","author":{"@id":"https:\/\/akunq.net\/tr\/#\/schema\/person\/096f1d38a12cce57fb855b485ed24c9e"},"breadcrumb":{"@id":"https:\/\/akunq.net\/tr\/?p=25903#breadcrumb"},"inLanguage":"en-US","potentialAction":[{"@type":"ReadAction","target":["https:\/\/akunq.net\/tr\/?p=25903"]}]},{"@type":"ImageObject","inLanguage":"en-US","@id":"https:\/\/akunq.net\/tr\/?p=25903#primaryimage","url":"https:\/\/akunq.net\/tr\/wp-content\/uploads\/sites\/6\/2013\/10\/PKK.jpg","contentUrl":"https:\/\/akunq.net\/tr\/wp-content\/uploads\/sites\/6\/2013\/10\/PKK.jpg","width":478,"height":322},{"@type":"BreadcrumbList","@id":"https:\/\/akunq.net\/tr\/?p=25903#breadcrumb","itemListElement":[{"@type":"ListItem","position":1,"name":"Home","item":"https:\/\/akunq.net\/tr"},{"@type":"ListItem","position":2,"name":"KCK&#8217;dan Demokratikle\u015fme Paketi&#8217;ne tepki"}]},{"@type":"WebSite","@id":"https:\/\/akunq.net\/tr\/#website","url":"https:\/\/akunq.net\/tr\/","name":"Bati Ermenistan Ve Bati Ermenileri Sorunlari Ara\u015ftirmalar Merkezi","description":"","potentialAction":[{"@type":"SearchAction","target":{"@type":"EntryPoint","urlTemplate":"https:\/\/akunq.net\/tr\/?s={search_term_string}"},"query-input":{"@type":"PropertyValueSpecification","valueRequired":true,"valueName":"search_term_string"}}],"inLanguage":"en-US"},{"@type":"Person","@id":"https:\/\/akunq.net\/tr\/#\/schema\/person\/096f1d38a12cce57fb855b485ed24c9e","name":"admin","url":"https:\/\/akunq.net\/tr\/?author=7"}]}},"_links":{"self":[{"href":"https:\/\/akunq.net\/tr\/index.php?rest_route=\/wp\/v2\/posts\/25903","targetHints":{"allow":["GET"]}}],"collection":[{"href":"https:\/\/akunq.net\/tr\/index.php?rest_route=\/wp\/v2\/posts"}],"about":[{"href":"https:\/\/akunq.net\/tr\/index.php?rest_route=\/wp\/v2\/types\/post"}],"author":[{"embeddable":true,"href":"https:\/\/akunq.net\/tr\/index.php?rest_route=\/wp\/v2\/users\/7"}],"replies":[{"embeddable":true,"href":"https:\/\/akunq.net\/tr\/index.php?rest_route=%2Fwp%2Fv2%2Fcomments&post=25903"}],"version-history":[{"count":3,"href":"https:\/\/akunq.net\/tr\/index.php?rest_route=\/wp\/v2\/posts\/25903\/revisions"}],"predecessor-version":[{"id":25907,"href":"https:\/\/akunq.net\/tr\/index.php?rest_route=\/wp\/v2\/posts\/25903\/revisions\/25907"}],"wp:attachment":[{"href":"https:\/\/akunq.net\/tr\/index.php?rest_route=%2Fwp%2Fv2%2Fmedia&parent=25903"}],"wp:term":[{"taxonomy":"category","embeddable":true,"href":"https:\/\/akunq.net\/tr\/index.php?rest_route=%2Fwp%2Fv2%2Fcategories&post=25903"},{"taxonomy":"post_tag","embeddable":true,"href":"https:\/\/akunq.net\/tr\/index.php?rest_route=%2Fwp%2Fv2%2Ftags&post=25903"}],"curies":[{"name":"wp","href":"https:\/\/api.w.org\/{rel}","templated":true}]}}