{"id":25893,"date":"2013-10-02T02:48:43","date_gmt":"2013-10-02T07:48:43","guid":{"rendered":"http:\/\/akunq.net\/tr\/?p=25893"},"modified":"2013-10-02T02:48:43","modified_gmt":"2013-10-02T07:48:43","slug":"buyuk-abi-yakalanamadi","status":"publish","type":"post","link":"https:\/\/akunq.net\/tr\/?p=25893","title":{"rendered":"B\u00fcy\u00fck Abi yakalanamad\u0131"},"content":{"rendered":"<p style=\"text-align: justify;\"><b><i><a href=\"http:\/\/akunq.net\/tr\/wp-content\/uploads\/2013\/10\/B\u00fcy\u00fck-Abi.jpg\"><img loading=\"lazy\" decoding=\"async\" class=\"alignright size-full wp-image-25894\" alt=\"B\u00fcy\u00fck Abi\" src=\"http:\/\/akunq.net\/tr\/wp-content\/uploads\/2013\/10\/B\u00fcy\u00fck-Abi.jpg\" width=\"250\" height=\"150\" \/><\/a>Yeniden g\u00f6r\u00fclmeye ba\u015flanan Hrant Dink cinayeti davas\u0131n\u0131n san\u0131\u011f\u0131 Erhan Tuncel, hakk\u0131nda yakalama karar\u0131 olmas\u0131na ra\u011fmen hen\u00fcz yakalanmad\u0131. 14 g\u00fcn \u00f6nce verilen karardan sonra bir daha izine rastlan\u0131lmayan Tuncel\u2019in ard\u0131nda sadece Twitter\u2019dan att\u0131\u011f\u0131 mesajlar kald\u0131.<\/i><\/b><\/p>\n<p style=\"text-align: justify;\">AGOS Gazetesi Genel Yay\u0131n Y\u00f6netmeni Hrant Dink\u2019in \u00f6ld\u00fcr\u00fclmesiyle ilgili dava Yarg\u0131tay\u2019\u0131n bozma karar\u0131ndan sonra 17 Eyl\u00fcl\u2019de yeniden g\u00f6r\u00fclmeye ba\u015fland\u0131. <a title=\"\u0130stanbul\" href=\"http:\/\/www.hurriyet.com.tr\/index\/istanbul\" target=\"_blank\">\u0130stanbul<\/a> 14\u2019\u00fcnc\u00fc A\u011f\u0131r Ceza Mahkemesi ilk duru\u015fmada, \u201cat\u0131l\u0131 su\u00e7lar\u0131n vas\u0131f ve mahiyetlerinin aleyhine de\u011fi\u015fme ihtimali\u201d ve \u201cmuhtemel sevk maddelerindeki ceza miktarlar\u0131n\u0131\u201d g\u00f6z \u00f6n\u00fcne alarak Erhan Tuncel hakk\u0131nda yakalama karar\u0131 \u00e7\u0131kartt\u0131.<\/p>\n<p style=\"text-align: justify;\"><b>TESL\u0130M DE OLMADI <\/b><\/p>\n<p style=\"text-align: justify;\">Tuncel\u2019in 17 Eyl\u00fcl\u2019deki ilk duru\u015fmaya kat\u0131laca\u011f\u0131n\u0131 belirten avukat Erdo\u011fan Soruklu, m\u00fcvekkilinin duru\u015fmaya gelmemesine mazeret olarak bir g\u00fcnl\u00fck hastaneden al\u0131nan raporu sundu. \u0130\u015fte o g\u00fcnden sonra da, Dink cinayetinin \u201cB\u00fcy\u00fck abisi\u201d olarak nitelendirilen Erhan Tuncel ne teslim oldu ne de yakalanabildi.<\/p>\n<p style=\"text-align: justify;\"><b>\u2018POL\u0130S G\u00d6Z YUMDU\u2019<\/b><\/p>\n<p style=\"text-align: justify;\">Twitter\u2019da aktif olan Erhan Tuncel Yarg\u0131tay karar\u0131 sonras\u0131 ve duru\u015fma \u00f6ncesi dikkat \u00e7ekici mesajlar att\u0131:<\/p>\n<p style=\"text-align: justify;\">&#8211; \u201cTrabzon Emniyeti taraf\u0131ndan uydurma raporla kesildi. Jandarma ile olan ili\u015fkim bu konuyla alakal\u0131 polislerin kendilerini aklamak i\u00e7in uydurmas\u0131d\u0131r\u201d<\/p>\n<p style=\"text-align: justify;\">&#8211; \u201cAyr\u0131ca bana bu komployu kuran emniyet g\u00f6revlileri bana bu karar\u0131 veren mahkeme yetkililerinden daha fazla bu devlete hizmetim olmu\u015ftur. Erhan Tuncel\u2019i bitirmek istorsan\u0131z b\u00f6yle basit senaryolarla gelmeyin. O senaryolar\u0131 size yedirtirim. Dink derin yap\u0131lanma taraf\u0131ndan \u00f6ld\u00fcr\u00fcld\u00fc. Polis g\u00f6z yumdu. Yarg\u0131 olay\u0131n \u00fcst\u00fcn\u00fc kapatt\u0131. 6.5 y\u0131l\u0131n \u00f6zeti budur.\u201d<\/p>\n<p style=\"text-align: justify;\"><b>Duru\u015fma g\u00fcn\u00fc Twitter\u2019dayd\u0131 <\/b><\/p>\n<p style=\"text-align: justify;\">Erhan Tuncel 17 Eyl\u00fcl\u2019deki duru\u015fmaya rapor g\u00f6ndererek kat\u0131lmam\u0131\u015ft\u0131. So\u011fuk alg\u0131nl\u0131\u011f\u0131ndan rapor alan Tuncel en son o g\u00fcn tweet att\u0131.<\/p>\n<p style=\"text-align: justify;\"><b><i>http:\/\/www.hurriyet.com.tr\/gundem\/24830856.asp<\/i><\/b><\/p>\n","protected":false},"excerpt":{"rendered":"<p>Yeniden g\u00f6r\u00fclmeye ba\u015flanan Hrant Dink cinayeti davas\u0131n\u0131n san\u0131\u011f\u0131 Erhan Tuncel, hakk\u0131nda yakalama karar\u0131 olmas\u0131na ra\u011fmen hen\u00fcz yakalanmad\u0131. 14 g\u00fcn \u00f6nce verilen karardan sonra bir daha izine rastlan\u0131lmayan Tuncel\u2019in ard\u0131nda sadece Twitter\u2019dan att\u0131\u011f\u0131 mesajlar kald\u0131. AGOS Gazetesi Genel Yay\u0131n Y\u00f6netmeni Hrant Dink\u2019in \u00f6ld\u00fcr\u00fclmesiyle ilgili dava Yarg\u0131tay\u2019\u0131n bozma karar\u0131ndan sonra 17 Eyl\u00fcl\u2019de yeniden g\u00f6r\u00fclmeye ba\u015fland\u0131. \u0130stanbul 14\u2019\u00fcnc\u00fc [&hellip;]<\/p>\n","protected":false},"author":7,"featured_media":0,"comment_status":"open","ping_status":"open","sticky":false,"template":"","format":"standard","meta":{"footnotes":""},"categories":[1],"tags":[],"class_list":["post-25893","post","type-post","status-publish","format-standard","hentry","category-haberler"],"yoast_head":"<!-- This site is optimized with the Yoast SEO plugin v27.4 - https:\/\/yoast.com\/product\/yoast-seo-wordpress\/ -->\n<title>B\u00fcy\u00fck Abi yakalanamad\u0131 - Bati Ermenistan Ve Bati Ermenileri Sorunlari Ara\u015ftirmalar Merkezi<\/title>\n<meta name=\"robots\" content=\"index, follow, max-snippet:-1, max-image-preview:large, max-video-preview:-1\" \/>\n<link rel=\"canonical\" href=\"https:\/\/akunq.net\/tr\/?p=25893\" \/>\n<meta property=\"og:locale\" content=\"en_US\" \/>\n<meta property=\"og:type\" content=\"article\" \/>\n<meta property=\"og:title\" content=\"B\u00fcy\u00fck Abi yakalanamad\u0131 - Bati Ermenistan Ve Bati Ermenileri Sorunlari Ara\u015ftirmalar Merkezi\" \/>\n<meta property=\"og:description\" content=\"Yeniden g\u00f6r\u00fclmeye ba\u015flanan Hrant Dink cinayeti davas\u0131n\u0131n san\u0131\u011f\u0131 Erhan Tuncel, hakk\u0131nda yakalama karar\u0131 olmas\u0131na ra\u011fmen hen\u00fcz yakalanmad\u0131. 14 g\u00fcn \u00f6nce verilen karardan sonra bir daha izine rastlan\u0131lmayan Tuncel\u2019in ard\u0131nda sadece Twitter\u2019dan att\u0131\u011f\u0131 mesajlar kald\u0131. AGOS Gazetesi Genel Yay\u0131n Y\u00f6netmeni Hrant Dink\u2019in \u00f6ld\u00fcr\u00fclmesiyle ilgili dava Yarg\u0131tay\u2019\u0131n bozma karar\u0131ndan sonra 17 Eyl\u00fcl\u2019de yeniden g\u00f6r\u00fclmeye ba\u015fland\u0131. \u0130stanbul 14\u2019\u00fcnc\u00fc [&hellip;]\" \/>\n<meta property=\"og:url\" content=\"https:\/\/akunq.net\/tr\/?p=25893\" \/>\n<meta property=\"og:site_name\" content=\"Bati Ermenistan Ve Bati Ermenileri Sorunlari Ara\u015ftirmalar Merkezi\" \/>\n<meta property=\"article:published_time\" content=\"2013-10-02T07:48:43+00:00\" \/>\n<meta name=\"author\" content=\"admin\" \/>\n<meta name=\"twitter:card\" content=\"summary_large_image\" \/>\n<meta name=\"twitter:label1\" content=\"Written by\" \/>\n\t<meta name=\"twitter:data1\" content=\"admin\" \/>\n\t<meta name=\"twitter:label2\" content=\"Est. reading time\" \/>\n\t<meta name=\"twitter:data2\" content=\"2 minutes\" \/>\n<script type=\"application\/ld+json\" class=\"yoast-schema-graph\">{\"@context\":\"https:\\\/\\\/schema.org\",\"@graph\":[{\"@type\":\"Article\",\"@id\":\"https:\\\/\\\/akunq.net\\\/tr\\\/?p=25893#article\",\"isPartOf\":{\"@id\":\"https:\\\/\\\/akunq.net\\\/tr\\\/?p=25893\"},\"author\":{\"name\":\"admin\",\"@id\":\"https:\\\/\\\/akunq.net\\\/tr\\\/#\\\/schema\\\/person\\\/096f1d38a12cce57fb855b485ed24c9e\"},\"headline\":\"B\u00fcy\u00fck Abi yakalanamad\u0131\",\"datePublished\":\"2013-10-02T07:48:43+00:00\",\"mainEntityOfPage\":{\"@id\":\"https:\\\/\\\/akunq.net\\\/tr\\\/?p=25893\"},\"wordCount\":333,\"commentCount\":0,\"articleSection\":[\"Haberler\"],\"inLanguage\":\"en-US\",\"potentialAction\":[{\"@type\":\"CommentAction\",\"name\":\"Comment\",\"target\":[\"https:\\\/\\\/akunq.net\\\/tr\\\/?p=25893#respond\"]}]},{\"@type\":\"WebPage\",\"@id\":\"https:\\\/\\\/akunq.net\\\/tr\\\/?p=25893\",\"url\":\"https:\\\/\\\/akunq.net\\\/tr\\\/?p=25893\",\"name\":\"B\u00fcy\u00fck Abi yakalanamad\u0131 - Bati Ermenistan Ve Bati Ermenileri Sorunlari Ara\u015ftirmalar Merkezi\",\"isPartOf\":{\"@id\":\"https:\\\/\\\/akunq.net\\\/tr\\\/#website\"},\"datePublished\":\"2013-10-02T07:48:43+00:00\",\"author\":{\"@id\":\"https:\\\/\\\/akunq.net\\\/tr\\\/#\\\/schema\\\/person\\\/096f1d38a12cce57fb855b485ed24c9e\"},\"breadcrumb\":{\"@id\":\"https:\\\/\\\/akunq.net\\\/tr\\\/?p=25893#breadcrumb\"},\"inLanguage\":\"en-US\",\"potentialAction\":[{\"@type\":\"ReadAction\",\"target\":[\"https:\\\/\\\/akunq.net\\\/tr\\\/?p=25893\"]}]},{\"@type\":\"BreadcrumbList\",\"@id\":\"https:\\\/\\\/akunq.net\\\/tr\\\/?p=25893#breadcrumb\",\"itemListElement\":[{\"@type\":\"ListItem\",\"position\":1,\"name\":\"Home\",\"item\":\"https:\\\/\\\/akunq.net\\\/tr\"},{\"@type\":\"ListItem\",\"position\":2,\"name\":\"B\u00fcy\u00fck Abi yakalanamad\u0131\"}]},{\"@type\":\"WebSite\",\"@id\":\"https:\\\/\\\/akunq.net\\\/tr\\\/#website\",\"url\":\"https:\\\/\\\/akunq.net\\\/tr\\\/\",\"name\":\"Bati Ermenistan Ve Bati Ermenileri Sorunlari Ara\u015ftirmalar Merkezi\",\"description\":\"\",\"potentialAction\":[{\"@type\":\"SearchAction\",\"target\":{\"@type\":\"EntryPoint\",\"urlTemplate\":\"https:\\\/\\\/akunq.net\\\/tr\\\/?s={search_term_string}\"},\"query-input\":{\"@type\":\"PropertyValueSpecification\",\"valueRequired\":true,\"valueName\":\"search_term_string\"}}],\"inLanguage\":\"en-US\"},{\"@type\":\"Person\",\"@id\":\"https:\\\/\\\/akunq.net\\\/tr\\\/#\\\/schema\\\/person\\\/096f1d38a12cce57fb855b485ed24c9e\",\"name\":\"admin\",\"url\":\"https:\\\/\\\/akunq.net\\\/tr\\\/?author=7\"}]}<\/script>\n<!-- \/ Yoast SEO plugin. -->","yoast_head_json":{"title":"B\u00fcy\u00fck Abi yakalanamad\u0131 - Bati Ermenistan Ve Bati Ermenileri Sorunlari Ara\u015ftirmalar Merkezi","robots":{"index":"index","follow":"follow","max-snippet":"max-snippet:-1","max-image-preview":"max-image-preview:large","max-video-preview":"max-video-preview:-1"},"canonical":"https:\/\/akunq.net\/tr\/?p=25893","og_locale":"en_US","og_type":"article","og_title":"B\u00fcy\u00fck Abi yakalanamad\u0131 - Bati Ermenistan Ve Bati Ermenileri Sorunlari Ara\u015ftirmalar Merkezi","og_description":"Yeniden g\u00f6r\u00fclmeye ba\u015flanan Hrant Dink cinayeti davas\u0131n\u0131n san\u0131\u011f\u0131 Erhan Tuncel, hakk\u0131nda yakalama karar\u0131 olmas\u0131na ra\u011fmen hen\u00fcz yakalanmad\u0131. 14 g\u00fcn \u00f6nce verilen karardan sonra bir daha izine rastlan\u0131lmayan Tuncel\u2019in ard\u0131nda sadece Twitter\u2019dan att\u0131\u011f\u0131 mesajlar kald\u0131. AGOS Gazetesi Genel Yay\u0131n Y\u00f6netmeni Hrant Dink\u2019in \u00f6ld\u00fcr\u00fclmesiyle ilgili dava Yarg\u0131tay\u2019\u0131n bozma karar\u0131ndan sonra 17 Eyl\u00fcl\u2019de yeniden g\u00f6r\u00fclmeye ba\u015fland\u0131. \u0130stanbul 14\u2019\u00fcnc\u00fc [&hellip;]","og_url":"https:\/\/akunq.net\/tr\/?p=25893","og_site_name":"Bati Ermenistan Ve Bati Ermenileri Sorunlari Ara\u015ftirmalar Merkezi","article_published_time":"2013-10-02T07:48:43+00:00","author":"admin","twitter_card":"summary_large_image","twitter_misc":{"Written by":"admin","Est. reading time":"2 minutes"},"schema":{"@context":"https:\/\/schema.org","@graph":[{"@type":"Article","@id":"https:\/\/akunq.net\/tr\/?p=25893#article","isPartOf":{"@id":"https:\/\/akunq.net\/tr\/?p=25893"},"author":{"name":"admin","@id":"https:\/\/akunq.net\/tr\/#\/schema\/person\/096f1d38a12cce57fb855b485ed24c9e"},"headline":"B\u00fcy\u00fck Abi yakalanamad\u0131","datePublished":"2013-10-02T07:48:43+00:00","mainEntityOfPage":{"@id":"https:\/\/akunq.net\/tr\/?p=25893"},"wordCount":333,"commentCount":0,"articleSection":["Haberler"],"inLanguage":"en-US","potentialAction":[{"@type":"CommentAction","name":"Comment","target":["https:\/\/akunq.net\/tr\/?p=25893#respond"]}]},{"@type":"WebPage","@id":"https:\/\/akunq.net\/tr\/?p=25893","url":"https:\/\/akunq.net\/tr\/?p=25893","name":"B\u00fcy\u00fck Abi yakalanamad\u0131 - Bati Ermenistan Ve Bati Ermenileri Sorunlari Ara\u015ftirmalar Merkezi","isPartOf":{"@id":"https:\/\/akunq.net\/tr\/#website"},"datePublished":"2013-10-02T07:48:43+00:00","author":{"@id":"https:\/\/akunq.net\/tr\/#\/schema\/person\/096f1d38a12cce57fb855b485ed24c9e"},"breadcrumb":{"@id":"https:\/\/akunq.net\/tr\/?p=25893#breadcrumb"},"inLanguage":"en-US","potentialAction":[{"@type":"ReadAction","target":["https:\/\/akunq.net\/tr\/?p=25893"]}]},{"@type":"BreadcrumbList","@id":"https:\/\/akunq.net\/tr\/?p=25893#breadcrumb","itemListElement":[{"@type":"ListItem","position":1,"name":"Home","item":"https:\/\/akunq.net\/tr"},{"@type":"ListItem","position":2,"name":"B\u00fcy\u00fck Abi yakalanamad\u0131"}]},{"@type":"WebSite","@id":"https:\/\/akunq.net\/tr\/#website","url":"https:\/\/akunq.net\/tr\/","name":"Bati Ermenistan Ve Bati Ermenileri Sorunlari Ara\u015ftirmalar Merkezi","description":"","potentialAction":[{"@type":"SearchAction","target":{"@type":"EntryPoint","urlTemplate":"https:\/\/akunq.net\/tr\/?s={search_term_string}"},"query-input":{"@type":"PropertyValueSpecification","valueRequired":true,"valueName":"search_term_string"}}],"inLanguage":"en-US"},{"@type":"Person","@id":"https:\/\/akunq.net\/tr\/#\/schema\/person\/096f1d38a12cce57fb855b485ed24c9e","name":"admin","url":"https:\/\/akunq.net\/tr\/?author=7"}]}},"_links":{"self":[{"href":"https:\/\/akunq.net\/tr\/index.php?rest_route=\/wp\/v2\/posts\/25893","targetHints":{"allow":["GET"]}}],"collection":[{"href":"https:\/\/akunq.net\/tr\/index.php?rest_route=\/wp\/v2\/posts"}],"about":[{"href":"https:\/\/akunq.net\/tr\/index.php?rest_route=\/wp\/v2\/types\/post"}],"author":[{"embeddable":true,"href":"https:\/\/akunq.net\/tr\/index.php?rest_route=\/wp\/v2\/users\/7"}],"replies":[{"embeddable":true,"href":"https:\/\/akunq.net\/tr\/index.php?rest_route=%2Fwp%2Fv2%2Fcomments&post=25893"}],"version-history":[{"count":1,"href":"https:\/\/akunq.net\/tr\/index.php?rest_route=\/wp\/v2\/posts\/25893\/revisions"}],"predecessor-version":[{"id":25895,"href":"https:\/\/akunq.net\/tr\/index.php?rest_route=\/wp\/v2\/posts\/25893\/revisions\/25895"}],"wp:attachment":[{"href":"https:\/\/akunq.net\/tr\/index.php?rest_route=%2Fwp%2Fv2%2Fmedia&parent=25893"}],"wp:term":[{"taxonomy":"category","embeddable":true,"href":"https:\/\/akunq.net\/tr\/index.php?rest_route=%2Fwp%2Fv2%2Fcategories&post=25893"},{"taxonomy":"post_tag","embeddable":true,"href":"https:\/\/akunq.net\/tr\/index.php?rest_route=%2Fwp%2Fv2%2Ftags&post=25893"}],"curies":[{"name":"wp","href":"https:\/\/api.w.org\/{rel}","templated":true}]}}