{"id":25887,"date":"2013-10-02T02:10:45","date_gmt":"2013-10-02T07:10:45","guid":{"rendered":"http:\/\/akunq.net\/tr\/?p=25887"},"modified":"2013-10-02T02:10:45","modified_gmt":"2013-10-02T07:10:45","slug":"turk-muyum-dogru-muyum-caliskan-miyim","status":"publish","type":"post","link":"https:\/\/akunq.net\/tr\/?p=25887","title":{"rendered":"T\u00fcrk m\u00fcy\u00fcm? Do\u011fru muyum? \u00c7al\u0131\u015fkan m\u0131y\u0131m?"},"content":{"rendered":"<p style=\"text-align: justify;\"><b><a href=\"http:\/\/akunq.net\/tr\/wp-content\/uploads\/2013\/10\/T\u00fcrk-m\u00fcy\u00fcm..jpg\"><img loading=\"lazy\" decoding=\"async\" class=\"alignright size-medium wp-image-25888\" alt=\"T\u00fcrk m\u00fcy\u00fcm.\" src=\"http:\/\/akunq.net\/tr\/wp-content\/uploads\/2013\/10\/T\u00fcrk-m\u00fcy\u00fcm.-300x217.jpg\" width=\"300\" height=\"217\" srcset=\"https:\/\/akunq.net\/tr\/wp-content\/uploads\/sites\/6\/2013\/10\/T\u00fcrk-m\u00fcy\u00fcm.-300x217.jpg 300w, https:\/\/akunq.net\/tr\/wp-content\/uploads\/sites\/6\/2013\/10\/T\u00fcrk-m\u00fcy\u00fcm..jpg 551w\" sizes=\"auto, (max-width: 300px) 100vw, 300px\" \/><\/a>SERDAR KORUCU<\/b><\/p>\n<p style=\"text-align: justify;\"><b><i>\u201cBir \u2018re\u00e7ete\u2019 yaz\u0131ld\u0131 okul y\u00f6netimi taraf\u0131ndan. \u00c7ocuk b\u00f6lgedeki en yak\u0131n \u2018sistem adaptasyon\u2019 merkezlerine y\u00f6nlendirildi. Mustafa Kemal\u2019in evi gezdirildi, Askeri M\u00fcze\u2019ye g\u00f6t\u00fcr\u00fcld\u00fc, \u2018k\u00fclt\u00fcrel de\u011ferler\u2019 a\u015f\u0131land\u0131. Ve birka\u00e7 ay sonra \u2018tedaviye\u2019 yan\u0131t veren \u00e7ocuk \u2018And\u0131m\u0131z\u2019\u0131 en \u00e7abuk ezberleyen oluverdi.\u201d<\/i><\/b><\/p>\n<p style=\"text-align: justify;\">1989 y\u0131l\u0131.<\/p>\n<p style=\"text-align: justify;\">Yer, \u0130stanbul\u2019un kozmopolit semtlerinden, az\u0131nl\u0131klar\u0131n nispeten \u2018\u00e7ok\u2019 oldu\u011fu \u015ei\u015fli\u2019de bir \u00f6zel okul.<\/p>\n<p style=\"text-align: justify;\">Sistemin ideal vatanda\u015flar\u0131n\u0131 \u00fcretti\u011fi kolejlerden biri.<\/p>\n<p style=\"text-align: justify;\">Ayr\u0131cal\u0131kl\u0131 \u00e7ocuklar buradakiler.<\/p>\n<p style=\"text-align: justify;\">Hayata eksiden ya da s\u0131f\u0131rdan ba\u015flamayanlardan.<\/p>\n<p style=\"text-align: justify;\">Gelecekte \u00fcniversiteye gidece\u011fine, \u2018b\u00fcy\u00fck adam\u2019 olacaklar\u0131na inan\u0131lanlardan.<\/p>\n<p style=\"text-align: justify;\">Bu nedenle \u00fcretiminin \u2018defosuz\u2019 olmas\u0131 gerekti\u011fi d\u00fc\u015f\u00fcn\u00fclenlerden.<\/p>\n<p style=\"text-align: justify;\">Okullar\u0131n a\u00e7\u0131lmas\u0131ndan birka\u00e7 hafta sonrayd\u0131.<\/p>\n<p style=\"text-align: justify;\">Bir g\u00fcn \u00f6\u011fretmen s\u0131n\u0131f\u0131n i\u00e7inde gezerken o g\u00fcn\u00fcn g\u00fcndemini belirleyecek soruyu sordu, \u201cKimi \u00f6rnek al\u0131yorsunuz?\u201d diye.<\/p>\n<p style=\"text-align: justify;\">G\u00f6zleri karatahtan\u0131n hemen \u00fcst\u00fcndeki portreye d\u00f6n\u00fckt\u00fc, \u201c\u0130\u015fte yan\u0131t burada, tam kar\u015f\u0131n\u0131zda\u201d dercesine.<\/p>\n<p style=\"text-align: justify;\">S\u0131n\u0131f\u0131n b\u00fcy\u00fck \u00e7o\u011funlu\u011fu ald\u0131 mesaj\u0131.<\/p>\n<p style=\"text-align: justify;\">Sar\u0131\u015f\u0131n, mavi g\u00f6zl\u00fc, yak\u0131\u015f\u0131kl\u0131 ama sert ifadeli bu portreyi daha \u00f6nce de g\u00f6rm\u00fc\u015fler evlerinde.<\/p>\n<p style=\"text-align: justify;\">Onlar i\u00e7in kurtar\u0131c\u0131n\u0131n resmiydi bu.<\/p>\n<p style=\"text-align: justify;\">Sadece kurtar\u0131c\u0131 da de\u011fil.<\/p>\n<p style=\"text-align: justify;\">Hepsi baba ya da atalar\u0131 gibi g\u00f6r\u00fcyordu onu.<\/p>\n<p style=\"text-align: justify;\">B\u00fcy\u00fck bir tutkuyla ba\u011fl\u0131lard\u0131, canlar\u0131n\u0131 feda edercesine.<\/p>\n<p style=\"text-align: justify;\">Erkek \u00e7ocuklar onun gibi sava\u015fmay\u0131, ya\u015fad\u0131klar\u0131 topraklara onun gibi h\u00fckmetmeyi diliyordu.<\/p>\n<p style=\"text-align: justify;\">K\u0131z \u00e7ocuklar\u0131n\u0131nsa hayallerini s\u00fcsl\u00fcyordu, masallardaki beyaz atl\u0131 prens gibi\u2026<\/p>\n<p style=\"text-align: justify;\">Baz\u0131 \u00f6\u011frencilerse durumdan bihaberdi. Onlar\u0131n g\u00f6z\u00fcnde bir kahraman vard\u0131, o da babalar\u0131 ya da dedeleri. Gururlanarak s\u00f6yl\u00fcyorlard\u0131 \u00f6rnek ald\u0131klar\u0131 ebeveynlerini. Tabii \u00f6\u011fretmenin memnuniyetsiz bak\u0131\u015f\u0131 alt\u0131nda.<\/p>\n<p style=\"text-align: justify;\">Ama biri vard\u0131.<\/p>\n<p style=\"text-align: justify;\">\u0130\u015fte o, bu pek de \u2018sevecen\u2019 bakmayan portreye tamamen \u2018yabanc\u0131\u2019yd\u0131, tan\u0131m\u0131yor, bilmiyordu kim oldu\u011funu.<\/p>\n<p style=\"text-align: justify;\">Asl\u0131nda kolay\u0131 aile b\u00fcy\u00fcklerini \u00f6rnek almakt\u0131.<\/p>\n<p style=\"text-align: justify;\">Ama o kula\u011f\u0131na ailesinin f\u0131s\u0131ldad\u0131\u011f\u0131 ismi s\u00f6yleyiverdi: Konstantin.<\/p>\n<p style=\"text-align: justify;\">\u00d6\u011fretmen duraklad\u0131 \u00f6nce. \u00c7ocu\u011fun ad\u0131na bakt\u0131 listeden.<\/p>\n<p style=\"text-align: justify;\">\u0130sim hanesinde \u2018Hristo\u2019, \u2018Yorgo\u2019 vs. yazmad\u0131\u011f\u0131 i\u00e7in \u015f\u00fcphesi bir kat daha artm\u0131\u015ft\u0131.<\/p>\n<p style=\"text-align: justify;\">B\u00f6yle bir yan\u0131t beklemedi\u011fi i\u00e7in \u00e7ocu\u011fun yan\u0131na yakla\u015ft\u0131 usulca, \u201cKonstantin kim?\u201d dedi.<\/p>\n<p style=\"text-align: justify;\">\u00c7ocuksa aile i\u00e7inde kullan\u0131lan isminin geldi\u011fi kahraman\u0131ndan emindi.<\/p>\n<p style=\"text-align: justify;\">Onun i\u00e7in tek ki\u015fi vard\u0131 Konstantin ad\u0131nda; Konstantin Karamanlis\u2026<\/p>\n<p style=\"text-align: justify;\">Yunanistan\u2019\u0131 1981\u2019de \u2018zenginler kul\u00fcb\u00fc\u2019 olarak g\u00f6r\u00fclen Avrupa Birli\u011fi\u2019ne sokan, \u00fclkeye \u00e7a\u011f atlatt\u0131\u011f\u0131 i\u00e7in hayran olunan lider.<\/p>\n<p style=\"text-align: justify;\">Gerisi tahmin edilebilece\u011fi gibi geli\u015fti.<\/p>\n<p style=\"text-align: justify;\">Hemen bir \u2018re\u00e7ete\u2019 yaz\u0131ld\u0131 okul y\u00f6netimi taraf\u0131ndan.<\/p>\n<p style=\"text-align: justify;\">\u00c7ocuk b\u00f6lgedeki en yak\u0131n \u2018sistem adaptasyon\u2019 merkezlerine y\u00f6nlendirildi.\u00a0 Mustafa Kemal\u2019in evi gezdirildi, Askeri M\u00fcze\u2019ye g\u00f6t\u00fcr\u00fcld\u00fc, \u2018k\u00fclt\u00fcrel de\u011ferler\u2019 a\u015f\u0131land\u0131.<\/p>\n<p style=\"text-align: justify;\">Ve birka\u00e7 ay sonra \u2018tedaviye\u2019 yan\u0131t veren \u00e7ocuk \u2018And\u0131m\u0131z\u2019\u0131 en \u00e7abuk ezberleyen oluverdi.<\/p>\n<p style=\"text-align: justify;\">Bunun \u00fcst\u00fcne s\u0131n\u0131f s\u0131n\u0131f gezdirildi \u2018\u00f6rnek \u00f6\u011frenci\u2019 diye.<\/p>\n<p style=\"text-align: justify;\">Bundan \u00e7ocuk da gurur duydu elbet, d\u0131\u015flanmaktan kurtuldu\u011fu sistemin ba\u015f\u0131n\u0131 \u00e7ekmenin verdi\u011fi \u00f6zg\u00fcvenle.<\/p>\n<p style=\"text-align: justify;\">\u0130\u015fte s\u0131rf bu nedenle biraz da ge\u00e7mi\u015fe gittim \u2018And\u0131m\u0131z\u2019 tart\u0131\u015fmas\u0131yla.<\/p>\n<p style=\"text-align: justify;\">\u2018T\u00fcrk\u00fcm, do\u011fruyum, \u00e7al\u0131\u015fkan\u0131m, yasam\u2019 diye ba\u015flayan and\u0131 okumak zorunda kal\u0131\u015f\u0131ma. Ve kendimi bir s\u00fcre sonra bundan keyif almaya zorlay\u0131\u015f\u0131ma.<\/p>\n<p style=\"text-align: justify;\">Bu vakitten sonra bizler i\u00e7in bir \u015fey de\u011fi\u015fmez elbet ama ba\u015fka \u00e7ocuklar\u0131n ayn\u0131 hat\u0131ralara sahip olmamas\u0131 dile\u011fiyle\u2026<\/p>\n<p style=\"text-align: justify;\"><b><i>http:\/\/www.agos.com.tr\/turk-muyum-dogru-muyum-caliskan-miyim-5848.html<\/i><\/b><\/p>\n","protected":false},"excerpt":{"rendered":"<p>SERDAR KORUCU \u201cBir \u2018re\u00e7ete\u2019 yaz\u0131ld\u0131 okul y\u00f6netimi taraf\u0131ndan. \u00c7ocuk b\u00f6lgedeki en yak\u0131n \u2018sistem adaptasyon\u2019 merkezlerine y\u00f6nlendirildi. Mustafa Kemal\u2019in evi gezdirildi, Askeri M\u00fcze\u2019ye g\u00f6t\u00fcr\u00fcld\u00fc, \u2018k\u00fclt\u00fcrel de\u011ferler\u2019 a\u015f\u0131land\u0131. Ve birka\u00e7 ay sonra \u2018tedaviye\u2019 yan\u0131t veren \u00e7ocuk \u2018And\u0131m\u0131z\u2019\u0131 en \u00e7abuk ezberleyen oluverdi.\u201d 1989 y\u0131l\u0131. Yer, \u0130stanbul\u2019un kozmopolit semtlerinden, az\u0131nl\u0131klar\u0131n nispeten \u2018\u00e7ok\u2019 oldu\u011fu \u015ei\u015fli\u2019de bir \u00f6zel okul. Sistemin ideal [&hellip;]<\/p>\n","protected":false},"author":7,"featured_media":0,"comment_status":"open","ping_status":"open","sticky":false,"template":"","format":"standard","meta":{"footnotes":""},"categories":[1],"tags":[],"class_list":["post-25887","post","type-post","status-publish","format-standard","hentry","category-haberler"],"yoast_head":"<!-- This site is optimized with the Yoast SEO plugin v27.4 - https:\/\/yoast.com\/product\/yoast-seo-wordpress\/ -->\n<title>T\u00fcrk m\u00fcy\u00fcm? Do\u011fru muyum? \u00c7al\u0131\u015fkan m\u0131y\u0131m? - Bati Ermenistan Ve Bati Ermenileri Sorunlari Ara\u015ftirmalar Merkezi<\/title>\n<meta name=\"robots\" content=\"index, follow, max-snippet:-1, max-image-preview:large, max-video-preview:-1\" \/>\n<link rel=\"canonical\" href=\"https:\/\/akunq.net\/tr\/?p=25887\" \/>\n<meta property=\"og:locale\" content=\"en_US\" \/>\n<meta property=\"og:type\" content=\"article\" \/>\n<meta property=\"og:title\" content=\"T\u00fcrk m\u00fcy\u00fcm? Do\u011fru muyum? \u00c7al\u0131\u015fkan m\u0131y\u0131m? - Bati Ermenistan Ve Bati Ermenileri Sorunlari Ara\u015ftirmalar Merkezi\" \/>\n<meta property=\"og:description\" content=\"SERDAR KORUCU \u201cBir \u2018re\u00e7ete\u2019 yaz\u0131ld\u0131 okul y\u00f6netimi taraf\u0131ndan. \u00c7ocuk b\u00f6lgedeki en yak\u0131n \u2018sistem adaptasyon\u2019 merkezlerine y\u00f6nlendirildi. Mustafa Kemal\u2019in evi gezdirildi, Askeri M\u00fcze\u2019ye g\u00f6t\u00fcr\u00fcld\u00fc, \u2018k\u00fclt\u00fcrel de\u011ferler\u2019 a\u015f\u0131land\u0131. Ve birka\u00e7 ay sonra \u2018tedaviye\u2019 yan\u0131t veren \u00e7ocuk \u2018And\u0131m\u0131z\u2019\u0131 en \u00e7abuk ezberleyen oluverdi.\u201d 1989 y\u0131l\u0131. Yer, \u0130stanbul\u2019un kozmopolit semtlerinden, az\u0131nl\u0131klar\u0131n nispeten \u2018\u00e7ok\u2019 oldu\u011fu \u015ei\u015fli\u2019de bir \u00f6zel okul. Sistemin ideal [&hellip;]\" \/>\n<meta property=\"og:url\" content=\"https:\/\/akunq.net\/tr\/?p=25887\" \/>\n<meta property=\"og:site_name\" content=\"Bati Ermenistan Ve Bati Ermenileri Sorunlari Ara\u015ftirmalar Merkezi\" \/>\n<meta property=\"article:published_time\" content=\"2013-10-02T07:10:45+00:00\" \/>\n<meta name=\"author\" content=\"admin\" \/>\n<meta name=\"twitter:card\" content=\"summary_large_image\" \/>\n<meta name=\"twitter:label1\" content=\"Written by\" \/>\n\t<meta name=\"twitter:data1\" content=\"admin\" \/>\n\t<meta name=\"twitter:label2\" content=\"Est. reading time\" \/>\n\t<meta name=\"twitter:data2\" content=\"3 minutes\" \/>\n<script type=\"application\/ld+json\" class=\"yoast-schema-graph\">{\"@context\":\"https:\\\/\\\/schema.org\",\"@graph\":[{\"@type\":\"Article\",\"@id\":\"https:\\\/\\\/akunq.net\\\/tr\\\/?p=25887#article\",\"isPartOf\":{\"@id\":\"https:\\\/\\\/akunq.net\\\/tr\\\/?p=25887\"},\"author\":{\"name\":\"admin\",\"@id\":\"https:\\\/\\\/akunq.net\\\/tr\\\/#\\\/schema\\\/person\\\/096f1d38a12cce57fb855b485ed24c9e\"},\"headline\":\"T\u00fcrk m\u00fcy\u00fcm? Do\u011fru muyum? \u00c7al\u0131\u015fkan m\u0131y\u0131m?\",\"datePublished\":\"2013-10-02T07:10:45+00:00\",\"mainEntityOfPage\":{\"@id\":\"https:\\\/\\\/akunq.net\\\/tr\\\/?p=25887\"},\"wordCount\":622,\"commentCount\":0,\"articleSection\":[\"Haberler\"],\"inLanguage\":\"en-US\",\"potentialAction\":[{\"@type\":\"CommentAction\",\"name\":\"Comment\",\"target\":[\"https:\\\/\\\/akunq.net\\\/tr\\\/?p=25887#respond\"]}]},{\"@type\":\"WebPage\",\"@id\":\"https:\\\/\\\/akunq.net\\\/tr\\\/?p=25887\",\"url\":\"https:\\\/\\\/akunq.net\\\/tr\\\/?p=25887\",\"name\":\"T\u00fcrk m\u00fcy\u00fcm? Do\u011fru muyum? \u00c7al\u0131\u015fkan m\u0131y\u0131m? - Bati Ermenistan Ve Bati Ermenileri Sorunlari Ara\u015ftirmalar Merkezi\",\"isPartOf\":{\"@id\":\"https:\\\/\\\/akunq.net\\\/tr\\\/#website\"},\"datePublished\":\"2013-10-02T07:10:45+00:00\",\"author\":{\"@id\":\"https:\\\/\\\/akunq.net\\\/tr\\\/#\\\/schema\\\/person\\\/096f1d38a12cce57fb855b485ed24c9e\"},\"breadcrumb\":{\"@id\":\"https:\\\/\\\/akunq.net\\\/tr\\\/?p=25887#breadcrumb\"},\"inLanguage\":\"en-US\",\"potentialAction\":[{\"@type\":\"ReadAction\",\"target\":[\"https:\\\/\\\/akunq.net\\\/tr\\\/?p=25887\"]}]},{\"@type\":\"BreadcrumbList\",\"@id\":\"https:\\\/\\\/akunq.net\\\/tr\\\/?p=25887#breadcrumb\",\"itemListElement\":[{\"@type\":\"ListItem\",\"position\":1,\"name\":\"Home\",\"item\":\"https:\\\/\\\/akunq.net\\\/tr\"},{\"@type\":\"ListItem\",\"position\":2,\"name\":\"T\u00fcrk m\u00fcy\u00fcm? Do\u011fru muyum? \u00c7al\u0131\u015fkan m\u0131y\u0131m?\"}]},{\"@type\":\"WebSite\",\"@id\":\"https:\\\/\\\/akunq.net\\\/tr\\\/#website\",\"url\":\"https:\\\/\\\/akunq.net\\\/tr\\\/\",\"name\":\"Bati Ermenistan Ve Bati Ermenileri Sorunlari Ara\u015ftirmalar Merkezi\",\"description\":\"\",\"potentialAction\":[{\"@type\":\"SearchAction\",\"target\":{\"@type\":\"EntryPoint\",\"urlTemplate\":\"https:\\\/\\\/akunq.net\\\/tr\\\/?s={search_term_string}\"},\"query-input\":{\"@type\":\"PropertyValueSpecification\",\"valueRequired\":true,\"valueName\":\"search_term_string\"}}],\"inLanguage\":\"en-US\"},{\"@type\":\"Person\",\"@id\":\"https:\\\/\\\/akunq.net\\\/tr\\\/#\\\/schema\\\/person\\\/096f1d38a12cce57fb855b485ed24c9e\",\"name\":\"admin\",\"url\":\"https:\\\/\\\/akunq.net\\\/tr\\\/?author=7\"}]}<\/script>\n<!-- \/ Yoast SEO plugin. -->","yoast_head_json":{"title":"T\u00fcrk m\u00fcy\u00fcm? Do\u011fru muyum? \u00c7al\u0131\u015fkan m\u0131y\u0131m? - Bati Ermenistan Ve Bati Ermenileri Sorunlari Ara\u015ftirmalar Merkezi","robots":{"index":"index","follow":"follow","max-snippet":"max-snippet:-1","max-image-preview":"max-image-preview:large","max-video-preview":"max-video-preview:-1"},"canonical":"https:\/\/akunq.net\/tr\/?p=25887","og_locale":"en_US","og_type":"article","og_title":"T\u00fcrk m\u00fcy\u00fcm? Do\u011fru muyum? \u00c7al\u0131\u015fkan m\u0131y\u0131m? - Bati Ermenistan Ve Bati Ermenileri Sorunlari Ara\u015ftirmalar Merkezi","og_description":"SERDAR KORUCU \u201cBir \u2018re\u00e7ete\u2019 yaz\u0131ld\u0131 okul y\u00f6netimi taraf\u0131ndan. \u00c7ocuk b\u00f6lgedeki en yak\u0131n \u2018sistem adaptasyon\u2019 merkezlerine y\u00f6nlendirildi. Mustafa Kemal\u2019in evi gezdirildi, Askeri M\u00fcze\u2019ye g\u00f6t\u00fcr\u00fcld\u00fc, \u2018k\u00fclt\u00fcrel de\u011ferler\u2019 a\u015f\u0131land\u0131. Ve birka\u00e7 ay sonra \u2018tedaviye\u2019 yan\u0131t veren \u00e7ocuk \u2018And\u0131m\u0131z\u2019\u0131 en \u00e7abuk ezberleyen oluverdi.\u201d 1989 y\u0131l\u0131. Yer, \u0130stanbul\u2019un kozmopolit semtlerinden, az\u0131nl\u0131klar\u0131n nispeten \u2018\u00e7ok\u2019 oldu\u011fu \u015ei\u015fli\u2019de bir \u00f6zel okul. Sistemin ideal [&hellip;]","og_url":"https:\/\/akunq.net\/tr\/?p=25887","og_site_name":"Bati Ermenistan Ve Bati Ermenileri Sorunlari Ara\u015ftirmalar Merkezi","article_published_time":"2013-10-02T07:10:45+00:00","author":"admin","twitter_card":"summary_large_image","twitter_misc":{"Written by":"admin","Est. reading time":"3 minutes"},"schema":{"@context":"https:\/\/schema.org","@graph":[{"@type":"Article","@id":"https:\/\/akunq.net\/tr\/?p=25887#article","isPartOf":{"@id":"https:\/\/akunq.net\/tr\/?p=25887"},"author":{"name":"admin","@id":"https:\/\/akunq.net\/tr\/#\/schema\/person\/096f1d38a12cce57fb855b485ed24c9e"},"headline":"T\u00fcrk m\u00fcy\u00fcm? Do\u011fru muyum? \u00c7al\u0131\u015fkan m\u0131y\u0131m?","datePublished":"2013-10-02T07:10:45+00:00","mainEntityOfPage":{"@id":"https:\/\/akunq.net\/tr\/?p=25887"},"wordCount":622,"commentCount":0,"articleSection":["Haberler"],"inLanguage":"en-US","potentialAction":[{"@type":"CommentAction","name":"Comment","target":["https:\/\/akunq.net\/tr\/?p=25887#respond"]}]},{"@type":"WebPage","@id":"https:\/\/akunq.net\/tr\/?p=25887","url":"https:\/\/akunq.net\/tr\/?p=25887","name":"T\u00fcrk m\u00fcy\u00fcm? Do\u011fru muyum? \u00c7al\u0131\u015fkan m\u0131y\u0131m? - Bati Ermenistan Ve Bati Ermenileri Sorunlari Ara\u015ftirmalar Merkezi","isPartOf":{"@id":"https:\/\/akunq.net\/tr\/#website"},"datePublished":"2013-10-02T07:10:45+00:00","author":{"@id":"https:\/\/akunq.net\/tr\/#\/schema\/person\/096f1d38a12cce57fb855b485ed24c9e"},"breadcrumb":{"@id":"https:\/\/akunq.net\/tr\/?p=25887#breadcrumb"},"inLanguage":"en-US","potentialAction":[{"@type":"ReadAction","target":["https:\/\/akunq.net\/tr\/?p=25887"]}]},{"@type":"BreadcrumbList","@id":"https:\/\/akunq.net\/tr\/?p=25887#breadcrumb","itemListElement":[{"@type":"ListItem","position":1,"name":"Home","item":"https:\/\/akunq.net\/tr"},{"@type":"ListItem","position":2,"name":"T\u00fcrk m\u00fcy\u00fcm? Do\u011fru muyum? \u00c7al\u0131\u015fkan m\u0131y\u0131m?"}]},{"@type":"WebSite","@id":"https:\/\/akunq.net\/tr\/#website","url":"https:\/\/akunq.net\/tr\/","name":"Bati Ermenistan Ve Bati Ermenileri Sorunlari Ara\u015ftirmalar Merkezi","description":"","potentialAction":[{"@type":"SearchAction","target":{"@type":"EntryPoint","urlTemplate":"https:\/\/akunq.net\/tr\/?s={search_term_string}"},"query-input":{"@type":"PropertyValueSpecification","valueRequired":true,"valueName":"search_term_string"}}],"inLanguage":"en-US"},{"@type":"Person","@id":"https:\/\/akunq.net\/tr\/#\/schema\/person\/096f1d38a12cce57fb855b485ed24c9e","name":"admin","url":"https:\/\/akunq.net\/tr\/?author=7"}]}},"_links":{"self":[{"href":"https:\/\/akunq.net\/tr\/index.php?rest_route=\/wp\/v2\/posts\/25887","targetHints":{"allow":["GET"]}}],"collection":[{"href":"https:\/\/akunq.net\/tr\/index.php?rest_route=\/wp\/v2\/posts"}],"about":[{"href":"https:\/\/akunq.net\/tr\/index.php?rest_route=\/wp\/v2\/types\/post"}],"author":[{"embeddable":true,"href":"https:\/\/akunq.net\/tr\/index.php?rest_route=\/wp\/v2\/users\/7"}],"replies":[{"embeddable":true,"href":"https:\/\/akunq.net\/tr\/index.php?rest_route=%2Fwp%2Fv2%2Fcomments&post=25887"}],"version-history":[{"count":1,"href":"https:\/\/akunq.net\/tr\/index.php?rest_route=\/wp\/v2\/posts\/25887\/revisions"}],"predecessor-version":[{"id":25889,"href":"https:\/\/akunq.net\/tr\/index.php?rest_route=\/wp\/v2\/posts\/25887\/revisions\/25889"}],"wp:attachment":[{"href":"https:\/\/akunq.net\/tr\/index.php?rest_route=%2Fwp%2Fv2%2Fmedia&parent=25887"}],"wp:term":[{"taxonomy":"category","embeddable":true,"href":"https:\/\/akunq.net\/tr\/index.php?rest_route=%2Fwp%2Fv2%2Fcategories&post=25887"},{"taxonomy":"post_tag","embeddable":true,"href":"https:\/\/akunq.net\/tr\/index.php?rest_route=%2Fwp%2Fv2%2Ftags&post=25887"}],"curies":[{"name":"wp","href":"https:\/\/api.w.org\/{rel}","templated":true}]}}