{"id":25883,"date":"2013-10-02T01:45:06","date_gmt":"2013-10-02T06:45:06","guid":{"rendered":"http:\/\/akunq.net\/tr\/?p=25883"},"modified":"2013-10-02T01:45:26","modified_gmt":"2013-10-02T06:45:26","slug":"yunanin-mirasina-5-milyon-tazminat","status":"publish","type":"post","link":"https:\/\/akunq.net\/tr\/?p=25883","title":{"rendered":"Yunan&#8217;\u0131n miras\u0131na 5 milyon tazminat"},"content":{"rendered":"<div>\n<p style=\"text-align: justify;\"><strong><i><a href=\"http:\/\/akunq.net\/tr\/wp-content\/uploads\/2013\/10\/A\u0130HM.jpg\"><img loading=\"lazy\" decoding=\"async\" class=\"alignright size-full wp-image-25884\" alt=\"A\u0130HM\" src=\"http:\/\/akunq.net\/tr\/wp-content\/uploads\/2013\/10\/A\u0130HM.jpg\" width=\"200\" height=\"200\" srcset=\"https:\/\/akunq.net\/tr\/wp-content\/uploads\/sites\/6\/2013\/10\/A\u0130HM.jpg 200w, https:\/\/akunq.net\/tr\/wp-content\/uploads\/sites\/6\/2013\/10\/A\u0130HM-150x150.jpg 150w\" sizes=\"auto, (max-width: 200px) 100vw, 200px\" \/><\/a>A\u0130HM, T\u00fcrkiye&#8217;de kendilerine miras kalan ta\u015f\u0131nmazlar\u0131 alamayan iki Yunan vatanda\u015f\u0131na Ankara&#8217;n\u0131n toplam 5 milyon euro tazminat \u00f6demesine h\u00fckmetti.<\/i><\/strong><\/p>\n<\/div>\n<p style=\"text-align: justify;\">T\u00fcrkiye,&#8221;m\u00fclkiyet hakk\u0131&#8221;n\u0131n ihlal edildi\u011fi gerek\u00e7esiyle iki Yunan vatanda\u015f\u0131na toplam 5 milyon euro tutar\u0131nda tazminat \u00f6demeye mahk\u00fbm oldu. Fransa&#8217;n\u0131n Strazburg kentinde faaliyet g\u00f6steren Avrupa \u0130nsan Haklar\u0131 Mahkemesi (A\u0130HM), iki Yunan vatanda\u015f\u0131n\u0131n Ioannis Fokas and Evangelos Fokas&#8217;\u0131n 2002 y\u0131l\u0131nda yapt\u0131klar\u0131 \u015fik\u00e2yeti \u00fczerine a\u00e7\u0131lan davay\u0131 29 Eyl\u00fcl 2009&#8217;da T\u00fcrkiye aleyhinde sonu\u00e7land\u0131rm\u0131\u015f ancak tazminat\u0131 belirlememi\u015fti. A\u0130HM, son karar\u0131nda ise, uyrukluklar\u0131 ve Yunanistan ile T\u00fcrkiye aras\u0131ndaki m\u00fctekabiliyet ilkesi nedeniyle T\u00fcrkiye&#8217;de \u00f6len k\u0131z karde\u015flerinden kendilerine kalan ta\u015f\u0131nmazlar\u0131 alamad\u0131klar\u0131 belirtilen Fokas karde\u015flerine, &#8220;m\u00fclkiyet hakk\u0131&#8221;n\u0131n ihlal edildi\u011fi gerek\u00e7esiyle maddi tazminat olarak toplam 5 milyon euro \u00f6denmesine h\u00fckmetti. Buna ek olarak mahkeme masraflar\u0131 i\u00e7in toplam 15 bin euro da \u00f6denmesine de karar verildi.<\/p>\n<p style=\"text-align: justify;\">SAYIN \u00d6CALAN&#8217;A ONAY<br \/>\nA\u0130HM, Abdullah \u00d6calan i\u00e7in &#8220;say\u0131n&#8221; s\u00f6zc\u00fc\u011f\u00fcn\u00fc kulland\u0131klar\u0131 gerek\u00e7esiyle mahk\u00fbm olan 19 ki\u015fiyle ilgili ba\u015fvuruda ise ifade \u00f6zg\u00fcrl\u00fc\u011f\u00fcn\u00fcn ihlal edildi\u011fini belirterek y\u00fcksek bir tazminat belirledi. T\u00fcrkiye&#8217;de 2008&#8217;de Halfeti Savc\u0131s\u0131&#8217;na g\u00f6nderdikleri mektuplarda Abdullah \u00d6calan i\u00e7in &#8220;say\u0131n&#8221; ifadesini kulland\u0131klar\u0131 i\u00e7in yarg\u0131lan\u0131p mahk\u00fbm olan 19 ki\u015finin \u015fik\u00e2yetine ili\u015fkin davada A\u0130HM, 2009&#8217;da ba\u015fvuruda bulunan 19 ki\u015fiye maddi olarak 640&#8217;ar euro, manevi olarak da 2 bin 500&#8217;\u015fer euro olmak \u00fczere, toplam 59 bin 660 euro tutar\u0131nda tazminat\u0131n yan\u0131 s\u0131ra mahkeme masraflar\u0131 i\u00e7in de toplam bin euronun \u00f6denmesine h\u00fckmetti.<\/p>\n<p style=\"text-align: justify;\"><b><i>http:\/\/www.sabah.com.tr\/Gundem\/2013\/10\/02\/yunanin-mirasina-5-milyon-tazminat<\/i><\/b><\/p>\n","protected":false},"excerpt":{"rendered":"<p>A\u0130HM, T\u00fcrkiye&#8217;de kendilerine miras kalan ta\u015f\u0131nmazlar\u0131 alamayan iki Yunan vatanda\u015f\u0131na Ankara&#8217;n\u0131n toplam 5 milyon euro tazminat \u00f6demesine h\u00fckmetti. T\u00fcrkiye,&#8221;m\u00fclkiyet hakk\u0131&#8221;n\u0131n ihlal edildi\u011fi gerek\u00e7esiyle iki Yunan vatanda\u015f\u0131na toplam 5 milyon euro tutar\u0131nda tazminat \u00f6demeye mahk\u00fbm oldu. Fransa&#8217;n\u0131n Strazburg kentinde faaliyet g\u00f6steren Avrupa \u0130nsan Haklar\u0131 Mahkemesi (A\u0130HM), iki Yunan vatanda\u015f\u0131n\u0131n Ioannis Fokas and Evangelos Fokas&#8217;\u0131n 2002 y\u0131l\u0131nda [&hellip;]<\/p>\n","protected":false},"author":7,"featured_media":0,"comment_status":"open","ping_status":"open","sticky":false,"template":"","format":"standard","meta":{"footnotes":""},"categories":[1],"tags":[],"class_list":["post-25883","post","type-post","status-publish","format-standard","hentry","category-haberler"],"yoast_head":"<!-- This site is optimized with the Yoast SEO plugin v27.4 - https:\/\/yoast.com\/product\/yoast-seo-wordpress\/ -->\n<title>Yunan&#039;\u0131n miras\u0131na 5 milyon tazminat - Bati Ermenistan Ve Bati Ermenileri Sorunlari Ara\u015ftirmalar Merkezi<\/title>\n<meta name=\"robots\" content=\"index, follow, max-snippet:-1, max-image-preview:large, max-video-preview:-1\" \/>\n<link rel=\"canonical\" href=\"https:\/\/akunq.net\/tr\/?p=25883\" \/>\n<meta property=\"og:locale\" content=\"en_US\" \/>\n<meta property=\"og:type\" content=\"article\" \/>\n<meta property=\"og:title\" content=\"Yunan&#039;\u0131n miras\u0131na 5 milyon tazminat - Bati Ermenistan Ve Bati Ermenileri Sorunlari Ara\u015ftirmalar Merkezi\" \/>\n<meta property=\"og:description\" content=\"A\u0130HM, T\u00fcrkiye&#8217;de kendilerine miras kalan ta\u015f\u0131nmazlar\u0131 alamayan iki Yunan vatanda\u015f\u0131na Ankara&#8217;n\u0131n toplam 5 milyon euro tazminat \u00f6demesine h\u00fckmetti. T\u00fcrkiye,&#8221;m\u00fclkiyet hakk\u0131&#8221;n\u0131n ihlal edildi\u011fi gerek\u00e7esiyle iki Yunan vatanda\u015f\u0131na toplam 5 milyon euro tutar\u0131nda tazminat \u00f6demeye mahk\u00fbm oldu. Fransa&#8217;n\u0131n Strazburg kentinde faaliyet g\u00f6steren Avrupa \u0130nsan Haklar\u0131 Mahkemesi (A\u0130HM), iki Yunan vatanda\u015f\u0131n\u0131n Ioannis Fokas and Evangelos Fokas&#8217;\u0131n 2002 y\u0131l\u0131nda [&hellip;]\" \/>\n<meta property=\"og:url\" content=\"https:\/\/akunq.net\/tr\/?p=25883\" \/>\n<meta property=\"og:site_name\" content=\"Bati Ermenistan Ve Bati Ermenileri Sorunlari Ara\u015ftirmalar Merkezi\" \/>\n<meta property=\"article:published_time\" content=\"2013-10-02T06:45:06+00:00\" \/>\n<meta property=\"article:modified_time\" content=\"2013-10-02T06:45:26+00:00\" \/>\n<meta name=\"author\" content=\"admin\" \/>\n<meta name=\"twitter:card\" content=\"summary_large_image\" \/>\n<meta name=\"twitter:label1\" content=\"Written by\" \/>\n\t<meta name=\"twitter:data1\" content=\"admin\" \/>\n\t<meta name=\"twitter:label2\" content=\"Est. reading time\" \/>\n\t<meta name=\"twitter:data2\" content=\"1 minute\" \/>\n<script type=\"application\/ld+json\" class=\"yoast-schema-graph\">{\"@context\":\"https:\\\/\\\/schema.org\",\"@graph\":[{\"@type\":\"Article\",\"@id\":\"https:\\\/\\\/akunq.net\\\/tr\\\/?p=25883#article\",\"isPartOf\":{\"@id\":\"https:\\\/\\\/akunq.net\\\/tr\\\/?p=25883\"},\"author\":{\"name\":\"admin\",\"@id\":\"https:\\\/\\\/akunq.net\\\/tr\\\/#\\\/schema\\\/person\\\/096f1d38a12cce57fb855b485ed24c9e\"},\"headline\":\"Yunan&#8217;\u0131n miras\u0131na 5 milyon tazminat\",\"datePublished\":\"2013-10-02T06:45:06+00:00\",\"dateModified\":\"2013-10-02T06:45:26+00:00\",\"mainEntityOfPage\":{\"@id\":\"https:\\\/\\\/akunq.net\\\/tr\\\/?p=25883\"},\"wordCount\":297,\"commentCount\":0,\"articleSection\":[\"Haberler\"],\"inLanguage\":\"en-US\",\"potentialAction\":[{\"@type\":\"CommentAction\",\"name\":\"Comment\",\"target\":[\"https:\\\/\\\/akunq.net\\\/tr\\\/?p=25883#respond\"]}]},{\"@type\":\"WebPage\",\"@id\":\"https:\\\/\\\/akunq.net\\\/tr\\\/?p=25883\",\"url\":\"https:\\\/\\\/akunq.net\\\/tr\\\/?p=25883\",\"name\":\"Yunan'\u0131n miras\u0131na 5 milyon tazminat - Bati Ermenistan Ve Bati Ermenileri Sorunlari Ara\u015ftirmalar Merkezi\",\"isPartOf\":{\"@id\":\"https:\\\/\\\/akunq.net\\\/tr\\\/#website\"},\"datePublished\":\"2013-10-02T06:45:06+00:00\",\"dateModified\":\"2013-10-02T06:45:26+00:00\",\"author\":{\"@id\":\"https:\\\/\\\/akunq.net\\\/tr\\\/#\\\/schema\\\/person\\\/096f1d38a12cce57fb855b485ed24c9e\"},\"breadcrumb\":{\"@id\":\"https:\\\/\\\/akunq.net\\\/tr\\\/?p=25883#breadcrumb\"},\"inLanguage\":\"en-US\",\"potentialAction\":[{\"@type\":\"ReadAction\",\"target\":[\"https:\\\/\\\/akunq.net\\\/tr\\\/?p=25883\"]}]},{\"@type\":\"BreadcrumbList\",\"@id\":\"https:\\\/\\\/akunq.net\\\/tr\\\/?p=25883#breadcrumb\",\"itemListElement\":[{\"@type\":\"ListItem\",\"position\":1,\"name\":\"Home\",\"item\":\"https:\\\/\\\/akunq.net\\\/tr\"},{\"@type\":\"ListItem\",\"position\":2,\"name\":\"Yunan&#8217;\u0131n miras\u0131na 5 milyon tazminat\"}]},{\"@type\":\"WebSite\",\"@id\":\"https:\\\/\\\/akunq.net\\\/tr\\\/#website\",\"url\":\"https:\\\/\\\/akunq.net\\\/tr\\\/\",\"name\":\"Bati Ermenistan Ve Bati Ermenileri Sorunlari Ara\u015ftirmalar Merkezi\",\"description\":\"\",\"potentialAction\":[{\"@type\":\"SearchAction\",\"target\":{\"@type\":\"EntryPoint\",\"urlTemplate\":\"https:\\\/\\\/akunq.net\\\/tr\\\/?s={search_term_string}\"},\"query-input\":{\"@type\":\"PropertyValueSpecification\",\"valueRequired\":true,\"valueName\":\"search_term_string\"}}],\"inLanguage\":\"en-US\"},{\"@type\":\"Person\",\"@id\":\"https:\\\/\\\/akunq.net\\\/tr\\\/#\\\/schema\\\/person\\\/096f1d38a12cce57fb855b485ed24c9e\",\"name\":\"admin\",\"url\":\"https:\\\/\\\/akunq.net\\\/tr\\\/?author=7\"}]}<\/script>\n<!-- \/ Yoast SEO plugin. -->","yoast_head_json":{"title":"Yunan'\u0131n miras\u0131na 5 milyon tazminat - Bati Ermenistan Ve Bati Ermenileri Sorunlari Ara\u015ftirmalar Merkezi","robots":{"index":"index","follow":"follow","max-snippet":"max-snippet:-1","max-image-preview":"max-image-preview:large","max-video-preview":"max-video-preview:-1"},"canonical":"https:\/\/akunq.net\/tr\/?p=25883","og_locale":"en_US","og_type":"article","og_title":"Yunan'\u0131n miras\u0131na 5 milyon tazminat - Bati Ermenistan Ve Bati Ermenileri Sorunlari Ara\u015ftirmalar Merkezi","og_description":"A\u0130HM, T\u00fcrkiye&#8217;de kendilerine miras kalan ta\u015f\u0131nmazlar\u0131 alamayan iki Yunan vatanda\u015f\u0131na Ankara&#8217;n\u0131n toplam 5 milyon euro tazminat \u00f6demesine h\u00fckmetti. T\u00fcrkiye,&#8221;m\u00fclkiyet hakk\u0131&#8221;n\u0131n ihlal edildi\u011fi gerek\u00e7esiyle iki Yunan vatanda\u015f\u0131na toplam 5 milyon euro tutar\u0131nda tazminat \u00f6demeye mahk\u00fbm oldu. Fransa&#8217;n\u0131n Strazburg kentinde faaliyet g\u00f6steren Avrupa \u0130nsan Haklar\u0131 Mahkemesi (A\u0130HM), iki Yunan vatanda\u015f\u0131n\u0131n Ioannis Fokas and Evangelos Fokas&#8217;\u0131n 2002 y\u0131l\u0131nda [&hellip;]","og_url":"https:\/\/akunq.net\/tr\/?p=25883","og_site_name":"Bati Ermenistan Ve Bati Ermenileri Sorunlari Ara\u015ftirmalar Merkezi","article_published_time":"2013-10-02T06:45:06+00:00","article_modified_time":"2013-10-02T06:45:26+00:00","author":"admin","twitter_card":"summary_large_image","twitter_misc":{"Written by":"admin","Est. reading time":"1 minute"},"schema":{"@context":"https:\/\/schema.org","@graph":[{"@type":"Article","@id":"https:\/\/akunq.net\/tr\/?p=25883#article","isPartOf":{"@id":"https:\/\/akunq.net\/tr\/?p=25883"},"author":{"name":"admin","@id":"https:\/\/akunq.net\/tr\/#\/schema\/person\/096f1d38a12cce57fb855b485ed24c9e"},"headline":"Yunan&#8217;\u0131n miras\u0131na 5 milyon tazminat","datePublished":"2013-10-02T06:45:06+00:00","dateModified":"2013-10-02T06:45:26+00:00","mainEntityOfPage":{"@id":"https:\/\/akunq.net\/tr\/?p=25883"},"wordCount":297,"commentCount":0,"articleSection":["Haberler"],"inLanguage":"en-US","potentialAction":[{"@type":"CommentAction","name":"Comment","target":["https:\/\/akunq.net\/tr\/?p=25883#respond"]}]},{"@type":"WebPage","@id":"https:\/\/akunq.net\/tr\/?p=25883","url":"https:\/\/akunq.net\/tr\/?p=25883","name":"Yunan'\u0131n miras\u0131na 5 milyon tazminat - Bati Ermenistan Ve Bati Ermenileri Sorunlari Ara\u015ftirmalar Merkezi","isPartOf":{"@id":"https:\/\/akunq.net\/tr\/#website"},"datePublished":"2013-10-02T06:45:06+00:00","dateModified":"2013-10-02T06:45:26+00:00","author":{"@id":"https:\/\/akunq.net\/tr\/#\/schema\/person\/096f1d38a12cce57fb855b485ed24c9e"},"breadcrumb":{"@id":"https:\/\/akunq.net\/tr\/?p=25883#breadcrumb"},"inLanguage":"en-US","potentialAction":[{"@type":"ReadAction","target":["https:\/\/akunq.net\/tr\/?p=25883"]}]},{"@type":"BreadcrumbList","@id":"https:\/\/akunq.net\/tr\/?p=25883#breadcrumb","itemListElement":[{"@type":"ListItem","position":1,"name":"Home","item":"https:\/\/akunq.net\/tr"},{"@type":"ListItem","position":2,"name":"Yunan&#8217;\u0131n miras\u0131na 5 milyon tazminat"}]},{"@type":"WebSite","@id":"https:\/\/akunq.net\/tr\/#website","url":"https:\/\/akunq.net\/tr\/","name":"Bati Ermenistan Ve Bati Ermenileri Sorunlari Ara\u015ftirmalar Merkezi","description":"","potentialAction":[{"@type":"SearchAction","target":{"@type":"EntryPoint","urlTemplate":"https:\/\/akunq.net\/tr\/?s={search_term_string}"},"query-input":{"@type":"PropertyValueSpecification","valueRequired":true,"valueName":"search_term_string"}}],"inLanguage":"en-US"},{"@type":"Person","@id":"https:\/\/akunq.net\/tr\/#\/schema\/person\/096f1d38a12cce57fb855b485ed24c9e","name":"admin","url":"https:\/\/akunq.net\/tr\/?author=7"}]}},"_links":{"self":[{"href":"https:\/\/akunq.net\/tr\/index.php?rest_route=\/wp\/v2\/posts\/25883","targetHints":{"allow":["GET"]}}],"collection":[{"href":"https:\/\/akunq.net\/tr\/index.php?rest_route=\/wp\/v2\/posts"}],"about":[{"href":"https:\/\/akunq.net\/tr\/index.php?rest_route=\/wp\/v2\/types\/post"}],"author":[{"embeddable":true,"href":"https:\/\/akunq.net\/tr\/index.php?rest_route=\/wp\/v2\/users\/7"}],"replies":[{"embeddable":true,"href":"https:\/\/akunq.net\/tr\/index.php?rest_route=%2Fwp%2Fv2%2Fcomments&post=25883"}],"version-history":[{"count":2,"href":"https:\/\/akunq.net\/tr\/index.php?rest_route=\/wp\/v2\/posts\/25883\/revisions"}],"predecessor-version":[{"id":25886,"href":"https:\/\/akunq.net\/tr\/index.php?rest_route=\/wp\/v2\/posts\/25883\/revisions\/25886"}],"wp:attachment":[{"href":"https:\/\/akunq.net\/tr\/index.php?rest_route=%2Fwp%2Fv2%2Fmedia&parent=25883"}],"wp:term":[{"taxonomy":"category","embeddable":true,"href":"https:\/\/akunq.net\/tr\/index.php?rest_route=%2Fwp%2Fv2%2Fcategories&post=25883"},{"taxonomy":"post_tag","embeddable":true,"href":"https:\/\/akunq.net\/tr\/index.php?rest_route=%2Fwp%2Fv2%2Ftags&post=25883"}],"curies":[{"name":"wp","href":"https:\/\/api.w.org\/{rel}","templated":true}]}}