{"id":25863,"date":"2013-10-01T03:04:37","date_gmt":"2013-10-01T08:04:37","guid":{"rendered":"http:\/\/akunq.net\/tr\/?p=25863"},"modified":"2013-10-01T03:04:57","modified_gmt":"2013-10-01T08:04:57","slug":"charles-aznavour-ermenistan-kapilarini-musluman-ermenilere-de-acmali","status":"publish","type":"post","link":"https:\/\/akunq.net\/tr\/?p=25863","title":{"rendered":"Charles Aznavour: Ermenistan kap\u0131lar\u0131n\u0131 M\u00fcsl\u00fcman Ermenilere de a\u00e7mal\u0131"},"content":{"rendered":"<h5 style=\"text-align: justify;\"><b><i><a href=\"http:\/\/akunq.net\/tr\/wp-content\/uploads\/2013\/10\/\u0531\u0566\u0576\u0561\u057e\u0578\u0582\u0580.jpg\"><img loading=\"lazy\" decoding=\"async\" class=\"alignright size-medium wp-image-25864\" alt=\"\u0531\u0566\u0576\u0561\u057e\u0578\u0582\u0580\" src=\"http:\/\/akunq.net\/tr\/wp-content\/uploads\/2013\/10\/\u0531\u0566\u0576\u0561\u057e\u0578\u0582\u0580-300x240.jpg\" width=\"300\" height=\"240\" srcset=\"https:\/\/akunq.net\/tr\/wp-content\/uploads\/sites\/6\/2013\/10\/\u0531\u0566\u0576\u0561\u057e\u0578\u0582\u0580-300x240.jpg 300w, https:\/\/akunq.net\/tr\/wp-content\/uploads\/sites\/6\/2013\/10\/\u0531\u0566\u0576\u0561\u057e\u0578\u0582\u0580.jpg 400w\" sizes=\"auto, (max-width: 300px) 100vw, 300px\" \/><\/a>\u00dcnl\u00fc Ermeni \u015fark\u0131c\u0131 Charles Aznavour, Ermenistan Cumhurba\u015fkan\u0131 ile yapt\u0131\u011f\u0131 g\u00f6r\u00fc\u015fmede, &#8220;Ermenistan&#8217;\u0131n kap\u0131lar\u0131n\u0131 \u0130slam dinini se\u00e7en Ermeni diyasporas\u0131na da a\u00e7mas\u0131 gerekti\u011fini&#8221; s\u00f6yledi\u011fini ama 3 senedir bu konu hakk\u0131nda bir yan\u0131t alamad\u0131\u011f\u0131n\u0131 a\u00e7\u0131klad\u0131.<\/i><\/b><\/h5>\n<p style=\"text-align: justify;\"><strong><i>LYON \u2013<\/i><\/strong><b>\u00a0<\/b>Ermeni as\u0131ll\u0131 \u00fcnl\u00fc Frans\u0131z \u015fark\u0131c\u0131 Charles Aznavour, Ermenistan Cumhurba\u015fkan\u0131 ile Paris&#8217;te yapt\u0131\u011f\u0131 g\u00f6r\u00fc\u015fmede, &#8220;Ermenistan&#8217;\u0131n kap\u0131lar\u0131n\u0131 \u0130slam dinini se\u00e7en Ermeni diyasporas\u0131na da a\u00e7mas\u0131 gerekti\u011fini; bir ulusun &#8216;her dinden insanlardan olu\u015ftu\u011funu&#8217; ve her vatanda\u015f\u0131na bir i\u015f ve bar\u0131nacak yer vermesi gerekti\u011fini&#8221; s\u00f6yledi\u011fini ama 3 senedir Ermenistan&#8217;dan bu konu hakk\u0131nda bir\u00a0<a href=\"http:\/\/www.radikal.com.tr\/\">haber<\/a>alamad\u0131\u011f\u0131n\u0131 a\u00e7\u0131klad\u0131.<\/p>\n<p style=\"text-align: justify;\">Fransa&#8217;n\u0131n ayn\u0131 zamanda kalabal\u0131k bir T\u00fcrk n\u00fcfusuna sahip olan Montelimar kentinde isminin verildi\u011fi kongre salonunun a\u00e7\u0131l\u0131\u015f\u0131 i\u00e7in gelen \u015fark\u0131c\u0131 ve Ermenistan&#8217;\u0131n UNESCO b\u00fcy\u00fckel\u00e7isi Charles Aznavour b\u00f6lgesel gazete Le Dauphine&#8217;ye verdi\u011fi r\u00f6portajda Ermenistan ile\u00a0<a href=\"http:\/\/www.radikal.com.tr\/index\/Turkiye\">T\u00fcrkiye<\/a>\u00a0&#8216;nin yakla\u015fmalar\u0131ndan yana oldu\u011funu s\u00f6yledi.<\/p>\n<p style=\"text-align: justify;\"><b>ERMEN\u0130STAN KAPILARINI M\u00dcSL\u00dcMAN D\u0130YASPORAYA DA A\u00c7MALI<\/b><br \/>\nErmenistan Cumhurba\u015fkan\u0131 ile Paris&#8217;te yapt\u0131\u011f\u0131 g\u00f6r\u00fc\u015fmede, &#8220;Ermenistan&#8217;\u0131n kap\u0131lar\u0131n\u0131 \u0130slam dinini se\u00e7en Ermeni diyasporas\u0131na da a\u00e7mas\u0131 gerekti\u011fini; bir ulusun &#8216;her dinden insanlardan olu\u015ftu\u011funu&#8217; ve her vatanda\u015f\u0131na bir i\u015f ve bar\u0131nacak yer vermesi gerekti\u011fini&#8221; s\u00f6yledi\u011fini ama 3 senedir Ermenistan&#8217;dan bu konu hakk\u0131nda bir haber alamad\u0131\u011f\u0131n\u0131 a\u00e7\u0131klad\u0131.<br \/>\n<b><br \/>\nT\u00dcRK\u0130YE \u0130LE YAKINLA\u015eMADAN YANA<\/b><br \/>\nLe Dauphine&#8217;ye T\u00fcrkiye ile Ermenistan&#8217;\u0131n yak\u0131nla\u015fmalar\u0131ndan yana oldu\u011funu s\u00f6yleyen \u00fcnl\u00fc \u015fark\u0131c\u0131, bir \u00e7ok Ermeninin buna kar\u015f\u0131 olduklar\u0131n\u0131, &#8220;Ermeni soyk\u0131r\u0131m\u0131n\u0131n&#8221; neredeyse 100. y\u0131l\u0131na gelindi\u011fini, fakat bundan \u00f6nemlisi T\u00fcrkiye ile Ermenistan aras\u0131ndaki s\u0131n\u0131r\u0131n a\u00e7\u0131lmas\u0131 oldu\u011funu belirtti.<\/p>\n<p style=\"text-align: justify;\">Gen\u00e7 ya\u015flarda bir kere T\u00fcrkiye&#8217;ye gitti\u011fini s\u00f6yleyen Charles Aznavour, annesinin do\u011fmu\u015f oldu\u011fu \u00fclkeye bir kez daha gitmek istedi\u011fini ve Paris&#8217;te ya\u015fayan T\u00fcrk yazar Nedim G\u00fcrsel&#8217;in kendisine e\u015flik etmek istedi\u011fini belirtti,\u00a0<br \/>\nT\u00fcrkiye&#8217;ye geldi\u011finde Ermeni sorunu ve T\u00fcrkiye&#8217;nin\u00a0<a href=\"http:\/\/www.radikal.com.tr\/index\/AB\">AB<\/a>\u00a0\u00fcyeli\u011fi konular\u0131na de\u011finmek istemedi\u011fini belirten Aznavour, T\u00fcrk halk\u0131 ile bir sorunu olmad\u0131\u011f\u0131n\u0131,\u00a0<a href=\"http:\/\/www.radikal.com.tr\/index\/Ankara\">Ankara<\/a>\u00a0&#8216;n\u0131n Ermeni sorununa bak\u0131\u015f a\u00e7\u0131s\u0131na kar\u015f\u0131 oldu\u011funu s\u00f6yledi.<\/p>\n<p style=\"text-align: justify;\">T\u00fcrkiye&#8217;ye giderken risk al\u0131p almad\u0131\u011f\u0131 sorusuna &#8220;Bu ya\u015fta bana ate\u015f edip \u00f6ld\u00fcr\u00fcrlerse beni kahraman yaparlar&#8221; cevab\u0131n\u0131 veren Charles Aznavour &#8220;Ermeni meselesi konusunda angaje olmamak al\u00e7akl\u0131kt\u0131r, ben \u00f6mr\u00fcm boyunca al\u00e7akl\u0131k yapmad\u0131m&#8221; cevab\u0131n\u0131 verdi.<\/p>\n<p style=\"text-align: justify;\"><strong><i>ENG\u0130N AKG\u00dcRB\u00dcZ \/ DHA<\/i><\/strong><\/p>\n<p style=\"text-align: justify;\"><a href=\"http:\/\/www.radikal.com.tr\/dunya\/charles_aznavour_ermenistan_kapilarini_musluman_ermenilere_de_acmali-1153214\"><b><i>http:\/\/www.radikal.com.tr\/dunya\/charles_aznavour_ermenistan_kapilarini_musluman_ermenilere_de_acmali-1153214<\/i><\/b><\/a><\/p>\n","protected":false},"excerpt":{"rendered":"<p>\u00dcnl\u00fc Ermeni \u015fark\u0131c\u0131 Charles Aznavour, Ermenistan Cumhurba\u015fkan\u0131 ile yapt\u0131\u011f\u0131 g\u00f6r\u00fc\u015fmede, &#8220;Ermenistan&#8217;\u0131n kap\u0131lar\u0131n\u0131 \u0130slam dinini se\u00e7en Ermeni diyasporas\u0131na da a\u00e7mas\u0131 gerekti\u011fini&#8221; s\u00f6yledi\u011fini ama 3 senedir bu konu hakk\u0131nda bir yan\u0131t alamad\u0131\u011f\u0131n\u0131 a\u00e7\u0131klad\u0131. LYON \u2013\u00a0Ermeni as\u0131ll\u0131 \u00fcnl\u00fc Frans\u0131z \u015fark\u0131c\u0131 Charles Aznavour, Ermenistan Cumhurba\u015fkan\u0131 ile Paris&#8217;te yapt\u0131\u011f\u0131 g\u00f6r\u00fc\u015fmede, &#8220;Ermenistan&#8217;\u0131n kap\u0131lar\u0131n\u0131 \u0130slam dinini se\u00e7en Ermeni diyasporas\u0131na da a\u00e7mas\u0131 gerekti\u011fini; [&hellip;]<\/p>\n","protected":false},"author":7,"featured_media":0,"comment_status":"open","ping_status":"open","sticky":false,"template":"","format":"standard","meta":{"footnotes":""},"categories":[1],"tags":[],"class_list":["post-25863","post","type-post","status-publish","format-standard","hentry","category-haberler"],"yoast_head":"<!-- This site is optimized with the Yoast SEO plugin v27.4 - https:\/\/yoast.com\/product\/yoast-seo-wordpress\/ -->\n<title>Charles Aznavour: Ermenistan kap\u0131lar\u0131n\u0131 M\u00fcsl\u00fcman Ermenilere de a\u00e7mal\u0131 - Bati Ermenistan Ve Bati Ermenileri Sorunlari Ara\u015ftirmalar Merkezi<\/title>\n<meta name=\"robots\" content=\"index, follow, max-snippet:-1, max-image-preview:large, max-video-preview:-1\" \/>\n<link rel=\"canonical\" href=\"https:\/\/akunq.net\/tr\/?p=25863\" \/>\n<meta property=\"og:locale\" content=\"en_US\" \/>\n<meta property=\"og:type\" content=\"article\" \/>\n<meta property=\"og:title\" content=\"Charles Aznavour: Ermenistan kap\u0131lar\u0131n\u0131 M\u00fcsl\u00fcman Ermenilere de a\u00e7mal\u0131 - Bati Ermenistan Ve Bati Ermenileri Sorunlari Ara\u015ftirmalar Merkezi\" \/>\n<meta property=\"og:description\" content=\"\u00dcnl\u00fc Ermeni \u015fark\u0131c\u0131 Charles Aznavour, Ermenistan Cumhurba\u015fkan\u0131 ile yapt\u0131\u011f\u0131 g\u00f6r\u00fc\u015fmede, &#8220;Ermenistan&#8217;\u0131n kap\u0131lar\u0131n\u0131 \u0130slam dinini se\u00e7en Ermeni diyasporas\u0131na da a\u00e7mas\u0131 gerekti\u011fini&#8221; s\u00f6yledi\u011fini ama 3 senedir bu konu hakk\u0131nda bir yan\u0131t alamad\u0131\u011f\u0131n\u0131 a\u00e7\u0131klad\u0131. LYON \u2013\u00a0Ermeni as\u0131ll\u0131 \u00fcnl\u00fc Frans\u0131z \u015fark\u0131c\u0131 Charles Aznavour, Ermenistan Cumhurba\u015fkan\u0131 ile Paris&#8217;te yapt\u0131\u011f\u0131 g\u00f6r\u00fc\u015fmede, &#8220;Ermenistan&#8217;\u0131n kap\u0131lar\u0131n\u0131 \u0130slam dinini se\u00e7en Ermeni diyasporas\u0131na da a\u00e7mas\u0131 gerekti\u011fini; [&hellip;]\" \/>\n<meta property=\"og:url\" content=\"https:\/\/akunq.net\/tr\/?p=25863\" \/>\n<meta property=\"og:site_name\" content=\"Bati Ermenistan Ve Bati Ermenileri Sorunlari Ara\u015ftirmalar Merkezi\" \/>\n<meta property=\"article:published_time\" content=\"2013-10-01T08:04:37+00:00\" \/>\n<meta property=\"article:modified_time\" content=\"2013-10-01T08:04:57+00:00\" \/>\n<meta name=\"author\" content=\"admin\" \/>\n<meta name=\"twitter:card\" content=\"summary_large_image\" \/>\n<meta name=\"twitter:label1\" content=\"Written by\" \/>\n\t<meta name=\"twitter:data1\" content=\"admin\" \/>\n\t<meta name=\"twitter:label2\" content=\"Est. reading time\" \/>\n\t<meta name=\"twitter:data2\" content=\"2 minutes\" \/>\n<script type=\"application\/ld+json\" class=\"yoast-schema-graph\">{\"@context\":\"https:\\\/\\\/schema.org\",\"@graph\":[{\"@type\":\"Article\",\"@id\":\"https:\\\/\\\/akunq.net\\\/tr\\\/?p=25863#article\",\"isPartOf\":{\"@id\":\"https:\\\/\\\/akunq.net\\\/tr\\\/?p=25863\"},\"author\":{\"name\":\"admin\",\"@id\":\"https:\\\/\\\/akunq.net\\\/tr\\\/#\\\/schema\\\/person\\\/096f1d38a12cce57fb855b485ed24c9e\"},\"headline\":\"Charles Aznavour: Ermenistan kap\u0131lar\u0131n\u0131 M\u00fcsl\u00fcman Ermenilere de a\u00e7mal\u0131\",\"datePublished\":\"2013-10-01T08:04:37+00:00\",\"dateModified\":\"2013-10-01T08:04:57+00:00\",\"mainEntityOfPage\":{\"@id\":\"https:\\\/\\\/akunq.net\\\/tr\\\/?p=25863\"},\"wordCount\":479,\"commentCount\":0,\"articleSection\":[\"Haberler\"],\"inLanguage\":\"en-US\",\"potentialAction\":[{\"@type\":\"CommentAction\",\"name\":\"Comment\",\"target\":[\"https:\\\/\\\/akunq.net\\\/tr\\\/?p=25863#respond\"]}]},{\"@type\":\"WebPage\",\"@id\":\"https:\\\/\\\/akunq.net\\\/tr\\\/?p=25863\",\"url\":\"https:\\\/\\\/akunq.net\\\/tr\\\/?p=25863\",\"name\":\"Charles Aznavour: Ermenistan kap\u0131lar\u0131n\u0131 M\u00fcsl\u00fcman Ermenilere de a\u00e7mal\u0131 - Bati Ermenistan Ve Bati Ermenileri Sorunlari Ara\u015ftirmalar Merkezi\",\"isPartOf\":{\"@id\":\"https:\\\/\\\/akunq.net\\\/tr\\\/#website\"},\"datePublished\":\"2013-10-01T08:04:37+00:00\",\"dateModified\":\"2013-10-01T08:04:57+00:00\",\"author\":{\"@id\":\"https:\\\/\\\/akunq.net\\\/tr\\\/#\\\/schema\\\/person\\\/096f1d38a12cce57fb855b485ed24c9e\"},\"breadcrumb\":{\"@id\":\"https:\\\/\\\/akunq.net\\\/tr\\\/?p=25863#breadcrumb\"},\"inLanguage\":\"en-US\",\"potentialAction\":[{\"@type\":\"ReadAction\",\"target\":[\"https:\\\/\\\/akunq.net\\\/tr\\\/?p=25863\"]}]},{\"@type\":\"BreadcrumbList\",\"@id\":\"https:\\\/\\\/akunq.net\\\/tr\\\/?p=25863#breadcrumb\",\"itemListElement\":[{\"@type\":\"ListItem\",\"position\":1,\"name\":\"Home\",\"item\":\"https:\\\/\\\/akunq.net\\\/tr\"},{\"@type\":\"ListItem\",\"position\":2,\"name\":\"Charles Aznavour: Ermenistan kap\u0131lar\u0131n\u0131 M\u00fcsl\u00fcman Ermenilere de a\u00e7mal\u0131\"}]},{\"@type\":\"WebSite\",\"@id\":\"https:\\\/\\\/akunq.net\\\/tr\\\/#website\",\"url\":\"https:\\\/\\\/akunq.net\\\/tr\\\/\",\"name\":\"Bati Ermenistan Ve Bati Ermenileri Sorunlari Ara\u015ftirmalar Merkezi\",\"description\":\"\",\"potentialAction\":[{\"@type\":\"SearchAction\",\"target\":{\"@type\":\"EntryPoint\",\"urlTemplate\":\"https:\\\/\\\/akunq.net\\\/tr\\\/?s={search_term_string}\"},\"query-input\":{\"@type\":\"PropertyValueSpecification\",\"valueRequired\":true,\"valueName\":\"search_term_string\"}}],\"inLanguage\":\"en-US\"},{\"@type\":\"Person\",\"@id\":\"https:\\\/\\\/akunq.net\\\/tr\\\/#\\\/schema\\\/person\\\/096f1d38a12cce57fb855b485ed24c9e\",\"name\":\"admin\",\"url\":\"https:\\\/\\\/akunq.net\\\/tr\\\/?author=7\"}]}<\/script>\n<!-- \/ Yoast SEO plugin. -->","yoast_head_json":{"title":"Charles Aznavour: Ermenistan kap\u0131lar\u0131n\u0131 M\u00fcsl\u00fcman Ermenilere de a\u00e7mal\u0131 - Bati Ermenistan Ve Bati Ermenileri Sorunlari Ara\u015ftirmalar Merkezi","robots":{"index":"index","follow":"follow","max-snippet":"max-snippet:-1","max-image-preview":"max-image-preview:large","max-video-preview":"max-video-preview:-1"},"canonical":"https:\/\/akunq.net\/tr\/?p=25863","og_locale":"en_US","og_type":"article","og_title":"Charles Aznavour: Ermenistan kap\u0131lar\u0131n\u0131 M\u00fcsl\u00fcman Ermenilere de a\u00e7mal\u0131 - Bati Ermenistan Ve Bati Ermenileri Sorunlari Ara\u015ftirmalar Merkezi","og_description":"\u00dcnl\u00fc Ermeni \u015fark\u0131c\u0131 Charles Aznavour, Ermenistan Cumhurba\u015fkan\u0131 ile yapt\u0131\u011f\u0131 g\u00f6r\u00fc\u015fmede, &#8220;Ermenistan&#8217;\u0131n kap\u0131lar\u0131n\u0131 \u0130slam dinini se\u00e7en Ermeni diyasporas\u0131na da a\u00e7mas\u0131 gerekti\u011fini&#8221; s\u00f6yledi\u011fini ama 3 senedir bu konu hakk\u0131nda bir yan\u0131t alamad\u0131\u011f\u0131n\u0131 a\u00e7\u0131klad\u0131. LYON \u2013\u00a0Ermeni as\u0131ll\u0131 \u00fcnl\u00fc Frans\u0131z \u015fark\u0131c\u0131 Charles Aznavour, Ermenistan Cumhurba\u015fkan\u0131 ile Paris&#8217;te yapt\u0131\u011f\u0131 g\u00f6r\u00fc\u015fmede, &#8220;Ermenistan&#8217;\u0131n kap\u0131lar\u0131n\u0131 \u0130slam dinini se\u00e7en Ermeni diyasporas\u0131na da a\u00e7mas\u0131 gerekti\u011fini; [&hellip;]","og_url":"https:\/\/akunq.net\/tr\/?p=25863","og_site_name":"Bati Ermenistan Ve Bati Ermenileri Sorunlari Ara\u015ftirmalar Merkezi","article_published_time":"2013-10-01T08:04:37+00:00","article_modified_time":"2013-10-01T08:04:57+00:00","author":"admin","twitter_card":"summary_large_image","twitter_misc":{"Written by":"admin","Est. reading time":"2 minutes"},"schema":{"@context":"https:\/\/schema.org","@graph":[{"@type":"Article","@id":"https:\/\/akunq.net\/tr\/?p=25863#article","isPartOf":{"@id":"https:\/\/akunq.net\/tr\/?p=25863"},"author":{"name":"admin","@id":"https:\/\/akunq.net\/tr\/#\/schema\/person\/096f1d38a12cce57fb855b485ed24c9e"},"headline":"Charles Aznavour: Ermenistan kap\u0131lar\u0131n\u0131 M\u00fcsl\u00fcman Ermenilere de a\u00e7mal\u0131","datePublished":"2013-10-01T08:04:37+00:00","dateModified":"2013-10-01T08:04:57+00:00","mainEntityOfPage":{"@id":"https:\/\/akunq.net\/tr\/?p=25863"},"wordCount":479,"commentCount":0,"articleSection":["Haberler"],"inLanguage":"en-US","potentialAction":[{"@type":"CommentAction","name":"Comment","target":["https:\/\/akunq.net\/tr\/?p=25863#respond"]}]},{"@type":"WebPage","@id":"https:\/\/akunq.net\/tr\/?p=25863","url":"https:\/\/akunq.net\/tr\/?p=25863","name":"Charles Aznavour: Ermenistan kap\u0131lar\u0131n\u0131 M\u00fcsl\u00fcman Ermenilere de a\u00e7mal\u0131 - Bati Ermenistan Ve Bati Ermenileri Sorunlari Ara\u015ftirmalar Merkezi","isPartOf":{"@id":"https:\/\/akunq.net\/tr\/#website"},"datePublished":"2013-10-01T08:04:37+00:00","dateModified":"2013-10-01T08:04:57+00:00","author":{"@id":"https:\/\/akunq.net\/tr\/#\/schema\/person\/096f1d38a12cce57fb855b485ed24c9e"},"breadcrumb":{"@id":"https:\/\/akunq.net\/tr\/?p=25863#breadcrumb"},"inLanguage":"en-US","potentialAction":[{"@type":"ReadAction","target":["https:\/\/akunq.net\/tr\/?p=25863"]}]},{"@type":"BreadcrumbList","@id":"https:\/\/akunq.net\/tr\/?p=25863#breadcrumb","itemListElement":[{"@type":"ListItem","position":1,"name":"Home","item":"https:\/\/akunq.net\/tr"},{"@type":"ListItem","position":2,"name":"Charles Aznavour: Ermenistan kap\u0131lar\u0131n\u0131 M\u00fcsl\u00fcman Ermenilere de a\u00e7mal\u0131"}]},{"@type":"WebSite","@id":"https:\/\/akunq.net\/tr\/#website","url":"https:\/\/akunq.net\/tr\/","name":"Bati Ermenistan Ve Bati Ermenileri Sorunlari Ara\u015ftirmalar Merkezi","description":"","potentialAction":[{"@type":"SearchAction","target":{"@type":"EntryPoint","urlTemplate":"https:\/\/akunq.net\/tr\/?s={search_term_string}"},"query-input":{"@type":"PropertyValueSpecification","valueRequired":true,"valueName":"search_term_string"}}],"inLanguage":"en-US"},{"@type":"Person","@id":"https:\/\/akunq.net\/tr\/#\/schema\/person\/096f1d38a12cce57fb855b485ed24c9e","name":"admin","url":"https:\/\/akunq.net\/tr\/?author=7"}]}},"_links":{"self":[{"href":"https:\/\/akunq.net\/tr\/index.php?rest_route=\/wp\/v2\/posts\/25863","targetHints":{"allow":["GET"]}}],"collection":[{"href":"https:\/\/akunq.net\/tr\/index.php?rest_route=\/wp\/v2\/posts"}],"about":[{"href":"https:\/\/akunq.net\/tr\/index.php?rest_route=\/wp\/v2\/types\/post"}],"author":[{"embeddable":true,"href":"https:\/\/akunq.net\/tr\/index.php?rest_route=\/wp\/v2\/users\/7"}],"replies":[{"embeddable":true,"href":"https:\/\/akunq.net\/tr\/index.php?rest_route=%2Fwp%2Fv2%2Fcomments&post=25863"}],"version-history":[{"count":2,"href":"https:\/\/akunq.net\/tr\/index.php?rest_route=\/wp\/v2\/posts\/25863\/revisions"}],"predecessor-version":[{"id":25866,"href":"https:\/\/akunq.net\/tr\/index.php?rest_route=\/wp\/v2\/posts\/25863\/revisions\/25866"}],"wp:attachment":[{"href":"https:\/\/akunq.net\/tr\/index.php?rest_route=%2Fwp%2Fv2%2Fmedia&parent=25863"}],"wp:term":[{"taxonomy":"category","embeddable":true,"href":"https:\/\/akunq.net\/tr\/index.php?rest_route=%2Fwp%2Fv2%2Fcategories&post=25863"},{"taxonomy":"post_tag","embeddable":true,"href":"https:\/\/akunq.net\/tr\/index.php?rest_route=%2Fwp%2Fv2%2Ftags&post=25863"}],"curies":[{"name":"wp","href":"https:\/\/api.w.org\/{rel}","templated":true}]}}