{"id":25851,"date":"2013-10-01T01:38:50","date_gmt":"2013-10-01T06:38:50","guid":{"rendered":"http:\/\/akunq.net\/tr\/?p=25851"},"modified":"2013-10-01T01:38:50","modified_gmt":"2013-10-01T06:38:50","slug":"nalbandyan-soykirimin-taninmasi-kinanmasi-ve-engellenmesi-bizim-icin-oncekliler-olarak-kalmaya-devam-etmekte","status":"publish","type":"post","link":"https:\/\/akunq.net\/tr\/?p=25851","title":{"rendered":"Nalbandyan: Soyk\u0131r\u0131m\u0131n tan\u0131nmas\u0131, k\u0131nanmas\u0131 ve engellenmesi bizim i\u00e7in \u00f6ncekliler olarak kalmaya devam etmekte"},"content":{"rendered":"<p style=\"text-align: justify;\"><b><i><a href=\"http:\/\/akunq.net\/tr\/wp-content\/uploads\/2013\/10\/Edward-Nalbandyan.jpg\"><img loading=\"lazy\" decoding=\"async\" class=\"alignright size-medium wp-image-25852\" alt=\"Edward Nalbandyan\" src=\"http:\/\/akunq.net\/tr\/wp-content\/uploads\/2013\/10\/Edward-Nalbandyan-300x225.jpg\" width=\"300\" height=\"225\" srcset=\"https:\/\/akunq.net\/tr\/wp-content\/uploads\/sites\/6\/2013\/10\/Edward-Nalbandyan-300x225.jpg 300w, https:\/\/akunq.net\/tr\/wp-content\/uploads\/sites\/6\/2013\/10\/Edward-Nalbandyan.jpg 312w\" sizes=\"auto, (max-width: 300px) 100vw, 300px\" \/><\/a>Soyk\u0131r\u0131m\u0131n tan\u0131nmas\u0131, k\u0131nanmas\u0131 ve engellenmesi Ermenistan i\u00e7in \u00f6ncekli konular olarak kalmaya devam etmekte. A\u00e7\u0131klama 28 Eyl\u00fcl\u2019de BM Genel Kurulu 68. Oturum D\u00f6nemi\u00e7er \u00e7er\u00e7evesinde yapt\u0131\u011f\u0131 konu\u015fma esnas\u0131nda Ermenistan D\u0131\u015fi\u015fleri Bakan\u0131 Edward Nalbandyan\u2019dan geldi.<\/i><\/b><\/p>\n<p style=\"text-align: justify;\">Nalbandyan \u015funlar\u0131 kaydetti: \u2033Bu y\u0131l Mart ay\u0131nda, BM \u0130nsan Haklar\u0131 Komisyonu Ermenistan\u2019\u0131n giri\u015fimi ve 60\u2019\u0131 a\u015fk\u0131n \u00fclkenin kat\u0131l\u0131m\u0131yla \u00abSoyk\u0131r\u0131mlar\u0131n Engellenmesi Tasar\u0131s\u0131\u00bbn\u0131 kabul etti.<\/p>\n<p style=\"text-align: justify;\">Biz, insanl\u0131\u011fa kar\u015f\u0131 su\u00e7lar i\u00e7in sorumluluk ve inkarc\u0131l\u0131k meselelerine de \u00f6ncelikli \u00f6nem vererek, soyk\u0131r\u0131m su\u00e7unun yeni ifadelerinin engellenmesine y\u00f6nelik gerekli ad\u0131mlara te\u015febb\u00fcs edece\u011fiz.<\/p>\n<p style=\"text-align: justify;\">20. yy.\u2019\u0131n ilk Soyk\u0131r\u0131m\u0131n\u0131 ya\u015fam\u0131\u015f bir halk olarak Ermenistan kesinlikle, insanl\u0131\u011fa kar\u015f\u0131 su\u00e7 i\u015flemi\u015flere y\u00f6nelik herhangi bir dokunulmazl\u0131k\u00a0 veya af olana\u011f\u0131n\u0131n istisnas\u0131 i\u00e7in BM \u00fcyesi \u00fclkeler taraf\u0131ndan ifade edilen net tutumu memnuniyetle kar\u015f\u0131lamaktad\u0131r. \u2033<\/p>\n<p style=\"text-align: justify;\">Bu y\u0131l May\u0131s ay\u0131nda\u00a0 Ermenistan\u2019\u0131n Avrupa Konseyi Bakanlar Komitesi ba\u015fkanl\u0131\u011f\u0131n\u0131 \u00fcstlenmesi konusuna ili\u015fkin olarak Nalbandyan, ayr\u0131mc\u0131l\u0131k, ho\u015fg\u00f6r\u00fcs\u00fczl\u00fck, yabanc\u0131 d\u00fc\u015fmanl\u0131\u011f\u0131n\u0131n tohumlar\u0131n\u0131n ekilmesiyle m\u00fccadelede iki kurulu\u015f aras\u0131nda i\u015fbirli\u011finin g\u00fc\u00e7l\u00fc bir zemin \u00fczerinde oldu\u011funu belirtti. Bu sorunlar ayn\u0131 zamanda Avrupa Konseyi Bakanlar Komitesinde Ermenistan d\u00f6nem ba\u015fkanl\u0131\u011f\u0131n\u0131n \u00f6ncelikleri aras\u0131nda, bunlar hem BM hem de Avrupa Konseyi \u00fcyesi \u00fclkeler i\u00e7in \u00e7ok \u00f6nemli sorunlar.<\/p>\n<p style=\"text-align: justify;\">Nalbandyan \u2033Ermenistan BM\u2019in kurumsal kabiliyetlerinin\u00a0 peki\u015ftirilmesini desteklemektedir. BM reform s\u00fcrecini destekliyoruz ve buna katk\u0131m\u0131z\u0131 getirmeye haz\u0131r\u0131z. Reformlar\u0131n, kurulu\u015fu\u00a0 uluslararas\u0131 toplumun \u00f6nemli sorunlar\u0131n\u0131n \u00e7\u00f6z\u00fcm\u00fc i\u00e7in rol\u00fcn\u00fc art\u0131rma olana\u011f\u0131 sa\u011flayaca\u011f\u0131na inan\u0131yoruz.\u2033 dedi.<\/p>\n<p style=\"text-align: justify;\"><b><i>http:\/\/news.am\/tur\/news\/173613.html<\/i><\/b><\/p>\n","protected":false},"excerpt":{"rendered":"<p>Soyk\u0131r\u0131m\u0131n tan\u0131nmas\u0131, k\u0131nanmas\u0131 ve engellenmesi Ermenistan i\u00e7in \u00f6ncekli konular olarak kalmaya devam etmekte. A\u00e7\u0131klama 28 Eyl\u00fcl\u2019de BM Genel Kurulu 68. Oturum D\u00f6nemi\u00e7er \u00e7er\u00e7evesinde yapt\u0131\u011f\u0131 konu\u015fma esnas\u0131nda Ermenistan D\u0131\u015fi\u015fleri Bakan\u0131 Edward Nalbandyan\u2019dan geldi. Nalbandyan \u015funlar\u0131 kaydetti: \u2033Bu y\u0131l Mart ay\u0131nda, BM \u0130nsan Haklar\u0131 Komisyonu Ermenistan\u2019\u0131n giri\u015fimi ve 60\u2019\u0131 a\u015fk\u0131n \u00fclkenin kat\u0131l\u0131m\u0131yla \u00abSoyk\u0131r\u0131mlar\u0131n Engellenmesi Tasar\u0131s\u0131\u00bbn\u0131 kabul etti. [&hellip;]<\/p>\n","protected":false},"author":7,"featured_media":0,"comment_status":"open","ping_status":"open","sticky":false,"template":"","format":"standard","meta":{"footnotes":""},"categories":[1],"tags":[],"class_list":["post-25851","post","type-post","status-publish","format-standard","hentry","category-haberler"],"yoast_head":"<!-- This site is optimized with the Yoast SEO plugin v27.4 - https:\/\/yoast.com\/product\/yoast-seo-wordpress\/ -->\n<title>Nalbandyan: Soyk\u0131r\u0131m\u0131n tan\u0131nmas\u0131, k\u0131nanmas\u0131 ve engellenmesi bizim i\u00e7in \u00f6ncekliler olarak kalmaya devam etmekte - Bati Ermenistan Ve Bati Ermenileri Sorunlari Ara\u015ftirmalar Merkezi<\/title>\n<meta name=\"robots\" content=\"index, follow, max-snippet:-1, max-image-preview:large, max-video-preview:-1\" \/>\n<link rel=\"canonical\" href=\"https:\/\/akunq.net\/tr\/?p=25851\" \/>\n<meta property=\"og:locale\" content=\"en_US\" \/>\n<meta property=\"og:type\" content=\"article\" \/>\n<meta property=\"og:title\" content=\"Nalbandyan: Soyk\u0131r\u0131m\u0131n tan\u0131nmas\u0131, k\u0131nanmas\u0131 ve engellenmesi bizim i\u00e7in \u00f6ncekliler olarak kalmaya devam etmekte - Bati Ermenistan Ve Bati Ermenileri Sorunlari Ara\u015ftirmalar Merkezi\" \/>\n<meta property=\"og:description\" content=\"Soyk\u0131r\u0131m\u0131n tan\u0131nmas\u0131, k\u0131nanmas\u0131 ve engellenmesi Ermenistan i\u00e7in \u00f6ncekli konular olarak kalmaya devam etmekte. A\u00e7\u0131klama 28 Eyl\u00fcl\u2019de BM Genel Kurulu 68. Oturum D\u00f6nemi\u00e7er \u00e7er\u00e7evesinde yapt\u0131\u011f\u0131 konu\u015fma esnas\u0131nda Ermenistan D\u0131\u015fi\u015fleri Bakan\u0131 Edward Nalbandyan\u2019dan geldi. Nalbandyan \u015funlar\u0131 kaydetti: \u2033Bu y\u0131l Mart ay\u0131nda, BM \u0130nsan Haklar\u0131 Komisyonu Ermenistan\u2019\u0131n giri\u015fimi ve 60\u2019\u0131 a\u015fk\u0131n \u00fclkenin kat\u0131l\u0131m\u0131yla \u00abSoyk\u0131r\u0131mlar\u0131n Engellenmesi Tasar\u0131s\u0131\u00bbn\u0131 kabul etti. [&hellip;]\" \/>\n<meta property=\"og:url\" content=\"https:\/\/akunq.net\/tr\/?p=25851\" \/>\n<meta property=\"og:site_name\" content=\"Bati Ermenistan Ve Bati Ermenileri Sorunlari Ara\u015ftirmalar Merkezi\" \/>\n<meta property=\"article:published_time\" content=\"2013-10-01T06:38:50+00:00\" \/>\n<meta property=\"og:image\" content=\"http:\/\/akunq.net\/tr\/wp-content\/uploads\/2013\/10\/Edward-Nalbandyan-300x225.jpg\" \/>\n<meta name=\"author\" content=\"admin\" \/>\n<meta name=\"twitter:card\" content=\"summary_large_image\" \/>\n<meta name=\"twitter:label1\" content=\"Written by\" \/>\n\t<meta name=\"twitter:data1\" content=\"admin\" \/>\n\t<meta name=\"twitter:label2\" content=\"Est. reading time\" \/>\n\t<meta name=\"twitter:data2\" content=\"2 minutes\" \/>\n<script type=\"application\/ld+json\" class=\"yoast-schema-graph\">{\"@context\":\"https:\\\/\\\/schema.org\",\"@graph\":[{\"@type\":\"Article\",\"@id\":\"https:\\\/\\\/akunq.net\\\/tr\\\/?p=25851#article\",\"isPartOf\":{\"@id\":\"https:\\\/\\\/akunq.net\\\/tr\\\/?p=25851\"},\"author\":{\"name\":\"admin\",\"@id\":\"https:\\\/\\\/akunq.net\\\/tr\\\/#\\\/schema\\\/person\\\/096f1d38a12cce57fb855b485ed24c9e\"},\"headline\":\"Nalbandyan: Soyk\u0131r\u0131m\u0131n tan\u0131nmas\u0131, k\u0131nanmas\u0131 ve engellenmesi bizim i\u00e7in \u00f6ncekliler olarak kalmaya devam etmekte\",\"datePublished\":\"2013-10-01T06:38:50+00:00\",\"mainEntityOfPage\":{\"@id\":\"https:\\\/\\\/akunq.net\\\/tr\\\/?p=25851\"},\"wordCount\":330,\"commentCount\":0,\"image\":{\"@id\":\"https:\\\/\\\/akunq.net\\\/tr\\\/?p=25851#primaryimage\"},\"thumbnailUrl\":\"http:\\\/\\\/akunq.net\\\/tr\\\/wp-content\\\/uploads\\\/2013\\\/10\\\/Edward-Nalbandyan-300x225.jpg\",\"articleSection\":[\"Haberler\"],\"inLanguage\":\"en-US\",\"potentialAction\":[{\"@type\":\"CommentAction\",\"name\":\"Comment\",\"target\":[\"https:\\\/\\\/akunq.net\\\/tr\\\/?p=25851#respond\"]}]},{\"@type\":\"WebPage\",\"@id\":\"https:\\\/\\\/akunq.net\\\/tr\\\/?p=25851\",\"url\":\"https:\\\/\\\/akunq.net\\\/tr\\\/?p=25851\",\"name\":\"Nalbandyan: Soyk\u0131r\u0131m\u0131n tan\u0131nmas\u0131, k\u0131nanmas\u0131 ve engellenmesi bizim i\u00e7in \u00f6ncekliler olarak kalmaya devam etmekte - Bati Ermenistan Ve Bati Ermenileri Sorunlari Ara\u015ftirmalar Merkezi\",\"isPartOf\":{\"@id\":\"https:\\\/\\\/akunq.net\\\/tr\\\/#website\"},\"primaryImageOfPage\":{\"@id\":\"https:\\\/\\\/akunq.net\\\/tr\\\/?p=25851#primaryimage\"},\"image\":{\"@id\":\"https:\\\/\\\/akunq.net\\\/tr\\\/?p=25851#primaryimage\"},\"thumbnailUrl\":\"http:\\\/\\\/akunq.net\\\/tr\\\/wp-content\\\/uploads\\\/2013\\\/10\\\/Edward-Nalbandyan-300x225.jpg\",\"datePublished\":\"2013-10-01T06:38:50+00:00\",\"author\":{\"@id\":\"https:\\\/\\\/akunq.net\\\/tr\\\/#\\\/schema\\\/person\\\/096f1d38a12cce57fb855b485ed24c9e\"},\"breadcrumb\":{\"@id\":\"https:\\\/\\\/akunq.net\\\/tr\\\/?p=25851#breadcrumb\"},\"inLanguage\":\"en-US\",\"potentialAction\":[{\"@type\":\"ReadAction\",\"target\":[\"https:\\\/\\\/akunq.net\\\/tr\\\/?p=25851\"]}]},{\"@type\":\"ImageObject\",\"inLanguage\":\"en-US\",\"@id\":\"https:\\\/\\\/akunq.net\\\/tr\\\/?p=25851#primaryimage\",\"url\":\"https:\\\/\\\/akunq.net\\\/tr\\\/wp-content\\\/uploads\\\/sites\\\/6\\\/2013\\\/10\\\/Edward-Nalbandyan.jpg\",\"contentUrl\":\"https:\\\/\\\/akunq.net\\\/tr\\\/wp-content\\\/uploads\\\/sites\\\/6\\\/2013\\\/10\\\/Edward-Nalbandyan.jpg\",\"width\":312,\"height\":235},{\"@type\":\"BreadcrumbList\",\"@id\":\"https:\\\/\\\/akunq.net\\\/tr\\\/?p=25851#breadcrumb\",\"itemListElement\":[{\"@type\":\"ListItem\",\"position\":1,\"name\":\"Home\",\"item\":\"https:\\\/\\\/akunq.net\\\/tr\"},{\"@type\":\"ListItem\",\"position\":2,\"name\":\"Nalbandyan: Soyk\u0131r\u0131m\u0131n tan\u0131nmas\u0131, k\u0131nanmas\u0131 ve engellenmesi bizim i\u00e7in \u00f6ncekliler olarak kalmaya devam etmekte\"}]},{\"@type\":\"WebSite\",\"@id\":\"https:\\\/\\\/akunq.net\\\/tr\\\/#website\",\"url\":\"https:\\\/\\\/akunq.net\\\/tr\\\/\",\"name\":\"Bati Ermenistan Ve Bati Ermenileri Sorunlari Ara\u015ftirmalar Merkezi\",\"description\":\"\",\"potentialAction\":[{\"@type\":\"SearchAction\",\"target\":{\"@type\":\"EntryPoint\",\"urlTemplate\":\"https:\\\/\\\/akunq.net\\\/tr\\\/?s={search_term_string}\"},\"query-input\":{\"@type\":\"PropertyValueSpecification\",\"valueRequired\":true,\"valueName\":\"search_term_string\"}}],\"inLanguage\":\"en-US\"},{\"@type\":\"Person\",\"@id\":\"https:\\\/\\\/akunq.net\\\/tr\\\/#\\\/schema\\\/person\\\/096f1d38a12cce57fb855b485ed24c9e\",\"name\":\"admin\",\"url\":\"https:\\\/\\\/akunq.net\\\/tr\\\/?author=7\"}]}<\/script>\n<!-- \/ Yoast SEO plugin. -->","yoast_head_json":{"title":"Nalbandyan: Soyk\u0131r\u0131m\u0131n tan\u0131nmas\u0131, k\u0131nanmas\u0131 ve engellenmesi bizim i\u00e7in \u00f6ncekliler olarak kalmaya devam etmekte - Bati Ermenistan Ve Bati Ermenileri Sorunlari Ara\u015ftirmalar Merkezi","robots":{"index":"index","follow":"follow","max-snippet":"max-snippet:-1","max-image-preview":"max-image-preview:large","max-video-preview":"max-video-preview:-1"},"canonical":"https:\/\/akunq.net\/tr\/?p=25851","og_locale":"en_US","og_type":"article","og_title":"Nalbandyan: Soyk\u0131r\u0131m\u0131n tan\u0131nmas\u0131, k\u0131nanmas\u0131 ve engellenmesi bizim i\u00e7in \u00f6ncekliler olarak kalmaya devam etmekte - Bati Ermenistan Ve Bati Ermenileri Sorunlari Ara\u015ftirmalar Merkezi","og_description":"Soyk\u0131r\u0131m\u0131n tan\u0131nmas\u0131, k\u0131nanmas\u0131 ve engellenmesi Ermenistan i\u00e7in \u00f6ncekli konular olarak kalmaya devam etmekte. A\u00e7\u0131klama 28 Eyl\u00fcl\u2019de BM Genel Kurulu 68. Oturum D\u00f6nemi\u00e7er \u00e7er\u00e7evesinde yapt\u0131\u011f\u0131 konu\u015fma esnas\u0131nda Ermenistan D\u0131\u015fi\u015fleri Bakan\u0131 Edward Nalbandyan\u2019dan geldi. Nalbandyan \u015funlar\u0131 kaydetti: \u2033Bu y\u0131l Mart ay\u0131nda, BM \u0130nsan Haklar\u0131 Komisyonu Ermenistan\u2019\u0131n giri\u015fimi ve 60\u2019\u0131 a\u015fk\u0131n \u00fclkenin kat\u0131l\u0131m\u0131yla \u00abSoyk\u0131r\u0131mlar\u0131n Engellenmesi Tasar\u0131s\u0131\u00bbn\u0131 kabul etti. [&hellip;]","og_url":"https:\/\/akunq.net\/tr\/?p=25851","og_site_name":"Bati Ermenistan Ve Bati Ermenileri Sorunlari Ara\u015ftirmalar Merkezi","article_published_time":"2013-10-01T06:38:50+00:00","og_image":[{"url":"http:\/\/akunq.net\/tr\/wp-content\/uploads\/2013\/10\/Edward-Nalbandyan-300x225.jpg","type":"","width":"","height":""}],"author":"admin","twitter_card":"summary_large_image","twitter_misc":{"Written by":"admin","Est. reading time":"2 minutes"},"schema":{"@context":"https:\/\/schema.org","@graph":[{"@type":"Article","@id":"https:\/\/akunq.net\/tr\/?p=25851#article","isPartOf":{"@id":"https:\/\/akunq.net\/tr\/?p=25851"},"author":{"name":"admin","@id":"https:\/\/akunq.net\/tr\/#\/schema\/person\/096f1d38a12cce57fb855b485ed24c9e"},"headline":"Nalbandyan: Soyk\u0131r\u0131m\u0131n tan\u0131nmas\u0131, k\u0131nanmas\u0131 ve engellenmesi bizim i\u00e7in \u00f6ncekliler olarak kalmaya devam etmekte","datePublished":"2013-10-01T06:38:50+00:00","mainEntityOfPage":{"@id":"https:\/\/akunq.net\/tr\/?p=25851"},"wordCount":330,"commentCount":0,"image":{"@id":"https:\/\/akunq.net\/tr\/?p=25851#primaryimage"},"thumbnailUrl":"http:\/\/akunq.net\/tr\/wp-content\/uploads\/2013\/10\/Edward-Nalbandyan-300x225.jpg","articleSection":["Haberler"],"inLanguage":"en-US","potentialAction":[{"@type":"CommentAction","name":"Comment","target":["https:\/\/akunq.net\/tr\/?p=25851#respond"]}]},{"@type":"WebPage","@id":"https:\/\/akunq.net\/tr\/?p=25851","url":"https:\/\/akunq.net\/tr\/?p=25851","name":"Nalbandyan: Soyk\u0131r\u0131m\u0131n tan\u0131nmas\u0131, k\u0131nanmas\u0131 ve engellenmesi bizim i\u00e7in \u00f6ncekliler olarak kalmaya devam etmekte - Bati Ermenistan Ve Bati Ermenileri Sorunlari Ara\u015ftirmalar Merkezi","isPartOf":{"@id":"https:\/\/akunq.net\/tr\/#website"},"primaryImageOfPage":{"@id":"https:\/\/akunq.net\/tr\/?p=25851#primaryimage"},"image":{"@id":"https:\/\/akunq.net\/tr\/?p=25851#primaryimage"},"thumbnailUrl":"http:\/\/akunq.net\/tr\/wp-content\/uploads\/2013\/10\/Edward-Nalbandyan-300x225.jpg","datePublished":"2013-10-01T06:38:50+00:00","author":{"@id":"https:\/\/akunq.net\/tr\/#\/schema\/person\/096f1d38a12cce57fb855b485ed24c9e"},"breadcrumb":{"@id":"https:\/\/akunq.net\/tr\/?p=25851#breadcrumb"},"inLanguage":"en-US","potentialAction":[{"@type":"ReadAction","target":["https:\/\/akunq.net\/tr\/?p=25851"]}]},{"@type":"ImageObject","inLanguage":"en-US","@id":"https:\/\/akunq.net\/tr\/?p=25851#primaryimage","url":"https:\/\/akunq.net\/tr\/wp-content\/uploads\/sites\/6\/2013\/10\/Edward-Nalbandyan.jpg","contentUrl":"https:\/\/akunq.net\/tr\/wp-content\/uploads\/sites\/6\/2013\/10\/Edward-Nalbandyan.jpg","width":312,"height":235},{"@type":"BreadcrumbList","@id":"https:\/\/akunq.net\/tr\/?p=25851#breadcrumb","itemListElement":[{"@type":"ListItem","position":1,"name":"Home","item":"https:\/\/akunq.net\/tr"},{"@type":"ListItem","position":2,"name":"Nalbandyan: Soyk\u0131r\u0131m\u0131n tan\u0131nmas\u0131, k\u0131nanmas\u0131 ve engellenmesi bizim i\u00e7in \u00f6ncekliler olarak kalmaya devam etmekte"}]},{"@type":"WebSite","@id":"https:\/\/akunq.net\/tr\/#website","url":"https:\/\/akunq.net\/tr\/","name":"Bati Ermenistan Ve Bati Ermenileri Sorunlari Ara\u015ftirmalar Merkezi","description":"","potentialAction":[{"@type":"SearchAction","target":{"@type":"EntryPoint","urlTemplate":"https:\/\/akunq.net\/tr\/?s={search_term_string}"},"query-input":{"@type":"PropertyValueSpecification","valueRequired":true,"valueName":"search_term_string"}}],"inLanguage":"en-US"},{"@type":"Person","@id":"https:\/\/akunq.net\/tr\/#\/schema\/person\/096f1d38a12cce57fb855b485ed24c9e","name":"admin","url":"https:\/\/akunq.net\/tr\/?author=7"}]}},"_links":{"self":[{"href":"https:\/\/akunq.net\/tr\/index.php?rest_route=\/wp\/v2\/posts\/25851","targetHints":{"allow":["GET"]}}],"collection":[{"href":"https:\/\/akunq.net\/tr\/index.php?rest_route=\/wp\/v2\/posts"}],"about":[{"href":"https:\/\/akunq.net\/tr\/index.php?rest_route=\/wp\/v2\/types\/post"}],"author":[{"embeddable":true,"href":"https:\/\/akunq.net\/tr\/index.php?rest_route=\/wp\/v2\/users\/7"}],"replies":[{"embeddable":true,"href":"https:\/\/akunq.net\/tr\/index.php?rest_route=%2Fwp%2Fv2%2Fcomments&post=25851"}],"version-history":[{"count":1,"href":"https:\/\/akunq.net\/tr\/index.php?rest_route=\/wp\/v2\/posts\/25851\/revisions"}],"predecessor-version":[{"id":25853,"href":"https:\/\/akunq.net\/tr\/index.php?rest_route=\/wp\/v2\/posts\/25851\/revisions\/25853"}],"wp:attachment":[{"href":"https:\/\/akunq.net\/tr\/index.php?rest_route=%2Fwp%2Fv2%2Fmedia&parent=25851"}],"wp:term":[{"taxonomy":"category","embeddable":true,"href":"https:\/\/akunq.net\/tr\/index.php?rest_route=%2Fwp%2Fv2%2Fcategories&post=25851"},{"taxonomy":"post_tag","embeddable":true,"href":"https:\/\/akunq.net\/tr\/index.php?rest_route=%2Fwp%2Fv2%2Ftags&post=25851"}],"curies":[{"name":"wp","href":"https:\/\/api.w.org\/{rel}","templated":true}]}}