{"id":25847,"date":"2013-10-01T01:29:33","date_gmt":"2013-10-01T06:29:33","guid":{"rendered":"http:\/\/akunq.net\/tr\/?p=25847"},"modified":"2013-10-01T01:29:49","modified_gmt":"2013-10-01T06:29:49","slug":"demirtas-kurdistan-kurdistan-olacak-mi","status":"publish","type":"post","link":"https:\/\/akunq.net\/tr\/?p=25847","title":{"rendered":"Demirta\u015f: K\u00fcrdistan K\u00fcrdistan olacak m\u0131?"},"content":{"rendered":"<p style=\"text-align: justify;\"><b><i><a href=\"http:\/\/akunq.net\/tr\/wp-content\/uploads\/2013\/10\/Selahattin-Demirta\u015f.jpg\"><img loading=\"lazy\" decoding=\"async\" class=\"alignright size-medium wp-image-25848\" alt=\"Selahattin Demirta\u015f\" src=\"http:\/\/akunq.net\/tr\/wp-content\/uploads\/2013\/10\/Selahattin-Demirta\u015f-300x202.jpg\" width=\"300\" height=\"202\" srcset=\"https:\/\/akunq.net\/tr\/wp-content\/uploads\/sites\/6\/2013\/10\/Selahattin-Demirta\u015f-300x202.jpg 300w, https:\/\/akunq.net\/tr\/wp-content\/uploads\/sites\/6\/2013\/10\/Selahattin-Demirta\u015f.jpg 478w\" sizes=\"auto, (max-width: 300px) 100vw, 300px\" \/><\/a>Selahattin Demirta\u015f, bug\u00fcn Elaz\u0131\u011f&#8217;\u0131n Karako\u00e7an, Palu ve Kovanc\u0131lar il\u00e7elerinde d\u00fczenlenen mitinglerde partililere seslendi.<\/i><\/b><\/p>\n<p style=\"text-align: justify;\"><a href=\"http:\/\/www.radikal.com.tr\/index\/BDP\">BDP<\/a> Grup Ba\u015fkan Vekili \u0130dris Baluken, milletvekili Altan Tan, Tunceli Belediye Ba\u015fkan\u0131 Edibe \u015eahin ve sanat\u00e7\u0131 Ferhat Tun\u00e7 ile ilk mitingin yap\u0131ld\u0131\u011f\u0131 Karako\u00e7an\u2019a gelen Selahattin Demirta\u015f, il\u00e7e meydan\u0131nda yakla\u015f\u0131k 2 bin ki\u015fiyi K\u00fcrt\u00e7e selamlad\u0131. Mitingde \u2019\u00d6calan\u2019a \u00f6zg\u00fcrl\u00fck, K\u00fcrtlere stat\u00fc\u2019 pankart\u0131 a\u00e7\u0131l\u0131rken Abdullah \u00d6calan lehine sloganlar at\u0131ld\u0131.<\/p>\n<p style=\"text-align: justify;\"><b>\u2019KARARLILIKLA BARI\u015eIN YOLUNDA Y\u00dcR\u00dcYORUZ\u2019<\/b><\/p>\n<p style=\"text-align: justify;\">BDP\u2019nin ger\u00e7ek halk partisi oldu\u011funu ve tarihin de\u011fi\u015fmesini vaat ettiklerini s\u00f6yleyen Demirta\u015f, \u015f\u00f6yle dedi:<\/p>\n<p style=\"text-align: justify;\">&#8220;Kimse halk\u0131m\u0131za, insan\u0131m\u0131za dininden, k\u00fclt\u00fcr\u00fcnden dolay\u0131 hor bakamaz, hakaret edemez. Bak\u0131n \u015fimdi \u00e7\u0131km\u0131\u015f birileri, 12 y\u0131ld\u0131r \u00fclkeyi y\u00f6neten <a href=\"http:\/\/www.radikal.com.tr\/index\/Adalet-Ve-Kalkinma-Partisi\">AKP<\/a> iktidar\u0131, \u2019Biz inkar\u0131 asimilasyonu bitirdik\u2019 diyor. Bu inkar\u0131n nas\u0131l bitti\u011fini <a href=\"http:\/\/www.radikal.com.tr\/index\/Recep-Tayyip-Erdogan\">Ba\u015fbakan Erdo\u011fan<\/a> bilmez, bunu Mazlum Do\u011fan\u2019a sormak laz\u0131m, o bilir nas\u0131l bitirildi\u011fini. Bunlar\u0131 sanki, bunlar \u015fimdiki iktidardakiler bah\u015fetmi\u015fler gibi g\u00f6steriyor. \u0130nanc\u0131n\u0131z\u0131n gasp\u00e7\u0131lar\u0131 \u00e7\u0131k\u0131p biz size bu haklar\u0131 bah\u015fettik diyorlar. Siz kimsiniz ki bu haklar\u0131 bize bah\u015fediyorsunuz? Biz anam\u0131zdan do\u011fmakla zaten bu haklara sahibiz. Bu topraklar\u0131 kendi mallar\u0131 gibi g\u00f6r\u00fcyorlar. K\u00fcrtler bu topraklar\u0131 terk etsin diyorlar. Bu topraklar sana babandan miras da kalmam\u0131\u015f.&#8221;<\/p>\n<p style=\"text-align: justify;\"><b>\u2019DEVLET\u0130N BU M\u0130LLETE \u015e\u00dcKRAN BORUCU VAR\u2019<\/b><\/p>\n<p style=\"text-align: justify;\">Selahattin Demirta\u015f 90 y\u0131ld\u0131r cop, panzer, <a href=\"http:\/\/www.radikal.com.tr\/index\/siddet\">\u015fiddet<\/a> d\u0131\u015f\u0131nda bir \u015fey g\u00f6rmediklerini ileri s\u00fcrerek, &#8220;\u00d6yle bir hale getirmi\u015fler ki, devlet dedin mi akan sular duracak, devlete boyunu e\u011feceksin. Biz bunlar\u0131 de\u011fi\u015ftiriyoruz. Kusura bakmay\u0131n bu devletin bu millete \u015f\u00fckran borcu vard\u0131r. Devletin art\u0131k kutsal olmad\u0131\u011f\u0131 ortaya \u00e7\u0131k\u0131yor. K\u00fcrt halk\u0131 zul\u00fcm devletine kar\u015f\u0131 direni\u015f hakk\u0131n\u0131 kullanm\u0131\u015ft\u0131r. Topluma zul\u00fcm eden devlet olmayacak, olursa bunun ad\u0131 devlet olmaz. Orada direni\u015f hakk\u0131 do\u011far. K\u00fcrt halk\u0131 bunu yapm\u0131\u015ft\u0131r&#8221;dedi.<\/p>\n<p style=\"text-align: justify;\"><b>\u2019K\u00dcRD\u0130STAN D\u0130YORUZ, D\u0130KEN D\u0130KEN OLUYORLAR\u2019<\/b><\/p>\n<p style=\"text-align: justify;\">BDP Genel Ba\u015fkan\u0131 Demirta\u015f, h\u00fck\u00fcmetin inkar politikas\u0131 izledi\u011fini ileri s\u00fcrerek, s\u00f6zlerini \u015f\u00f6yle s\u00fcrd\u00fcrd\u00fc:<\/p>\n<p style=\"text-align: justify;\">&#8220;\u0130nkar\u0131 bitirdik diyorlar ya. K\u00fcrdistan diyoruz, diken diken oluyorlar. En b\u00fcy\u00fck inkar onun \u00fczerinde. Eski isimleri iade edece\u011fiz diyorlar. Tunceli, Dersim olacak diyorlar. Hani inkar\u0131 bitirmi\u015ftin? \u0130\u015fte Dersim, Dersim olacak. Peki K\u00fcrdistan, K\u00fcrdistan olacak m\u0131? Ba\u015fbakan kendisi diyor, \u2019Osmanl\u0131\u2019da K\u00fcrdistan Eyaleti vard\u0131\u2019. Ba\u015fbakana K\u00fcrdistan\u2019\u0131n kalbinden soruyorum; K\u00fcrdistan K\u00fcrdistan olacak m\u0131 ?&#8221;<\/p>\n<p style=\"text-align: justify;\"><b>\u2019ANA D\u0130L\u0130M\u0130Z, SE\u00c7ME SE\u00c7\u0130LME HAKKIMIZ HER \u015eEY\u0130N \u00dcST\u00dcNDE\u2019<\/b><\/p>\n<p style=\"text-align: justify;\">Selahattin Demirta\u015f, halk\u0131n se\u00e7tiklerine g\u00fc\u00e7 vereceklerini belirterek, &#8220;Halk\u0131n se\u00e7medi\u011fi kaymakamlar\u0131 bir tane imzayla buraya g\u00f6nderirseniz bunun ad\u0131 demokrasi katliam\u0131 olur. Ama belediye ba\u015fkan\u0131n\u0131 de\u011fi\u015ftirirsiniz. Kaymakam 30 sene burada kalsa de\u011fi\u015ftiremezsiniz. Atanm\u0131\u015f asla ama asla se\u00e7ilmi\u015fin \u00fcst\u00fcnde olamaz&#8221; dedi.<\/p>\n<p style=\"text-align: justify;\">Se\u00e7me ve se\u00e7ilme hakk\u0131yla ana dilin her \u015feyin \u00fcst\u00fcnde oldu\u011funu belirten Demirta\u015f, &#8220;Bunlar olmazsa olmaz\u0131m\u0131zd\u0131r&#8221; diye konu\u015ftu.<\/p>\n<p style=\"text-align: justify;\"><b><i>http:\/\/www.radikal.com.tr\/politika\/demirtas_kurdistan_kurdistan_olacak_mi-1152987<\/i><\/b><\/p>\n","protected":false},"excerpt":{"rendered":"<p>Selahattin Demirta\u015f, bug\u00fcn Elaz\u0131\u011f&#8217;\u0131n Karako\u00e7an, Palu ve Kovanc\u0131lar il\u00e7elerinde d\u00fczenlenen mitinglerde partililere seslendi. BDP Grup Ba\u015fkan Vekili \u0130dris Baluken, milletvekili Altan Tan, Tunceli Belediye Ba\u015fkan\u0131 Edibe \u015eahin ve sanat\u00e7\u0131 Ferhat Tun\u00e7 ile ilk mitingin yap\u0131ld\u0131\u011f\u0131 Karako\u00e7an\u2019a gelen Selahattin Demirta\u015f, il\u00e7e meydan\u0131nda yakla\u015f\u0131k 2 bin ki\u015fiyi K\u00fcrt\u00e7e selamlad\u0131. Mitingde \u2019\u00d6calan\u2019a \u00f6zg\u00fcrl\u00fck, K\u00fcrtlere stat\u00fc\u2019 pankart\u0131 a\u00e7\u0131l\u0131rken Abdullah [&hellip;]<\/p>\n","protected":false},"author":7,"featured_media":0,"comment_status":"open","ping_status":"open","sticky":false,"template":"","format":"standard","meta":{"footnotes":""},"categories":[1],"tags":[],"class_list":["post-25847","post","type-post","status-publish","format-standard","hentry","category-haberler"],"yoast_head":"<!-- This site is optimized with the Yoast SEO plugin v27.4 - https:\/\/yoast.com\/product\/yoast-seo-wordpress\/ -->\n<title>Demirta\u015f: K\u00fcrdistan K\u00fcrdistan olacak m\u0131? - Bati Ermenistan Ve Bati Ermenileri Sorunlari Ara\u015ftirmalar Merkezi<\/title>\n<meta name=\"robots\" content=\"index, follow, max-snippet:-1, max-image-preview:large, max-video-preview:-1\" \/>\n<link rel=\"canonical\" href=\"https:\/\/akunq.net\/tr\/?p=25847\" \/>\n<meta property=\"og:locale\" content=\"en_US\" \/>\n<meta property=\"og:type\" content=\"article\" \/>\n<meta property=\"og:title\" content=\"Demirta\u015f: K\u00fcrdistan K\u00fcrdistan olacak m\u0131? - Bati Ermenistan Ve Bati Ermenileri Sorunlari Ara\u015ftirmalar Merkezi\" \/>\n<meta property=\"og:description\" content=\"Selahattin Demirta\u015f, bug\u00fcn Elaz\u0131\u011f&#8217;\u0131n Karako\u00e7an, Palu ve Kovanc\u0131lar il\u00e7elerinde d\u00fczenlenen mitinglerde partililere seslendi. BDP Grup Ba\u015fkan Vekili \u0130dris Baluken, milletvekili Altan Tan, Tunceli Belediye Ba\u015fkan\u0131 Edibe \u015eahin ve sanat\u00e7\u0131 Ferhat Tun\u00e7 ile ilk mitingin yap\u0131ld\u0131\u011f\u0131 Karako\u00e7an\u2019a gelen Selahattin Demirta\u015f, il\u00e7e meydan\u0131nda yakla\u015f\u0131k 2 bin ki\u015fiyi K\u00fcrt\u00e7e selamlad\u0131. Mitingde \u2019\u00d6calan\u2019a \u00f6zg\u00fcrl\u00fck, K\u00fcrtlere stat\u00fc\u2019 pankart\u0131 a\u00e7\u0131l\u0131rken Abdullah [&hellip;]\" \/>\n<meta property=\"og:url\" content=\"https:\/\/akunq.net\/tr\/?p=25847\" \/>\n<meta property=\"og:site_name\" content=\"Bati Ermenistan Ve Bati Ermenileri Sorunlari Ara\u015ftirmalar Merkezi\" \/>\n<meta property=\"article:published_time\" content=\"2013-10-01T06:29:33+00:00\" \/>\n<meta property=\"article:modified_time\" content=\"2013-10-01T06:29:49+00:00\" \/>\n<meta name=\"author\" content=\"admin\" \/>\n<meta name=\"twitter:card\" content=\"summary_large_image\" \/>\n<meta name=\"twitter:label1\" content=\"Written by\" \/>\n\t<meta name=\"twitter:data1\" content=\"admin\" \/>\n\t<meta name=\"twitter:label2\" content=\"Est. reading time\" \/>\n\t<meta name=\"twitter:data2\" content=\"3 minutes\" \/>\n<script type=\"application\/ld+json\" class=\"yoast-schema-graph\">{\"@context\":\"https:\\\/\\\/schema.org\",\"@graph\":[{\"@type\":\"Article\",\"@id\":\"https:\\\/\\\/akunq.net\\\/tr\\\/?p=25847#article\",\"isPartOf\":{\"@id\":\"https:\\\/\\\/akunq.net\\\/tr\\\/?p=25847\"},\"author\":{\"name\":\"admin\",\"@id\":\"https:\\\/\\\/akunq.net\\\/tr\\\/#\\\/schema\\\/person\\\/096f1d38a12cce57fb855b485ed24c9e\"},\"headline\":\"Demirta\u015f: K\u00fcrdistan K\u00fcrdistan olacak m\u0131?\",\"datePublished\":\"2013-10-01T06:29:33+00:00\",\"dateModified\":\"2013-10-01T06:29:49+00:00\",\"mainEntityOfPage\":{\"@id\":\"https:\\\/\\\/akunq.net\\\/tr\\\/?p=25847\"},\"wordCount\":545,\"commentCount\":0,\"articleSection\":[\"Haberler\"],\"inLanguage\":\"en-US\",\"potentialAction\":[{\"@type\":\"CommentAction\",\"name\":\"Comment\",\"target\":[\"https:\\\/\\\/akunq.net\\\/tr\\\/?p=25847#respond\"]}]},{\"@type\":\"WebPage\",\"@id\":\"https:\\\/\\\/akunq.net\\\/tr\\\/?p=25847\",\"url\":\"https:\\\/\\\/akunq.net\\\/tr\\\/?p=25847\",\"name\":\"Demirta\u015f: K\u00fcrdistan K\u00fcrdistan olacak m\u0131? - Bati Ermenistan Ve Bati Ermenileri Sorunlari Ara\u015ftirmalar Merkezi\",\"isPartOf\":{\"@id\":\"https:\\\/\\\/akunq.net\\\/tr\\\/#website\"},\"datePublished\":\"2013-10-01T06:29:33+00:00\",\"dateModified\":\"2013-10-01T06:29:49+00:00\",\"author\":{\"@id\":\"https:\\\/\\\/akunq.net\\\/tr\\\/#\\\/schema\\\/person\\\/096f1d38a12cce57fb855b485ed24c9e\"},\"breadcrumb\":{\"@id\":\"https:\\\/\\\/akunq.net\\\/tr\\\/?p=25847#breadcrumb\"},\"inLanguage\":\"en-US\",\"potentialAction\":[{\"@type\":\"ReadAction\",\"target\":[\"https:\\\/\\\/akunq.net\\\/tr\\\/?p=25847\"]}]},{\"@type\":\"BreadcrumbList\",\"@id\":\"https:\\\/\\\/akunq.net\\\/tr\\\/?p=25847#breadcrumb\",\"itemListElement\":[{\"@type\":\"ListItem\",\"position\":1,\"name\":\"Home\",\"item\":\"https:\\\/\\\/akunq.net\\\/tr\"},{\"@type\":\"ListItem\",\"position\":2,\"name\":\"Demirta\u015f: K\u00fcrdistan K\u00fcrdistan olacak m\u0131?\"}]},{\"@type\":\"WebSite\",\"@id\":\"https:\\\/\\\/akunq.net\\\/tr\\\/#website\",\"url\":\"https:\\\/\\\/akunq.net\\\/tr\\\/\",\"name\":\"Bati Ermenistan Ve Bati Ermenileri Sorunlari Ara\u015ftirmalar Merkezi\",\"description\":\"\",\"potentialAction\":[{\"@type\":\"SearchAction\",\"target\":{\"@type\":\"EntryPoint\",\"urlTemplate\":\"https:\\\/\\\/akunq.net\\\/tr\\\/?s={search_term_string}\"},\"query-input\":{\"@type\":\"PropertyValueSpecification\",\"valueRequired\":true,\"valueName\":\"search_term_string\"}}],\"inLanguage\":\"en-US\"},{\"@type\":\"Person\",\"@id\":\"https:\\\/\\\/akunq.net\\\/tr\\\/#\\\/schema\\\/person\\\/096f1d38a12cce57fb855b485ed24c9e\",\"name\":\"admin\",\"url\":\"https:\\\/\\\/akunq.net\\\/tr\\\/?author=7\"}]}<\/script>\n<!-- \/ Yoast SEO plugin. -->","yoast_head_json":{"title":"Demirta\u015f: K\u00fcrdistan K\u00fcrdistan olacak m\u0131? - Bati Ermenistan Ve Bati Ermenileri Sorunlari Ara\u015ftirmalar Merkezi","robots":{"index":"index","follow":"follow","max-snippet":"max-snippet:-1","max-image-preview":"max-image-preview:large","max-video-preview":"max-video-preview:-1"},"canonical":"https:\/\/akunq.net\/tr\/?p=25847","og_locale":"en_US","og_type":"article","og_title":"Demirta\u015f: K\u00fcrdistan K\u00fcrdistan olacak m\u0131? - Bati Ermenistan Ve Bati Ermenileri Sorunlari Ara\u015ftirmalar Merkezi","og_description":"Selahattin Demirta\u015f, bug\u00fcn Elaz\u0131\u011f&#8217;\u0131n Karako\u00e7an, Palu ve Kovanc\u0131lar il\u00e7elerinde d\u00fczenlenen mitinglerde partililere seslendi. BDP Grup Ba\u015fkan Vekili \u0130dris Baluken, milletvekili Altan Tan, Tunceli Belediye Ba\u015fkan\u0131 Edibe \u015eahin ve sanat\u00e7\u0131 Ferhat Tun\u00e7 ile ilk mitingin yap\u0131ld\u0131\u011f\u0131 Karako\u00e7an\u2019a gelen Selahattin Demirta\u015f, il\u00e7e meydan\u0131nda yakla\u015f\u0131k 2 bin ki\u015fiyi K\u00fcrt\u00e7e selamlad\u0131. Mitingde \u2019\u00d6calan\u2019a \u00f6zg\u00fcrl\u00fck, K\u00fcrtlere stat\u00fc\u2019 pankart\u0131 a\u00e7\u0131l\u0131rken Abdullah [&hellip;]","og_url":"https:\/\/akunq.net\/tr\/?p=25847","og_site_name":"Bati Ermenistan Ve Bati Ermenileri Sorunlari Ara\u015ftirmalar Merkezi","article_published_time":"2013-10-01T06:29:33+00:00","article_modified_time":"2013-10-01T06:29:49+00:00","author":"admin","twitter_card":"summary_large_image","twitter_misc":{"Written by":"admin","Est. reading time":"3 minutes"},"schema":{"@context":"https:\/\/schema.org","@graph":[{"@type":"Article","@id":"https:\/\/akunq.net\/tr\/?p=25847#article","isPartOf":{"@id":"https:\/\/akunq.net\/tr\/?p=25847"},"author":{"name":"admin","@id":"https:\/\/akunq.net\/tr\/#\/schema\/person\/096f1d38a12cce57fb855b485ed24c9e"},"headline":"Demirta\u015f: K\u00fcrdistan K\u00fcrdistan olacak m\u0131?","datePublished":"2013-10-01T06:29:33+00:00","dateModified":"2013-10-01T06:29:49+00:00","mainEntityOfPage":{"@id":"https:\/\/akunq.net\/tr\/?p=25847"},"wordCount":545,"commentCount":0,"articleSection":["Haberler"],"inLanguage":"en-US","potentialAction":[{"@type":"CommentAction","name":"Comment","target":["https:\/\/akunq.net\/tr\/?p=25847#respond"]}]},{"@type":"WebPage","@id":"https:\/\/akunq.net\/tr\/?p=25847","url":"https:\/\/akunq.net\/tr\/?p=25847","name":"Demirta\u015f: K\u00fcrdistan K\u00fcrdistan olacak m\u0131? - Bati Ermenistan Ve Bati Ermenileri Sorunlari Ara\u015ftirmalar Merkezi","isPartOf":{"@id":"https:\/\/akunq.net\/tr\/#website"},"datePublished":"2013-10-01T06:29:33+00:00","dateModified":"2013-10-01T06:29:49+00:00","author":{"@id":"https:\/\/akunq.net\/tr\/#\/schema\/person\/096f1d38a12cce57fb855b485ed24c9e"},"breadcrumb":{"@id":"https:\/\/akunq.net\/tr\/?p=25847#breadcrumb"},"inLanguage":"en-US","potentialAction":[{"@type":"ReadAction","target":["https:\/\/akunq.net\/tr\/?p=25847"]}]},{"@type":"BreadcrumbList","@id":"https:\/\/akunq.net\/tr\/?p=25847#breadcrumb","itemListElement":[{"@type":"ListItem","position":1,"name":"Home","item":"https:\/\/akunq.net\/tr"},{"@type":"ListItem","position":2,"name":"Demirta\u015f: K\u00fcrdistan K\u00fcrdistan olacak m\u0131?"}]},{"@type":"WebSite","@id":"https:\/\/akunq.net\/tr\/#website","url":"https:\/\/akunq.net\/tr\/","name":"Bati Ermenistan Ve Bati Ermenileri Sorunlari Ara\u015ftirmalar Merkezi","description":"","potentialAction":[{"@type":"SearchAction","target":{"@type":"EntryPoint","urlTemplate":"https:\/\/akunq.net\/tr\/?s={search_term_string}"},"query-input":{"@type":"PropertyValueSpecification","valueRequired":true,"valueName":"search_term_string"}}],"inLanguage":"en-US"},{"@type":"Person","@id":"https:\/\/akunq.net\/tr\/#\/schema\/person\/096f1d38a12cce57fb855b485ed24c9e","name":"admin","url":"https:\/\/akunq.net\/tr\/?author=7"}]}},"_links":{"self":[{"href":"https:\/\/akunq.net\/tr\/index.php?rest_route=\/wp\/v2\/posts\/25847","targetHints":{"allow":["GET"]}}],"collection":[{"href":"https:\/\/akunq.net\/tr\/index.php?rest_route=\/wp\/v2\/posts"}],"about":[{"href":"https:\/\/akunq.net\/tr\/index.php?rest_route=\/wp\/v2\/types\/post"}],"author":[{"embeddable":true,"href":"https:\/\/akunq.net\/tr\/index.php?rest_route=\/wp\/v2\/users\/7"}],"replies":[{"embeddable":true,"href":"https:\/\/akunq.net\/tr\/index.php?rest_route=%2Fwp%2Fv2%2Fcomments&post=25847"}],"version-history":[{"count":2,"href":"https:\/\/akunq.net\/tr\/index.php?rest_route=\/wp\/v2\/posts\/25847\/revisions"}],"predecessor-version":[{"id":25850,"href":"https:\/\/akunq.net\/tr\/index.php?rest_route=\/wp\/v2\/posts\/25847\/revisions\/25850"}],"wp:attachment":[{"href":"https:\/\/akunq.net\/tr\/index.php?rest_route=%2Fwp%2Fv2%2Fmedia&parent=25847"}],"wp:term":[{"taxonomy":"category","embeddable":true,"href":"https:\/\/akunq.net\/tr\/index.php?rest_route=%2Fwp%2Fv2%2Fcategories&post=25847"},{"taxonomy":"post_tag","embeddable":true,"href":"https:\/\/akunq.net\/tr\/index.php?rest_route=%2Fwp%2Fv2%2Ftags&post=25847"}],"curies":[{"name":"wp","href":"https:\/\/api.w.org\/{rel}","templated":true}]}}