{"id":25832,"date":"2013-09-30T02:32:24","date_gmt":"2013-09-30T07:32:24","guid":{"rendered":"http:\/\/akunq.net\/tr\/?p=25832"},"modified":"2013-09-30T02:32:24","modified_gmt":"2013-09-30T07:32:24","slug":"washingtonda-dunyaca-unlu-ermeni-fotografci-ara-gulerin-sergisi-acilacak","status":"publish","type":"post","link":"https:\/\/akunq.net\/tr\/?p=25832","title":{"rendered":"Washington\u2019da d\u00fcnyaca \u00fcnl\u00fc Ermeni fotograf\u00e7\u0131 Ara G\u00fcler\u2019in sergisi a\u00e7\u0131lacak"},"content":{"rendered":"<p style=\"text-align: justify;\"><b><i><a href=\"http:\/\/akunq.net\/tr\/wp-content\/uploads\/2013\/09\/Ara-G\u00fcler.jpg\"><img loading=\"lazy\" decoding=\"async\" class=\"alignright size-full wp-image-25833\" alt=\"Ara G\u00fcler\" src=\"http:\/\/akunq.net\/tr\/wp-content\/uploads\/2013\/09\/Ara-G\u00fcler.jpg\" width=\"220\" height=\"170\" \/><\/a>ABD ba\u015fkenti Washinton\u2019un yerel derne\u011fi ATA-DC Eyl\u00fclde T\u00fcrk k\u00fclt\u00fcr ay\u0131n\u0131 kutlamakta. Bu ay\u0131n ba\u015flang\u0131c\u0131 Capitol Hill`de b\u00fcy\u00fck bir resepsiyon ve programla a\u00e7\u0131ld\u0131. <\/i><\/b><\/p>\n<p style=\"text-align: justify;\">Etkinlik program\u0131 \u00e7er\u00e7evesinde T\u00fcrkiye\u2019nin \u00e7ok tan\u0131nan ve sevilen Ermeni sanat\u00e7\u0131s\u0131, fotograf\u00e7\u0131 Ara G\u00fcler\u2019in sergisi yap\u0131lacak. Bu sergi 14 Aral\u0131kta Sackler Galeri`de a\u00e7\u0131l\u0131p alt\u0131 ay s\u00fcrecek. Foto\u011fraflar, Bat\u0131 Ermenistan\u2019da 1000 senelik T\u00fcrk ve Ermeni dini an\u0131tlar\u0131n\u0131 g\u00f6steriyor. Bu sergi iki toplumun 1000 senelik beraber ya\u015fam\u0131n\u0131n bir simgesi.<\/p>\n<p style=\"text-align: justify;\"><b><i>http:\/\/www.ermenihaber.am\/?lang_id=1&amp;news_=5&amp;cur_news=315<\/i><\/b><\/p>\n","protected":false},"excerpt":{"rendered":"<p>ABD ba\u015fkenti Washinton\u2019un yerel derne\u011fi ATA-DC Eyl\u00fclde T\u00fcrk k\u00fclt\u00fcr ay\u0131n\u0131 kutlamakta. Bu ay\u0131n ba\u015flang\u0131c\u0131 Capitol Hill`de b\u00fcy\u00fck bir resepsiyon ve programla a\u00e7\u0131ld\u0131. Etkinlik program\u0131 \u00e7er\u00e7evesinde T\u00fcrkiye\u2019nin \u00e7ok tan\u0131nan ve sevilen Ermeni sanat\u00e7\u0131s\u0131, fotograf\u00e7\u0131 Ara G\u00fcler\u2019in sergisi yap\u0131lacak. Bu sergi 14 Aral\u0131kta Sackler Galeri`de a\u00e7\u0131l\u0131p alt\u0131 ay s\u00fcrecek. Foto\u011fraflar, Bat\u0131 Ermenistan\u2019da 1000 senelik T\u00fcrk ve Ermeni [&hellip;]<\/p>\n","protected":false},"author":7,"featured_media":0,"comment_status":"open","ping_status":"open","sticky":false,"template":"","format":"standard","meta":{"footnotes":""},"categories":[1],"tags":[],"class_list":["post-25832","post","type-post","status-publish","format-standard","hentry","category-haberler"],"yoast_head":"<!-- This site is optimized with the Yoast SEO plugin v27.4 - https:\/\/yoast.com\/product\/yoast-seo-wordpress\/ -->\n<title>Washington\u2019da d\u00fcnyaca \u00fcnl\u00fc Ermeni fotograf\u00e7\u0131 Ara G\u00fcler\u2019in sergisi a\u00e7\u0131lacak - Bati Ermenistan Ve Bati Ermenileri Sorunlari Ara\u015ftirmalar Merkezi<\/title>\n<meta name=\"robots\" content=\"index, follow, max-snippet:-1, max-image-preview:large, max-video-preview:-1\" \/>\n<link rel=\"canonical\" href=\"https:\/\/akunq.net\/tr\/?p=25832\" \/>\n<meta property=\"og:locale\" content=\"en_US\" \/>\n<meta property=\"og:type\" content=\"article\" \/>\n<meta property=\"og:title\" content=\"Washington\u2019da d\u00fcnyaca \u00fcnl\u00fc Ermeni fotograf\u00e7\u0131 Ara G\u00fcler\u2019in sergisi a\u00e7\u0131lacak - Bati Ermenistan Ve Bati Ermenileri Sorunlari Ara\u015ftirmalar Merkezi\" \/>\n<meta property=\"og:description\" content=\"ABD ba\u015fkenti Washinton\u2019un yerel derne\u011fi ATA-DC Eyl\u00fclde T\u00fcrk k\u00fclt\u00fcr ay\u0131n\u0131 kutlamakta. Bu ay\u0131n ba\u015flang\u0131c\u0131 Capitol Hill`de b\u00fcy\u00fck bir resepsiyon ve programla a\u00e7\u0131ld\u0131. Etkinlik program\u0131 \u00e7er\u00e7evesinde T\u00fcrkiye\u2019nin \u00e7ok tan\u0131nan ve sevilen Ermeni sanat\u00e7\u0131s\u0131, fotograf\u00e7\u0131 Ara G\u00fcler\u2019in sergisi yap\u0131lacak. Bu sergi 14 Aral\u0131kta Sackler Galeri`de a\u00e7\u0131l\u0131p alt\u0131 ay s\u00fcrecek. Foto\u011fraflar, Bat\u0131 Ermenistan\u2019da 1000 senelik T\u00fcrk ve Ermeni [&hellip;]\" \/>\n<meta property=\"og:url\" content=\"https:\/\/akunq.net\/tr\/?p=25832\" \/>\n<meta property=\"og:site_name\" content=\"Bati Ermenistan Ve Bati Ermenileri Sorunlari Ara\u015ftirmalar Merkezi\" \/>\n<meta property=\"article:published_time\" content=\"2013-09-30T07:32:24+00:00\" \/>\n<meta name=\"author\" content=\"admin\" \/>\n<meta name=\"twitter:card\" content=\"summary_large_image\" \/>\n<meta name=\"twitter:label1\" content=\"Written by\" \/>\n\t<meta name=\"twitter:data1\" content=\"admin\" \/>\n\t<meta name=\"twitter:label2\" content=\"Est. reading time\" \/>\n\t<meta name=\"twitter:data2\" content=\"1 minute\" \/>\n<script type=\"application\/ld+json\" class=\"yoast-schema-graph\">{\"@context\":\"https:\\\/\\\/schema.org\",\"@graph\":[{\"@type\":\"Article\",\"@id\":\"https:\\\/\\\/akunq.net\\\/tr\\\/?p=25832#article\",\"isPartOf\":{\"@id\":\"https:\\\/\\\/akunq.net\\\/tr\\\/?p=25832\"},\"author\":{\"name\":\"admin\",\"@id\":\"https:\\\/\\\/akunq.net\\\/tr\\\/#\\\/schema\\\/person\\\/096f1d38a12cce57fb855b485ed24c9e\"},\"headline\":\"Washington\u2019da d\u00fcnyaca \u00fcnl\u00fc Ermeni fotograf\u00e7\u0131 Ara G\u00fcler\u2019in sergisi a\u00e7\u0131lacak\",\"datePublished\":\"2013-09-30T07:32:24+00:00\",\"mainEntityOfPage\":{\"@id\":\"https:\\\/\\\/akunq.net\\\/tr\\\/?p=25832\"},\"wordCount\":127,\"commentCount\":0,\"articleSection\":[\"Haberler\"],\"inLanguage\":\"en-US\",\"potentialAction\":[{\"@type\":\"CommentAction\",\"name\":\"Comment\",\"target\":[\"https:\\\/\\\/akunq.net\\\/tr\\\/?p=25832#respond\"]}]},{\"@type\":\"WebPage\",\"@id\":\"https:\\\/\\\/akunq.net\\\/tr\\\/?p=25832\",\"url\":\"https:\\\/\\\/akunq.net\\\/tr\\\/?p=25832\",\"name\":\"Washington\u2019da d\u00fcnyaca \u00fcnl\u00fc Ermeni fotograf\u00e7\u0131 Ara G\u00fcler\u2019in sergisi a\u00e7\u0131lacak - Bati Ermenistan Ve Bati Ermenileri Sorunlari Ara\u015ftirmalar Merkezi\",\"isPartOf\":{\"@id\":\"https:\\\/\\\/akunq.net\\\/tr\\\/#website\"},\"datePublished\":\"2013-09-30T07:32:24+00:00\",\"author\":{\"@id\":\"https:\\\/\\\/akunq.net\\\/tr\\\/#\\\/schema\\\/person\\\/096f1d38a12cce57fb855b485ed24c9e\"},\"breadcrumb\":{\"@id\":\"https:\\\/\\\/akunq.net\\\/tr\\\/?p=25832#breadcrumb\"},\"inLanguage\":\"en-US\",\"potentialAction\":[{\"@type\":\"ReadAction\",\"target\":[\"https:\\\/\\\/akunq.net\\\/tr\\\/?p=25832\"]}]},{\"@type\":\"BreadcrumbList\",\"@id\":\"https:\\\/\\\/akunq.net\\\/tr\\\/?p=25832#breadcrumb\",\"itemListElement\":[{\"@type\":\"ListItem\",\"position\":1,\"name\":\"Home\",\"item\":\"https:\\\/\\\/akunq.net\\\/tr\"},{\"@type\":\"ListItem\",\"position\":2,\"name\":\"Washington\u2019da d\u00fcnyaca \u00fcnl\u00fc Ermeni fotograf\u00e7\u0131 Ara G\u00fcler\u2019in sergisi a\u00e7\u0131lacak\"}]},{\"@type\":\"WebSite\",\"@id\":\"https:\\\/\\\/akunq.net\\\/tr\\\/#website\",\"url\":\"https:\\\/\\\/akunq.net\\\/tr\\\/\",\"name\":\"Bati Ermenistan Ve Bati Ermenileri Sorunlari Ara\u015ftirmalar Merkezi\",\"description\":\"\",\"potentialAction\":[{\"@type\":\"SearchAction\",\"target\":{\"@type\":\"EntryPoint\",\"urlTemplate\":\"https:\\\/\\\/akunq.net\\\/tr\\\/?s={search_term_string}\"},\"query-input\":{\"@type\":\"PropertyValueSpecification\",\"valueRequired\":true,\"valueName\":\"search_term_string\"}}],\"inLanguage\":\"en-US\"},{\"@type\":\"Person\",\"@id\":\"https:\\\/\\\/akunq.net\\\/tr\\\/#\\\/schema\\\/person\\\/096f1d38a12cce57fb855b485ed24c9e\",\"name\":\"admin\",\"url\":\"https:\\\/\\\/akunq.net\\\/tr\\\/?author=7\"}]}<\/script>\n<!-- \/ Yoast SEO plugin. -->","yoast_head_json":{"title":"Washington\u2019da d\u00fcnyaca \u00fcnl\u00fc Ermeni fotograf\u00e7\u0131 Ara G\u00fcler\u2019in sergisi a\u00e7\u0131lacak - Bati Ermenistan Ve Bati Ermenileri Sorunlari Ara\u015ftirmalar Merkezi","robots":{"index":"index","follow":"follow","max-snippet":"max-snippet:-1","max-image-preview":"max-image-preview:large","max-video-preview":"max-video-preview:-1"},"canonical":"https:\/\/akunq.net\/tr\/?p=25832","og_locale":"en_US","og_type":"article","og_title":"Washington\u2019da d\u00fcnyaca \u00fcnl\u00fc Ermeni fotograf\u00e7\u0131 Ara G\u00fcler\u2019in sergisi a\u00e7\u0131lacak - Bati Ermenistan Ve Bati Ermenileri Sorunlari Ara\u015ftirmalar Merkezi","og_description":"ABD ba\u015fkenti Washinton\u2019un yerel derne\u011fi ATA-DC Eyl\u00fclde T\u00fcrk k\u00fclt\u00fcr ay\u0131n\u0131 kutlamakta. Bu ay\u0131n ba\u015flang\u0131c\u0131 Capitol Hill`de b\u00fcy\u00fck bir resepsiyon ve programla a\u00e7\u0131ld\u0131. Etkinlik program\u0131 \u00e7er\u00e7evesinde T\u00fcrkiye\u2019nin \u00e7ok tan\u0131nan ve sevilen Ermeni sanat\u00e7\u0131s\u0131, fotograf\u00e7\u0131 Ara G\u00fcler\u2019in sergisi yap\u0131lacak. Bu sergi 14 Aral\u0131kta Sackler Galeri`de a\u00e7\u0131l\u0131p alt\u0131 ay s\u00fcrecek. Foto\u011fraflar, Bat\u0131 Ermenistan\u2019da 1000 senelik T\u00fcrk ve Ermeni [&hellip;]","og_url":"https:\/\/akunq.net\/tr\/?p=25832","og_site_name":"Bati Ermenistan Ve Bati Ermenileri Sorunlari Ara\u015ftirmalar Merkezi","article_published_time":"2013-09-30T07:32:24+00:00","author":"admin","twitter_card":"summary_large_image","twitter_misc":{"Written by":"admin","Est. reading time":"1 minute"},"schema":{"@context":"https:\/\/schema.org","@graph":[{"@type":"Article","@id":"https:\/\/akunq.net\/tr\/?p=25832#article","isPartOf":{"@id":"https:\/\/akunq.net\/tr\/?p=25832"},"author":{"name":"admin","@id":"https:\/\/akunq.net\/tr\/#\/schema\/person\/096f1d38a12cce57fb855b485ed24c9e"},"headline":"Washington\u2019da d\u00fcnyaca \u00fcnl\u00fc Ermeni fotograf\u00e7\u0131 Ara G\u00fcler\u2019in sergisi a\u00e7\u0131lacak","datePublished":"2013-09-30T07:32:24+00:00","mainEntityOfPage":{"@id":"https:\/\/akunq.net\/tr\/?p=25832"},"wordCount":127,"commentCount":0,"articleSection":["Haberler"],"inLanguage":"en-US","potentialAction":[{"@type":"CommentAction","name":"Comment","target":["https:\/\/akunq.net\/tr\/?p=25832#respond"]}]},{"@type":"WebPage","@id":"https:\/\/akunq.net\/tr\/?p=25832","url":"https:\/\/akunq.net\/tr\/?p=25832","name":"Washington\u2019da d\u00fcnyaca \u00fcnl\u00fc Ermeni fotograf\u00e7\u0131 Ara G\u00fcler\u2019in sergisi a\u00e7\u0131lacak - Bati Ermenistan Ve Bati Ermenileri Sorunlari Ara\u015ftirmalar Merkezi","isPartOf":{"@id":"https:\/\/akunq.net\/tr\/#website"},"datePublished":"2013-09-30T07:32:24+00:00","author":{"@id":"https:\/\/akunq.net\/tr\/#\/schema\/person\/096f1d38a12cce57fb855b485ed24c9e"},"breadcrumb":{"@id":"https:\/\/akunq.net\/tr\/?p=25832#breadcrumb"},"inLanguage":"en-US","potentialAction":[{"@type":"ReadAction","target":["https:\/\/akunq.net\/tr\/?p=25832"]}]},{"@type":"BreadcrumbList","@id":"https:\/\/akunq.net\/tr\/?p=25832#breadcrumb","itemListElement":[{"@type":"ListItem","position":1,"name":"Home","item":"https:\/\/akunq.net\/tr"},{"@type":"ListItem","position":2,"name":"Washington\u2019da d\u00fcnyaca \u00fcnl\u00fc Ermeni fotograf\u00e7\u0131 Ara G\u00fcler\u2019in sergisi a\u00e7\u0131lacak"}]},{"@type":"WebSite","@id":"https:\/\/akunq.net\/tr\/#website","url":"https:\/\/akunq.net\/tr\/","name":"Bati Ermenistan Ve Bati Ermenileri Sorunlari Ara\u015ftirmalar Merkezi","description":"","potentialAction":[{"@type":"SearchAction","target":{"@type":"EntryPoint","urlTemplate":"https:\/\/akunq.net\/tr\/?s={search_term_string}"},"query-input":{"@type":"PropertyValueSpecification","valueRequired":true,"valueName":"search_term_string"}}],"inLanguage":"en-US"},{"@type":"Person","@id":"https:\/\/akunq.net\/tr\/#\/schema\/person\/096f1d38a12cce57fb855b485ed24c9e","name":"admin","url":"https:\/\/akunq.net\/tr\/?author=7"}]}},"_links":{"self":[{"href":"https:\/\/akunq.net\/tr\/index.php?rest_route=\/wp\/v2\/posts\/25832","targetHints":{"allow":["GET"]}}],"collection":[{"href":"https:\/\/akunq.net\/tr\/index.php?rest_route=\/wp\/v2\/posts"}],"about":[{"href":"https:\/\/akunq.net\/tr\/index.php?rest_route=\/wp\/v2\/types\/post"}],"author":[{"embeddable":true,"href":"https:\/\/akunq.net\/tr\/index.php?rest_route=\/wp\/v2\/users\/7"}],"replies":[{"embeddable":true,"href":"https:\/\/akunq.net\/tr\/index.php?rest_route=%2Fwp%2Fv2%2Fcomments&post=25832"}],"version-history":[{"count":1,"href":"https:\/\/akunq.net\/tr\/index.php?rest_route=\/wp\/v2\/posts\/25832\/revisions"}],"predecessor-version":[{"id":25834,"href":"https:\/\/akunq.net\/tr\/index.php?rest_route=\/wp\/v2\/posts\/25832\/revisions\/25834"}],"wp:attachment":[{"href":"https:\/\/akunq.net\/tr\/index.php?rest_route=%2Fwp%2Fv2%2Fmedia&parent=25832"}],"wp:term":[{"taxonomy":"category","embeddable":true,"href":"https:\/\/akunq.net\/tr\/index.php?rest_route=%2Fwp%2Fv2%2Fcategories&post=25832"},{"taxonomy":"post_tag","embeddable":true,"href":"https:\/\/akunq.net\/tr\/index.php?rest_route=%2Fwp%2Fv2%2Ftags&post=25832"}],"curies":[{"name":"wp","href":"https:\/\/api.w.org\/{rel}","templated":true}]}}