{"id":25829,"date":"2013-09-30T02:12:49","date_gmt":"2013-09-30T07:12:49","guid":{"rendered":"http:\/\/akunq.net\/tr\/?p=25829"},"modified":"2013-09-30T02:12:49","modified_gmt":"2013-09-30T07:12:49","slug":"ermeni-apostolik-kilisesi-2015-yilina-kadar-ermeni-soykirimi-kurbanlarini-azizler-mertebesinde-sayacak","status":"publish","type":"post","link":"https:\/\/akunq.net\/tr\/?p=25829","title":{"rendered":"Ermeni Apostolik Kilisesi 2015 y\u0131l\u0131na kadar, Ermeni Soyk\u0131r\u0131m\u0131 kurbanlar\u0131n\u0131 azizler mertebesinde sayacak"},"content":{"rendered":"<p style=\"text-align: justify;\"><b><i><a href=\"http:\/\/akunq.net\/tr\/wp-content\/uploads\/2013\/09\/\u0535\u057a\u056b\u057d\u056f\u0578\u057a\u0578\u057d\u0561\u0581-\u053a\u0578\u0572\u0578\u057e.jpg\"><img loading=\"lazy\" decoding=\"async\" class=\"alignright size-medium wp-image-25830\" alt=\"\u0535\u057a\u056b\u057d\u056f\u0578\u057a\u0578\u057d\u0561\u0581 \u053a\u0578\u0572\u0578\u057e\" src=\"http:\/\/akunq.net\/tr\/wp-content\/uploads\/2013\/09\/\u0535\u057a\u056b\u057d\u056f\u0578\u057a\u0578\u057d\u0561\u0581-\u053a\u0578\u0572\u0578\u057e-300x223.jpg\" width=\"300\" height=\"223\" srcset=\"https:\/\/akunq.net\/tr\/wp-content\/uploads\/sites\/6\/2013\/09\/\u0535\u057a\u056b\u057d\u056f\u0578\u057a\u0578\u057d\u0561\u0581-\u053a\u0578\u0572\u0578\u057e-300x223.jpg 300w, https:\/\/akunq.net\/tr\/wp-content\/uploads\/sites\/6\/2013\/09\/\u0535\u057a\u056b\u057d\u056f\u0578\u057a\u0578\u057d\u0561\u0581-\u053a\u0578\u0572\u0578\u057e.jpg 550w\" sizes=\"auto, (max-width: 300px) 100vw, 300px\" \/><\/a>Osmanl\u0131 \u0130mparatorlu\u011fu\u2019nda ger\u00e7ekle\u015ftirilen Ermeni Soyk\u0131r\u0131m\u0131 kurbanlar\u0131n\u0131n azizler mertebesinde say\u0131lmas\u0131 s\u00fcreci 2015 y\u0131l\u0131na dek sona erecek. Beyanat 24-27 Eyl\u00fcl tarihinde ger\u00e7ekle\u015ftirilen Piskoposlar Meclisinin ald\u0131\u011f\u0131 kararlara ili\u015fkin a\u00e7\u0131klamada bulunan Piskopos Ar\u015fak Ha\u00e7atryan\u2019dan geldi.<\/i><\/b><\/p>\n<p style=\"text-align: justify;\">Ha\u00e7atryan 2014 Sonbahar\u0131nda Piskoposlar Meclisinin tekrar toplanaca\u011f\u0131n\u0131, bu toplant\u0131da Soyk\u0131r\u0131m kurbanlar\u0131n\u0131n azizler mertebesinde say\u0131lmas\u0131na ili\u015fkin gerekli unsurlar\u0131n sunumunun ger\u00e7ekle\u015ftirilece\u011fini ifade ederek \u2033Azizler mertebesinde say\u0131lma manevi bir s\u00fcre\u00e7tir. B\u00fcy\u00fck bir ihtimalle, bu insanlar kendi yurt ve dinleri ad\u0131na hayatlar\u0131n\u0131 feda ettiklerinden toplu halde azizler mertebesinde say\u0131lma olacak. Bu s\u00fcreci D\u00fcnya Ermenileri Katolikosu Garegin II ve Kilikya Y\u00fcksek Makam\u0131 Katolikosu Aram I y\u00fcr\u00fctecekler.\u2033 dedi.<\/p>\n<p style=\"text-align: justify;\">Ha\u00e7atrayn, bu a\u015famada Ermeni Soyk\u0131r\u0131m\u0131 kurbanlar\u0131 i\u00e7in net bir say\u0131 belirtilmedi\u011fini, zira piskoposlar\u0131n kanaatince Soyk\u0131r\u0131m kurbanlar\u0131n\u0131n say\u0131s\u0131n\u0131n 1.5 milyonu a\u015fmakta oldu\u011funu da s\u00f6zlerinde ifade etti.<\/p>\n<p style=\"text-align: justify;\"><b><i>http:\/\/news.am\/tur\/news\/173272.html<\/i><\/b><\/p>\n","protected":false},"excerpt":{"rendered":"<p>Osmanl\u0131 \u0130mparatorlu\u011fu\u2019nda ger\u00e7ekle\u015ftirilen Ermeni Soyk\u0131r\u0131m\u0131 kurbanlar\u0131n\u0131n azizler mertebesinde say\u0131lmas\u0131 s\u00fcreci 2015 y\u0131l\u0131na dek sona erecek. Beyanat 24-27 Eyl\u00fcl tarihinde ger\u00e7ekle\u015ftirilen Piskoposlar Meclisinin ald\u0131\u011f\u0131 kararlara ili\u015fkin a\u00e7\u0131klamada bulunan Piskopos Ar\u015fak Ha\u00e7atryan\u2019dan geldi. Ha\u00e7atryan 2014 Sonbahar\u0131nda Piskoposlar Meclisinin tekrar toplanaca\u011f\u0131n\u0131, bu toplant\u0131da Soyk\u0131r\u0131m kurbanlar\u0131n\u0131n azizler mertebesinde say\u0131lmas\u0131na ili\u015fkin gerekli unsurlar\u0131n sunumunun ger\u00e7ekle\u015ftirilece\u011fini ifade ederek \u2033Azizler mertebesinde say\u0131lma [&hellip;]<\/p>\n","protected":false},"author":7,"featured_media":0,"comment_status":"open","ping_status":"open","sticky":false,"template":"","format":"standard","meta":{"footnotes":""},"categories":[1],"tags":[],"class_list":["post-25829","post","type-post","status-publish","format-standard","hentry","category-haberler"],"yoast_head":"<!-- This site is optimized with the Yoast SEO plugin v27.4 - https:\/\/yoast.com\/product\/yoast-seo-wordpress\/ -->\n<title>Ermeni Apostolik Kilisesi 2015 y\u0131l\u0131na kadar, Ermeni Soyk\u0131r\u0131m\u0131 kurbanlar\u0131n\u0131 azizler mertebesinde sayacak - Bati Ermenistan Ve Bati Ermenileri Sorunlari Ara\u015ftirmalar Merkezi<\/title>\n<meta name=\"robots\" content=\"index, follow, max-snippet:-1, max-image-preview:large, max-video-preview:-1\" \/>\n<link rel=\"canonical\" href=\"https:\/\/akunq.net\/tr\/?p=25829\" \/>\n<meta property=\"og:locale\" content=\"en_US\" \/>\n<meta property=\"og:type\" content=\"article\" \/>\n<meta property=\"og:title\" content=\"Ermeni Apostolik Kilisesi 2015 y\u0131l\u0131na kadar, Ermeni Soyk\u0131r\u0131m\u0131 kurbanlar\u0131n\u0131 azizler mertebesinde sayacak - Bati Ermenistan Ve Bati Ermenileri Sorunlari Ara\u015ftirmalar Merkezi\" \/>\n<meta property=\"og:description\" content=\"Osmanl\u0131 \u0130mparatorlu\u011fu\u2019nda ger\u00e7ekle\u015ftirilen Ermeni Soyk\u0131r\u0131m\u0131 kurbanlar\u0131n\u0131n azizler mertebesinde say\u0131lmas\u0131 s\u00fcreci 2015 y\u0131l\u0131na dek sona erecek. Beyanat 24-27 Eyl\u00fcl tarihinde ger\u00e7ekle\u015ftirilen Piskoposlar Meclisinin ald\u0131\u011f\u0131 kararlara ili\u015fkin a\u00e7\u0131klamada bulunan Piskopos Ar\u015fak Ha\u00e7atryan\u2019dan geldi. Ha\u00e7atryan 2014 Sonbahar\u0131nda Piskoposlar Meclisinin tekrar toplanaca\u011f\u0131n\u0131, bu toplant\u0131da Soyk\u0131r\u0131m kurbanlar\u0131n\u0131n azizler mertebesinde say\u0131lmas\u0131na ili\u015fkin gerekli unsurlar\u0131n sunumunun ger\u00e7ekle\u015ftirilece\u011fini ifade ederek \u2033Azizler mertebesinde say\u0131lma [&hellip;]\" \/>\n<meta property=\"og:url\" content=\"https:\/\/akunq.net\/tr\/?p=25829\" \/>\n<meta property=\"og:site_name\" content=\"Bati Ermenistan Ve Bati Ermenileri Sorunlari Ara\u015ftirmalar Merkezi\" \/>\n<meta property=\"article:published_time\" content=\"2013-09-30T07:12:49+00:00\" \/>\n<meta name=\"author\" content=\"admin\" \/>\n<meta name=\"twitter:card\" content=\"summary_large_image\" \/>\n<meta name=\"twitter:label1\" content=\"Written by\" \/>\n\t<meta name=\"twitter:data1\" content=\"admin\" \/>\n\t<meta name=\"twitter:label2\" content=\"Est. reading time\" \/>\n\t<meta name=\"twitter:data2\" content=\"1 minute\" \/>\n<script type=\"application\/ld+json\" class=\"yoast-schema-graph\">{\"@context\":\"https:\\\/\\\/schema.org\",\"@graph\":[{\"@type\":\"Article\",\"@id\":\"https:\\\/\\\/akunq.net\\\/tr\\\/?p=25829#article\",\"isPartOf\":{\"@id\":\"https:\\\/\\\/akunq.net\\\/tr\\\/?p=25829\"},\"author\":{\"name\":\"admin\",\"@id\":\"https:\\\/\\\/akunq.net\\\/tr\\\/#\\\/schema\\\/person\\\/096f1d38a12cce57fb855b485ed24c9e\"},\"headline\":\"Ermeni Apostolik Kilisesi 2015 y\u0131l\u0131na kadar, Ermeni Soyk\u0131r\u0131m\u0131 kurbanlar\u0131n\u0131 azizler mertebesinde sayacak\",\"datePublished\":\"2013-09-30T07:12:49+00:00\",\"mainEntityOfPage\":{\"@id\":\"https:\\\/\\\/akunq.net\\\/tr\\\/?p=25829\"},\"wordCount\":202,\"commentCount\":0,\"articleSection\":[\"Haberler\"],\"inLanguage\":\"en-US\",\"potentialAction\":[{\"@type\":\"CommentAction\",\"name\":\"Comment\",\"target\":[\"https:\\\/\\\/akunq.net\\\/tr\\\/?p=25829#respond\"]}]},{\"@type\":\"WebPage\",\"@id\":\"https:\\\/\\\/akunq.net\\\/tr\\\/?p=25829\",\"url\":\"https:\\\/\\\/akunq.net\\\/tr\\\/?p=25829\",\"name\":\"Ermeni Apostolik Kilisesi 2015 y\u0131l\u0131na kadar, Ermeni Soyk\u0131r\u0131m\u0131 kurbanlar\u0131n\u0131 azizler mertebesinde sayacak - Bati Ermenistan Ve Bati Ermenileri Sorunlari Ara\u015ftirmalar Merkezi\",\"isPartOf\":{\"@id\":\"https:\\\/\\\/akunq.net\\\/tr\\\/#website\"},\"datePublished\":\"2013-09-30T07:12:49+00:00\",\"author\":{\"@id\":\"https:\\\/\\\/akunq.net\\\/tr\\\/#\\\/schema\\\/person\\\/096f1d38a12cce57fb855b485ed24c9e\"},\"breadcrumb\":{\"@id\":\"https:\\\/\\\/akunq.net\\\/tr\\\/?p=25829#breadcrumb\"},\"inLanguage\":\"en-US\",\"potentialAction\":[{\"@type\":\"ReadAction\",\"target\":[\"https:\\\/\\\/akunq.net\\\/tr\\\/?p=25829\"]}]},{\"@type\":\"BreadcrumbList\",\"@id\":\"https:\\\/\\\/akunq.net\\\/tr\\\/?p=25829#breadcrumb\",\"itemListElement\":[{\"@type\":\"ListItem\",\"position\":1,\"name\":\"Home\",\"item\":\"https:\\\/\\\/akunq.net\\\/tr\"},{\"@type\":\"ListItem\",\"position\":2,\"name\":\"Ermeni Apostolik Kilisesi 2015 y\u0131l\u0131na kadar, Ermeni Soyk\u0131r\u0131m\u0131 kurbanlar\u0131n\u0131 azizler mertebesinde sayacak\"}]},{\"@type\":\"WebSite\",\"@id\":\"https:\\\/\\\/akunq.net\\\/tr\\\/#website\",\"url\":\"https:\\\/\\\/akunq.net\\\/tr\\\/\",\"name\":\"Bati Ermenistan Ve Bati Ermenileri Sorunlari Ara\u015ftirmalar Merkezi\",\"description\":\"\",\"potentialAction\":[{\"@type\":\"SearchAction\",\"target\":{\"@type\":\"EntryPoint\",\"urlTemplate\":\"https:\\\/\\\/akunq.net\\\/tr\\\/?s={search_term_string}\"},\"query-input\":{\"@type\":\"PropertyValueSpecification\",\"valueRequired\":true,\"valueName\":\"search_term_string\"}}],\"inLanguage\":\"en-US\"},{\"@type\":\"Person\",\"@id\":\"https:\\\/\\\/akunq.net\\\/tr\\\/#\\\/schema\\\/person\\\/096f1d38a12cce57fb855b485ed24c9e\",\"name\":\"admin\",\"url\":\"https:\\\/\\\/akunq.net\\\/tr\\\/?author=7\"}]}<\/script>\n<!-- \/ Yoast SEO plugin. -->","yoast_head_json":{"title":"Ermeni Apostolik Kilisesi 2015 y\u0131l\u0131na kadar, Ermeni Soyk\u0131r\u0131m\u0131 kurbanlar\u0131n\u0131 azizler mertebesinde sayacak - Bati Ermenistan Ve Bati Ermenileri Sorunlari Ara\u015ftirmalar Merkezi","robots":{"index":"index","follow":"follow","max-snippet":"max-snippet:-1","max-image-preview":"max-image-preview:large","max-video-preview":"max-video-preview:-1"},"canonical":"https:\/\/akunq.net\/tr\/?p=25829","og_locale":"en_US","og_type":"article","og_title":"Ermeni Apostolik Kilisesi 2015 y\u0131l\u0131na kadar, Ermeni Soyk\u0131r\u0131m\u0131 kurbanlar\u0131n\u0131 azizler mertebesinde sayacak - Bati Ermenistan Ve Bati Ermenileri Sorunlari Ara\u015ftirmalar Merkezi","og_description":"Osmanl\u0131 \u0130mparatorlu\u011fu\u2019nda ger\u00e7ekle\u015ftirilen Ermeni Soyk\u0131r\u0131m\u0131 kurbanlar\u0131n\u0131n azizler mertebesinde say\u0131lmas\u0131 s\u00fcreci 2015 y\u0131l\u0131na dek sona erecek. Beyanat 24-27 Eyl\u00fcl tarihinde ger\u00e7ekle\u015ftirilen Piskoposlar Meclisinin ald\u0131\u011f\u0131 kararlara ili\u015fkin a\u00e7\u0131klamada bulunan Piskopos Ar\u015fak Ha\u00e7atryan\u2019dan geldi. Ha\u00e7atryan 2014 Sonbahar\u0131nda Piskoposlar Meclisinin tekrar toplanaca\u011f\u0131n\u0131, bu toplant\u0131da Soyk\u0131r\u0131m kurbanlar\u0131n\u0131n azizler mertebesinde say\u0131lmas\u0131na ili\u015fkin gerekli unsurlar\u0131n sunumunun ger\u00e7ekle\u015ftirilece\u011fini ifade ederek \u2033Azizler mertebesinde say\u0131lma [&hellip;]","og_url":"https:\/\/akunq.net\/tr\/?p=25829","og_site_name":"Bati Ermenistan Ve Bati Ermenileri Sorunlari Ara\u015ftirmalar Merkezi","article_published_time":"2013-09-30T07:12:49+00:00","author":"admin","twitter_card":"summary_large_image","twitter_misc":{"Written by":"admin","Est. reading time":"1 minute"},"schema":{"@context":"https:\/\/schema.org","@graph":[{"@type":"Article","@id":"https:\/\/akunq.net\/tr\/?p=25829#article","isPartOf":{"@id":"https:\/\/akunq.net\/tr\/?p=25829"},"author":{"name":"admin","@id":"https:\/\/akunq.net\/tr\/#\/schema\/person\/096f1d38a12cce57fb855b485ed24c9e"},"headline":"Ermeni Apostolik Kilisesi 2015 y\u0131l\u0131na kadar, Ermeni Soyk\u0131r\u0131m\u0131 kurbanlar\u0131n\u0131 azizler mertebesinde sayacak","datePublished":"2013-09-30T07:12:49+00:00","mainEntityOfPage":{"@id":"https:\/\/akunq.net\/tr\/?p=25829"},"wordCount":202,"commentCount":0,"articleSection":["Haberler"],"inLanguage":"en-US","potentialAction":[{"@type":"CommentAction","name":"Comment","target":["https:\/\/akunq.net\/tr\/?p=25829#respond"]}]},{"@type":"WebPage","@id":"https:\/\/akunq.net\/tr\/?p=25829","url":"https:\/\/akunq.net\/tr\/?p=25829","name":"Ermeni Apostolik Kilisesi 2015 y\u0131l\u0131na kadar, Ermeni Soyk\u0131r\u0131m\u0131 kurbanlar\u0131n\u0131 azizler mertebesinde sayacak - Bati Ermenistan Ve Bati Ermenileri Sorunlari Ara\u015ftirmalar Merkezi","isPartOf":{"@id":"https:\/\/akunq.net\/tr\/#website"},"datePublished":"2013-09-30T07:12:49+00:00","author":{"@id":"https:\/\/akunq.net\/tr\/#\/schema\/person\/096f1d38a12cce57fb855b485ed24c9e"},"breadcrumb":{"@id":"https:\/\/akunq.net\/tr\/?p=25829#breadcrumb"},"inLanguage":"en-US","potentialAction":[{"@type":"ReadAction","target":["https:\/\/akunq.net\/tr\/?p=25829"]}]},{"@type":"BreadcrumbList","@id":"https:\/\/akunq.net\/tr\/?p=25829#breadcrumb","itemListElement":[{"@type":"ListItem","position":1,"name":"Home","item":"https:\/\/akunq.net\/tr"},{"@type":"ListItem","position":2,"name":"Ermeni Apostolik Kilisesi 2015 y\u0131l\u0131na kadar, Ermeni Soyk\u0131r\u0131m\u0131 kurbanlar\u0131n\u0131 azizler mertebesinde sayacak"}]},{"@type":"WebSite","@id":"https:\/\/akunq.net\/tr\/#website","url":"https:\/\/akunq.net\/tr\/","name":"Bati Ermenistan Ve Bati Ermenileri Sorunlari Ara\u015ftirmalar Merkezi","description":"","potentialAction":[{"@type":"SearchAction","target":{"@type":"EntryPoint","urlTemplate":"https:\/\/akunq.net\/tr\/?s={search_term_string}"},"query-input":{"@type":"PropertyValueSpecification","valueRequired":true,"valueName":"search_term_string"}}],"inLanguage":"en-US"},{"@type":"Person","@id":"https:\/\/akunq.net\/tr\/#\/schema\/person\/096f1d38a12cce57fb855b485ed24c9e","name":"admin","url":"https:\/\/akunq.net\/tr\/?author=7"}]}},"_links":{"self":[{"href":"https:\/\/akunq.net\/tr\/index.php?rest_route=\/wp\/v2\/posts\/25829","targetHints":{"allow":["GET"]}}],"collection":[{"href":"https:\/\/akunq.net\/tr\/index.php?rest_route=\/wp\/v2\/posts"}],"about":[{"href":"https:\/\/akunq.net\/tr\/index.php?rest_route=\/wp\/v2\/types\/post"}],"author":[{"embeddable":true,"href":"https:\/\/akunq.net\/tr\/index.php?rest_route=\/wp\/v2\/users\/7"}],"replies":[{"embeddable":true,"href":"https:\/\/akunq.net\/tr\/index.php?rest_route=%2Fwp%2Fv2%2Fcomments&post=25829"}],"version-history":[{"count":1,"href":"https:\/\/akunq.net\/tr\/index.php?rest_route=\/wp\/v2\/posts\/25829\/revisions"}],"predecessor-version":[{"id":25831,"href":"https:\/\/akunq.net\/tr\/index.php?rest_route=\/wp\/v2\/posts\/25829\/revisions\/25831"}],"wp:attachment":[{"href":"https:\/\/akunq.net\/tr\/index.php?rest_route=%2Fwp%2Fv2%2Fmedia&parent=25829"}],"wp:term":[{"taxonomy":"category","embeddable":true,"href":"https:\/\/akunq.net\/tr\/index.php?rest_route=%2Fwp%2Fv2%2Fcategories&post=25829"},{"taxonomy":"post_tag","embeddable":true,"href":"https:\/\/akunq.net\/tr\/index.php?rest_route=%2Fwp%2Fv2%2Ftags&post=25829"}],"curies":[{"name":"wp","href":"https:\/\/api.w.org\/{rel}","templated":true}]}}