{"id":25819,"date":"2013-09-28T02:48:26","date_gmt":"2013-09-28T07:48:26","guid":{"rendered":"http:\/\/akunq.net\/tr\/?p=25819"},"modified":"2013-09-28T02:48:26","modified_gmt":"2013-09-28T07:48:26","slug":"q-w-xin-85-yillik-yasagi-bitiyor","status":"publish","type":"post","link":"https:\/\/akunq.net\/tr\/?p=25819","title":{"rendered":"&#8216;Q, W, X&#8217;in 85 y\u0131ll\u0131k yasa\u011f\u0131 bitiyor"},"content":{"rendered":"<h5 style=\"text-align: justify;\"><b><i><a href=\"http:\/\/akunq.net\/tr\/wp-content\/uploads\/2013\/09\/Q-W-Xin-85-y\u0131ll\u0131k-yasa\u011f\u0131.jpeg\"><img loading=\"lazy\" decoding=\"async\" class=\"alignright size-medium wp-image-25820\" alt=\"'Q, W, X'in 85 y\u0131ll\u0131k yasa\u011f\u0131\" src=\"http:\/\/akunq.net\/tr\/wp-content\/uploads\/2013\/09\/Q-W-Xin-85-y\u0131ll\u0131k-yasa\u011f\u0131-300x203.jpeg\" width=\"300\" height=\"203\" srcset=\"https:\/\/akunq.net\/tr\/wp-content\/uploads\/sites\/6\/2013\/09\/Q-W-Xin-85-y\u0131ll\u0131k-yasa\u011f\u0131-300x203.jpeg 300w, https:\/\/akunq.net\/tr\/wp-content\/uploads\/sites\/6\/2013\/09\/Q-W-Xin-85-y\u0131ll\u0131k-yasa\u011f\u0131.jpeg 480w\" sizes=\"auto, (max-width: 300px) 100vw, 300px\" \/><\/a>Demokrasi paketi ile harf kanunu nedeniyle 85 y\u0131ld\u0131r yasak olan &#8216;q, x, w&#8217;nun kullan\u0131m\u0131 serbest olacak. Ancak bu \u00fc\u00e7 harf alfabeye girmeyecek.<\/i><\/b><\/h5>\n<p style=\"text-align: justify;\">Yeni d\u00fczenleme \u00fc\u00e7 harfin alfabeye girmesinin yolunu a\u00e7masa da tabelalarda isimlerde vb. kullan\u0131lmas\u0131na olanak verecek.<\/p>\n<p style=\"text-align: justify;\">Demokratikle\u015fme paketi 30 Eyl\u00fcl\u2019de a\u00e7\u0131klanacak. Pakette devrim kanunlar\u0131 olarak bilinen d\u00fczenlemelerde ciddi de\u011fi\u015fiklikler \u00f6ng\u00f6r\u00fcl\u00fcyor. En ciddi ad\u0131mlardan birisi ise yasakl\u0131 harflere serbestli\u011fin gelmesi. T\u00fcrk\u00e7e d\u0131\u015f\u0131nda kabul edildi\u011fi i\u00e7in 85 y\u0131ld\u0131r kullan\u0131m\u0131 yasak olan \u2018q, x, w\u2019 harflerinin paketle birlikte serbest olmas\u0131 bekleniyor. Ancak \u2018q, x, w\u2019nun \u015fu a\u015famada alfabeye girmesi beklenmiyor.<br \/>\nDemokratikle\u015fme paketi ile de\u011fi\u015ftirilece\u011fi s\u00f6ylenen \u2018T\u00fcrk Harflerinin Kabul ve Tatbiki Hakk\u0131nda Kanun\u2019 1928 y\u0131l\u0131ndan beri y\u00fcr\u00fcrl\u00fckte. <a href=\"http:\/\/www.radikal.com.tr\/index\/Ataturk\">Atat\u00fcrk<\/a> , Arap harflerinin yerine Latin haflerinden olu\u015fan T\u00fcrk alfabesinin kullan\u0131lmas\u0131n\u0131 hedefleyen kanunu k\u0131sa s\u00fcrede hayata ge\u00e7irmi\u015fti. K\u00fcrt\u00e7ede ise yayg\u0131n kullan\u0131lan bu \u00fc\u00e7 harf, T\u00fcrk alfabesi olarak kabul edilmedi\u011fi i\u00e7in y\u0131llard\u0131r yasakl\u0131 kapsam\u0131nda. Resmi i\u015flemlerde kullan\u0131lam\u0131yor. Bu harfleri kullananlar, T\u00fcrk Harf Kanunu\u2019na muhalefet ettikleri gerek\u00e7esiyle T\u00fcrk Ceza Kanunu\u2019nun (TCK) 222\u2019nci maddesinden yarg\u0131land\u0131. Bu kanuna muhalefet edenler 2 ila 6 ay aras\u0131nda hapis cezas\u0131 alabiliyor. <a href=\"http:\/\/www.radikal.com.tr\/index\/BDP\">BDP<\/a> \u2019li baz\u0131 belediye ba\u015fkanlar\u0131 K\u00fcrt\u00e7e bro\u015f\u00fcr, afi\u015f, davetiye bast\u0131klar\u0131 ya da parklara verdikleri isimlerden dolay\u0131 \u00e7ok say\u0131da davaya muhatap oldu.<br \/>\nYasakl\u0131 harf sorunu en fazla isimlerde ya\u015fan\u0131yor. Yarg\u0131tay, 2004 y\u0131l\u0131nda verdi\u011fi bir kararla Hakk\u00e2ri Asliye Hukuk Mahkemesi\u2019nin \u2018q, x, w\u2019 harflerlerini i\u00e7eren K\u00fcrt\u00e7e isim konulamayaca\u011f\u0131 karar\u0131n\u0131 onam\u0131\u015ft\u0131. \u0130\u00e7i\u015fleri Bakanl\u0131\u011f\u0131 da yay\u0131mlad\u0131\u011f\u0131 genelgeyle karara at\u0131fta bulunarak, bu harflerden olu\u015fan isimlerin n\u00fcfus c\u00fczdanlar\u0131na yaz\u0131lamayaca\u011f\u0131n\u0131 vurgulad\u0131. Yasakl\u0131 harfler y\u00fcz\u00fcnden \u00e7ok say\u0131da vatanda\u015f\u0131n ma\u011fduriyeti s\u00f6z konusu. \u00d6rne\u011fin; Musa Anter\u2019in <a href=\"http:\/\/www.radikal.com.tr\/index\/Batman\">Batman<\/a> \u2019da i\u015f\u00e7i olan o\u011flunun \u00e7ocu\u011fu i\u00e7inde \u2018w\u2019 harfi oldu\u011fu i\u00e7in \u2018Asiwa\u2019 ismini alamam\u0131\u015ft\u0131. Ayn\u0131 zamanda \u0130sve\u00e7 vatanda\u015f\u0131 olan Dicle Anter\u2019in k\u0131z\u0131 yasakl\u0131 harf nedeniyle \u2018Asiwa\u2019 ad\u0131ndan dolay\u0131 T\u00fcrk vatanda\u015fl\u0131\u011f\u0131na al\u0131nmay\u0131nca \u0130sve\u00e7 vatanda\u015fl\u0131\u011f\u0131na ge\u00e7mi\u015fti. Yasak bug\u00fcne kadar bir kez delinebildi. Buran \u00c7ifti, 1996 y\u0131l\u0131nda do\u011fan k\u0131z\u0131na \u2018Clara Xazal\u2019 ad\u0131n\u0131 verdi. <a href=\"http:\/\/www.radikal.com.tr\/index\/Malatya\">Malatya<\/a> \u2019da n\u00fcfus memuru \u201cBiri Alman, di\u011feri bilinmeyen dil\u201d diyerek kay\u0131t yapmad\u0131. Kaymakaml\u0131k arac\u0131l\u0131\u011f\u0131yla \u0130\u00e7i\u015fleri Bakanl\u0131\u011f\u0131\u2019na ba\u015fvuran Hasan Buran\u2019a, \u201cAlmanca olan Clara ad\u0131n\u0131 verebilirsiniz ama Xazal olmaz\u201d \u015feklinde cevap verildi. Hukuk m\u00fccadelesine giren Hasan Buran, Almancaya verilen ismin K\u00fcrt\u00e7e isme niye verilemedi\u011fini sordu. Sorusuna cevap alamayan Buran, konuyu y\u00fcksek yarg\u0131ya ta\u015f\u0131d\u0131. \u0130dare mahkemesi, \u201cKaymakam\u0131n isim kaydetme yetkisi yok\u201d karar\u0131 verince \u2018Clara Xazal\u2019 ismi 1997 y\u0131l\u0131nda n\u00fcfusa kaydedildi.<\/p>\n<p style=\"text-align: justify;\"><b><i>Haber: <\/i><\/b><a href=\"mailto:omer.sahin@radikal.com.tr\" target=\"_blank\"><b><i>\u00d6MER \u015eAH\u0130N<\/i><\/b><\/a><b><i> &#8211; <\/i><\/b><a href=\"mailto:omer.sahin@radikal.com.tr\" target=\"_blank\"><b><i>omer.sahin@radikal.com.tr<\/i><\/b><\/a><b><i> \/ <\/i><\/b><a href=\"http:\/\/www.radikal.com.tr\/radikal.aspx?atype=detayliaramasonucv2&amp;itemsperpage=10&amp;page=1&amp;keyword=&amp;categoryID=-1&amp;prmEk=0&amp;AuthorKeyword=&amp;MuhabirKeyword=%f6mer%20%feahin&amp;startDateNull=&amp;endDateNull=&amp;Asc=0\"><b><i>Ar\u015fivi<\/i><\/b><\/a><\/p>\n<p style=\"text-align: justify;\"><b><i>http:\/\/www.radikal.com.tr\/turkiye\/q_w_xin__85_yillik_yasagi_bitiyor-1152737<\/i><\/b><\/p>\n","protected":false},"excerpt":{"rendered":"<p>Demokrasi paketi ile harf kanunu nedeniyle 85 y\u0131ld\u0131r yasak olan &#8216;q, x, w&#8217;nun kullan\u0131m\u0131 serbest olacak. Ancak bu \u00fc\u00e7 harf alfabeye girmeyecek. Yeni d\u00fczenleme \u00fc\u00e7 harfin alfabeye girmesinin yolunu a\u00e7masa da tabelalarda isimlerde vb. kullan\u0131lmas\u0131na olanak verecek. Demokratikle\u015fme paketi 30 Eyl\u00fcl\u2019de a\u00e7\u0131klanacak. Pakette devrim kanunlar\u0131 olarak bilinen d\u00fczenlemelerde ciddi de\u011fi\u015fiklikler \u00f6ng\u00f6r\u00fcl\u00fcyor. En ciddi ad\u0131mlardan birisi [&hellip;]<\/p>\n","protected":false},"author":7,"featured_media":0,"comment_status":"open","ping_status":"open","sticky":false,"template":"","format":"standard","meta":{"footnotes":""},"categories":[1],"tags":[],"class_list":["post-25819","post","type-post","status-publish","format-standard","hentry","category-haberler"],"yoast_head":"<!-- This site is optimized with the Yoast SEO plugin v27.4 - https:\/\/yoast.com\/product\/yoast-seo-wordpress\/ -->\n<title>&#039;Q, W, X&#039;in 85 y\u0131ll\u0131k yasa\u011f\u0131 bitiyor - Bati Ermenistan Ve Bati Ermenileri Sorunlari Ara\u015ftirmalar Merkezi<\/title>\n<meta name=\"robots\" content=\"index, follow, max-snippet:-1, max-image-preview:large, max-video-preview:-1\" \/>\n<link rel=\"canonical\" href=\"https:\/\/akunq.net\/tr\/?p=25819\" \/>\n<meta property=\"og:locale\" content=\"en_US\" \/>\n<meta property=\"og:type\" content=\"article\" \/>\n<meta property=\"og:title\" content=\"&#039;Q, W, X&#039;in 85 y\u0131ll\u0131k yasa\u011f\u0131 bitiyor - Bati Ermenistan Ve Bati Ermenileri Sorunlari Ara\u015ftirmalar Merkezi\" \/>\n<meta property=\"og:description\" content=\"Demokrasi paketi ile harf kanunu nedeniyle 85 y\u0131ld\u0131r yasak olan &#8216;q, x, w&#8217;nun kullan\u0131m\u0131 serbest olacak. Ancak bu \u00fc\u00e7 harf alfabeye girmeyecek. Yeni d\u00fczenleme \u00fc\u00e7 harfin alfabeye girmesinin yolunu a\u00e7masa da tabelalarda isimlerde vb. kullan\u0131lmas\u0131na olanak verecek. Demokratikle\u015fme paketi 30 Eyl\u00fcl\u2019de a\u00e7\u0131klanacak. Pakette devrim kanunlar\u0131 olarak bilinen d\u00fczenlemelerde ciddi de\u011fi\u015fiklikler \u00f6ng\u00f6r\u00fcl\u00fcyor. En ciddi ad\u0131mlardan birisi [&hellip;]\" \/>\n<meta property=\"og:url\" content=\"https:\/\/akunq.net\/tr\/?p=25819\" \/>\n<meta property=\"og:site_name\" content=\"Bati Ermenistan Ve Bati Ermenileri Sorunlari Ara\u015ftirmalar Merkezi\" \/>\n<meta property=\"article:published_time\" content=\"2013-09-28T07:48:26+00:00\" \/>\n<meta name=\"author\" content=\"admin\" \/>\n<meta name=\"twitter:card\" content=\"summary_large_image\" \/>\n<meta name=\"twitter:label1\" content=\"Written by\" \/>\n\t<meta name=\"twitter:data1\" content=\"admin\" \/>\n\t<meta name=\"twitter:label2\" content=\"Est. reading time\" \/>\n\t<meta name=\"twitter:data2\" content=\"3 minutes\" \/>\n<script type=\"application\/ld+json\" class=\"yoast-schema-graph\">{\"@context\":\"https:\\\/\\\/schema.org\",\"@graph\":[{\"@type\":\"Article\",\"@id\":\"https:\\\/\\\/akunq.net\\\/tr\\\/?p=25819#article\",\"isPartOf\":{\"@id\":\"https:\\\/\\\/akunq.net\\\/tr\\\/?p=25819\"},\"author\":{\"name\":\"admin\",\"@id\":\"https:\\\/\\\/akunq.net\\\/tr\\\/#\\\/schema\\\/person\\\/096f1d38a12cce57fb855b485ed24c9e\"},\"headline\":\"&#8216;Q, W, X&#8217;in 85 y\u0131ll\u0131k yasa\u011f\u0131 bitiyor\",\"datePublished\":\"2013-09-28T07:48:26+00:00\",\"mainEntityOfPage\":{\"@id\":\"https:\\\/\\\/akunq.net\\\/tr\\\/?p=25819\"},\"wordCount\":534,\"commentCount\":0,\"articleSection\":[\"Haberler\"],\"inLanguage\":\"en-US\",\"potentialAction\":[{\"@type\":\"CommentAction\",\"name\":\"Comment\",\"target\":[\"https:\\\/\\\/akunq.net\\\/tr\\\/?p=25819#respond\"]}]},{\"@type\":\"WebPage\",\"@id\":\"https:\\\/\\\/akunq.net\\\/tr\\\/?p=25819\",\"url\":\"https:\\\/\\\/akunq.net\\\/tr\\\/?p=25819\",\"name\":\"'Q, W, X'in 85 y\u0131ll\u0131k yasa\u011f\u0131 bitiyor - Bati Ermenistan Ve Bati Ermenileri Sorunlari Ara\u015ftirmalar Merkezi\",\"isPartOf\":{\"@id\":\"https:\\\/\\\/akunq.net\\\/tr\\\/#website\"},\"datePublished\":\"2013-09-28T07:48:26+00:00\",\"author\":{\"@id\":\"https:\\\/\\\/akunq.net\\\/tr\\\/#\\\/schema\\\/person\\\/096f1d38a12cce57fb855b485ed24c9e\"},\"breadcrumb\":{\"@id\":\"https:\\\/\\\/akunq.net\\\/tr\\\/?p=25819#breadcrumb\"},\"inLanguage\":\"en-US\",\"potentialAction\":[{\"@type\":\"ReadAction\",\"target\":[\"https:\\\/\\\/akunq.net\\\/tr\\\/?p=25819\"]}]},{\"@type\":\"BreadcrumbList\",\"@id\":\"https:\\\/\\\/akunq.net\\\/tr\\\/?p=25819#breadcrumb\",\"itemListElement\":[{\"@type\":\"ListItem\",\"position\":1,\"name\":\"Home\",\"item\":\"https:\\\/\\\/akunq.net\\\/tr\"},{\"@type\":\"ListItem\",\"position\":2,\"name\":\"&#8216;Q, W, X&#8217;in 85 y\u0131ll\u0131k yasa\u011f\u0131 bitiyor\"}]},{\"@type\":\"WebSite\",\"@id\":\"https:\\\/\\\/akunq.net\\\/tr\\\/#website\",\"url\":\"https:\\\/\\\/akunq.net\\\/tr\\\/\",\"name\":\"Bati Ermenistan Ve Bati Ermenileri Sorunlari Ara\u015ftirmalar Merkezi\",\"description\":\"\",\"potentialAction\":[{\"@type\":\"SearchAction\",\"target\":{\"@type\":\"EntryPoint\",\"urlTemplate\":\"https:\\\/\\\/akunq.net\\\/tr\\\/?s={search_term_string}\"},\"query-input\":{\"@type\":\"PropertyValueSpecification\",\"valueRequired\":true,\"valueName\":\"search_term_string\"}}],\"inLanguage\":\"en-US\"},{\"@type\":\"Person\",\"@id\":\"https:\\\/\\\/akunq.net\\\/tr\\\/#\\\/schema\\\/person\\\/096f1d38a12cce57fb855b485ed24c9e\",\"name\":\"admin\",\"url\":\"https:\\\/\\\/akunq.net\\\/tr\\\/?author=7\"}]}<\/script>\n<!-- \/ Yoast SEO plugin. -->","yoast_head_json":{"title":"'Q, W, X'in 85 y\u0131ll\u0131k yasa\u011f\u0131 bitiyor - Bati Ermenistan Ve Bati Ermenileri Sorunlari Ara\u015ftirmalar Merkezi","robots":{"index":"index","follow":"follow","max-snippet":"max-snippet:-1","max-image-preview":"max-image-preview:large","max-video-preview":"max-video-preview:-1"},"canonical":"https:\/\/akunq.net\/tr\/?p=25819","og_locale":"en_US","og_type":"article","og_title":"'Q, W, X'in 85 y\u0131ll\u0131k yasa\u011f\u0131 bitiyor - Bati Ermenistan Ve Bati Ermenileri Sorunlari Ara\u015ftirmalar Merkezi","og_description":"Demokrasi paketi ile harf kanunu nedeniyle 85 y\u0131ld\u0131r yasak olan &#8216;q, x, w&#8217;nun kullan\u0131m\u0131 serbest olacak. Ancak bu \u00fc\u00e7 harf alfabeye girmeyecek. Yeni d\u00fczenleme \u00fc\u00e7 harfin alfabeye girmesinin yolunu a\u00e7masa da tabelalarda isimlerde vb. kullan\u0131lmas\u0131na olanak verecek. Demokratikle\u015fme paketi 30 Eyl\u00fcl\u2019de a\u00e7\u0131klanacak. Pakette devrim kanunlar\u0131 olarak bilinen d\u00fczenlemelerde ciddi de\u011fi\u015fiklikler \u00f6ng\u00f6r\u00fcl\u00fcyor. En ciddi ad\u0131mlardan birisi [&hellip;]","og_url":"https:\/\/akunq.net\/tr\/?p=25819","og_site_name":"Bati Ermenistan Ve Bati Ermenileri Sorunlari Ara\u015ftirmalar Merkezi","article_published_time":"2013-09-28T07:48:26+00:00","author":"admin","twitter_card":"summary_large_image","twitter_misc":{"Written by":"admin","Est. reading time":"3 minutes"},"schema":{"@context":"https:\/\/schema.org","@graph":[{"@type":"Article","@id":"https:\/\/akunq.net\/tr\/?p=25819#article","isPartOf":{"@id":"https:\/\/akunq.net\/tr\/?p=25819"},"author":{"name":"admin","@id":"https:\/\/akunq.net\/tr\/#\/schema\/person\/096f1d38a12cce57fb855b485ed24c9e"},"headline":"&#8216;Q, W, X&#8217;in 85 y\u0131ll\u0131k yasa\u011f\u0131 bitiyor","datePublished":"2013-09-28T07:48:26+00:00","mainEntityOfPage":{"@id":"https:\/\/akunq.net\/tr\/?p=25819"},"wordCount":534,"commentCount":0,"articleSection":["Haberler"],"inLanguage":"en-US","potentialAction":[{"@type":"CommentAction","name":"Comment","target":["https:\/\/akunq.net\/tr\/?p=25819#respond"]}]},{"@type":"WebPage","@id":"https:\/\/akunq.net\/tr\/?p=25819","url":"https:\/\/akunq.net\/tr\/?p=25819","name":"'Q, W, X'in 85 y\u0131ll\u0131k yasa\u011f\u0131 bitiyor - Bati Ermenistan Ve Bati Ermenileri Sorunlari Ara\u015ftirmalar Merkezi","isPartOf":{"@id":"https:\/\/akunq.net\/tr\/#website"},"datePublished":"2013-09-28T07:48:26+00:00","author":{"@id":"https:\/\/akunq.net\/tr\/#\/schema\/person\/096f1d38a12cce57fb855b485ed24c9e"},"breadcrumb":{"@id":"https:\/\/akunq.net\/tr\/?p=25819#breadcrumb"},"inLanguage":"en-US","potentialAction":[{"@type":"ReadAction","target":["https:\/\/akunq.net\/tr\/?p=25819"]}]},{"@type":"BreadcrumbList","@id":"https:\/\/akunq.net\/tr\/?p=25819#breadcrumb","itemListElement":[{"@type":"ListItem","position":1,"name":"Home","item":"https:\/\/akunq.net\/tr"},{"@type":"ListItem","position":2,"name":"&#8216;Q, W, X&#8217;in 85 y\u0131ll\u0131k yasa\u011f\u0131 bitiyor"}]},{"@type":"WebSite","@id":"https:\/\/akunq.net\/tr\/#website","url":"https:\/\/akunq.net\/tr\/","name":"Bati Ermenistan Ve Bati Ermenileri Sorunlari Ara\u015ftirmalar Merkezi","description":"","potentialAction":[{"@type":"SearchAction","target":{"@type":"EntryPoint","urlTemplate":"https:\/\/akunq.net\/tr\/?s={search_term_string}"},"query-input":{"@type":"PropertyValueSpecification","valueRequired":true,"valueName":"search_term_string"}}],"inLanguage":"en-US"},{"@type":"Person","@id":"https:\/\/akunq.net\/tr\/#\/schema\/person\/096f1d38a12cce57fb855b485ed24c9e","name":"admin","url":"https:\/\/akunq.net\/tr\/?author=7"}]}},"_links":{"self":[{"href":"https:\/\/akunq.net\/tr\/index.php?rest_route=\/wp\/v2\/posts\/25819","targetHints":{"allow":["GET"]}}],"collection":[{"href":"https:\/\/akunq.net\/tr\/index.php?rest_route=\/wp\/v2\/posts"}],"about":[{"href":"https:\/\/akunq.net\/tr\/index.php?rest_route=\/wp\/v2\/types\/post"}],"author":[{"embeddable":true,"href":"https:\/\/akunq.net\/tr\/index.php?rest_route=\/wp\/v2\/users\/7"}],"replies":[{"embeddable":true,"href":"https:\/\/akunq.net\/tr\/index.php?rest_route=%2Fwp%2Fv2%2Fcomments&post=25819"}],"version-history":[{"count":1,"href":"https:\/\/akunq.net\/tr\/index.php?rest_route=\/wp\/v2\/posts\/25819\/revisions"}],"predecessor-version":[{"id":25821,"href":"https:\/\/akunq.net\/tr\/index.php?rest_route=\/wp\/v2\/posts\/25819\/revisions\/25821"}],"wp:attachment":[{"href":"https:\/\/akunq.net\/tr\/index.php?rest_route=%2Fwp%2Fv2%2Fmedia&parent=25819"}],"wp:term":[{"taxonomy":"category","embeddable":true,"href":"https:\/\/akunq.net\/tr\/index.php?rest_route=%2Fwp%2Fv2%2Fcategories&post=25819"},{"taxonomy":"post_tag","embeddable":true,"href":"https:\/\/akunq.net\/tr\/index.php?rest_route=%2Fwp%2Fv2%2Ftags&post=25819"}],"curies":[{"name":"wp","href":"https:\/\/api.w.org\/{rel}","templated":true}]}}