{"id":25813,"date":"2013-09-28T02:00:12","date_gmt":"2013-09-28T07:00:12","guid":{"rendered":"http:\/\/akunq.net\/tr\/?p=25813"},"modified":"2013-09-28T02:00:12","modified_gmt":"2013-09-28T07:00:12","slug":"besiktas-tribun-liderlerinden-alen-gozaltina-alindi","status":"publish","type":"post","link":"https:\/\/akunq.net\/tr\/?p=25813","title":{"rendered":"Be\u015fikta\u015f trib\u00fcn liderlerinden Alen g\u00f6zalt\u0131na al\u0131nd\u0131"},"content":{"rendered":"<p style=\"text-align: justify;\"><b><i><a href=\"http:\/\/akunq.net\/tr\/wp-content\/uploads\/2013\/09\/Alen-Markaryan.jpg\"><img loading=\"lazy\" decoding=\"async\" class=\"alignright size-full wp-image-25814\" alt=\"Alen Markaryan\" src=\"http:\/\/akunq.net\/tr\/wp-content\/uploads\/2013\/09\/Alen-Markaryan.jpg\" width=\"250\" height=\"190\" \/><\/a>Be\u015fikta\u015f trib\u00fcn liderlerinden Alen Markaryan g\u00f6zalt\u0131na al\u0131nd\u0131.<\/i><\/b><\/p>\n<p style=\"text-align: justify;\">Polisler, sabah saatlerinde Markaryan, \u00dcsk\u00fcdar&#8217;daki evine geldi. Alen Markaryan polisler aras\u0131nda evden \u00e7\u0131kar\u0131ld\u0131. Neden g\u00f6zalt\u0131na al\u0131nd\u0131\u011f\u0131na y\u00f6nelik soruya Alen Markaryan, &#8220;bilmiyorum&#8221; yan\u0131t\u0131n\u0131 verdi. Markaryan, emniyet m\u00fcd\u00fcrl\u00fc\u011f\u00fcne g\u00f6t\u00fcr\u00fcld\u00fc.<\/p>\n<p style=\"text-align: justify;\"><b><i>http:\/\/www.kanalahaber.com\/haber\/spor\/besiktas-tribun-liderlerinden-alen-gozaltina-alindi-143851\/<\/i><\/b><\/p>\n","protected":false},"excerpt":{"rendered":"<p>Be\u015fikta\u015f trib\u00fcn liderlerinden Alen Markaryan g\u00f6zalt\u0131na al\u0131nd\u0131. Polisler, sabah saatlerinde Markaryan, \u00dcsk\u00fcdar&#8217;daki evine geldi. Alen Markaryan polisler aras\u0131nda evden \u00e7\u0131kar\u0131ld\u0131. Neden g\u00f6zalt\u0131na al\u0131nd\u0131\u011f\u0131na y\u00f6nelik soruya Alen Markaryan, &#8220;bilmiyorum&#8221; yan\u0131t\u0131n\u0131 verdi. Markaryan, emniyet m\u00fcd\u00fcrl\u00fc\u011f\u00fcne g\u00f6t\u00fcr\u00fcld\u00fc. http:\/\/www.kanalahaber.com\/haber\/spor\/besiktas-tribun-liderlerinden-alen-gozaltina-alindi-143851\/<\/p>\n","protected":false},"author":7,"featured_media":0,"comment_status":"open","ping_status":"open","sticky":false,"template":"","format":"standard","meta":{"footnotes":""},"categories":[1],"tags":[],"class_list":["post-25813","post","type-post","status-publish","format-standard","hentry","category-haberler"],"yoast_head":"<!-- This site is optimized with the Yoast SEO plugin v27.4 - https:\/\/yoast.com\/product\/yoast-seo-wordpress\/ -->\n<title>Be\u015fikta\u015f trib\u00fcn liderlerinden Alen g\u00f6zalt\u0131na al\u0131nd\u0131 - Bati Ermenistan Ve Bati Ermenileri Sorunlari Ara\u015ftirmalar Merkezi<\/title>\n<meta name=\"robots\" content=\"index, follow, max-snippet:-1, max-image-preview:large, max-video-preview:-1\" \/>\n<link rel=\"canonical\" href=\"https:\/\/akunq.net\/tr\/?p=25813\" \/>\n<meta property=\"og:locale\" content=\"en_US\" \/>\n<meta property=\"og:type\" content=\"article\" \/>\n<meta property=\"og:title\" content=\"Be\u015fikta\u015f trib\u00fcn liderlerinden Alen g\u00f6zalt\u0131na al\u0131nd\u0131 - Bati Ermenistan Ve Bati Ermenileri Sorunlari Ara\u015ftirmalar Merkezi\" \/>\n<meta property=\"og:description\" content=\"Be\u015fikta\u015f trib\u00fcn liderlerinden Alen Markaryan g\u00f6zalt\u0131na al\u0131nd\u0131. Polisler, sabah saatlerinde Markaryan, \u00dcsk\u00fcdar&#8217;daki evine geldi. Alen Markaryan polisler aras\u0131nda evden \u00e7\u0131kar\u0131ld\u0131. Neden g\u00f6zalt\u0131na al\u0131nd\u0131\u011f\u0131na y\u00f6nelik soruya Alen Markaryan, &#8220;bilmiyorum&#8221; yan\u0131t\u0131n\u0131 verdi. Markaryan, emniyet m\u00fcd\u00fcrl\u00fc\u011f\u00fcne g\u00f6t\u00fcr\u00fcld\u00fc. http:\/\/www.kanalahaber.com\/haber\/spor\/besiktas-tribun-liderlerinden-alen-gozaltina-alindi-143851\/\" \/>\n<meta property=\"og:url\" content=\"https:\/\/akunq.net\/tr\/?p=25813\" \/>\n<meta property=\"og:site_name\" content=\"Bati Ermenistan Ve Bati Ermenileri Sorunlari Ara\u015ftirmalar Merkezi\" \/>\n<meta property=\"article:published_time\" content=\"2013-09-28T07:00:12+00:00\" \/>\n<meta property=\"og:image\" content=\"http:\/\/akunq.net\/tr\/wp-content\/uploads\/2013\/09\/Alen-Markaryan.jpg\" \/>\n<meta name=\"author\" content=\"admin\" \/>\n<meta name=\"twitter:card\" content=\"summary_large_image\" \/>\n<meta name=\"twitter:label1\" content=\"Written by\" \/>\n\t<meta name=\"twitter:data1\" content=\"admin\" \/>\n<script type=\"application\/ld+json\" class=\"yoast-schema-graph\">{\"@context\":\"https:\\\/\\\/schema.org\",\"@graph\":[{\"@type\":\"Article\",\"@id\":\"https:\\\/\\\/akunq.net\\\/tr\\\/?p=25813#article\",\"isPartOf\":{\"@id\":\"https:\\\/\\\/akunq.net\\\/tr\\\/?p=25813\"},\"author\":{\"name\":\"admin\",\"@id\":\"https:\\\/\\\/akunq.net\\\/tr\\\/#\\\/schema\\\/person\\\/096f1d38a12cce57fb855b485ed24c9e\"},\"headline\":\"Be\u015fikta\u015f trib\u00fcn liderlerinden Alen g\u00f6zalt\u0131na al\u0131nd\u0131\",\"datePublished\":\"2013-09-28T07:00:12+00:00\",\"mainEntityOfPage\":{\"@id\":\"https:\\\/\\\/akunq.net\\\/tr\\\/?p=25813\"},\"wordCount\":73,\"commentCount\":0,\"image\":{\"@id\":\"https:\\\/\\\/akunq.net\\\/tr\\\/?p=25813#primaryimage\"},\"thumbnailUrl\":\"http:\\\/\\\/akunq.net\\\/tr\\\/wp-content\\\/uploads\\\/2013\\\/09\\\/Alen-Markaryan.jpg\",\"articleSection\":[\"Haberler\"],\"inLanguage\":\"en-US\",\"potentialAction\":[{\"@type\":\"CommentAction\",\"name\":\"Comment\",\"target\":[\"https:\\\/\\\/akunq.net\\\/tr\\\/?p=25813#respond\"]}]},{\"@type\":\"WebPage\",\"@id\":\"https:\\\/\\\/akunq.net\\\/tr\\\/?p=25813\",\"url\":\"https:\\\/\\\/akunq.net\\\/tr\\\/?p=25813\",\"name\":\"Be\u015fikta\u015f trib\u00fcn liderlerinden Alen g\u00f6zalt\u0131na al\u0131nd\u0131 - Bati Ermenistan Ve Bati Ermenileri Sorunlari Ara\u015ftirmalar Merkezi\",\"isPartOf\":{\"@id\":\"https:\\\/\\\/akunq.net\\\/tr\\\/#website\"},\"primaryImageOfPage\":{\"@id\":\"https:\\\/\\\/akunq.net\\\/tr\\\/?p=25813#primaryimage\"},\"image\":{\"@id\":\"https:\\\/\\\/akunq.net\\\/tr\\\/?p=25813#primaryimage\"},\"thumbnailUrl\":\"http:\\\/\\\/akunq.net\\\/tr\\\/wp-content\\\/uploads\\\/2013\\\/09\\\/Alen-Markaryan.jpg\",\"datePublished\":\"2013-09-28T07:00:12+00:00\",\"author\":{\"@id\":\"https:\\\/\\\/akunq.net\\\/tr\\\/#\\\/schema\\\/person\\\/096f1d38a12cce57fb855b485ed24c9e\"},\"breadcrumb\":{\"@id\":\"https:\\\/\\\/akunq.net\\\/tr\\\/?p=25813#breadcrumb\"},\"inLanguage\":\"en-US\",\"potentialAction\":[{\"@type\":\"ReadAction\",\"target\":[\"https:\\\/\\\/akunq.net\\\/tr\\\/?p=25813\"]}]},{\"@type\":\"ImageObject\",\"inLanguage\":\"en-US\",\"@id\":\"https:\\\/\\\/akunq.net\\\/tr\\\/?p=25813#primaryimage\",\"url\":\"http:\\\/\\\/akunq.net\\\/tr\\\/wp-content\\\/uploads\\\/2013\\\/09\\\/Alen-Markaryan.jpg\",\"contentUrl\":\"http:\\\/\\\/akunq.net\\\/tr\\\/wp-content\\\/uploads\\\/2013\\\/09\\\/Alen-Markaryan.jpg\"},{\"@type\":\"BreadcrumbList\",\"@id\":\"https:\\\/\\\/akunq.net\\\/tr\\\/?p=25813#breadcrumb\",\"itemListElement\":[{\"@type\":\"ListItem\",\"position\":1,\"name\":\"Home\",\"item\":\"https:\\\/\\\/akunq.net\\\/tr\"},{\"@type\":\"ListItem\",\"position\":2,\"name\":\"Be\u015fikta\u015f trib\u00fcn liderlerinden Alen g\u00f6zalt\u0131na al\u0131nd\u0131\"}]},{\"@type\":\"WebSite\",\"@id\":\"https:\\\/\\\/akunq.net\\\/tr\\\/#website\",\"url\":\"https:\\\/\\\/akunq.net\\\/tr\\\/\",\"name\":\"Bati Ermenistan Ve Bati Ermenileri Sorunlari Ara\u015ftirmalar Merkezi\",\"description\":\"\",\"potentialAction\":[{\"@type\":\"SearchAction\",\"target\":{\"@type\":\"EntryPoint\",\"urlTemplate\":\"https:\\\/\\\/akunq.net\\\/tr\\\/?s={search_term_string}\"},\"query-input\":{\"@type\":\"PropertyValueSpecification\",\"valueRequired\":true,\"valueName\":\"search_term_string\"}}],\"inLanguage\":\"en-US\"},{\"@type\":\"Person\",\"@id\":\"https:\\\/\\\/akunq.net\\\/tr\\\/#\\\/schema\\\/person\\\/096f1d38a12cce57fb855b485ed24c9e\",\"name\":\"admin\",\"url\":\"https:\\\/\\\/akunq.net\\\/tr\\\/?author=7\"}]}<\/script>\n<!-- \/ Yoast SEO plugin. -->","yoast_head_json":{"title":"Be\u015fikta\u015f trib\u00fcn liderlerinden Alen g\u00f6zalt\u0131na al\u0131nd\u0131 - Bati Ermenistan Ve Bati Ermenileri Sorunlari Ara\u015ftirmalar Merkezi","robots":{"index":"index","follow":"follow","max-snippet":"max-snippet:-1","max-image-preview":"max-image-preview:large","max-video-preview":"max-video-preview:-1"},"canonical":"https:\/\/akunq.net\/tr\/?p=25813","og_locale":"en_US","og_type":"article","og_title":"Be\u015fikta\u015f trib\u00fcn liderlerinden Alen g\u00f6zalt\u0131na al\u0131nd\u0131 - Bati Ermenistan Ve Bati Ermenileri Sorunlari Ara\u015ftirmalar Merkezi","og_description":"Be\u015fikta\u015f trib\u00fcn liderlerinden Alen Markaryan g\u00f6zalt\u0131na al\u0131nd\u0131. Polisler, sabah saatlerinde Markaryan, \u00dcsk\u00fcdar&#8217;daki evine geldi. Alen Markaryan polisler aras\u0131nda evden \u00e7\u0131kar\u0131ld\u0131. Neden g\u00f6zalt\u0131na al\u0131nd\u0131\u011f\u0131na y\u00f6nelik soruya Alen Markaryan, &#8220;bilmiyorum&#8221; yan\u0131t\u0131n\u0131 verdi. Markaryan, emniyet m\u00fcd\u00fcrl\u00fc\u011f\u00fcne g\u00f6t\u00fcr\u00fcld\u00fc. http:\/\/www.kanalahaber.com\/haber\/spor\/besiktas-tribun-liderlerinden-alen-gozaltina-alindi-143851\/","og_url":"https:\/\/akunq.net\/tr\/?p=25813","og_site_name":"Bati Ermenistan Ve Bati Ermenileri Sorunlari Ara\u015ftirmalar Merkezi","article_published_time":"2013-09-28T07:00:12+00:00","og_image":[{"url":"http:\/\/akunq.net\/tr\/wp-content\/uploads\/2013\/09\/Alen-Markaryan.jpg","type":"","width":"","height":""}],"author":"admin","twitter_card":"summary_large_image","twitter_misc":{"Written by":"admin"},"schema":{"@context":"https:\/\/schema.org","@graph":[{"@type":"Article","@id":"https:\/\/akunq.net\/tr\/?p=25813#article","isPartOf":{"@id":"https:\/\/akunq.net\/tr\/?p=25813"},"author":{"name":"admin","@id":"https:\/\/akunq.net\/tr\/#\/schema\/person\/096f1d38a12cce57fb855b485ed24c9e"},"headline":"Be\u015fikta\u015f trib\u00fcn liderlerinden Alen g\u00f6zalt\u0131na al\u0131nd\u0131","datePublished":"2013-09-28T07:00:12+00:00","mainEntityOfPage":{"@id":"https:\/\/akunq.net\/tr\/?p=25813"},"wordCount":73,"commentCount":0,"image":{"@id":"https:\/\/akunq.net\/tr\/?p=25813#primaryimage"},"thumbnailUrl":"http:\/\/akunq.net\/tr\/wp-content\/uploads\/2013\/09\/Alen-Markaryan.jpg","articleSection":["Haberler"],"inLanguage":"en-US","potentialAction":[{"@type":"CommentAction","name":"Comment","target":["https:\/\/akunq.net\/tr\/?p=25813#respond"]}]},{"@type":"WebPage","@id":"https:\/\/akunq.net\/tr\/?p=25813","url":"https:\/\/akunq.net\/tr\/?p=25813","name":"Be\u015fikta\u015f trib\u00fcn liderlerinden Alen g\u00f6zalt\u0131na al\u0131nd\u0131 - Bati Ermenistan Ve Bati Ermenileri Sorunlari Ara\u015ftirmalar Merkezi","isPartOf":{"@id":"https:\/\/akunq.net\/tr\/#website"},"primaryImageOfPage":{"@id":"https:\/\/akunq.net\/tr\/?p=25813#primaryimage"},"image":{"@id":"https:\/\/akunq.net\/tr\/?p=25813#primaryimage"},"thumbnailUrl":"http:\/\/akunq.net\/tr\/wp-content\/uploads\/2013\/09\/Alen-Markaryan.jpg","datePublished":"2013-09-28T07:00:12+00:00","author":{"@id":"https:\/\/akunq.net\/tr\/#\/schema\/person\/096f1d38a12cce57fb855b485ed24c9e"},"breadcrumb":{"@id":"https:\/\/akunq.net\/tr\/?p=25813#breadcrumb"},"inLanguage":"en-US","potentialAction":[{"@type":"ReadAction","target":["https:\/\/akunq.net\/tr\/?p=25813"]}]},{"@type":"ImageObject","inLanguage":"en-US","@id":"https:\/\/akunq.net\/tr\/?p=25813#primaryimage","url":"http:\/\/akunq.net\/tr\/wp-content\/uploads\/2013\/09\/Alen-Markaryan.jpg","contentUrl":"http:\/\/akunq.net\/tr\/wp-content\/uploads\/2013\/09\/Alen-Markaryan.jpg"},{"@type":"BreadcrumbList","@id":"https:\/\/akunq.net\/tr\/?p=25813#breadcrumb","itemListElement":[{"@type":"ListItem","position":1,"name":"Home","item":"https:\/\/akunq.net\/tr"},{"@type":"ListItem","position":2,"name":"Be\u015fikta\u015f trib\u00fcn liderlerinden Alen g\u00f6zalt\u0131na al\u0131nd\u0131"}]},{"@type":"WebSite","@id":"https:\/\/akunq.net\/tr\/#website","url":"https:\/\/akunq.net\/tr\/","name":"Bati Ermenistan Ve Bati Ermenileri Sorunlari Ara\u015ftirmalar Merkezi","description":"","potentialAction":[{"@type":"SearchAction","target":{"@type":"EntryPoint","urlTemplate":"https:\/\/akunq.net\/tr\/?s={search_term_string}"},"query-input":{"@type":"PropertyValueSpecification","valueRequired":true,"valueName":"search_term_string"}}],"inLanguage":"en-US"},{"@type":"Person","@id":"https:\/\/akunq.net\/tr\/#\/schema\/person\/096f1d38a12cce57fb855b485ed24c9e","name":"admin","url":"https:\/\/akunq.net\/tr\/?author=7"}]}},"_links":{"self":[{"href":"https:\/\/akunq.net\/tr\/index.php?rest_route=\/wp\/v2\/posts\/25813","targetHints":{"allow":["GET"]}}],"collection":[{"href":"https:\/\/akunq.net\/tr\/index.php?rest_route=\/wp\/v2\/posts"}],"about":[{"href":"https:\/\/akunq.net\/tr\/index.php?rest_route=\/wp\/v2\/types\/post"}],"author":[{"embeddable":true,"href":"https:\/\/akunq.net\/tr\/index.php?rest_route=\/wp\/v2\/users\/7"}],"replies":[{"embeddable":true,"href":"https:\/\/akunq.net\/tr\/index.php?rest_route=%2Fwp%2Fv2%2Fcomments&post=25813"}],"version-history":[{"count":1,"href":"https:\/\/akunq.net\/tr\/index.php?rest_route=\/wp\/v2\/posts\/25813\/revisions"}],"predecessor-version":[{"id":25815,"href":"https:\/\/akunq.net\/tr\/index.php?rest_route=\/wp\/v2\/posts\/25813\/revisions\/25815"}],"wp:attachment":[{"href":"https:\/\/akunq.net\/tr\/index.php?rest_route=%2Fwp%2Fv2%2Fmedia&parent=25813"}],"wp:term":[{"taxonomy":"category","embeddable":true,"href":"https:\/\/akunq.net\/tr\/index.php?rest_route=%2Fwp%2Fv2%2Fcategories&post=25813"},{"taxonomy":"post_tag","embeddable":true,"href":"https:\/\/akunq.net\/tr\/index.php?rest_route=%2Fwp%2Fv2%2Ftags&post=25813"}],"curies":[{"name":"wp","href":"https:\/\/api.w.org\/{rel}","templated":true}]}}