{"id":25789,"date":"2013-09-27T04:33:51","date_gmt":"2013-09-27T09:33:51","guid":{"rendered":"http:\/\/akunq.net\/tr\/?p=25789"},"modified":"2013-09-27T04:33:51","modified_gmt":"2013-09-27T09:33:51","slug":"sozlu-tarih-calismalari-kitaplastirildi","status":"publish","type":"post","link":"https:\/\/akunq.net\/tr\/?p=25789","title":{"rendered":"S\u00f6zl\u00fc Tarih \u00c7al\u0131\u015fmalar\u0131 Kitapla\u015ft\u0131r\u0131ld\u0131"},"content":{"rendered":"<p style=\"text-align: justify;\"><b><i><a href=\"http:\/\/akunq.net\/tr\/wp-content\/uploads\/2013\/09\/Nor-Zartonk.jpg\"><img loading=\"lazy\" decoding=\"async\" class=\"alignright size-medium wp-image-25790\" alt=\"Nor Zartonk\" src=\"http:\/\/akunq.net\/tr\/wp-content\/uploads\/2013\/09\/Nor-Zartonk-300x69.jpg\" width=\"300\" height=\"69\" srcset=\"https:\/\/akunq.net\/tr\/wp-content\/uploads\/sites\/6\/2013\/09\/Nor-Zartonk-300x69.jpg 300w, https:\/\/akunq.net\/tr\/wp-content\/uploads\/sites\/6\/2013\/09\/Nor-Zartonk-600x138.jpg 600w, https:\/\/akunq.net\/tr\/wp-content\/uploads\/sites\/6\/2013\/09\/Nor-Zartonk.jpg 760w\" sizes=\"auto, (max-width: 300px) 100vw, 300px\" \/><\/a>Ermeni K\u00fclt\u00fcr\u00fc ve Dayan\u0131\u015fma Derne\u011fi taraf\u0131ndan ge\u00e7en y\u0131l d\u00fczenlenen s\u00f6zl\u00fc tarih at\u00f6lyesi kapsam\u0131nda yap\u0131lan m\u00fclakatlar, \u2018Biz O Konuyu Daha G\u00f6rmedik\u2019 ba\u015fl\u0131kl\u0131 kitapta bir araya getirildi.<\/i><\/b><\/p>\n<p style=\"text-align: justify;\">Ermeni K\u00fclt\u00fcr\u00fc ve Dayan\u0131\u015fma Derne\u011fi Yay\u0131nlar\u0131\u2019n\u0131n ilk kitab\u0131 olan \u2018Biz O Konuyu Daha G\u00f6rmedik\u2019, 30 Eyl\u00fcl Pazartesi ak\u015fam\u0131 Cezayir Restoran\u2019da tan\u0131t\u0131lacak. \u201cT\u00fcrk milli e\u011fitim sisteminde etnik ve cinsel anlamda temsil edilmedi\u011fini d\u00fc\u015f\u00fcnen\u201d gruplara mensup ki\u015filerle yap\u0131lan m\u00fclakatlarda, g\u00f6r\u00fc\u015fmecilerin \u00e7ocukluklar\u0131na ve e\u011fitim hayatlar\u0131na odaklan\u0131larak, milli e\u011fitim sisteminin, bug\u00fcnk\u00fc ya\u015famlar\u0131nda nas\u0131l bir etkisi oldu\u011fu ara\u015ft\u0131r\u0131ld\u0131.<\/p>\n<p>Calouste Gulbenkian Vakf\u0131 taraf\u0131ndan desteklenen projenin y\u00f6neticili\u011fini, Concordia \u00dcniversitesi Antropoloji B\u00f6l\u00fcm\u00fc\u2019nde doktora \u00f6\u011frencisi olan Nora Tataryan yapt\u0131. 12 m\u00fclakat\u0131n yer ald\u0131\u011f\u0131 ve edit\u00f6rl\u00fc\u011f\u00fcn\u00fc Murat G\u00f6zo\u011flu\u2019nun \u00fcstlendi\u011fi kitap, derne\u011fin ofisinden \u00fccretsiz olarak edinilebilecek.<\/p>\n<p style=\"text-align: justify;\"><i>\u0130leti\u015fim i\u00e7in: info@ermenikultur.org<\/i><\/p>\n<p style=\"text-align: justify;\"><a href=\"http:\/\/www.norzartonk.org\/?p=11006\"><b><i>http:\/\/www.norzartonk.org\/?p=11006<\/i><\/b><\/a><\/p>\n","protected":false},"excerpt":{"rendered":"<p>Ermeni K\u00fclt\u00fcr\u00fc ve Dayan\u0131\u015fma Derne\u011fi taraf\u0131ndan ge\u00e7en y\u0131l d\u00fczenlenen s\u00f6zl\u00fc tarih at\u00f6lyesi kapsam\u0131nda yap\u0131lan m\u00fclakatlar, \u2018Biz O Konuyu Daha G\u00f6rmedik\u2019 ba\u015fl\u0131kl\u0131 kitapta bir araya getirildi. Ermeni K\u00fclt\u00fcr\u00fc ve Dayan\u0131\u015fma Derne\u011fi Yay\u0131nlar\u0131\u2019n\u0131n ilk kitab\u0131 olan \u2018Biz O Konuyu Daha G\u00f6rmedik\u2019, 30 Eyl\u00fcl Pazartesi ak\u015fam\u0131 Cezayir Restoran\u2019da tan\u0131t\u0131lacak. \u201cT\u00fcrk milli e\u011fitim sisteminde etnik ve cinsel anlamda temsil [&hellip;]<\/p>\n","protected":false},"author":7,"featured_media":0,"comment_status":"open","ping_status":"open","sticky":false,"template":"","format":"standard","meta":{"footnotes":""},"categories":[1,54],"tags":[],"class_list":["post-25789","post","type-post","status-publish","format-standard","hentry","category-haberler","category-kitaplar-elestiriler"],"yoast_head":"<!-- This site is optimized with the Yoast SEO plugin v27.4 - https:\/\/yoast.com\/product\/yoast-seo-wordpress\/ -->\n<title>S\u00f6zl\u00fc Tarih \u00c7al\u0131\u015fmalar\u0131 Kitapla\u015ft\u0131r\u0131ld\u0131 - Bati Ermenistan Ve Bati Ermenileri Sorunlari Ara\u015ftirmalar Merkezi<\/title>\n<meta name=\"robots\" content=\"index, follow, max-snippet:-1, max-image-preview:large, max-video-preview:-1\" \/>\n<link rel=\"canonical\" href=\"https:\/\/akunq.net\/tr\/?p=25789\" \/>\n<meta property=\"og:locale\" content=\"en_US\" \/>\n<meta property=\"og:type\" content=\"article\" \/>\n<meta property=\"og:title\" content=\"S\u00f6zl\u00fc Tarih \u00c7al\u0131\u015fmalar\u0131 Kitapla\u015ft\u0131r\u0131ld\u0131 - Bati Ermenistan Ve Bati Ermenileri Sorunlari Ara\u015ftirmalar Merkezi\" \/>\n<meta property=\"og:description\" content=\"Ermeni K\u00fclt\u00fcr\u00fc ve Dayan\u0131\u015fma Derne\u011fi taraf\u0131ndan ge\u00e7en y\u0131l d\u00fczenlenen s\u00f6zl\u00fc tarih at\u00f6lyesi kapsam\u0131nda yap\u0131lan m\u00fclakatlar, \u2018Biz O Konuyu Daha G\u00f6rmedik\u2019 ba\u015fl\u0131kl\u0131 kitapta bir araya getirildi. Ermeni K\u00fclt\u00fcr\u00fc ve Dayan\u0131\u015fma Derne\u011fi Yay\u0131nlar\u0131\u2019n\u0131n ilk kitab\u0131 olan \u2018Biz O Konuyu Daha G\u00f6rmedik\u2019, 30 Eyl\u00fcl Pazartesi ak\u015fam\u0131 Cezayir Restoran\u2019da tan\u0131t\u0131lacak. \u201cT\u00fcrk milli e\u011fitim sisteminde etnik ve cinsel anlamda temsil [&hellip;]\" \/>\n<meta property=\"og:url\" content=\"https:\/\/akunq.net\/tr\/?p=25789\" \/>\n<meta property=\"og:site_name\" content=\"Bati Ermenistan Ve Bati Ermenileri Sorunlari Ara\u015ftirmalar Merkezi\" \/>\n<meta property=\"article:published_time\" content=\"2013-09-27T09:33:51+00:00\" \/>\n<meta property=\"og:image\" content=\"http:\/\/akunq.net\/tr\/wp-content\/uploads\/2013\/09\/Nor-Zartonk-300x69.jpg\" \/>\n<meta name=\"author\" content=\"admin\" \/>\n<meta name=\"twitter:card\" content=\"summary_large_image\" \/>\n<meta name=\"twitter:label1\" content=\"Written by\" \/>\n\t<meta name=\"twitter:data1\" content=\"admin\" \/>\n\t<meta name=\"twitter:label2\" content=\"Est. reading time\" \/>\n\t<meta name=\"twitter:data2\" content=\"1 minute\" \/>\n<script type=\"application\/ld+json\" class=\"yoast-schema-graph\">{\"@context\":\"https:\\\/\\\/schema.org\",\"@graph\":[{\"@type\":\"Article\",\"@id\":\"https:\\\/\\\/akunq.net\\\/tr\\\/?p=25789#article\",\"isPartOf\":{\"@id\":\"https:\\\/\\\/akunq.net\\\/tr\\\/?p=25789\"},\"author\":{\"name\":\"admin\",\"@id\":\"https:\\\/\\\/akunq.net\\\/tr\\\/#\\\/schema\\\/person\\\/096f1d38a12cce57fb855b485ed24c9e\"},\"headline\":\"S\u00f6zl\u00fc Tarih \u00c7al\u0131\u015fmalar\u0131 Kitapla\u015ft\u0131r\u0131ld\u0131\",\"datePublished\":\"2013-09-27T09:33:51+00:00\",\"mainEntityOfPage\":{\"@id\":\"https:\\\/\\\/akunq.net\\\/tr\\\/?p=25789\"},\"wordCount\":195,\"commentCount\":0,\"image\":{\"@id\":\"https:\\\/\\\/akunq.net\\\/tr\\\/?p=25789#primaryimage\"},\"thumbnailUrl\":\"http:\\\/\\\/akunq.net\\\/tr\\\/wp-content\\\/uploads\\\/2013\\\/09\\\/Nor-Zartonk-300x69.jpg\",\"articleSection\":[\"Haberler\",\"Kitaplar-Ele\u015ftiriler\"],\"inLanguage\":\"en-US\",\"potentialAction\":[{\"@type\":\"CommentAction\",\"name\":\"Comment\",\"target\":[\"https:\\\/\\\/akunq.net\\\/tr\\\/?p=25789#respond\"]}]},{\"@type\":\"WebPage\",\"@id\":\"https:\\\/\\\/akunq.net\\\/tr\\\/?p=25789\",\"url\":\"https:\\\/\\\/akunq.net\\\/tr\\\/?p=25789\",\"name\":\"S\u00f6zl\u00fc Tarih \u00c7al\u0131\u015fmalar\u0131 Kitapla\u015ft\u0131r\u0131ld\u0131 - Bati Ermenistan Ve Bati Ermenileri Sorunlari Ara\u015ftirmalar Merkezi\",\"isPartOf\":{\"@id\":\"https:\\\/\\\/akunq.net\\\/tr\\\/#website\"},\"primaryImageOfPage\":{\"@id\":\"https:\\\/\\\/akunq.net\\\/tr\\\/?p=25789#primaryimage\"},\"image\":{\"@id\":\"https:\\\/\\\/akunq.net\\\/tr\\\/?p=25789#primaryimage\"},\"thumbnailUrl\":\"http:\\\/\\\/akunq.net\\\/tr\\\/wp-content\\\/uploads\\\/2013\\\/09\\\/Nor-Zartonk-300x69.jpg\",\"datePublished\":\"2013-09-27T09:33:51+00:00\",\"author\":{\"@id\":\"https:\\\/\\\/akunq.net\\\/tr\\\/#\\\/schema\\\/person\\\/096f1d38a12cce57fb855b485ed24c9e\"},\"breadcrumb\":{\"@id\":\"https:\\\/\\\/akunq.net\\\/tr\\\/?p=25789#breadcrumb\"},\"inLanguage\":\"en-US\",\"potentialAction\":[{\"@type\":\"ReadAction\",\"target\":[\"https:\\\/\\\/akunq.net\\\/tr\\\/?p=25789\"]}]},{\"@type\":\"ImageObject\",\"inLanguage\":\"en-US\",\"@id\":\"https:\\\/\\\/akunq.net\\\/tr\\\/?p=25789#primaryimage\",\"url\":\"https:\\\/\\\/akunq.net\\\/tr\\\/wp-content\\\/uploads\\\/sites\\\/6\\\/2013\\\/09\\\/Nor-Zartonk.jpg\",\"contentUrl\":\"https:\\\/\\\/akunq.net\\\/tr\\\/wp-content\\\/uploads\\\/sites\\\/6\\\/2013\\\/09\\\/Nor-Zartonk.jpg\",\"width\":760,\"height\":175},{\"@type\":\"BreadcrumbList\",\"@id\":\"https:\\\/\\\/akunq.net\\\/tr\\\/?p=25789#breadcrumb\",\"itemListElement\":[{\"@type\":\"ListItem\",\"position\":1,\"name\":\"Home\",\"item\":\"https:\\\/\\\/akunq.net\\\/tr\"},{\"@type\":\"ListItem\",\"position\":2,\"name\":\"S\u00f6zl\u00fc Tarih \u00c7al\u0131\u015fmalar\u0131 Kitapla\u015ft\u0131r\u0131ld\u0131\"}]},{\"@type\":\"WebSite\",\"@id\":\"https:\\\/\\\/akunq.net\\\/tr\\\/#website\",\"url\":\"https:\\\/\\\/akunq.net\\\/tr\\\/\",\"name\":\"Bati Ermenistan Ve Bati Ermenileri Sorunlari Ara\u015ftirmalar Merkezi\",\"description\":\"\",\"potentialAction\":[{\"@type\":\"SearchAction\",\"target\":{\"@type\":\"EntryPoint\",\"urlTemplate\":\"https:\\\/\\\/akunq.net\\\/tr\\\/?s={search_term_string}\"},\"query-input\":{\"@type\":\"PropertyValueSpecification\",\"valueRequired\":true,\"valueName\":\"search_term_string\"}}],\"inLanguage\":\"en-US\"},{\"@type\":\"Person\",\"@id\":\"https:\\\/\\\/akunq.net\\\/tr\\\/#\\\/schema\\\/person\\\/096f1d38a12cce57fb855b485ed24c9e\",\"name\":\"admin\",\"url\":\"https:\\\/\\\/akunq.net\\\/tr\\\/?author=7\"}]}<\/script>\n<!-- \/ Yoast SEO plugin. -->","yoast_head_json":{"title":"S\u00f6zl\u00fc Tarih \u00c7al\u0131\u015fmalar\u0131 Kitapla\u015ft\u0131r\u0131ld\u0131 - Bati Ermenistan Ve Bati Ermenileri Sorunlari Ara\u015ftirmalar Merkezi","robots":{"index":"index","follow":"follow","max-snippet":"max-snippet:-1","max-image-preview":"max-image-preview:large","max-video-preview":"max-video-preview:-1"},"canonical":"https:\/\/akunq.net\/tr\/?p=25789","og_locale":"en_US","og_type":"article","og_title":"S\u00f6zl\u00fc Tarih \u00c7al\u0131\u015fmalar\u0131 Kitapla\u015ft\u0131r\u0131ld\u0131 - Bati Ermenistan Ve Bati Ermenileri Sorunlari Ara\u015ftirmalar Merkezi","og_description":"Ermeni K\u00fclt\u00fcr\u00fc ve Dayan\u0131\u015fma Derne\u011fi taraf\u0131ndan ge\u00e7en y\u0131l d\u00fczenlenen s\u00f6zl\u00fc tarih at\u00f6lyesi kapsam\u0131nda yap\u0131lan m\u00fclakatlar, \u2018Biz O Konuyu Daha G\u00f6rmedik\u2019 ba\u015fl\u0131kl\u0131 kitapta bir araya getirildi. Ermeni K\u00fclt\u00fcr\u00fc ve Dayan\u0131\u015fma Derne\u011fi Yay\u0131nlar\u0131\u2019n\u0131n ilk kitab\u0131 olan \u2018Biz O Konuyu Daha G\u00f6rmedik\u2019, 30 Eyl\u00fcl Pazartesi ak\u015fam\u0131 Cezayir Restoran\u2019da tan\u0131t\u0131lacak. \u201cT\u00fcrk milli e\u011fitim sisteminde etnik ve cinsel anlamda temsil [&hellip;]","og_url":"https:\/\/akunq.net\/tr\/?p=25789","og_site_name":"Bati Ermenistan Ve Bati Ermenileri Sorunlari Ara\u015ftirmalar Merkezi","article_published_time":"2013-09-27T09:33:51+00:00","og_image":[{"url":"http:\/\/akunq.net\/tr\/wp-content\/uploads\/2013\/09\/Nor-Zartonk-300x69.jpg","type":"","width":"","height":""}],"author":"admin","twitter_card":"summary_large_image","twitter_misc":{"Written by":"admin","Est. reading time":"1 minute"},"schema":{"@context":"https:\/\/schema.org","@graph":[{"@type":"Article","@id":"https:\/\/akunq.net\/tr\/?p=25789#article","isPartOf":{"@id":"https:\/\/akunq.net\/tr\/?p=25789"},"author":{"name":"admin","@id":"https:\/\/akunq.net\/tr\/#\/schema\/person\/096f1d38a12cce57fb855b485ed24c9e"},"headline":"S\u00f6zl\u00fc Tarih \u00c7al\u0131\u015fmalar\u0131 Kitapla\u015ft\u0131r\u0131ld\u0131","datePublished":"2013-09-27T09:33:51+00:00","mainEntityOfPage":{"@id":"https:\/\/akunq.net\/tr\/?p=25789"},"wordCount":195,"commentCount":0,"image":{"@id":"https:\/\/akunq.net\/tr\/?p=25789#primaryimage"},"thumbnailUrl":"http:\/\/akunq.net\/tr\/wp-content\/uploads\/2013\/09\/Nor-Zartonk-300x69.jpg","articleSection":["Haberler","Kitaplar-Ele\u015ftiriler"],"inLanguage":"en-US","potentialAction":[{"@type":"CommentAction","name":"Comment","target":["https:\/\/akunq.net\/tr\/?p=25789#respond"]}]},{"@type":"WebPage","@id":"https:\/\/akunq.net\/tr\/?p=25789","url":"https:\/\/akunq.net\/tr\/?p=25789","name":"S\u00f6zl\u00fc Tarih \u00c7al\u0131\u015fmalar\u0131 Kitapla\u015ft\u0131r\u0131ld\u0131 - Bati Ermenistan Ve Bati Ermenileri Sorunlari Ara\u015ftirmalar Merkezi","isPartOf":{"@id":"https:\/\/akunq.net\/tr\/#website"},"primaryImageOfPage":{"@id":"https:\/\/akunq.net\/tr\/?p=25789#primaryimage"},"image":{"@id":"https:\/\/akunq.net\/tr\/?p=25789#primaryimage"},"thumbnailUrl":"http:\/\/akunq.net\/tr\/wp-content\/uploads\/2013\/09\/Nor-Zartonk-300x69.jpg","datePublished":"2013-09-27T09:33:51+00:00","author":{"@id":"https:\/\/akunq.net\/tr\/#\/schema\/person\/096f1d38a12cce57fb855b485ed24c9e"},"breadcrumb":{"@id":"https:\/\/akunq.net\/tr\/?p=25789#breadcrumb"},"inLanguage":"en-US","potentialAction":[{"@type":"ReadAction","target":["https:\/\/akunq.net\/tr\/?p=25789"]}]},{"@type":"ImageObject","inLanguage":"en-US","@id":"https:\/\/akunq.net\/tr\/?p=25789#primaryimage","url":"https:\/\/akunq.net\/tr\/wp-content\/uploads\/sites\/6\/2013\/09\/Nor-Zartonk.jpg","contentUrl":"https:\/\/akunq.net\/tr\/wp-content\/uploads\/sites\/6\/2013\/09\/Nor-Zartonk.jpg","width":760,"height":175},{"@type":"BreadcrumbList","@id":"https:\/\/akunq.net\/tr\/?p=25789#breadcrumb","itemListElement":[{"@type":"ListItem","position":1,"name":"Home","item":"https:\/\/akunq.net\/tr"},{"@type":"ListItem","position":2,"name":"S\u00f6zl\u00fc Tarih \u00c7al\u0131\u015fmalar\u0131 Kitapla\u015ft\u0131r\u0131ld\u0131"}]},{"@type":"WebSite","@id":"https:\/\/akunq.net\/tr\/#website","url":"https:\/\/akunq.net\/tr\/","name":"Bati Ermenistan Ve Bati Ermenileri Sorunlari Ara\u015ftirmalar Merkezi","description":"","potentialAction":[{"@type":"SearchAction","target":{"@type":"EntryPoint","urlTemplate":"https:\/\/akunq.net\/tr\/?s={search_term_string}"},"query-input":{"@type":"PropertyValueSpecification","valueRequired":true,"valueName":"search_term_string"}}],"inLanguage":"en-US"},{"@type":"Person","@id":"https:\/\/akunq.net\/tr\/#\/schema\/person\/096f1d38a12cce57fb855b485ed24c9e","name":"admin","url":"https:\/\/akunq.net\/tr\/?author=7"}]}},"_links":{"self":[{"href":"https:\/\/akunq.net\/tr\/index.php?rest_route=\/wp\/v2\/posts\/25789","targetHints":{"allow":["GET"]}}],"collection":[{"href":"https:\/\/akunq.net\/tr\/index.php?rest_route=\/wp\/v2\/posts"}],"about":[{"href":"https:\/\/akunq.net\/tr\/index.php?rest_route=\/wp\/v2\/types\/post"}],"author":[{"embeddable":true,"href":"https:\/\/akunq.net\/tr\/index.php?rest_route=\/wp\/v2\/users\/7"}],"replies":[{"embeddable":true,"href":"https:\/\/akunq.net\/tr\/index.php?rest_route=%2Fwp%2Fv2%2Fcomments&post=25789"}],"version-history":[{"count":1,"href":"https:\/\/akunq.net\/tr\/index.php?rest_route=\/wp\/v2\/posts\/25789\/revisions"}],"predecessor-version":[{"id":25791,"href":"https:\/\/akunq.net\/tr\/index.php?rest_route=\/wp\/v2\/posts\/25789\/revisions\/25791"}],"wp:attachment":[{"href":"https:\/\/akunq.net\/tr\/index.php?rest_route=%2Fwp%2Fv2%2Fmedia&parent=25789"}],"wp:term":[{"taxonomy":"category","embeddable":true,"href":"https:\/\/akunq.net\/tr\/index.php?rest_route=%2Fwp%2Fv2%2Fcategories&post=25789"},{"taxonomy":"post_tag","embeddable":true,"href":"https:\/\/akunq.net\/tr\/index.php?rest_route=%2Fwp%2Fv2%2Ftags&post=25789"}],"curies":[{"name":"wp","href":"https:\/\/api.w.org\/{rel}","templated":true}]}}