{"id":25784,"date":"2013-09-27T03:25:54","date_gmt":"2013-09-27T08:25:54","guid":{"rendered":"http:\/\/akunq.net\/tr\/?p=25784"},"modified":"2013-09-27T03:26:49","modified_gmt":"2013-09-27T08:26:49","slug":"erdoganin-gecis-guzergahindaki-polislere-silahli-saldiri","status":"publish","type":"post","link":"https:\/\/akunq.net\/tr\/?p=25784","title":{"rendered":"Erdo\u011fan&#8217;\u0131n ge\u00e7i\u015f g\u00fczergah\u0131ndaki polislere silahl\u0131 sald\u0131r\u0131"},"content":{"rendered":"<p style=\"text-align: justify;\"><b><i><a href=\"http:\/\/akunq.net\/tr\/wp-content\/uploads\/2013\/09\/Erdogan1.jpg\"><img loading=\"lazy\" decoding=\"async\" class=\"alignright size-full wp-image-25785\" alt=\"Erdogan\" src=\"http:\/\/akunq.net\/tr\/wp-content\/uploads\/2013\/09\/Erdogan1.jpg\" width=\"200\" height=\"200\" srcset=\"https:\/\/akunq.net\/tr\/wp-content\/uploads\/sites\/6\/2013\/09\/Erdogan1.jpg 200w, https:\/\/akunq.net\/tr\/wp-content\/uploads\/sites\/6\/2013\/09\/Erdogan1-150x150.jpg 150w\" sizes=\"auto, (max-width: 200px) 100vw, 200px\" \/><\/a>Ba\u015fbakan Erdo\u011fan&#8217;\u0131n Sabiha G\u00f6k\u00e7en&#8217;den K\u0131s\u0131kl\u0131&#8217;daki evine gidece\u011fi ge\u00e7i\u015f g\u00fczargah\u0131 \u00fczerinde bulunan Mustafa Kemal K\u00f6pr\u00fcs\u00fc&#8217;nde g\u00fcvenlik \u00f6nlemi alan polislere ate\u015f edildi\u011fi iddia edildi. <\/i><\/b><i><br \/>\n<\/i>Polis caddede 7 adet bo\u015f kovan bulurken, ekipler ate\u015f a\u00e7an \u015f\u00fcpheli ya da \u015f\u00fcphelileri yakalamak i\u00e7in geni\u015f \u00e7apl\u0131 \u00e7al\u0131\u015fma ba\u015flatt\u0131. Olay Yeri \u0130nceleme ekipleri de ate\u015f edilen cadde ile k\u00f6pr\u00fc \u00fczerinde saatlerce inceleme yapt\u0131.<\/p>\n<p style=\"text-align: justify;\"><a href=\"http:\/\/www.cnnturk.com\/guncel.konular\/basbakan.erdogan\/914\/index.html\">Ba\u015fbakan Recep Tayyip Erdo\u011fan<\/a>, \u00f6zel u\u00e7ak &#8220;ANA&#8221; ile saat 01.15&#8217;te \u0130stanbul&#8217;a geldi. Erdo\u011fan, daha sonra K\u0131s\u0131kl\u0131&#8217;daki konutuna ge\u00e7mek \u00fczere Sabiha G\u00f6k\u00e7en Havaliman\u0131&#8217;ndan ayr\u0131ld\u0131. Polis, Ba\u015fbakan Erdo\u011fan&#8217;\u0131n konvoyunun ge\u00e7ece\u011fi yol ve \u00fczerindeki k\u00f6pr\u00fclerde \u00f6nlem ald\u0131.<\/p>\n<p style=\"text-align: justify;\">\u0130ddiaya g\u00f6re, Mustafa Kemal K\u00f6pr\u00fcs\u00fc&#8217;nde konvoyun ge\u00e7mesini bekleyen \u00e7evik kuvvet ekipleri ile Ata\u015fehir \u0130l\u00e7e Emniyet M\u00fcd\u00fcrl\u00fc\u011f\u00fc&#8217;ne ba\u011fl\u0131 sivil polislerin bekledi\u011fi y\u00f6ne do\u011fru, 100 metre uzakl\u0131ktaki 3001 Caddesi&#8217;nden pe\u015f pe\u015fe ate\u015f a\u00e7\u0131ld\u0131. Yere yatarak \u00f6nlem alan polisler, telsizle olay yerine \u00d6zel Harekat Timlerinin y\u00f6nlendirilmesini istedi. \u00c7ok say\u0131da \u00e7elik yelekli polis ekibi olay yerine sevk edildi.<\/p>\n<p style=\"text-align: justify;\">Olaydan hemen sonra da <a href=\"http:\/\/www.cnnturk.com\/guncel.konular\/basbakan.erdogan\/914\/index.html\">Ba\u015fbakan Recep Tayyip Erdo\u011fan<\/a>&#8216;\u0131n konvoyu, Mustafa Kemal K\u00f6pr\u00fcs\u00fc alt\u0131ndaki Bo\u011fazi\u00e7i K\u00f6pr\u00fc yolundan ge\u00e7erek K\u0131s\u0131kl\u0131&#8217;daki konuta ula\u015ft\u0131. Caddede 7 adet bo\u015f kovan bulunurken, polis ekipleri ate\u015f a\u00e7an \u015f\u00fcpheli ya da \u015f\u00fcphelileri yakalamak i\u00e7in geni\u015f \u00e7apl\u0131 \u00e7al\u0131\u015fma ba\u015flatt\u0131.<\/p>\n<p style=\"text-align: justify;\">Olay Yeri \u0130nceleme ekipleri de ate\u015f edilen\u00a0 cadde ile k\u00f6pr\u00fc \u00fczerinde saatlerce inceleme yapt\u0131. Olay yerinin yak\u0131n\u0131ndaki bir pastanede \u00e7al\u0131\u015fan bir g\u00f6rg\u00fc tan\u0131\u011f\u0131, &#8220;Silah seslerini duydum, d\u0131\u015far\u0131 bakt\u0131\u011f\u0131mda silah\u0131n\u0131 beline koyan birini g\u00f6rd\u00fcm. E\u015fime d\u0131\u015far\u0131 \u00e7\u0131kma dedim. \u00c7ok korktum.&#8221; dedi.<\/p>\n<p style=\"text-align: justify;\"><b><i>http:\/\/www.cnnturk.com\/2013\/turkiye\/09\/27\/erdoganin.gecis.guzergahindaki.polislere.silahli.saldiri\/724939.0\/<\/i><\/b><\/p>\n","protected":false},"excerpt":{"rendered":"<p>Ba\u015fbakan Erdo\u011fan&#8217;\u0131n Sabiha G\u00f6k\u00e7en&#8217;den K\u0131s\u0131kl\u0131&#8217;daki evine gidece\u011fi ge\u00e7i\u015f g\u00fczargah\u0131 \u00fczerinde bulunan Mustafa Kemal K\u00f6pr\u00fcs\u00fc&#8217;nde g\u00fcvenlik \u00f6nlemi alan polislere ate\u015f edildi\u011fi iddia edildi. Polis caddede 7 adet bo\u015f kovan bulurken, ekipler ate\u015f a\u00e7an \u015f\u00fcpheli ya da \u015f\u00fcphelileri yakalamak i\u00e7in geni\u015f \u00e7apl\u0131 \u00e7al\u0131\u015fma ba\u015flatt\u0131. Olay Yeri \u0130nceleme ekipleri de ate\u015f edilen cadde ile k\u00f6pr\u00fc \u00fczerinde saatlerce inceleme [&hellip;]<\/p>\n","protected":false},"author":7,"featured_media":0,"comment_status":"open","ping_status":"open","sticky":false,"template":"","format":"standard","meta":{"footnotes":""},"categories":[1],"tags":[],"class_list":["post-25784","post","type-post","status-publish","format-standard","hentry","category-haberler"],"yoast_head":"<!-- This site is optimized with the Yoast SEO plugin v27.4 - https:\/\/yoast.com\/product\/yoast-seo-wordpress\/ -->\n<title>Erdo\u011fan&#039;\u0131n ge\u00e7i\u015f g\u00fczergah\u0131ndaki polislere silahl\u0131 sald\u0131r\u0131 - Bati Ermenistan Ve Bati Ermenileri Sorunlari Ara\u015ftirmalar Merkezi<\/title>\n<meta name=\"robots\" content=\"index, follow, max-snippet:-1, max-image-preview:large, max-video-preview:-1\" \/>\n<link rel=\"canonical\" href=\"https:\/\/akunq.net\/tr\/?p=25784\" \/>\n<meta property=\"og:locale\" content=\"en_US\" \/>\n<meta property=\"og:type\" content=\"article\" \/>\n<meta property=\"og:title\" content=\"Erdo\u011fan&#039;\u0131n ge\u00e7i\u015f g\u00fczergah\u0131ndaki polislere silahl\u0131 sald\u0131r\u0131 - Bati Ermenistan Ve Bati Ermenileri Sorunlari Ara\u015ftirmalar Merkezi\" \/>\n<meta property=\"og:description\" content=\"Ba\u015fbakan Erdo\u011fan&#8217;\u0131n Sabiha G\u00f6k\u00e7en&#8217;den K\u0131s\u0131kl\u0131&#8217;daki evine gidece\u011fi ge\u00e7i\u015f g\u00fczargah\u0131 \u00fczerinde bulunan Mustafa Kemal K\u00f6pr\u00fcs\u00fc&#8217;nde g\u00fcvenlik \u00f6nlemi alan polislere ate\u015f edildi\u011fi iddia edildi. Polis caddede 7 adet bo\u015f kovan bulurken, ekipler ate\u015f a\u00e7an \u015f\u00fcpheli ya da \u015f\u00fcphelileri yakalamak i\u00e7in geni\u015f \u00e7apl\u0131 \u00e7al\u0131\u015fma ba\u015flatt\u0131. Olay Yeri \u0130nceleme ekipleri de ate\u015f edilen cadde ile k\u00f6pr\u00fc \u00fczerinde saatlerce inceleme [&hellip;]\" \/>\n<meta property=\"og:url\" content=\"https:\/\/akunq.net\/tr\/?p=25784\" \/>\n<meta property=\"og:site_name\" content=\"Bati Ermenistan Ve Bati Ermenileri Sorunlari Ara\u015ftirmalar Merkezi\" \/>\n<meta property=\"article:published_time\" content=\"2013-09-27T08:25:54+00:00\" \/>\n<meta property=\"article:modified_time\" content=\"2013-09-27T08:26:49+00:00\" \/>\n<meta property=\"og:image\" content=\"http:\/\/akunq.net\/tr\/wp-content\/uploads\/2013\/09\/Erdogan1.jpg\" \/>\n<meta name=\"author\" content=\"admin\" \/>\n<meta name=\"twitter:card\" content=\"summary_large_image\" \/>\n<meta name=\"twitter:label1\" content=\"Written by\" \/>\n\t<meta name=\"twitter:data1\" content=\"admin\" \/>\n\t<meta name=\"twitter:label2\" content=\"Est. reading time\" \/>\n\t<meta name=\"twitter:data2\" content=\"2 minutes\" \/>\n<script type=\"application\/ld+json\" class=\"yoast-schema-graph\">{\"@context\":\"https:\\\/\\\/schema.org\",\"@graph\":[{\"@type\":\"Article\",\"@id\":\"https:\\\/\\\/akunq.net\\\/tr\\\/?p=25784#article\",\"isPartOf\":{\"@id\":\"https:\\\/\\\/akunq.net\\\/tr\\\/?p=25784\"},\"author\":{\"name\":\"admin\",\"@id\":\"https:\\\/\\\/akunq.net\\\/tr\\\/#\\\/schema\\\/person\\\/096f1d38a12cce57fb855b485ed24c9e\"},\"headline\":\"Erdo\u011fan&#8217;\u0131n ge\u00e7i\u015f g\u00fczergah\u0131ndaki polislere silahl\u0131 sald\u0131r\u0131\",\"datePublished\":\"2013-09-27T08:25:54+00:00\",\"dateModified\":\"2013-09-27T08:26:49+00:00\",\"mainEntityOfPage\":{\"@id\":\"https:\\\/\\\/akunq.net\\\/tr\\\/?p=25784\"},\"wordCount\":332,\"commentCount\":0,\"image\":{\"@id\":\"https:\\\/\\\/akunq.net\\\/tr\\\/?p=25784#primaryimage\"},\"thumbnailUrl\":\"http:\\\/\\\/akunq.net\\\/tr\\\/wp-content\\\/uploads\\\/2013\\\/09\\\/Erdogan1.jpg\",\"articleSection\":[\"Haberler\"],\"inLanguage\":\"en-US\",\"potentialAction\":[{\"@type\":\"CommentAction\",\"name\":\"Comment\",\"target\":[\"https:\\\/\\\/akunq.net\\\/tr\\\/?p=25784#respond\"]}]},{\"@type\":\"WebPage\",\"@id\":\"https:\\\/\\\/akunq.net\\\/tr\\\/?p=25784\",\"url\":\"https:\\\/\\\/akunq.net\\\/tr\\\/?p=25784\",\"name\":\"Erdo\u011fan'\u0131n ge\u00e7i\u015f g\u00fczergah\u0131ndaki polislere silahl\u0131 sald\u0131r\u0131 - Bati Ermenistan Ve Bati Ermenileri Sorunlari Ara\u015ftirmalar Merkezi\",\"isPartOf\":{\"@id\":\"https:\\\/\\\/akunq.net\\\/tr\\\/#website\"},\"primaryImageOfPage\":{\"@id\":\"https:\\\/\\\/akunq.net\\\/tr\\\/?p=25784#primaryimage\"},\"image\":{\"@id\":\"https:\\\/\\\/akunq.net\\\/tr\\\/?p=25784#primaryimage\"},\"thumbnailUrl\":\"http:\\\/\\\/akunq.net\\\/tr\\\/wp-content\\\/uploads\\\/2013\\\/09\\\/Erdogan1.jpg\",\"datePublished\":\"2013-09-27T08:25:54+00:00\",\"dateModified\":\"2013-09-27T08:26:49+00:00\",\"author\":{\"@id\":\"https:\\\/\\\/akunq.net\\\/tr\\\/#\\\/schema\\\/person\\\/096f1d38a12cce57fb855b485ed24c9e\"},\"breadcrumb\":{\"@id\":\"https:\\\/\\\/akunq.net\\\/tr\\\/?p=25784#breadcrumb\"},\"inLanguage\":\"en-US\",\"potentialAction\":[{\"@type\":\"ReadAction\",\"target\":[\"https:\\\/\\\/akunq.net\\\/tr\\\/?p=25784\"]}]},{\"@type\":\"ImageObject\",\"inLanguage\":\"en-US\",\"@id\":\"https:\\\/\\\/akunq.net\\\/tr\\\/?p=25784#primaryimage\",\"url\":\"http:\\\/\\\/akunq.net\\\/tr\\\/wp-content\\\/uploads\\\/2013\\\/09\\\/Erdogan1.jpg\",\"contentUrl\":\"http:\\\/\\\/akunq.net\\\/tr\\\/wp-content\\\/uploads\\\/2013\\\/09\\\/Erdogan1.jpg\"},{\"@type\":\"BreadcrumbList\",\"@id\":\"https:\\\/\\\/akunq.net\\\/tr\\\/?p=25784#breadcrumb\",\"itemListElement\":[{\"@type\":\"ListItem\",\"position\":1,\"name\":\"Home\",\"item\":\"https:\\\/\\\/akunq.net\\\/tr\"},{\"@type\":\"ListItem\",\"position\":2,\"name\":\"Erdo\u011fan&#8217;\u0131n ge\u00e7i\u015f g\u00fczergah\u0131ndaki polislere silahl\u0131 sald\u0131r\u0131\"}]},{\"@type\":\"WebSite\",\"@id\":\"https:\\\/\\\/akunq.net\\\/tr\\\/#website\",\"url\":\"https:\\\/\\\/akunq.net\\\/tr\\\/\",\"name\":\"Bati Ermenistan Ve Bati Ermenileri Sorunlari Ara\u015ftirmalar Merkezi\",\"description\":\"\",\"potentialAction\":[{\"@type\":\"SearchAction\",\"target\":{\"@type\":\"EntryPoint\",\"urlTemplate\":\"https:\\\/\\\/akunq.net\\\/tr\\\/?s={search_term_string}\"},\"query-input\":{\"@type\":\"PropertyValueSpecification\",\"valueRequired\":true,\"valueName\":\"search_term_string\"}}],\"inLanguage\":\"en-US\"},{\"@type\":\"Person\",\"@id\":\"https:\\\/\\\/akunq.net\\\/tr\\\/#\\\/schema\\\/person\\\/096f1d38a12cce57fb855b485ed24c9e\",\"name\":\"admin\",\"url\":\"https:\\\/\\\/akunq.net\\\/tr\\\/?author=7\"}]}<\/script>\n<!-- \/ Yoast SEO plugin. -->","yoast_head_json":{"title":"Erdo\u011fan'\u0131n ge\u00e7i\u015f g\u00fczergah\u0131ndaki polislere silahl\u0131 sald\u0131r\u0131 - Bati Ermenistan Ve Bati Ermenileri Sorunlari Ara\u015ftirmalar Merkezi","robots":{"index":"index","follow":"follow","max-snippet":"max-snippet:-1","max-image-preview":"max-image-preview:large","max-video-preview":"max-video-preview:-1"},"canonical":"https:\/\/akunq.net\/tr\/?p=25784","og_locale":"en_US","og_type":"article","og_title":"Erdo\u011fan'\u0131n ge\u00e7i\u015f g\u00fczergah\u0131ndaki polislere silahl\u0131 sald\u0131r\u0131 - Bati Ermenistan Ve Bati Ermenileri Sorunlari Ara\u015ftirmalar Merkezi","og_description":"Ba\u015fbakan Erdo\u011fan&#8217;\u0131n Sabiha G\u00f6k\u00e7en&#8217;den K\u0131s\u0131kl\u0131&#8217;daki evine gidece\u011fi ge\u00e7i\u015f g\u00fczargah\u0131 \u00fczerinde bulunan Mustafa Kemal K\u00f6pr\u00fcs\u00fc&#8217;nde g\u00fcvenlik \u00f6nlemi alan polislere ate\u015f edildi\u011fi iddia edildi. Polis caddede 7 adet bo\u015f kovan bulurken, ekipler ate\u015f a\u00e7an \u015f\u00fcpheli ya da \u015f\u00fcphelileri yakalamak i\u00e7in geni\u015f \u00e7apl\u0131 \u00e7al\u0131\u015fma ba\u015flatt\u0131. Olay Yeri \u0130nceleme ekipleri de ate\u015f edilen cadde ile k\u00f6pr\u00fc \u00fczerinde saatlerce inceleme [&hellip;]","og_url":"https:\/\/akunq.net\/tr\/?p=25784","og_site_name":"Bati Ermenistan Ve Bati Ermenileri Sorunlari Ara\u015ftirmalar Merkezi","article_published_time":"2013-09-27T08:25:54+00:00","article_modified_time":"2013-09-27T08:26:49+00:00","og_image":[{"url":"http:\/\/akunq.net\/tr\/wp-content\/uploads\/2013\/09\/Erdogan1.jpg","type":"","width":"","height":""}],"author":"admin","twitter_card":"summary_large_image","twitter_misc":{"Written by":"admin","Est. reading time":"2 minutes"},"schema":{"@context":"https:\/\/schema.org","@graph":[{"@type":"Article","@id":"https:\/\/akunq.net\/tr\/?p=25784#article","isPartOf":{"@id":"https:\/\/akunq.net\/tr\/?p=25784"},"author":{"name":"admin","@id":"https:\/\/akunq.net\/tr\/#\/schema\/person\/096f1d38a12cce57fb855b485ed24c9e"},"headline":"Erdo\u011fan&#8217;\u0131n ge\u00e7i\u015f g\u00fczergah\u0131ndaki polislere silahl\u0131 sald\u0131r\u0131","datePublished":"2013-09-27T08:25:54+00:00","dateModified":"2013-09-27T08:26:49+00:00","mainEntityOfPage":{"@id":"https:\/\/akunq.net\/tr\/?p=25784"},"wordCount":332,"commentCount":0,"image":{"@id":"https:\/\/akunq.net\/tr\/?p=25784#primaryimage"},"thumbnailUrl":"http:\/\/akunq.net\/tr\/wp-content\/uploads\/2013\/09\/Erdogan1.jpg","articleSection":["Haberler"],"inLanguage":"en-US","potentialAction":[{"@type":"CommentAction","name":"Comment","target":["https:\/\/akunq.net\/tr\/?p=25784#respond"]}]},{"@type":"WebPage","@id":"https:\/\/akunq.net\/tr\/?p=25784","url":"https:\/\/akunq.net\/tr\/?p=25784","name":"Erdo\u011fan'\u0131n ge\u00e7i\u015f g\u00fczergah\u0131ndaki polislere silahl\u0131 sald\u0131r\u0131 - Bati Ermenistan Ve Bati Ermenileri Sorunlari Ara\u015ftirmalar Merkezi","isPartOf":{"@id":"https:\/\/akunq.net\/tr\/#website"},"primaryImageOfPage":{"@id":"https:\/\/akunq.net\/tr\/?p=25784#primaryimage"},"image":{"@id":"https:\/\/akunq.net\/tr\/?p=25784#primaryimage"},"thumbnailUrl":"http:\/\/akunq.net\/tr\/wp-content\/uploads\/2013\/09\/Erdogan1.jpg","datePublished":"2013-09-27T08:25:54+00:00","dateModified":"2013-09-27T08:26:49+00:00","author":{"@id":"https:\/\/akunq.net\/tr\/#\/schema\/person\/096f1d38a12cce57fb855b485ed24c9e"},"breadcrumb":{"@id":"https:\/\/akunq.net\/tr\/?p=25784#breadcrumb"},"inLanguage":"en-US","potentialAction":[{"@type":"ReadAction","target":["https:\/\/akunq.net\/tr\/?p=25784"]}]},{"@type":"ImageObject","inLanguage":"en-US","@id":"https:\/\/akunq.net\/tr\/?p=25784#primaryimage","url":"http:\/\/akunq.net\/tr\/wp-content\/uploads\/2013\/09\/Erdogan1.jpg","contentUrl":"http:\/\/akunq.net\/tr\/wp-content\/uploads\/2013\/09\/Erdogan1.jpg"},{"@type":"BreadcrumbList","@id":"https:\/\/akunq.net\/tr\/?p=25784#breadcrumb","itemListElement":[{"@type":"ListItem","position":1,"name":"Home","item":"https:\/\/akunq.net\/tr"},{"@type":"ListItem","position":2,"name":"Erdo\u011fan&#8217;\u0131n ge\u00e7i\u015f g\u00fczergah\u0131ndaki polislere silahl\u0131 sald\u0131r\u0131"}]},{"@type":"WebSite","@id":"https:\/\/akunq.net\/tr\/#website","url":"https:\/\/akunq.net\/tr\/","name":"Bati Ermenistan Ve Bati Ermenileri Sorunlari Ara\u015ftirmalar Merkezi","description":"","potentialAction":[{"@type":"SearchAction","target":{"@type":"EntryPoint","urlTemplate":"https:\/\/akunq.net\/tr\/?s={search_term_string}"},"query-input":{"@type":"PropertyValueSpecification","valueRequired":true,"valueName":"search_term_string"}}],"inLanguage":"en-US"},{"@type":"Person","@id":"https:\/\/akunq.net\/tr\/#\/schema\/person\/096f1d38a12cce57fb855b485ed24c9e","name":"admin","url":"https:\/\/akunq.net\/tr\/?author=7"}]}},"_links":{"self":[{"href":"https:\/\/akunq.net\/tr\/index.php?rest_route=\/wp\/v2\/posts\/25784","targetHints":{"allow":["GET"]}}],"collection":[{"href":"https:\/\/akunq.net\/tr\/index.php?rest_route=\/wp\/v2\/posts"}],"about":[{"href":"https:\/\/akunq.net\/tr\/index.php?rest_route=\/wp\/v2\/types\/post"}],"author":[{"embeddable":true,"href":"https:\/\/akunq.net\/tr\/index.php?rest_route=\/wp\/v2\/users\/7"}],"replies":[{"embeddable":true,"href":"https:\/\/akunq.net\/tr\/index.php?rest_route=%2Fwp%2Fv2%2Fcomments&post=25784"}],"version-history":[{"count":3,"href":"https:\/\/akunq.net\/tr\/index.php?rest_route=\/wp\/v2\/posts\/25784\/revisions"}],"predecessor-version":[{"id":25788,"href":"https:\/\/akunq.net\/tr\/index.php?rest_route=\/wp\/v2\/posts\/25784\/revisions\/25788"}],"wp:attachment":[{"href":"https:\/\/akunq.net\/tr\/index.php?rest_route=%2Fwp%2Fv2%2Fmedia&parent=25784"}],"wp:term":[{"taxonomy":"category","embeddable":true,"href":"https:\/\/akunq.net\/tr\/index.php?rest_route=%2Fwp%2Fv2%2Fcategories&post=25784"},{"taxonomy":"post_tag","embeddable":true,"href":"https:\/\/akunq.net\/tr\/index.php?rest_route=%2Fwp%2Fv2%2Ftags&post=25784"}],"curies":[{"name":"wp","href":"https:\/\/api.w.org\/{rel}","templated":true}]}}