{"id":25767,"date":"2013-09-26T04:39:44","date_gmt":"2013-09-26T09:39:44","guid":{"rendered":"http:\/\/akunq.net\/tr\/?p=25767"},"modified":"2013-09-26T04:41:21","modified_gmt":"2013-09-26T09:41:21","slug":"baskin-orana-hakaret-mahkemeden-dondu","status":"publish","type":"post","link":"https:\/\/akunq.net\/tr\/?p=25767","title":{"rendered":"Bask\u0131n Oran&#8217;a hakaret mahkemeden d\u00f6nd\u00fc"},"content":{"rendered":"<p style=\"text-align: justify;\"><strong><i><a href=\"http:\/\/akunq.net\/tr\/wp-content\/uploads\/2013\/09\/\u0532\u0561\u057d\u0584\u0568\u0576-\u0555\u0580\u0561\u05761.jpg\"><img loading=\"lazy\" decoding=\"async\" class=\"alignright size-medium wp-image-25768\" alt=\"\u0532\u0561\u057d\u0584\u0568\u0576 \u0555\u0580\u0561\u0576\" src=\"http:\/\/akunq.net\/tr\/wp-content\/uploads\/2013\/09\/\u0532\u0561\u057d\u0584\u0568\u0576-\u0555\u0580\u0561\u05761-300x197.jpg\" width=\"300\" height=\"197\" srcset=\"https:\/\/akunq.net\/tr\/wp-content\/uploads\/sites\/6\/2013\/09\/\u0532\u0561\u057d\u0584\u0568\u0576-\u0555\u0580\u0561\u05761-300x197.jpg 300w, https:\/\/akunq.net\/tr\/wp-content\/uploads\/sites\/6\/2013\/09\/\u0532\u0561\u057d\u0584\u0568\u0576-\u0555\u0580\u0561\u05761.jpg 350w\" sizes=\"auto, (max-width: 300px) 100vw, 300px\" \/><\/a>GAZETEC\u0130LER.COM &#8211;<\/i><\/strong><b><i>\u00a0<\/i><\/b><strong><i>Prof. Dr. Bask\u0131n Oran&#8217;\u0131 tehdit ve Ermenilere<\/i><\/strong><b><i>\u00a0<\/i><\/b><a href=\"http:\/\/www.internethaber.com\/search_tag.php?tags=hakaret\" target=\"_blank\"><i>hakaret<\/i><\/a><b><i>\u00a0<\/i><\/b><strong><i>eden san\u0131k hakk\u0131ndaki \u015fartl\u0131 af karar\u0131, \u00fcst mahkemeden d\u00f6nd\u00fc.<\/i><\/strong><\/p>\n<p style=\"text-align: justify;\">Taraf\u00a0<a href=\"http:\/\/www.gazeteoku.com\/\" target=\"_blank\">gazete<\/a>sinden Adnan Keskin&#8217;in haberine g\u00f6re Ankara 10. A\u011f\u0131r Ceza Mahkemesi , dava konusu s\u00f6zlerin d\u00fc\u015f\u00fcnce ve kanaat a\u00e7\u0131klamas\u0131 de\u011fil, a\u00e7\u0131k bir tehdit oldu\u011funa h\u00fckmetti.\u00a0<strong>&#8220;Hrant&#8217;tan sonra yeni hedef Bask\u0131n Oran olacakt\u0131r. O pislik de ortadan kald\u0131r\u0131lacakt\u0131r. Ermeni pi\u00e7leri. Rahat uyuyamayacaklar&#8230;&#8221;<\/strong>\u00a0diyerek Oran&#8217;\u0131 tehdit eden san\u0131k, \u015fimdi bu karar uyar\u0131nca yeniden yarg\u0131lanabilecek.<\/p>\n<p style=\"text-align: justify;\"><strong>D\u00dc\u015e\u00dcNCE A\u00c7IKLAMASIYMI\u015e<\/strong><\/p>\n<p style=\"text-align: justify;\">Bilal \u015eekerlisoy adl\u0131 ki\u015fi taraf\u0131ndan 2010 y\u0131l\u0131nda T\u00fcrk \u0130ntikam Tugay\u0131 (T\u0130T) \u00f6rg\u00fct\u00fc imzas\u0131yla Bask\u0131n Oran hedef al\u0131narak Agos gazetesine e-mail yoluyla g\u00f6nderilen a\u00e7\u0131k tehditin cezaland\u0131r\u0131lmas\u0131 istenmi\u015fti. Bu kapsamda ba\u015flat\u0131lan hukuki s\u00fcre\u00e7te, Ankara, Adana ve \u0130stanbul&#8217;da be\u015f ayr\u0131\u00a0<a href=\"http:\/\/www.internethaber.com\/search_tag.php?tags=mahkeme\" target=\"_blank\">mahkeme<\/a>\u00a0gezilmi\u015fti. Davan\u0131n son olarak g\u00f6nderildi\u011fi Ankara 12. Asliye Ceza Mahkemesi, ge\u00e7en Temmuz ay\u0131nda dosyan\u0131n esas\u0131na girmeden, san\u0131\u011f\u0131n s\u00f6zlerini\u00a0<strong>&#8220;d\u00fc\u015f\u00fcnce a\u00e7\u0131klamas\u0131&#8221;<\/strong>\u00a0olarak nitelemi\u015fti. Mahkeme bu g\u00f6r\u00fc\u015fle davay\u0131, bas\u0131n yay\u0131n yoluyla i\u015flenen su\u00e7larla ilgili soru\u015fturma ve davalar\u0131n ertelenmesini \u00f6ng\u00f6ren 3. Yarg\u0131 Paketi kapsam\u0131na sokarak ertelemi\u015fti.<\/p>\n<p style=\"text-align: justify;\"><strong>YA\u015eAM HAKKI \u0130HLAL\u0130<\/strong><\/p>\n<p style=\"text-align: justify;\">Bask\u0131n Oran&#8217;\u0131n avukat\u0131 Oya Ayd\u0131n G\u00f6kta\u015f, \u00f6l\u00fcm tehdidini bu yolla \u015fartl\u0131 af kapsam\u0131na alan mahkemenin karar\u0131na, \u015fu gerek\u00e7elerle itiraz etti: &#8220;3. Yarg\u0131 Paketi&#8217;ndeki erteleme maddesinin amac\u0131 bir insan hakk\u0131 olarak her t\u00fcrl\u00fc d\u00fc\u015f\u00fcncenin ve ele\u015ftirinin serbest\u00e7e dile getirilmesidir. Mahkeme&#8217;nin, bir d\u00fc\u015f\u00fcnce a\u00e7\u0131klamas\u0131 niteli\u011fine haiz olmayan,\u00a0<a href=\"http:\/\/www.internethaber.com\/search_tag.php?tags=hakaret\" target=\"_blank\">hakaret<\/a>\u00a0ve a\u015fa\u011f\u0131lama amac\u0131yla yaz\u0131lm\u0131\u015f ve bu nitelikte bir \u00fcsluba sahip olan s\u00f6z konusu yaz\u0131lar\u0131 ifade \u00f6zg\u00fcrl\u00fc\u011f\u00fc \u00e7er\u00e7evesinde de\u011ferlendirmesi, hem ulusal hem de uluslararas\u0131 insan haklar\u0131 hukukuna ayk\u0131r\u0131d\u0131r. M\u00fcvekkile y\u00f6nelik b\u00f6ylesine a\u011f\u0131r ve ciddi bir sald\u0131r\u0131n\u0131n devlet\u00e7e yapt\u0131r\u0131ma tabi tutulmamas\u0131n\u0131n bu dosyadaki pratik anlam\u0131, m\u00fcvekkilin Avrupa \u0130nsan Haklar\u0131 S\u00f6zle\u015fmesi&#8217;nin 2. maddesinde korunan ya\u015fam hakk\u0131n\u0131n a\u00e7\u0131k ihlalidir.&#8221;<\/p>\n<p style=\"text-align: justify;\"><strong>\u00dcST MAHKEME BOZDU<\/strong><\/p>\n<p style=\"text-align: justify;\">Avukat\u0131n itiraz\u0131, \u00fcst\u00a0<a href=\"http:\/\/www.internethaber.com\/search_tag.php?tags=mahkeme\" target=\"_blank\">mahkeme<\/a>\u00a0s\u0131fat\u0131yla Ankara 10. A\u011f\u0131r Ceza Mahkemesi&#8217;nce karara ba\u011fland\u0131. Mahkeme, itiraz\u0131 kabul etti ve san\u0131\u011f\u0131n s\u00f6zlerini d\u00fc\u015f\u00fcnce a\u00e7\u0131klamas\u0131 say\u0131p, davay\u0131 erteleyen Ankara 12. Asliye Ceza Mahkemesi&#8217;nin karar\u0131n\u0131 kald\u0131rd\u0131. Oybirli\u011fiyle al\u0131nan kararda 3. Yarg\u0131 Paketi&#8217;nde bas\u0131n ve yay\u0131n yoluyla ya da sair d\u00fc\u015f\u00fcnce ve kanaat a\u00e7\u0131klama y\u00f6ntemleriyle ki\u015finin d\u00fc\u015f\u00fcnce a\u00e7\u0131klamas\u0131 durumunda a\u00e7\u0131lm\u0131\u015f olan davalar\u0131n ertelenebilece\u011finin kabul edildi\u011fi, san\u0131\u011f\u0131n ise eposta adresinden g\u00f6nderdi\u011fi s\u00f6zlerin tehdit su\u00e7u olu\u015fturdu\u011fu, s\u00f6zlerin fikir ve d\u00fc\u015f\u00fcnce a\u00e7\u0131klama kapsam\u0131nda olmad\u0131\u011f\u0131 belirtildi.<\/p>\n<p style=\"text-align: justify;\">Mahkeme, davan\u0131n ertelenmesine ili\u015fkin karar\u0131n kald\u0131r\u0131lmas\u0131na h\u00fckmetti.<\/p>\n<p style=\"text-align: justify;\"><strong>SANI\u011eA YARGI YOLU<\/strong><\/p>\n<p style=\"text-align: justify;\">Mahkeme, erteleme karar\u0131n\u0131 kald\u0131rd\u0131\u011f\u0131 dosyay\u0131 &#8220;gere\u011fi i\u00e7in&#8221; Ankara 12. Asliye Ceza Mahkemesi&#8217;ne g\u00f6nderdi. B\u00f6ylece, Bask\u0131n Oran&#8217;\u0131 T\u0130T imzas\u0131 kullanarak, Hrant Dink ve Ermenilere\u00a0<a href=\"http:\/\/www.internethaber.com\/search_tag.php?tags=hakaret\" target=\"_blank\">hakaret<\/a>\u00a0ederek tehdit eden san\u0131\u011f\u0131n yarg\u0131lamas\u0131 yap\u0131labilecek.<\/p>\n<p style=\"text-align: justify;\"><a href=\"http:\/\/www.internethaber.com\/baskin-orana-hakaret-mahkemeden-dondu-588440h.htm\"><i>http:\/\/www.internethaber.com\/baskin-orana-hakaret-mahkemeden-dondu-588440h.htm<\/i><\/a><\/p>\n","protected":false},"excerpt":{"rendered":"<p>GAZETEC\u0130LER.COM &#8211;\u00a0Prof. Dr. Bask\u0131n Oran&#8217;\u0131 tehdit ve Ermenilere\u00a0hakaret\u00a0eden san\u0131k hakk\u0131ndaki \u015fartl\u0131 af karar\u0131, \u00fcst mahkemeden d\u00f6nd\u00fc. Taraf\u00a0gazetesinden Adnan Keskin&#8217;in haberine g\u00f6re Ankara 10. A\u011f\u0131r Ceza Mahkemesi , dava konusu s\u00f6zlerin d\u00fc\u015f\u00fcnce ve kanaat a\u00e7\u0131klamas\u0131 de\u011fil, a\u00e7\u0131k bir tehdit oldu\u011funa h\u00fckmetti.\u00a0&#8220;Hrant&#8217;tan sonra yeni hedef Bask\u0131n Oran olacakt\u0131r. O pislik de ortadan kald\u0131r\u0131lacakt\u0131r. Ermeni pi\u00e7leri. Rahat uyuyamayacaklar&#8230;&#8221;\u00a0diyerek [&hellip;]<\/p>\n","protected":false},"author":7,"featured_media":0,"comment_status":"open","ping_status":"open","sticky":false,"template":"","format":"standard","meta":{"footnotes":""},"categories":[1],"tags":[],"class_list":["post-25767","post","type-post","status-publish","format-standard","hentry","category-haberler"],"yoast_head":"<!-- This site is optimized with the Yoast SEO plugin v27.4 - https:\/\/yoast.com\/product\/yoast-seo-wordpress\/ -->\n<title>Bask\u0131n Oran&#039;a hakaret mahkemeden d\u00f6nd\u00fc - Bati Ermenistan Ve Bati Ermenileri Sorunlari Ara\u015ftirmalar Merkezi<\/title>\n<meta name=\"robots\" content=\"index, follow, max-snippet:-1, max-image-preview:large, max-video-preview:-1\" \/>\n<link rel=\"canonical\" href=\"https:\/\/akunq.net\/tr\/?p=25767\" \/>\n<meta property=\"og:locale\" content=\"en_US\" \/>\n<meta property=\"og:type\" content=\"article\" \/>\n<meta property=\"og:title\" content=\"Bask\u0131n Oran&#039;a hakaret mahkemeden d\u00f6nd\u00fc - Bati Ermenistan Ve Bati Ermenileri Sorunlari Ara\u015ftirmalar Merkezi\" \/>\n<meta property=\"og:description\" content=\"GAZETEC\u0130LER.COM &#8211;\u00a0Prof. Dr. Bask\u0131n Oran&#8217;\u0131 tehdit ve Ermenilere\u00a0hakaret\u00a0eden san\u0131k hakk\u0131ndaki \u015fartl\u0131 af karar\u0131, \u00fcst mahkemeden d\u00f6nd\u00fc. Taraf\u00a0gazetesinden Adnan Keskin&#8217;in haberine g\u00f6re Ankara 10. A\u011f\u0131r Ceza Mahkemesi , dava konusu s\u00f6zlerin d\u00fc\u015f\u00fcnce ve kanaat a\u00e7\u0131klamas\u0131 de\u011fil, a\u00e7\u0131k bir tehdit oldu\u011funa h\u00fckmetti.\u00a0&#8220;Hrant&#8217;tan sonra yeni hedef Bask\u0131n Oran olacakt\u0131r. O pislik de ortadan kald\u0131r\u0131lacakt\u0131r. Ermeni pi\u00e7leri. Rahat uyuyamayacaklar&#8230;&#8221;\u00a0diyerek [&hellip;]\" \/>\n<meta property=\"og:url\" content=\"https:\/\/akunq.net\/tr\/?p=25767\" \/>\n<meta property=\"og:site_name\" content=\"Bati Ermenistan Ve Bati Ermenileri Sorunlari Ara\u015ftirmalar Merkezi\" \/>\n<meta property=\"article:published_time\" content=\"2013-09-26T09:39:44+00:00\" \/>\n<meta property=\"article:modified_time\" content=\"2013-09-26T09:41:21+00:00\" \/>\n<meta name=\"author\" content=\"admin\" \/>\n<meta name=\"twitter:card\" content=\"summary_large_image\" \/>\n<meta name=\"twitter:label1\" content=\"Written by\" \/>\n\t<meta name=\"twitter:data1\" content=\"admin\" \/>\n\t<meta name=\"twitter:label2\" content=\"Est. reading time\" \/>\n\t<meta name=\"twitter:data2\" content=\"3 minutes\" \/>\n<script type=\"application\/ld+json\" class=\"yoast-schema-graph\">{\"@context\":\"https:\\\/\\\/schema.org\",\"@graph\":[{\"@type\":\"Article\",\"@id\":\"https:\\\/\\\/akunq.net\\\/tr\\\/?p=25767#article\",\"isPartOf\":{\"@id\":\"https:\\\/\\\/akunq.net\\\/tr\\\/?p=25767\"},\"author\":{\"name\":\"admin\",\"@id\":\"https:\\\/\\\/akunq.net\\\/tr\\\/#\\\/schema\\\/person\\\/096f1d38a12cce57fb855b485ed24c9e\"},\"headline\":\"Bask\u0131n Oran&#8217;a hakaret mahkemeden d\u00f6nd\u00fc\",\"datePublished\":\"2013-09-26T09:39:44+00:00\",\"dateModified\":\"2013-09-26T09:41:21+00:00\",\"mainEntityOfPage\":{\"@id\":\"https:\\\/\\\/akunq.net\\\/tr\\\/?p=25767\"},\"wordCount\":552,\"commentCount\":0,\"articleSection\":[\"Haberler\"],\"inLanguage\":\"en-US\",\"potentialAction\":[{\"@type\":\"CommentAction\",\"name\":\"Comment\",\"target\":[\"https:\\\/\\\/akunq.net\\\/tr\\\/?p=25767#respond\"]}]},{\"@type\":\"WebPage\",\"@id\":\"https:\\\/\\\/akunq.net\\\/tr\\\/?p=25767\",\"url\":\"https:\\\/\\\/akunq.net\\\/tr\\\/?p=25767\",\"name\":\"Bask\u0131n Oran'a hakaret mahkemeden d\u00f6nd\u00fc - Bati Ermenistan Ve Bati Ermenileri Sorunlari Ara\u015ftirmalar Merkezi\",\"isPartOf\":{\"@id\":\"https:\\\/\\\/akunq.net\\\/tr\\\/#website\"},\"datePublished\":\"2013-09-26T09:39:44+00:00\",\"dateModified\":\"2013-09-26T09:41:21+00:00\",\"author\":{\"@id\":\"https:\\\/\\\/akunq.net\\\/tr\\\/#\\\/schema\\\/person\\\/096f1d38a12cce57fb855b485ed24c9e\"},\"breadcrumb\":{\"@id\":\"https:\\\/\\\/akunq.net\\\/tr\\\/?p=25767#breadcrumb\"},\"inLanguage\":\"en-US\",\"potentialAction\":[{\"@type\":\"ReadAction\",\"target\":[\"https:\\\/\\\/akunq.net\\\/tr\\\/?p=25767\"]}]},{\"@type\":\"BreadcrumbList\",\"@id\":\"https:\\\/\\\/akunq.net\\\/tr\\\/?p=25767#breadcrumb\",\"itemListElement\":[{\"@type\":\"ListItem\",\"position\":1,\"name\":\"Home\",\"item\":\"https:\\\/\\\/akunq.net\\\/tr\"},{\"@type\":\"ListItem\",\"position\":2,\"name\":\"Bask\u0131n Oran&#8217;a hakaret mahkemeden d\u00f6nd\u00fc\"}]},{\"@type\":\"WebSite\",\"@id\":\"https:\\\/\\\/akunq.net\\\/tr\\\/#website\",\"url\":\"https:\\\/\\\/akunq.net\\\/tr\\\/\",\"name\":\"Bati Ermenistan Ve Bati Ermenileri Sorunlari Ara\u015ftirmalar Merkezi\",\"description\":\"\",\"potentialAction\":[{\"@type\":\"SearchAction\",\"target\":{\"@type\":\"EntryPoint\",\"urlTemplate\":\"https:\\\/\\\/akunq.net\\\/tr\\\/?s={search_term_string}\"},\"query-input\":{\"@type\":\"PropertyValueSpecification\",\"valueRequired\":true,\"valueName\":\"search_term_string\"}}],\"inLanguage\":\"en-US\"},{\"@type\":\"Person\",\"@id\":\"https:\\\/\\\/akunq.net\\\/tr\\\/#\\\/schema\\\/person\\\/096f1d38a12cce57fb855b485ed24c9e\",\"name\":\"admin\",\"url\":\"https:\\\/\\\/akunq.net\\\/tr\\\/?author=7\"}]}<\/script>\n<!-- \/ Yoast SEO plugin. -->","yoast_head_json":{"title":"Bask\u0131n Oran'a hakaret mahkemeden d\u00f6nd\u00fc - Bati Ermenistan Ve Bati Ermenileri Sorunlari Ara\u015ftirmalar Merkezi","robots":{"index":"index","follow":"follow","max-snippet":"max-snippet:-1","max-image-preview":"max-image-preview:large","max-video-preview":"max-video-preview:-1"},"canonical":"https:\/\/akunq.net\/tr\/?p=25767","og_locale":"en_US","og_type":"article","og_title":"Bask\u0131n Oran'a hakaret mahkemeden d\u00f6nd\u00fc - Bati Ermenistan Ve Bati Ermenileri Sorunlari Ara\u015ftirmalar Merkezi","og_description":"GAZETEC\u0130LER.COM &#8211;\u00a0Prof. Dr. Bask\u0131n Oran&#8217;\u0131 tehdit ve Ermenilere\u00a0hakaret\u00a0eden san\u0131k hakk\u0131ndaki \u015fartl\u0131 af karar\u0131, \u00fcst mahkemeden d\u00f6nd\u00fc. Taraf\u00a0gazetesinden Adnan Keskin&#8217;in haberine g\u00f6re Ankara 10. A\u011f\u0131r Ceza Mahkemesi , dava konusu s\u00f6zlerin d\u00fc\u015f\u00fcnce ve kanaat a\u00e7\u0131klamas\u0131 de\u011fil, a\u00e7\u0131k bir tehdit oldu\u011funa h\u00fckmetti.\u00a0&#8220;Hrant&#8217;tan sonra yeni hedef Bask\u0131n Oran olacakt\u0131r. O pislik de ortadan kald\u0131r\u0131lacakt\u0131r. Ermeni pi\u00e7leri. Rahat uyuyamayacaklar&#8230;&#8221;\u00a0diyerek [&hellip;]","og_url":"https:\/\/akunq.net\/tr\/?p=25767","og_site_name":"Bati Ermenistan Ve Bati Ermenileri Sorunlari Ara\u015ftirmalar Merkezi","article_published_time":"2013-09-26T09:39:44+00:00","article_modified_time":"2013-09-26T09:41:21+00:00","author":"admin","twitter_card":"summary_large_image","twitter_misc":{"Written by":"admin","Est. reading time":"3 minutes"},"schema":{"@context":"https:\/\/schema.org","@graph":[{"@type":"Article","@id":"https:\/\/akunq.net\/tr\/?p=25767#article","isPartOf":{"@id":"https:\/\/akunq.net\/tr\/?p=25767"},"author":{"name":"admin","@id":"https:\/\/akunq.net\/tr\/#\/schema\/person\/096f1d38a12cce57fb855b485ed24c9e"},"headline":"Bask\u0131n Oran&#8217;a hakaret mahkemeden d\u00f6nd\u00fc","datePublished":"2013-09-26T09:39:44+00:00","dateModified":"2013-09-26T09:41:21+00:00","mainEntityOfPage":{"@id":"https:\/\/akunq.net\/tr\/?p=25767"},"wordCount":552,"commentCount":0,"articleSection":["Haberler"],"inLanguage":"en-US","potentialAction":[{"@type":"CommentAction","name":"Comment","target":["https:\/\/akunq.net\/tr\/?p=25767#respond"]}]},{"@type":"WebPage","@id":"https:\/\/akunq.net\/tr\/?p=25767","url":"https:\/\/akunq.net\/tr\/?p=25767","name":"Bask\u0131n Oran'a hakaret mahkemeden d\u00f6nd\u00fc - Bati Ermenistan Ve Bati Ermenileri Sorunlari Ara\u015ftirmalar Merkezi","isPartOf":{"@id":"https:\/\/akunq.net\/tr\/#website"},"datePublished":"2013-09-26T09:39:44+00:00","dateModified":"2013-09-26T09:41:21+00:00","author":{"@id":"https:\/\/akunq.net\/tr\/#\/schema\/person\/096f1d38a12cce57fb855b485ed24c9e"},"breadcrumb":{"@id":"https:\/\/akunq.net\/tr\/?p=25767#breadcrumb"},"inLanguage":"en-US","potentialAction":[{"@type":"ReadAction","target":["https:\/\/akunq.net\/tr\/?p=25767"]}]},{"@type":"BreadcrumbList","@id":"https:\/\/akunq.net\/tr\/?p=25767#breadcrumb","itemListElement":[{"@type":"ListItem","position":1,"name":"Home","item":"https:\/\/akunq.net\/tr"},{"@type":"ListItem","position":2,"name":"Bask\u0131n Oran&#8217;a hakaret mahkemeden d\u00f6nd\u00fc"}]},{"@type":"WebSite","@id":"https:\/\/akunq.net\/tr\/#website","url":"https:\/\/akunq.net\/tr\/","name":"Bati Ermenistan Ve Bati Ermenileri Sorunlari Ara\u015ftirmalar Merkezi","description":"","potentialAction":[{"@type":"SearchAction","target":{"@type":"EntryPoint","urlTemplate":"https:\/\/akunq.net\/tr\/?s={search_term_string}"},"query-input":{"@type":"PropertyValueSpecification","valueRequired":true,"valueName":"search_term_string"}}],"inLanguage":"en-US"},{"@type":"Person","@id":"https:\/\/akunq.net\/tr\/#\/schema\/person\/096f1d38a12cce57fb855b485ed24c9e","name":"admin","url":"https:\/\/akunq.net\/tr\/?author=7"}]}},"_links":{"self":[{"href":"https:\/\/akunq.net\/tr\/index.php?rest_route=\/wp\/v2\/posts\/25767","targetHints":{"allow":["GET"]}}],"collection":[{"href":"https:\/\/akunq.net\/tr\/index.php?rest_route=\/wp\/v2\/posts"}],"about":[{"href":"https:\/\/akunq.net\/tr\/index.php?rest_route=\/wp\/v2\/types\/post"}],"author":[{"embeddable":true,"href":"https:\/\/akunq.net\/tr\/index.php?rest_route=\/wp\/v2\/users\/7"}],"replies":[{"embeddable":true,"href":"https:\/\/akunq.net\/tr\/index.php?rest_route=%2Fwp%2Fv2%2Fcomments&post=25767"}],"version-history":[{"count":3,"href":"https:\/\/akunq.net\/tr\/index.php?rest_route=\/wp\/v2\/posts\/25767\/revisions"}],"predecessor-version":[{"id":25770,"href":"https:\/\/akunq.net\/tr\/index.php?rest_route=\/wp\/v2\/posts\/25767\/revisions\/25770"}],"wp:attachment":[{"href":"https:\/\/akunq.net\/tr\/index.php?rest_route=%2Fwp%2Fv2%2Fmedia&parent=25767"}],"wp:term":[{"taxonomy":"category","embeddable":true,"href":"https:\/\/akunq.net\/tr\/index.php?rest_route=%2Fwp%2Fv2%2Fcategories&post=25767"},{"taxonomy":"post_tag","embeddable":true,"href":"https:\/\/akunq.net\/tr\/index.php?rest_route=%2Fwp%2Fv2%2Ftags&post=25767"}],"curies":[{"name":"wp","href":"https:\/\/api.w.org\/{rel}","templated":true}]}}