{"id":25760,"date":"2013-09-26T03:56:33","date_gmt":"2013-09-26T08:56:33","guid":{"rendered":"http:\/\/akunq.net\/tr\/?p=25760"},"modified":"2013-09-26T03:56:33","modified_gmt":"2013-09-26T08:56:33","slug":"cezaevinden-kacan-18-pkkli-yakalandi","status":"publish","type":"post","link":"https:\/\/akunq.net\/tr\/?p=25760","title":{"rendered":"Cezaevinden ka\u00e7an 18 PKK&#8217;l\u0131 yakaland\u0131"},"content":{"rendered":"<h2 style=\"text-align: justify;\"><i><a href=\"http:\/\/akunq.net\/tr\/wp-content\/uploads\/2013\/09\/PKK1.jpg\"><img loading=\"lazy\" decoding=\"async\" class=\"alignright size-full wp-image-25761\" alt=\"PKK\" src=\"http:\/\/akunq.net\/tr\/wp-content\/uploads\/2013\/09\/PKK1.jpg\" width=\"300\" height=\"202\" \/><\/a>Bing\u00f6l M Tipi Cezaevi&#8217;nden firar eden 18 tutuklu ve h\u00fck\u00fcml\u00fc Orta\u00e7anak k\u00f6y\u00fc k\u0131rsal\u0131nda yakaland\u0131. Jandarma birliklerinin yerlerini tespit ettikleri firarileri etraflar\u0131n\u0131 sararak yakalad\u0131\u011f\u0131n\u0131 dile getiren \u0130\u00e7i\u015fleri Bakan\u0131 Muammer G\u00fcler, \u201cSilahs\u0131z yakaland\u0131lar\u201d dedi. <\/i><\/h2>\n<p style=\"text-align: justify;\">B\u0130NG\u00d6L &#8211; &#8220;PKK&#8217;ya \u00fcye olmak&#8221;, &#8220;yard\u0131m ve yatakl\u0131k etmek&#8221; su\u00e7lar\u0131ndan Bing\u00f6l M Tipi Cezaevi&#8217;nde tutuklu bulunan 18 ki\u015fi d\u00fcn kazd\u0131klar\u0131 t\u00fcnelden firar etti.<\/p>\n<p style=\"text-align: justify;\">Bing\u00f6l Emniyet M\u00fcd\u00fcrl\u00fc\u011f\u00fc ve \u0130l Jandarma Komutanl\u0131\u011f\u0131 ekiplerinin i\u015fbirli\u011fiyle y\u00fcr\u00fct\u00fclen operasyonda, \u0130nsans\u0131z Hava Arac\u0131 arac\u0131l\u0131\u011f\u0131yla da havadan ve karadan arama tarama yap\u0131ld\u0131.<\/p>\n<p style=\"text-align: justify;\">Firar eden 18 tutuklu ve h\u00fck\u00fcml\u00fcden 17&#8217;si Bing\u00f6l Merkez Orta\u00e7anak k\u00f6y\u00fc k\u0131rsal\u0131nda yakaland\u0131. Kay\u0131p olan di\u011fer PKK&#8217;l\u0131n\u0131n da daha sonra yakaland\u0131\u011f\u0131 a\u00e7\u0131kland\u0131.<\/p>\n<p style=\"text-align: justify;\"><b><i>http:\/\/www.ntvmsnbc.com\/id\/25468688\/<\/i><\/b><\/p>\n","protected":false},"excerpt":{"rendered":"<p>Bing\u00f6l M Tipi Cezaevi&#8217;nden firar eden 18 tutuklu ve h\u00fck\u00fcml\u00fc Orta\u00e7anak k\u00f6y\u00fc k\u0131rsal\u0131nda yakaland\u0131. Jandarma birliklerinin yerlerini tespit ettikleri firarileri etraflar\u0131n\u0131 sararak yakalad\u0131\u011f\u0131n\u0131 dile getiren \u0130\u00e7i\u015fleri Bakan\u0131 Muammer G\u00fcler, \u201cSilahs\u0131z yakaland\u0131lar\u201d dedi. B\u0130NG\u00d6L &#8211; &#8220;PKK&#8217;ya \u00fcye olmak&#8221;, &#8220;yard\u0131m ve yatakl\u0131k etmek&#8221; su\u00e7lar\u0131ndan Bing\u00f6l M Tipi Cezaevi&#8217;nde tutuklu bulunan 18 ki\u015fi d\u00fcn kazd\u0131klar\u0131 t\u00fcnelden firar etti. [&hellip;]<\/p>\n","protected":false},"author":7,"featured_media":0,"comment_status":"open","ping_status":"open","sticky":false,"template":"","format":"standard","meta":{"footnotes":""},"categories":[1],"tags":[],"class_list":["post-25760","post","type-post","status-publish","format-standard","hentry","category-haberler"],"yoast_head":"<!-- This site is optimized with the Yoast SEO plugin v27.4 - https:\/\/yoast.com\/product\/yoast-seo-wordpress\/ -->\n<title>Cezaevinden ka\u00e7an 18 PKK&#039;l\u0131 yakaland\u0131 - Bati Ermenistan Ve Bati Ermenileri Sorunlari Ara\u015ftirmalar Merkezi<\/title>\n<meta name=\"robots\" content=\"index, follow, max-snippet:-1, max-image-preview:large, max-video-preview:-1\" \/>\n<link rel=\"canonical\" href=\"https:\/\/akunq.net\/tr\/?p=25760\" \/>\n<meta property=\"og:locale\" content=\"en_US\" \/>\n<meta property=\"og:type\" content=\"article\" \/>\n<meta property=\"og:title\" content=\"Cezaevinden ka\u00e7an 18 PKK&#039;l\u0131 yakaland\u0131 - Bati Ermenistan Ve Bati Ermenileri Sorunlari Ara\u015ftirmalar Merkezi\" \/>\n<meta property=\"og:description\" content=\"Bing\u00f6l M Tipi Cezaevi&#8217;nden firar eden 18 tutuklu ve h\u00fck\u00fcml\u00fc Orta\u00e7anak k\u00f6y\u00fc k\u0131rsal\u0131nda yakaland\u0131. Jandarma birliklerinin yerlerini tespit ettikleri firarileri etraflar\u0131n\u0131 sararak yakalad\u0131\u011f\u0131n\u0131 dile getiren \u0130\u00e7i\u015fleri Bakan\u0131 Muammer G\u00fcler, \u201cSilahs\u0131z yakaland\u0131lar\u201d dedi. B\u0130NG\u00d6L &#8211; &#8220;PKK&#8217;ya \u00fcye olmak&#8221;, &#8220;yard\u0131m ve yatakl\u0131k etmek&#8221; su\u00e7lar\u0131ndan Bing\u00f6l M Tipi Cezaevi&#8217;nde tutuklu bulunan 18 ki\u015fi d\u00fcn kazd\u0131klar\u0131 t\u00fcnelden firar etti. [&hellip;]\" \/>\n<meta property=\"og:url\" content=\"https:\/\/akunq.net\/tr\/?p=25760\" \/>\n<meta property=\"og:site_name\" content=\"Bati Ermenistan Ve Bati Ermenileri Sorunlari Ara\u015ftirmalar Merkezi\" \/>\n<meta property=\"article:published_time\" content=\"2013-09-26T08:56:33+00:00\" \/>\n<meta property=\"og:image\" content=\"http:\/\/akunq.net\/tr\/wp-content\/uploads\/2013\/09\/PKK1.jpg\" \/>\n<meta name=\"author\" content=\"admin\" \/>\n<meta name=\"twitter:card\" content=\"summary_large_image\" \/>\n<meta name=\"twitter:label1\" content=\"Written by\" \/>\n\t<meta name=\"twitter:data1\" content=\"admin\" \/>\n\t<meta name=\"twitter:label2\" content=\"Est. reading time\" \/>\n\t<meta name=\"twitter:data2\" content=\"1 minute\" \/>\n<script type=\"application\/ld+json\" class=\"yoast-schema-graph\">{\"@context\":\"https:\\\/\\\/schema.org\",\"@graph\":[{\"@type\":\"Article\",\"@id\":\"https:\\\/\\\/akunq.net\\\/tr\\\/?p=25760#article\",\"isPartOf\":{\"@id\":\"https:\\\/\\\/akunq.net\\\/tr\\\/?p=25760\"},\"author\":{\"name\":\"admin\",\"@id\":\"https:\\\/\\\/akunq.net\\\/tr\\\/#\\\/schema\\\/person\\\/096f1d38a12cce57fb855b485ed24c9e\"},\"headline\":\"Cezaevinden ka\u00e7an 18 PKK&#8217;l\u0131 yakaland\u0131\",\"datePublished\":\"2013-09-26T08:56:33+00:00\",\"mainEntityOfPage\":{\"@id\":\"https:\\\/\\\/akunq.net\\\/tr\\\/?p=25760\"},\"wordCount\":155,\"commentCount\":0,\"image\":{\"@id\":\"https:\\\/\\\/akunq.net\\\/tr\\\/?p=25760#primaryimage\"},\"thumbnailUrl\":\"http:\\\/\\\/akunq.net\\\/tr\\\/wp-content\\\/uploads\\\/2013\\\/09\\\/PKK1.jpg\",\"articleSection\":[\"Haberler\"],\"inLanguage\":\"en-US\",\"potentialAction\":[{\"@type\":\"CommentAction\",\"name\":\"Comment\",\"target\":[\"https:\\\/\\\/akunq.net\\\/tr\\\/?p=25760#respond\"]}]},{\"@type\":\"WebPage\",\"@id\":\"https:\\\/\\\/akunq.net\\\/tr\\\/?p=25760\",\"url\":\"https:\\\/\\\/akunq.net\\\/tr\\\/?p=25760\",\"name\":\"Cezaevinden ka\u00e7an 18 PKK'l\u0131 yakaland\u0131 - Bati Ermenistan Ve Bati Ermenileri Sorunlari Ara\u015ftirmalar Merkezi\",\"isPartOf\":{\"@id\":\"https:\\\/\\\/akunq.net\\\/tr\\\/#website\"},\"primaryImageOfPage\":{\"@id\":\"https:\\\/\\\/akunq.net\\\/tr\\\/?p=25760#primaryimage\"},\"image\":{\"@id\":\"https:\\\/\\\/akunq.net\\\/tr\\\/?p=25760#primaryimage\"},\"thumbnailUrl\":\"http:\\\/\\\/akunq.net\\\/tr\\\/wp-content\\\/uploads\\\/2013\\\/09\\\/PKK1.jpg\",\"datePublished\":\"2013-09-26T08:56:33+00:00\",\"author\":{\"@id\":\"https:\\\/\\\/akunq.net\\\/tr\\\/#\\\/schema\\\/person\\\/096f1d38a12cce57fb855b485ed24c9e\"},\"breadcrumb\":{\"@id\":\"https:\\\/\\\/akunq.net\\\/tr\\\/?p=25760#breadcrumb\"},\"inLanguage\":\"en-US\",\"potentialAction\":[{\"@type\":\"ReadAction\",\"target\":[\"https:\\\/\\\/akunq.net\\\/tr\\\/?p=25760\"]}]},{\"@type\":\"ImageObject\",\"inLanguage\":\"en-US\",\"@id\":\"https:\\\/\\\/akunq.net\\\/tr\\\/?p=25760#primaryimage\",\"url\":\"http:\\\/\\\/akunq.net\\\/tr\\\/wp-content\\\/uploads\\\/2013\\\/09\\\/PKK1.jpg\",\"contentUrl\":\"http:\\\/\\\/akunq.net\\\/tr\\\/wp-content\\\/uploads\\\/2013\\\/09\\\/PKK1.jpg\"},{\"@type\":\"BreadcrumbList\",\"@id\":\"https:\\\/\\\/akunq.net\\\/tr\\\/?p=25760#breadcrumb\",\"itemListElement\":[{\"@type\":\"ListItem\",\"position\":1,\"name\":\"Home\",\"item\":\"https:\\\/\\\/akunq.net\\\/tr\"},{\"@type\":\"ListItem\",\"position\":2,\"name\":\"Cezaevinden ka\u00e7an 18 PKK&#8217;l\u0131 yakaland\u0131\"}]},{\"@type\":\"WebSite\",\"@id\":\"https:\\\/\\\/akunq.net\\\/tr\\\/#website\",\"url\":\"https:\\\/\\\/akunq.net\\\/tr\\\/\",\"name\":\"Bati Ermenistan Ve Bati Ermenileri Sorunlari Ara\u015ftirmalar Merkezi\",\"description\":\"\",\"potentialAction\":[{\"@type\":\"SearchAction\",\"target\":{\"@type\":\"EntryPoint\",\"urlTemplate\":\"https:\\\/\\\/akunq.net\\\/tr\\\/?s={search_term_string}\"},\"query-input\":{\"@type\":\"PropertyValueSpecification\",\"valueRequired\":true,\"valueName\":\"search_term_string\"}}],\"inLanguage\":\"en-US\"},{\"@type\":\"Person\",\"@id\":\"https:\\\/\\\/akunq.net\\\/tr\\\/#\\\/schema\\\/person\\\/096f1d38a12cce57fb855b485ed24c9e\",\"name\":\"admin\",\"url\":\"https:\\\/\\\/akunq.net\\\/tr\\\/?author=7\"}]}<\/script>\n<!-- \/ Yoast SEO plugin. -->","yoast_head_json":{"title":"Cezaevinden ka\u00e7an 18 PKK'l\u0131 yakaland\u0131 - Bati Ermenistan Ve Bati Ermenileri Sorunlari Ara\u015ftirmalar Merkezi","robots":{"index":"index","follow":"follow","max-snippet":"max-snippet:-1","max-image-preview":"max-image-preview:large","max-video-preview":"max-video-preview:-1"},"canonical":"https:\/\/akunq.net\/tr\/?p=25760","og_locale":"en_US","og_type":"article","og_title":"Cezaevinden ka\u00e7an 18 PKK'l\u0131 yakaland\u0131 - Bati Ermenistan Ve Bati Ermenileri Sorunlari Ara\u015ftirmalar Merkezi","og_description":"Bing\u00f6l M Tipi Cezaevi&#8217;nden firar eden 18 tutuklu ve h\u00fck\u00fcml\u00fc Orta\u00e7anak k\u00f6y\u00fc k\u0131rsal\u0131nda yakaland\u0131. Jandarma birliklerinin yerlerini tespit ettikleri firarileri etraflar\u0131n\u0131 sararak yakalad\u0131\u011f\u0131n\u0131 dile getiren \u0130\u00e7i\u015fleri Bakan\u0131 Muammer G\u00fcler, \u201cSilahs\u0131z yakaland\u0131lar\u201d dedi. B\u0130NG\u00d6L &#8211; &#8220;PKK&#8217;ya \u00fcye olmak&#8221;, &#8220;yard\u0131m ve yatakl\u0131k etmek&#8221; su\u00e7lar\u0131ndan Bing\u00f6l M Tipi Cezaevi&#8217;nde tutuklu bulunan 18 ki\u015fi d\u00fcn kazd\u0131klar\u0131 t\u00fcnelden firar etti. [&hellip;]","og_url":"https:\/\/akunq.net\/tr\/?p=25760","og_site_name":"Bati Ermenistan Ve Bati Ermenileri Sorunlari Ara\u015ftirmalar Merkezi","article_published_time":"2013-09-26T08:56:33+00:00","og_image":[{"url":"http:\/\/akunq.net\/tr\/wp-content\/uploads\/2013\/09\/PKK1.jpg","type":"","width":"","height":""}],"author":"admin","twitter_card":"summary_large_image","twitter_misc":{"Written by":"admin","Est. reading time":"1 minute"},"schema":{"@context":"https:\/\/schema.org","@graph":[{"@type":"Article","@id":"https:\/\/akunq.net\/tr\/?p=25760#article","isPartOf":{"@id":"https:\/\/akunq.net\/tr\/?p=25760"},"author":{"name":"admin","@id":"https:\/\/akunq.net\/tr\/#\/schema\/person\/096f1d38a12cce57fb855b485ed24c9e"},"headline":"Cezaevinden ka\u00e7an 18 PKK&#8217;l\u0131 yakaland\u0131","datePublished":"2013-09-26T08:56:33+00:00","mainEntityOfPage":{"@id":"https:\/\/akunq.net\/tr\/?p=25760"},"wordCount":155,"commentCount":0,"image":{"@id":"https:\/\/akunq.net\/tr\/?p=25760#primaryimage"},"thumbnailUrl":"http:\/\/akunq.net\/tr\/wp-content\/uploads\/2013\/09\/PKK1.jpg","articleSection":["Haberler"],"inLanguage":"en-US","potentialAction":[{"@type":"CommentAction","name":"Comment","target":["https:\/\/akunq.net\/tr\/?p=25760#respond"]}]},{"@type":"WebPage","@id":"https:\/\/akunq.net\/tr\/?p=25760","url":"https:\/\/akunq.net\/tr\/?p=25760","name":"Cezaevinden ka\u00e7an 18 PKK'l\u0131 yakaland\u0131 - Bati Ermenistan Ve Bati Ermenileri Sorunlari Ara\u015ftirmalar Merkezi","isPartOf":{"@id":"https:\/\/akunq.net\/tr\/#website"},"primaryImageOfPage":{"@id":"https:\/\/akunq.net\/tr\/?p=25760#primaryimage"},"image":{"@id":"https:\/\/akunq.net\/tr\/?p=25760#primaryimage"},"thumbnailUrl":"http:\/\/akunq.net\/tr\/wp-content\/uploads\/2013\/09\/PKK1.jpg","datePublished":"2013-09-26T08:56:33+00:00","author":{"@id":"https:\/\/akunq.net\/tr\/#\/schema\/person\/096f1d38a12cce57fb855b485ed24c9e"},"breadcrumb":{"@id":"https:\/\/akunq.net\/tr\/?p=25760#breadcrumb"},"inLanguage":"en-US","potentialAction":[{"@type":"ReadAction","target":["https:\/\/akunq.net\/tr\/?p=25760"]}]},{"@type":"ImageObject","inLanguage":"en-US","@id":"https:\/\/akunq.net\/tr\/?p=25760#primaryimage","url":"http:\/\/akunq.net\/tr\/wp-content\/uploads\/2013\/09\/PKK1.jpg","contentUrl":"http:\/\/akunq.net\/tr\/wp-content\/uploads\/2013\/09\/PKK1.jpg"},{"@type":"BreadcrumbList","@id":"https:\/\/akunq.net\/tr\/?p=25760#breadcrumb","itemListElement":[{"@type":"ListItem","position":1,"name":"Home","item":"https:\/\/akunq.net\/tr"},{"@type":"ListItem","position":2,"name":"Cezaevinden ka\u00e7an 18 PKK&#8217;l\u0131 yakaland\u0131"}]},{"@type":"WebSite","@id":"https:\/\/akunq.net\/tr\/#website","url":"https:\/\/akunq.net\/tr\/","name":"Bati Ermenistan Ve Bati Ermenileri Sorunlari Ara\u015ftirmalar Merkezi","description":"","potentialAction":[{"@type":"SearchAction","target":{"@type":"EntryPoint","urlTemplate":"https:\/\/akunq.net\/tr\/?s={search_term_string}"},"query-input":{"@type":"PropertyValueSpecification","valueRequired":true,"valueName":"search_term_string"}}],"inLanguage":"en-US"},{"@type":"Person","@id":"https:\/\/akunq.net\/tr\/#\/schema\/person\/096f1d38a12cce57fb855b485ed24c9e","name":"admin","url":"https:\/\/akunq.net\/tr\/?author=7"}]}},"_links":{"self":[{"href":"https:\/\/akunq.net\/tr\/index.php?rest_route=\/wp\/v2\/posts\/25760","targetHints":{"allow":["GET"]}}],"collection":[{"href":"https:\/\/akunq.net\/tr\/index.php?rest_route=\/wp\/v2\/posts"}],"about":[{"href":"https:\/\/akunq.net\/tr\/index.php?rest_route=\/wp\/v2\/types\/post"}],"author":[{"embeddable":true,"href":"https:\/\/akunq.net\/tr\/index.php?rest_route=\/wp\/v2\/users\/7"}],"replies":[{"embeddable":true,"href":"https:\/\/akunq.net\/tr\/index.php?rest_route=%2Fwp%2Fv2%2Fcomments&post=25760"}],"version-history":[{"count":1,"href":"https:\/\/akunq.net\/tr\/index.php?rest_route=\/wp\/v2\/posts\/25760\/revisions"}],"predecessor-version":[{"id":25762,"href":"https:\/\/akunq.net\/tr\/index.php?rest_route=\/wp\/v2\/posts\/25760\/revisions\/25762"}],"wp:attachment":[{"href":"https:\/\/akunq.net\/tr\/index.php?rest_route=%2Fwp%2Fv2%2Fmedia&parent=25760"}],"wp:term":[{"taxonomy":"category","embeddable":true,"href":"https:\/\/akunq.net\/tr\/index.php?rest_route=%2Fwp%2Fv2%2Fcategories&post=25760"},{"taxonomy":"post_tag","embeddable":true,"href":"https:\/\/akunq.net\/tr\/index.php?rest_route=%2Fwp%2Fv2%2Ftags&post=25760"}],"curies":[{"name":"wp","href":"https:\/\/api.w.org\/{rel}","templated":true}]}}