{"id":25745,"date":"2013-09-26T02:14:34","date_gmt":"2013-09-26T07:14:34","guid":{"rendered":"http:\/\/akunq.net\/tr\/?p=25745"},"modified":"2013-09-26T02:16:26","modified_gmt":"2013-09-26T07:16:26","slug":"demirele-28-subat-icin-suc-duyurusu","status":"publish","type":"post","link":"https:\/\/akunq.net\/tr\/?p=25745","title":{"rendered":"Demirel&#8217;e 28 \u015eubat i\u00e7in su\u00e7 duyurusu"},"content":{"rendered":"<p style=\"text-align: justify;\"><b><i><a href=\"http:\/\/akunq.net\/tr\/wp-content\/uploads\/2013\/09\/\u054d\u0578\u0582\u056c\u0565\u0575\u0574\u0561\u0576-\u0534\u0565\u0574\u056b\u0580\u0565\u056c.jpg\"><img loading=\"lazy\" decoding=\"async\" class=\"alignright size-medium wp-image-25746\" alt=\"\u054d\u0578\u0582\u056c\u0565\u0575\u0574\u0561\u0576 \u0534\u0565\u0574\u056b\u0580\u0565\u056c\" src=\"http:\/\/akunq.net\/tr\/wp-content\/uploads\/2013\/09\/\u054d\u0578\u0582\u056c\u0565\u0575\u0574\u0561\u0576-\u0534\u0565\u0574\u056b\u0580\u0565\u056c-300x206.jpg\" width=\"300\" height=\"206\" srcset=\"https:\/\/akunq.net\/tr\/wp-content\/uploads\/sites\/6\/2013\/09\/\u054d\u0578\u0582\u056c\u0565\u0575\u0574\u0561\u0576-\u0534\u0565\u0574\u056b\u0580\u0565\u056c-300x206.jpg 300w, https:\/\/akunq.net\/tr\/wp-content\/uploads\/sites\/6\/2013\/09\/\u054d\u0578\u0582\u056c\u0565\u0575\u0574\u0561\u0576-\u0534\u0565\u0574\u056b\u0580\u0565\u056c.jpg 307w\" sizes=\"auto, (max-width: 300px) 100vw, 300px\" \/><\/a>Avukat Mustafa Polat su\u00e7 duyurusunda, \u201cCumhurba\u015fkanl\u0131\u011f\u0131, askerlerin verdi\u011fi brifingleri yarg\u0131ya ta\u015f\u0131mak yerine B\u00c7G\u2019yle ittifak kurdu. Demirel, brifingi ihbar etseydi darbe ya\u015fanmayacakt\u0131\u201d ifadelerini kulland\u0131. <\/i><\/b><\/p>\n<p style=\"text-align: justify;\">28 \u015eubat\u2019a ili\u015fkin 103 san\u0131\u011f\u0131n \u2018T\u00fcrkiye Cumhuriyeti h\u00fck\u00fcmetini cebren devirmeye, i\u015ftirak\u2019 su\u00e7undan yarg\u0131land\u0131\u011f\u0131 davada, m\u00fc\u015fteki avukat\u0131 Mustafa Polat, d\u00f6nemin Cumhurba\u015fkan\u0131 S\u00fcleyman Demirel hakk\u0131nda su\u00e7 duyurusunda bulundu. Polat san\u0131klar\u0131n etkin pi\u015fmanl\u0131ktan yararlan\u0131p yararlanmayaca\u011f\u0131n\u0131n sorulmas\u0131n\u0131 da istedi.<\/p>\n<p style=\"text-align: justify;\"><b>S\u0130ZLERLE \u0130\u015eB\u0130RL\u0130\u011e\u0130 YAPARIM <\/b><br \/>\nErzurum 4. A\u011f\u0131r Ceza Mahkemesi arac\u0131l\u0131\u011f\u0131yla Ankara 13. A\u011f\u0131r Ceza Mahkemesi\u2019ne g\u00f6nderilen dilek\u00e7ede, iddianamedeki, \u2018\u0130rticai faaliyetler ve Cumhurba\u015fkanl\u0131\u011f\u0131\u2019nda yap\u0131lan \u00e7al\u0131\u015fmalar\u2019 ba\u015fl\u0131kl\u0131 belgeye g\u00f6re; Cumhurba\u015fkanl\u0131\u011f\u0131\u2019n\u0131n, B\u00c7G ile irtibatl\u0131 oldu\u011funun anla\u015f\u0131ld\u0131\u011f\u0131 ifadelerine yer verildi. Dilek\u00e7ede, \u201cCumhurba\u015fkanl\u0131\u011f\u0131, askerlerin verdi\u011fi brifingle ilgili, yarg\u0131ya m\u00fcracaat etmek yerine \u2018sizlerle i\u015fbirli\u011fi yapar\u0131m\u2019 diyerek, B\u00c7G ile ittifak kurmu\u015ftur\u201d iddias\u0131nda bulunuldu.<\/p>\n<p style=\"text-align: justify;\"><b>TAL\u0130MATLA \u0130NCELEME YAPTI <\/b><br \/>\nCumhurba\u015fkanl\u0131\u011f\u0131\u2019n\u0131n B\u00c7G\u2019den gelen talimatla Emniyet Genel M\u00fcd\u00fcrl\u00fc\u011f\u00fc personeli hakk\u0131nda inceleme ba\u015flatt\u0131\u011f\u0131 savunulan dilek\u00e7ede, 28 \u015eubat s\u00fcrecinin, 17 Ocak 1997\u2019de Demirel\u2019e verilen brifingle ba\u015flad\u0131\u011f\u0131n\u0131n s\u00f6ylendi\u011fi kaydedildi. Dilek\u00e7ede, \u015funlar ifade edildi: Su\u00e7 unsuru ta\u015f\u0131yan bir brifing, Demirel\u2019e ilk verildi\u011fi anda ihbar edilseydi, bu s\u00fcre\u00e7 hi\u00e7 ya\u015fanmayacakt\u0131 ve bu darbe hi\u00e7 olmayacakt\u0131. En b\u00fcy\u00fck temennimiz, bu illegal yap\u0131yla ba\u011flant\u0131l\u0131 oldu\u011funu d\u00fc\u015f\u00fcnd\u00fc\u011f\u00fcm\u00fcz herkesin cezaland\u0131r\u0131lmas\u0131d\u0131r.\u201d<\/p>\n<p style=\"text-align: justify;\"><b>Y\u00dcCE D\u0130VAN YOLU A\u00c7ILAB\u0130L\u0130R <\/b><\/p>\n<p style=\"text-align: justify;\">Demirel hakk\u0131nda yapt\u0131\u011f\u0131 su\u00e7 duyurusunu AK\u015eAM\u2019a de\u011ferlendiren avukat Mustafa Polat, Anayasa\u2019ya g\u00f6re Cumhurba\u015fkanlar\u0131n\u0131n \u2018vatana ihanet\u2019 su\u00e7u d\u0131\u015f\u0131nda yarg\u0131lanamayacaklar\u0131n\u0131, ancak \u2018darbe\u2019 su\u00e7unun da \u2018vatana ihanet\u2019 kapsam\u0131nda oldu\u011funu savundu. Polat \u015f\u00f6yle konu\u015ftu: \u0130ddianamedeki belge ve ifadeler Demirel\u2019in de, darbecilerle i\u015fbirli\u011fi yapt\u0131\u011f\u0131n\u0131 ortaya koyuyor. 28 \u015eubat Davas\u0131 mahkumiyetle sonu\u00e7lan\u0131rsa, darbe su\u00e7u sabit olur. Darbe \u2018vatana ihanet\u2019 kapsam\u0131nda bir su\u00e7tur. Bu durumda Demirel hakk\u0131nda da Y\u00fcce Divan\u2019da yarg\u0131 yolu a\u00e7\u0131labilir.<\/p>\n<p style=\"text-align: justify;\"><b><i>http:\/\/www.aksam.com.tr\/siyaset\/demirele-28-subat-icin-suc-duyurusu\/haber-247668<\/i><\/b><\/p>\n","protected":false},"excerpt":{"rendered":"<p>Avukat Mustafa Polat su\u00e7 duyurusunda, \u201cCumhurba\u015fkanl\u0131\u011f\u0131, askerlerin verdi\u011fi brifingleri yarg\u0131ya ta\u015f\u0131mak yerine B\u00c7G\u2019yle ittifak kurdu. Demirel, brifingi ihbar etseydi darbe ya\u015fanmayacakt\u0131\u201d ifadelerini kulland\u0131. 28 \u015eubat\u2019a ili\u015fkin 103 san\u0131\u011f\u0131n \u2018T\u00fcrkiye Cumhuriyeti h\u00fck\u00fcmetini cebren devirmeye, i\u015ftirak\u2019 su\u00e7undan yarg\u0131land\u0131\u011f\u0131 davada, m\u00fc\u015fteki avukat\u0131 Mustafa Polat, d\u00f6nemin Cumhurba\u015fkan\u0131 S\u00fcleyman Demirel hakk\u0131nda su\u00e7 duyurusunda bulundu. Polat san\u0131klar\u0131n etkin pi\u015fmanl\u0131ktan yararlan\u0131p yararlanmayaca\u011f\u0131n\u0131n [&hellip;]<\/p>\n","protected":false},"author":7,"featured_media":0,"comment_status":"open","ping_status":"open","sticky":false,"template":"","format":"standard","meta":{"footnotes":""},"categories":[1],"tags":[],"class_list":["post-25745","post","type-post","status-publish","format-standard","hentry","category-haberler"],"yoast_head":"<!-- This site is optimized with the Yoast SEO plugin v27.4 - https:\/\/yoast.com\/product\/yoast-seo-wordpress\/ -->\n<title>Demirel&#039;e 28 \u015eubat i\u00e7in su\u00e7 duyurusu - Bati Ermenistan Ve Bati Ermenileri Sorunlari Ara\u015ftirmalar Merkezi<\/title>\n<meta name=\"robots\" content=\"index, follow, max-snippet:-1, max-image-preview:large, max-video-preview:-1\" \/>\n<link rel=\"canonical\" href=\"https:\/\/akunq.net\/tr\/?p=25745\" \/>\n<meta property=\"og:locale\" content=\"en_US\" \/>\n<meta property=\"og:type\" content=\"article\" \/>\n<meta property=\"og:title\" content=\"Demirel&#039;e 28 \u015eubat i\u00e7in su\u00e7 duyurusu - Bati Ermenistan Ve Bati Ermenileri Sorunlari Ara\u015ftirmalar Merkezi\" \/>\n<meta property=\"og:description\" content=\"Avukat Mustafa Polat su\u00e7 duyurusunda, \u201cCumhurba\u015fkanl\u0131\u011f\u0131, askerlerin verdi\u011fi brifingleri yarg\u0131ya ta\u015f\u0131mak yerine B\u00c7G\u2019yle ittifak kurdu. Demirel, brifingi ihbar etseydi darbe ya\u015fanmayacakt\u0131\u201d ifadelerini kulland\u0131. 28 \u015eubat\u2019a ili\u015fkin 103 san\u0131\u011f\u0131n \u2018T\u00fcrkiye Cumhuriyeti h\u00fck\u00fcmetini cebren devirmeye, i\u015ftirak\u2019 su\u00e7undan yarg\u0131land\u0131\u011f\u0131 davada, m\u00fc\u015fteki avukat\u0131 Mustafa Polat, d\u00f6nemin Cumhurba\u015fkan\u0131 S\u00fcleyman Demirel hakk\u0131nda su\u00e7 duyurusunda bulundu. Polat san\u0131klar\u0131n etkin pi\u015fmanl\u0131ktan yararlan\u0131p yararlanmayaca\u011f\u0131n\u0131n [&hellip;]\" \/>\n<meta property=\"og:url\" content=\"https:\/\/akunq.net\/tr\/?p=25745\" \/>\n<meta property=\"og:site_name\" content=\"Bati Ermenistan Ve Bati Ermenileri Sorunlari Ara\u015ftirmalar Merkezi\" \/>\n<meta property=\"article:published_time\" content=\"2013-09-26T07:14:34+00:00\" \/>\n<meta property=\"article:modified_time\" content=\"2013-09-26T07:16:26+00:00\" \/>\n<meta name=\"author\" content=\"admin\" \/>\n<meta name=\"twitter:card\" content=\"summary_large_image\" \/>\n<meta name=\"twitter:label1\" content=\"Written by\" \/>\n\t<meta name=\"twitter:data1\" content=\"admin\" \/>\n\t<meta name=\"twitter:label2\" content=\"Est. reading time\" \/>\n\t<meta name=\"twitter:data2\" content=\"2 minutes\" \/>\n<script type=\"application\/ld+json\" class=\"yoast-schema-graph\">{\"@context\":\"https:\\\/\\\/schema.org\",\"@graph\":[{\"@type\":\"Article\",\"@id\":\"https:\\\/\\\/akunq.net\\\/tr\\\/?p=25745#article\",\"isPartOf\":{\"@id\":\"https:\\\/\\\/akunq.net\\\/tr\\\/?p=25745\"},\"author\":{\"name\":\"admin\",\"@id\":\"https:\\\/\\\/akunq.net\\\/tr\\\/#\\\/schema\\\/person\\\/096f1d38a12cce57fb855b485ed24c9e\"},\"headline\":\"Demirel&#8217;e 28 \u015eubat i\u00e7in su\u00e7 duyurusu\",\"datePublished\":\"2013-09-26T07:14:34+00:00\",\"dateModified\":\"2013-09-26T07:16:26+00:00\",\"mainEntityOfPage\":{\"@id\":\"https:\\\/\\\/akunq.net\\\/tr\\\/?p=25745\"},\"wordCount\":388,\"commentCount\":0,\"articleSection\":[\"Haberler\"],\"inLanguage\":\"en-US\",\"potentialAction\":[{\"@type\":\"CommentAction\",\"name\":\"Comment\",\"target\":[\"https:\\\/\\\/akunq.net\\\/tr\\\/?p=25745#respond\"]}]},{\"@type\":\"WebPage\",\"@id\":\"https:\\\/\\\/akunq.net\\\/tr\\\/?p=25745\",\"url\":\"https:\\\/\\\/akunq.net\\\/tr\\\/?p=25745\",\"name\":\"Demirel'e 28 \u015eubat i\u00e7in su\u00e7 duyurusu - Bati Ermenistan Ve Bati Ermenileri Sorunlari Ara\u015ftirmalar Merkezi\",\"isPartOf\":{\"@id\":\"https:\\\/\\\/akunq.net\\\/tr\\\/#website\"},\"datePublished\":\"2013-09-26T07:14:34+00:00\",\"dateModified\":\"2013-09-26T07:16:26+00:00\",\"author\":{\"@id\":\"https:\\\/\\\/akunq.net\\\/tr\\\/#\\\/schema\\\/person\\\/096f1d38a12cce57fb855b485ed24c9e\"},\"breadcrumb\":{\"@id\":\"https:\\\/\\\/akunq.net\\\/tr\\\/?p=25745#breadcrumb\"},\"inLanguage\":\"en-US\",\"potentialAction\":[{\"@type\":\"ReadAction\",\"target\":[\"https:\\\/\\\/akunq.net\\\/tr\\\/?p=25745\"]}]},{\"@type\":\"BreadcrumbList\",\"@id\":\"https:\\\/\\\/akunq.net\\\/tr\\\/?p=25745#breadcrumb\",\"itemListElement\":[{\"@type\":\"ListItem\",\"position\":1,\"name\":\"Home\",\"item\":\"https:\\\/\\\/akunq.net\\\/tr\"},{\"@type\":\"ListItem\",\"position\":2,\"name\":\"Demirel&#8217;e 28 \u015eubat i\u00e7in su\u00e7 duyurusu\"}]},{\"@type\":\"WebSite\",\"@id\":\"https:\\\/\\\/akunq.net\\\/tr\\\/#website\",\"url\":\"https:\\\/\\\/akunq.net\\\/tr\\\/\",\"name\":\"Bati Ermenistan Ve Bati Ermenileri Sorunlari Ara\u015ftirmalar Merkezi\",\"description\":\"\",\"potentialAction\":[{\"@type\":\"SearchAction\",\"target\":{\"@type\":\"EntryPoint\",\"urlTemplate\":\"https:\\\/\\\/akunq.net\\\/tr\\\/?s={search_term_string}\"},\"query-input\":{\"@type\":\"PropertyValueSpecification\",\"valueRequired\":true,\"valueName\":\"search_term_string\"}}],\"inLanguage\":\"en-US\"},{\"@type\":\"Person\",\"@id\":\"https:\\\/\\\/akunq.net\\\/tr\\\/#\\\/schema\\\/person\\\/096f1d38a12cce57fb855b485ed24c9e\",\"name\":\"admin\",\"url\":\"https:\\\/\\\/akunq.net\\\/tr\\\/?author=7\"}]}<\/script>\n<!-- \/ Yoast SEO plugin. -->","yoast_head_json":{"title":"Demirel'e 28 \u015eubat i\u00e7in su\u00e7 duyurusu - Bati Ermenistan Ve Bati Ermenileri Sorunlari Ara\u015ftirmalar Merkezi","robots":{"index":"index","follow":"follow","max-snippet":"max-snippet:-1","max-image-preview":"max-image-preview:large","max-video-preview":"max-video-preview:-1"},"canonical":"https:\/\/akunq.net\/tr\/?p=25745","og_locale":"en_US","og_type":"article","og_title":"Demirel'e 28 \u015eubat i\u00e7in su\u00e7 duyurusu - Bati Ermenistan Ve Bati Ermenileri Sorunlari Ara\u015ftirmalar Merkezi","og_description":"Avukat Mustafa Polat su\u00e7 duyurusunda, \u201cCumhurba\u015fkanl\u0131\u011f\u0131, askerlerin verdi\u011fi brifingleri yarg\u0131ya ta\u015f\u0131mak yerine B\u00c7G\u2019yle ittifak kurdu. Demirel, brifingi ihbar etseydi darbe ya\u015fanmayacakt\u0131\u201d ifadelerini kulland\u0131. 28 \u015eubat\u2019a ili\u015fkin 103 san\u0131\u011f\u0131n \u2018T\u00fcrkiye Cumhuriyeti h\u00fck\u00fcmetini cebren devirmeye, i\u015ftirak\u2019 su\u00e7undan yarg\u0131land\u0131\u011f\u0131 davada, m\u00fc\u015fteki avukat\u0131 Mustafa Polat, d\u00f6nemin Cumhurba\u015fkan\u0131 S\u00fcleyman Demirel hakk\u0131nda su\u00e7 duyurusunda bulundu. Polat san\u0131klar\u0131n etkin pi\u015fmanl\u0131ktan yararlan\u0131p yararlanmayaca\u011f\u0131n\u0131n [&hellip;]","og_url":"https:\/\/akunq.net\/tr\/?p=25745","og_site_name":"Bati Ermenistan Ve Bati Ermenileri Sorunlari Ara\u015ftirmalar Merkezi","article_published_time":"2013-09-26T07:14:34+00:00","article_modified_time":"2013-09-26T07:16:26+00:00","author":"admin","twitter_card":"summary_large_image","twitter_misc":{"Written by":"admin","Est. reading time":"2 minutes"},"schema":{"@context":"https:\/\/schema.org","@graph":[{"@type":"Article","@id":"https:\/\/akunq.net\/tr\/?p=25745#article","isPartOf":{"@id":"https:\/\/akunq.net\/tr\/?p=25745"},"author":{"name":"admin","@id":"https:\/\/akunq.net\/tr\/#\/schema\/person\/096f1d38a12cce57fb855b485ed24c9e"},"headline":"Demirel&#8217;e 28 \u015eubat i\u00e7in su\u00e7 duyurusu","datePublished":"2013-09-26T07:14:34+00:00","dateModified":"2013-09-26T07:16:26+00:00","mainEntityOfPage":{"@id":"https:\/\/akunq.net\/tr\/?p=25745"},"wordCount":388,"commentCount":0,"articleSection":["Haberler"],"inLanguage":"en-US","potentialAction":[{"@type":"CommentAction","name":"Comment","target":["https:\/\/akunq.net\/tr\/?p=25745#respond"]}]},{"@type":"WebPage","@id":"https:\/\/akunq.net\/tr\/?p=25745","url":"https:\/\/akunq.net\/tr\/?p=25745","name":"Demirel'e 28 \u015eubat i\u00e7in su\u00e7 duyurusu - Bati Ermenistan Ve Bati Ermenileri Sorunlari Ara\u015ftirmalar Merkezi","isPartOf":{"@id":"https:\/\/akunq.net\/tr\/#website"},"datePublished":"2013-09-26T07:14:34+00:00","dateModified":"2013-09-26T07:16:26+00:00","author":{"@id":"https:\/\/akunq.net\/tr\/#\/schema\/person\/096f1d38a12cce57fb855b485ed24c9e"},"breadcrumb":{"@id":"https:\/\/akunq.net\/tr\/?p=25745#breadcrumb"},"inLanguage":"en-US","potentialAction":[{"@type":"ReadAction","target":["https:\/\/akunq.net\/tr\/?p=25745"]}]},{"@type":"BreadcrumbList","@id":"https:\/\/akunq.net\/tr\/?p=25745#breadcrumb","itemListElement":[{"@type":"ListItem","position":1,"name":"Home","item":"https:\/\/akunq.net\/tr"},{"@type":"ListItem","position":2,"name":"Demirel&#8217;e 28 \u015eubat i\u00e7in su\u00e7 duyurusu"}]},{"@type":"WebSite","@id":"https:\/\/akunq.net\/tr\/#website","url":"https:\/\/akunq.net\/tr\/","name":"Bati Ermenistan Ve Bati Ermenileri Sorunlari Ara\u015ftirmalar Merkezi","description":"","potentialAction":[{"@type":"SearchAction","target":{"@type":"EntryPoint","urlTemplate":"https:\/\/akunq.net\/tr\/?s={search_term_string}"},"query-input":{"@type":"PropertyValueSpecification","valueRequired":true,"valueName":"search_term_string"}}],"inLanguage":"en-US"},{"@type":"Person","@id":"https:\/\/akunq.net\/tr\/#\/schema\/person\/096f1d38a12cce57fb855b485ed24c9e","name":"admin","url":"https:\/\/akunq.net\/tr\/?author=7"}]}},"_links":{"self":[{"href":"https:\/\/akunq.net\/tr\/index.php?rest_route=\/wp\/v2\/posts\/25745","targetHints":{"allow":["GET"]}}],"collection":[{"href":"https:\/\/akunq.net\/tr\/index.php?rest_route=\/wp\/v2\/posts"}],"about":[{"href":"https:\/\/akunq.net\/tr\/index.php?rest_route=\/wp\/v2\/types\/post"}],"author":[{"embeddable":true,"href":"https:\/\/akunq.net\/tr\/index.php?rest_route=\/wp\/v2\/users\/7"}],"replies":[{"embeddable":true,"href":"https:\/\/akunq.net\/tr\/index.php?rest_route=%2Fwp%2Fv2%2Fcomments&post=25745"}],"version-history":[{"count":3,"href":"https:\/\/akunq.net\/tr\/index.php?rest_route=\/wp\/v2\/posts\/25745\/revisions"}],"predecessor-version":[{"id":25748,"href":"https:\/\/akunq.net\/tr\/index.php?rest_route=\/wp\/v2\/posts\/25745\/revisions\/25748"}],"wp:attachment":[{"href":"https:\/\/akunq.net\/tr\/index.php?rest_route=%2Fwp%2Fv2%2Fmedia&parent=25745"}],"wp:term":[{"taxonomy":"category","embeddable":true,"href":"https:\/\/akunq.net\/tr\/index.php?rest_route=%2Fwp%2Fv2%2Fcategories&post=25745"},{"taxonomy":"post_tag","embeddable":true,"href":"https:\/\/akunq.net\/tr\/index.php?rest_route=%2Fwp%2Fv2%2Ftags&post=25745"}],"curies":[{"name":"wp","href":"https:\/\/api.w.org\/{rel}","templated":true}]}}