{"id":25740,"date":"2013-09-25T06:50:04","date_gmt":"2013-09-25T11:50:04","guid":{"rendered":"http:\/\/akunq.net\/tr\/?p=25740"},"modified":"2013-09-25T06:50:04","modified_gmt":"2013-09-25T11:50:04","slug":"davet-ermeni-soykiriminin-taninmasi-kampanyasi","status":"publish","type":"post","link":"https:\/\/akunq.net\/tr\/?p=25740","title":{"rendered":"Davet: Ermeni Soyk\u0131r\u0131m\u0131&#8217;n\u0131n tan\u0131nmas\u0131 kampanyas\u0131"},"content":{"rendered":"<p style=\"text-align: justify;\"><b><i><a href=\"http:\/\/akunq.net\/tr\/wp-content\/uploads\/2013\/09\/\u0539\u0578\u0582\u0580\u0584\u0561\u056f\u0561\u0576-DurDE-\u056b-\u0561\u0580\u0577\u0561\u057e\u05681.jpg\"><img loading=\"lazy\" decoding=\"async\" class=\"alignright size-medium wp-image-25742\" alt=\"\u0539\u0578\u0582\u0580\u0584\u0561\u056f\u0561\u0576 DurDE-\u056b \u0561\u0580\u0577\u0561\u057e\u0568\" src=\"http:\/\/akunq.net\/tr\/wp-content\/uploads\/2013\/09\/\u0539\u0578\u0582\u0580\u0584\u0561\u056f\u0561\u0576-DurDE-\u056b-\u0561\u0580\u0577\u0561\u057e\u05681-300x204.jpg\" width=\"300\" height=\"204\" srcset=\"https:\/\/akunq.net\/tr\/wp-content\/uploads\/sites\/6\/2013\/09\/\u0539\u0578\u0582\u0580\u0584\u0561\u056f\u0561\u0576-DurDE-\u056b-\u0561\u0580\u0577\u0561\u057e\u05681-300x204.jpg 300w, https:\/\/akunq.net\/tr\/wp-content\/uploads\/sites\/6\/2013\/09\/\u0539\u0578\u0582\u0580\u0584\u0561\u056f\u0561\u0576-DurDE-\u056b-\u0561\u0580\u0577\u0561\u057e\u05681.jpg 440w\" sizes=\"auto, (max-width: 300px) 100vw, 300px\" \/><\/a>Sevgili arkada\u015flar, Soyk\u0131r\u0131m\u0131n tan\u0131nmas\u0131 amac\u0131yla yaz ba\u015f\u0131ndan bu yana y\u00fcr\u00fctt\u00fc\u011f\u00fcm\u00fcz \u00e7al\u0131\u015fmalar s\u00fcr\u00fcyor. Bug\u00fcne kadar \u00f6n haz\u0131rl\u0131k safhas\u0131 olarak tan\u0131mlayabilece\u011fimiz \u00e7al\u0131\u015fmalar \u00e7er\u00e7evesinde yapt\u0131klar\u0131m\u0131z \u00f6zetle \u015funlar: \u2022\u00a0Kampanyan\u0131n ilkeleri ve \u00e7er\u00e7evesini tart\u0131\u015ft\u0131k.<\/i><\/b><\/p>\n<p style=\"text-align: justify;\">\u2022 Kampanyan\u0131n geni\u015flemesi i\u00e7in ikili g\u00f6r\u00fc\u015fme ve dan\u0131\u015fmalara ba\u015flad\u0131k.<\/p>\n<p style=\"text-align: justify;\">\u2022 \u00d6n haz\u0131rl\u0131k safhas\u0131nda ihtiya\u00e7 duydu\u011fumuz \u00e7al\u0131\u015fma gruplar\u0131n\u0131 olu\u015fturduk.<\/p>\n<p style=\"text-align: justify;\">\u2022 Facebook\u2019ta kampanya i\u00e7 ileti\u015fimi ve payla\u015f\u0131m ama\u00e7l\u0131 iki sayfa a\u00e7t\u0131k.<\/p>\n<p style=\"text-align: justify;\">\u2022 Kampanya stratejisini tart\u0131\u015fmaya ba\u015flad\u0131k.<\/p>\n<p style=\"text-align: justify;\">\u00d6n\u00fcm\u00fczdeki d\u00f6nem i\u00e7in tasarlad\u0131klar\u0131m\u0131z:<\/p>\n<p style=\"text-align: justify;\">\u2022 Kampanya stratejisinin belirlenmesi<\/p>\n<p style=\"text-align: justify;\">\u2022 Kampanya ileti\u015fim stratejisinin olu\u015fturulmas\u0131<\/p>\n<p style=\"text-align: justify;\">\u2022 Kampanya \u00e7al\u0131\u015fma gruplar\u0131 ve komisyonlar\u0131n\u0131n olu\u015fturulmas\u0131<\/p>\n<p style=\"text-align: justify;\">\u2022 26 Ekim\u2019de geni\u015fletilmi\u015f kampanya dan\u0131\u015fma toplant\u0131s\u0131<\/p>\n<p style=\"text-align: justify;\">\u2022 Kas\u0131m ay\u0131 ba\u015f\u0131nda bir bas\u0131n toplant\u0131s\u0131yla kampanyan\u0131n kamuoyuna duyurulmas\u0131<\/p>\n<p style=\"text-align: justify;\">Buna ek olarak, 24 Nisan 2014 Ermeni Soyk\u0131r\u0131m\u0131 anmas\u0131na ili\u015fkin haz\u0131rl\u0131klar\u0131m\u0131z\u0131 da s\u00fcrd\u00fcr\u00fcyoruz. Kampanyan\u0131n \u00f6nemli etkinliklerinden biri olacak olan ve soyk\u0131r\u0131m faillerini yarg\u0131lamay\u0131 planlad\u0131\u011f\u0131m\u0131z bir de Uluslararas\u0131 Mahkeme haz\u0131rl\u0131klar\u0131na ba\u015flad\u0131k.<\/p>\n<p style=\"text-align: justify;\">Kampanyan\u0131n kamuoyuna ilan edilmesine az zaman kalmas\u0131 nedeniyle, \u00e7al\u0131\u015fmalar\u0131m\u0131z\u0131 h\u0131zland\u0131rmak istiyoruz. Kampanya \u00e7al\u0131\u015fmalar\u0131m\u0131z konuya ilgi duyan herkesin kat\u0131l\u0131m\u0131na ve katk\u0131s\u0131na a\u00e7\u0131k.<\/p>\n<p style=\"text-align: justify;\">Sizi de aram\u0131zda g\u00f6rmekten memnun oluruz\u2026<\/p>\n<p style=\"text-align: justify;\">Kampanya Haz\u0131rl\u0131k Grubu<\/p>\n<p style=\"text-align: justify;\">Bir sonraki toplant\u0131m\u0131z:<\/p>\n<p style=\"text-align: justify;\">+++++Dikkat: Toplant\u0131 yeri de\u011fi\u015fti+++++<\/p>\n<p style=\"text-align: justify;\">Tarih: 23 Eyl\u00fcl 2013, Pazartesi<\/p>\n<p style=\"text-align: justify;\">Saat: 19.00<\/p>\n<p style=\"text-align: justify;\">Yer: Ye\u015fil Ev<\/p>\n<p style=\"text-align: justify;\">Adres: Katip Mustafa \u00c7elebi Mah. Tel<\/p>\n<p style=\"text-align: justify;\">Sokak,\u00a0No:28\/4-5 Beyo\u011flu<\/p>\n<p style=\"text-align: justify;\">&#8211;<\/p>\n<p style=\"text-align: justify;\">\u0130stanbul<\/p>\n<p style=\"text-align: justify;\">(\u0130stiklal Caddesi\u2019ndeki A\u011fa Camii&#8217;nin kar\u015f\u0131s\u0131nda Sadri Al\u0131\u015f\u0131k Sokak&#8217;tan girin, ilk \u00e7\u0131kmaz sokak dahil 3. sokaktan sola d\u00f6n\u00fcn, 15-20 ad\u0131m y\u00fcr\u00fcd\u00fckten sonra, karakol ve yan\u0131nda Arjin Cafe\u2019nin en \u00fcst kat\u0131)<\/p>\n<p style=\"text-align: justify;\">Not: Toplant\u0131lar\u0131m\u0131z d\u00fczenli olarak her hafta Pazartesi g\u00fcnleri ayn\u0131 saat ve yerde yap\u0131lmakta ve ilgi duyan herkesin kat\u0131l\u0131m\u0131na a\u00e7\u0131kt\u0131r.<\/p>\n<p style=\"text-align: justify;\">Facebook ileti\u015fim sayfas\u0131: www.facebook.com\/groups\/DurDeAktivist\/<\/p>\n<p style=\"text-align: justify;\">\u00bb Facebook payla\u015f\u0131m sayfas\u0131: www.facebook.com\/yuzyillik.yuzlesme<\/p>\n<p style=\"text-align: justify;\"><b><i>DurDe-Duyuru [duyuru@durde.org]<\/i><\/b><\/p>\n<p style=\"text-align: justify;\"><b><i>http:\/\/hyetert.blogspot.com\/2013\/09\/davet-ermeni-soykrmnn-tannmas-kampanyas.html<\/i><\/b><\/p>\n","protected":false},"excerpt":{"rendered":"<p>Sevgili arkada\u015flar, Soyk\u0131r\u0131m\u0131n tan\u0131nmas\u0131 amac\u0131yla yaz ba\u015f\u0131ndan bu yana y\u00fcr\u00fctt\u00fc\u011f\u00fcm\u00fcz \u00e7al\u0131\u015fmalar s\u00fcr\u00fcyor. Bug\u00fcne kadar \u00f6n haz\u0131rl\u0131k safhas\u0131 olarak tan\u0131mlayabilece\u011fimiz \u00e7al\u0131\u015fmalar \u00e7er\u00e7evesinde yapt\u0131klar\u0131m\u0131z \u00f6zetle \u015funlar: \u2022\u00a0Kampanyan\u0131n ilkeleri ve \u00e7er\u00e7evesini tart\u0131\u015ft\u0131k. \u2022 Kampanyan\u0131n geni\u015flemesi i\u00e7in ikili g\u00f6r\u00fc\u015fme ve dan\u0131\u015fmalara ba\u015flad\u0131k. \u2022 \u00d6n haz\u0131rl\u0131k safhas\u0131nda ihtiya\u00e7 duydu\u011fumuz \u00e7al\u0131\u015fma gruplar\u0131n\u0131 olu\u015fturduk. \u2022 Facebook\u2019ta kampanya i\u00e7 ileti\u015fimi ve payla\u015f\u0131m ama\u00e7l\u0131 [&hellip;]<\/p>\n","protected":false},"author":7,"featured_media":0,"comment_status":"open","ping_status":"open","sticky":false,"template":"","format":"standard","meta":{"footnotes":""},"categories":[1],"tags":[],"class_list":["post-25740","post","type-post","status-publish","format-standard","hentry","category-haberler"],"yoast_head":"<!-- This site is optimized with the Yoast SEO plugin v27.4 - https:\/\/yoast.com\/product\/yoast-seo-wordpress\/ -->\n<title>Davet: Ermeni Soyk\u0131r\u0131m\u0131&#039;n\u0131n tan\u0131nmas\u0131 kampanyas\u0131 - Bati Ermenistan Ve Bati Ermenileri Sorunlari Ara\u015ftirmalar Merkezi<\/title>\n<meta name=\"robots\" content=\"index, follow, max-snippet:-1, max-image-preview:large, max-video-preview:-1\" \/>\n<link rel=\"canonical\" href=\"https:\/\/akunq.net\/tr\/?p=25740\" \/>\n<meta property=\"og:locale\" content=\"en_US\" \/>\n<meta property=\"og:type\" content=\"article\" \/>\n<meta property=\"og:title\" content=\"Davet: Ermeni Soyk\u0131r\u0131m\u0131&#039;n\u0131n tan\u0131nmas\u0131 kampanyas\u0131 - Bati Ermenistan Ve Bati Ermenileri Sorunlari Ara\u015ftirmalar Merkezi\" \/>\n<meta property=\"og:description\" content=\"Sevgili arkada\u015flar, Soyk\u0131r\u0131m\u0131n tan\u0131nmas\u0131 amac\u0131yla yaz ba\u015f\u0131ndan bu yana y\u00fcr\u00fctt\u00fc\u011f\u00fcm\u00fcz \u00e7al\u0131\u015fmalar s\u00fcr\u00fcyor. Bug\u00fcne kadar \u00f6n haz\u0131rl\u0131k safhas\u0131 olarak tan\u0131mlayabilece\u011fimiz \u00e7al\u0131\u015fmalar \u00e7er\u00e7evesinde yapt\u0131klar\u0131m\u0131z \u00f6zetle \u015funlar: \u2022\u00a0Kampanyan\u0131n ilkeleri ve \u00e7er\u00e7evesini tart\u0131\u015ft\u0131k. \u2022 Kampanyan\u0131n geni\u015flemesi i\u00e7in ikili g\u00f6r\u00fc\u015fme ve dan\u0131\u015fmalara ba\u015flad\u0131k. \u2022 \u00d6n haz\u0131rl\u0131k safhas\u0131nda ihtiya\u00e7 duydu\u011fumuz \u00e7al\u0131\u015fma gruplar\u0131n\u0131 olu\u015fturduk. \u2022 Facebook\u2019ta kampanya i\u00e7 ileti\u015fimi ve payla\u015f\u0131m ama\u00e7l\u0131 [&hellip;]\" \/>\n<meta property=\"og:url\" content=\"https:\/\/akunq.net\/tr\/?p=25740\" \/>\n<meta property=\"og:site_name\" content=\"Bati Ermenistan Ve Bati Ermenileri Sorunlari Ara\u015ftirmalar Merkezi\" \/>\n<meta property=\"article:published_time\" content=\"2013-09-25T11:50:04+00:00\" \/>\n<meta name=\"author\" content=\"admin\" \/>\n<meta name=\"twitter:card\" content=\"summary_large_image\" \/>\n<meta name=\"twitter:label1\" content=\"Written by\" \/>\n\t<meta name=\"twitter:data1\" content=\"admin\" \/>\n\t<meta name=\"twitter:label2\" content=\"Est. reading time\" \/>\n\t<meta name=\"twitter:data2\" content=\"2 minutes\" \/>\n<script type=\"application\/ld+json\" class=\"yoast-schema-graph\">{\"@context\":\"https:\\\/\\\/schema.org\",\"@graph\":[{\"@type\":\"Article\",\"@id\":\"https:\\\/\\\/akunq.net\\\/tr\\\/?p=25740#article\",\"isPartOf\":{\"@id\":\"https:\\\/\\\/akunq.net\\\/tr\\\/?p=25740\"},\"author\":{\"name\":\"admin\",\"@id\":\"https:\\\/\\\/akunq.net\\\/tr\\\/#\\\/schema\\\/person\\\/096f1d38a12cce57fb855b485ed24c9e\"},\"headline\":\"Davet: Ermeni Soyk\u0131r\u0131m\u0131&#8217;n\u0131n tan\u0131nmas\u0131 kampanyas\u0131\",\"datePublished\":\"2013-09-25T11:50:04+00:00\",\"mainEntityOfPage\":{\"@id\":\"https:\\\/\\\/akunq.net\\\/tr\\\/?p=25740\"},\"wordCount\":406,\"commentCount\":0,\"articleSection\":[\"Haberler\"],\"inLanguage\":\"en-US\",\"potentialAction\":[{\"@type\":\"CommentAction\",\"name\":\"Comment\",\"target\":[\"https:\\\/\\\/akunq.net\\\/tr\\\/?p=25740#respond\"]}]},{\"@type\":\"WebPage\",\"@id\":\"https:\\\/\\\/akunq.net\\\/tr\\\/?p=25740\",\"url\":\"https:\\\/\\\/akunq.net\\\/tr\\\/?p=25740\",\"name\":\"Davet: Ermeni Soyk\u0131r\u0131m\u0131'n\u0131n tan\u0131nmas\u0131 kampanyas\u0131 - Bati Ermenistan Ve Bati Ermenileri Sorunlari Ara\u015ftirmalar Merkezi\",\"isPartOf\":{\"@id\":\"https:\\\/\\\/akunq.net\\\/tr\\\/#website\"},\"datePublished\":\"2013-09-25T11:50:04+00:00\",\"author\":{\"@id\":\"https:\\\/\\\/akunq.net\\\/tr\\\/#\\\/schema\\\/person\\\/096f1d38a12cce57fb855b485ed24c9e\"},\"breadcrumb\":{\"@id\":\"https:\\\/\\\/akunq.net\\\/tr\\\/?p=25740#breadcrumb\"},\"inLanguage\":\"en-US\",\"potentialAction\":[{\"@type\":\"ReadAction\",\"target\":[\"https:\\\/\\\/akunq.net\\\/tr\\\/?p=25740\"]}]},{\"@type\":\"BreadcrumbList\",\"@id\":\"https:\\\/\\\/akunq.net\\\/tr\\\/?p=25740#breadcrumb\",\"itemListElement\":[{\"@type\":\"ListItem\",\"position\":1,\"name\":\"Home\",\"item\":\"https:\\\/\\\/akunq.net\\\/tr\"},{\"@type\":\"ListItem\",\"position\":2,\"name\":\"Davet: Ermeni Soyk\u0131r\u0131m\u0131&#8217;n\u0131n tan\u0131nmas\u0131 kampanyas\u0131\"}]},{\"@type\":\"WebSite\",\"@id\":\"https:\\\/\\\/akunq.net\\\/tr\\\/#website\",\"url\":\"https:\\\/\\\/akunq.net\\\/tr\\\/\",\"name\":\"Bati Ermenistan Ve Bati Ermenileri Sorunlari Ara\u015ftirmalar Merkezi\",\"description\":\"\",\"potentialAction\":[{\"@type\":\"SearchAction\",\"target\":{\"@type\":\"EntryPoint\",\"urlTemplate\":\"https:\\\/\\\/akunq.net\\\/tr\\\/?s={search_term_string}\"},\"query-input\":{\"@type\":\"PropertyValueSpecification\",\"valueRequired\":true,\"valueName\":\"search_term_string\"}}],\"inLanguage\":\"en-US\"},{\"@type\":\"Person\",\"@id\":\"https:\\\/\\\/akunq.net\\\/tr\\\/#\\\/schema\\\/person\\\/096f1d38a12cce57fb855b485ed24c9e\",\"name\":\"admin\",\"url\":\"https:\\\/\\\/akunq.net\\\/tr\\\/?author=7\"}]}<\/script>\n<!-- \/ Yoast SEO plugin. -->","yoast_head_json":{"title":"Davet: Ermeni Soyk\u0131r\u0131m\u0131'n\u0131n tan\u0131nmas\u0131 kampanyas\u0131 - Bati Ermenistan Ve Bati Ermenileri Sorunlari Ara\u015ftirmalar Merkezi","robots":{"index":"index","follow":"follow","max-snippet":"max-snippet:-1","max-image-preview":"max-image-preview:large","max-video-preview":"max-video-preview:-1"},"canonical":"https:\/\/akunq.net\/tr\/?p=25740","og_locale":"en_US","og_type":"article","og_title":"Davet: Ermeni Soyk\u0131r\u0131m\u0131'n\u0131n tan\u0131nmas\u0131 kampanyas\u0131 - Bati Ermenistan Ve Bati Ermenileri Sorunlari Ara\u015ftirmalar Merkezi","og_description":"Sevgili arkada\u015flar, Soyk\u0131r\u0131m\u0131n tan\u0131nmas\u0131 amac\u0131yla yaz ba\u015f\u0131ndan bu yana y\u00fcr\u00fctt\u00fc\u011f\u00fcm\u00fcz \u00e7al\u0131\u015fmalar s\u00fcr\u00fcyor. Bug\u00fcne kadar \u00f6n haz\u0131rl\u0131k safhas\u0131 olarak tan\u0131mlayabilece\u011fimiz \u00e7al\u0131\u015fmalar \u00e7er\u00e7evesinde yapt\u0131klar\u0131m\u0131z \u00f6zetle \u015funlar: \u2022\u00a0Kampanyan\u0131n ilkeleri ve \u00e7er\u00e7evesini tart\u0131\u015ft\u0131k. \u2022 Kampanyan\u0131n geni\u015flemesi i\u00e7in ikili g\u00f6r\u00fc\u015fme ve dan\u0131\u015fmalara ba\u015flad\u0131k. \u2022 \u00d6n haz\u0131rl\u0131k safhas\u0131nda ihtiya\u00e7 duydu\u011fumuz \u00e7al\u0131\u015fma gruplar\u0131n\u0131 olu\u015fturduk. \u2022 Facebook\u2019ta kampanya i\u00e7 ileti\u015fimi ve payla\u015f\u0131m ama\u00e7l\u0131 [&hellip;]","og_url":"https:\/\/akunq.net\/tr\/?p=25740","og_site_name":"Bati Ermenistan Ve Bati Ermenileri Sorunlari Ara\u015ftirmalar Merkezi","article_published_time":"2013-09-25T11:50:04+00:00","author":"admin","twitter_card":"summary_large_image","twitter_misc":{"Written by":"admin","Est. reading time":"2 minutes"},"schema":{"@context":"https:\/\/schema.org","@graph":[{"@type":"Article","@id":"https:\/\/akunq.net\/tr\/?p=25740#article","isPartOf":{"@id":"https:\/\/akunq.net\/tr\/?p=25740"},"author":{"name":"admin","@id":"https:\/\/akunq.net\/tr\/#\/schema\/person\/096f1d38a12cce57fb855b485ed24c9e"},"headline":"Davet: Ermeni Soyk\u0131r\u0131m\u0131&#8217;n\u0131n tan\u0131nmas\u0131 kampanyas\u0131","datePublished":"2013-09-25T11:50:04+00:00","mainEntityOfPage":{"@id":"https:\/\/akunq.net\/tr\/?p=25740"},"wordCount":406,"commentCount":0,"articleSection":["Haberler"],"inLanguage":"en-US","potentialAction":[{"@type":"CommentAction","name":"Comment","target":["https:\/\/akunq.net\/tr\/?p=25740#respond"]}]},{"@type":"WebPage","@id":"https:\/\/akunq.net\/tr\/?p=25740","url":"https:\/\/akunq.net\/tr\/?p=25740","name":"Davet: Ermeni Soyk\u0131r\u0131m\u0131'n\u0131n tan\u0131nmas\u0131 kampanyas\u0131 - Bati Ermenistan Ve Bati Ermenileri Sorunlari Ara\u015ftirmalar Merkezi","isPartOf":{"@id":"https:\/\/akunq.net\/tr\/#website"},"datePublished":"2013-09-25T11:50:04+00:00","author":{"@id":"https:\/\/akunq.net\/tr\/#\/schema\/person\/096f1d38a12cce57fb855b485ed24c9e"},"breadcrumb":{"@id":"https:\/\/akunq.net\/tr\/?p=25740#breadcrumb"},"inLanguage":"en-US","potentialAction":[{"@type":"ReadAction","target":["https:\/\/akunq.net\/tr\/?p=25740"]}]},{"@type":"BreadcrumbList","@id":"https:\/\/akunq.net\/tr\/?p=25740#breadcrumb","itemListElement":[{"@type":"ListItem","position":1,"name":"Home","item":"https:\/\/akunq.net\/tr"},{"@type":"ListItem","position":2,"name":"Davet: Ermeni Soyk\u0131r\u0131m\u0131&#8217;n\u0131n tan\u0131nmas\u0131 kampanyas\u0131"}]},{"@type":"WebSite","@id":"https:\/\/akunq.net\/tr\/#website","url":"https:\/\/akunq.net\/tr\/","name":"Bati Ermenistan Ve Bati Ermenileri Sorunlari Ara\u015ftirmalar Merkezi","description":"","potentialAction":[{"@type":"SearchAction","target":{"@type":"EntryPoint","urlTemplate":"https:\/\/akunq.net\/tr\/?s={search_term_string}"},"query-input":{"@type":"PropertyValueSpecification","valueRequired":true,"valueName":"search_term_string"}}],"inLanguage":"en-US"},{"@type":"Person","@id":"https:\/\/akunq.net\/tr\/#\/schema\/person\/096f1d38a12cce57fb855b485ed24c9e","name":"admin","url":"https:\/\/akunq.net\/tr\/?author=7"}]}},"_links":{"self":[{"href":"https:\/\/akunq.net\/tr\/index.php?rest_route=\/wp\/v2\/posts\/25740","targetHints":{"allow":["GET"]}}],"collection":[{"href":"https:\/\/akunq.net\/tr\/index.php?rest_route=\/wp\/v2\/posts"}],"about":[{"href":"https:\/\/akunq.net\/tr\/index.php?rest_route=\/wp\/v2\/types\/post"}],"author":[{"embeddable":true,"href":"https:\/\/akunq.net\/tr\/index.php?rest_route=\/wp\/v2\/users\/7"}],"replies":[{"embeddable":true,"href":"https:\/\/akunq.net\/tr\/index.php?rest_route=%2Fwp%2Fv2%2Fcomments&post=25740"}],"version-history":[{"count":1,"href":"https:\/\/akunq.net\/tr\/index.php?rest_route=\/wp\/v2\/posts\/25740\/revisions"}],"predecessor-version":[{"id":25743,"href":"https:\/\/akunq.net\/tr\/index.php?rest_route=\/wp\/v2\/posts\/25740\/revisions\/25743"}],"wp:attachment":[{"href":"https:\/\/akunq.net\/tr\/index.php?rest_route=%2Fwp%2Fv2%2Fmedia&parent=25740"}],"wp:term":[{"taxonomy":"category","embeddable":true,"href":"https:\/\/akunq.net\/tr\/index.php?rest_route=%2Fwp%2Fv2%2Fcategories&post=25740"},{"taxonomy":"post_tag","embeddable":true,"href":"https:\/\/akunq.net\/tr\/index.php?rest_route=%2Fwp%2Fv2%2Ftags&post=25740"}],"curies":[{"name":"wp","href":"https:\/\/api.w.org\/{rel}","templated":true}]}}