{"id":25736,"date":"2013-09-25T05:42:19","date_gmt":"2013-09-25T10:42:19","guid":{"rendered":"http:\/\/akunq.net\/tr\/?p=25736"},"modified":"2013-09-25T05:45:45","modified_gmt":"2013-09-25T10:45:45","slug":"antalyada-bir-kisi-ataturk-heykelini-yakmaya-kalkisti","status":"publish","type":"post","link":"https:\/\/akunq.net\/tr\/?p=25736","title":{"rendered":"Antalya&#8217;da Bir Ki\u015fi Atat\u00fcrk Heykelini Yakmaya Kalk\u0131\u015ft\u0131"},"content":{"rendered":"<h2 style=\"text-align: justify;\"><i><a href=\"http:\/\/akunq.net\/tr\/wp-content\/uploads\/2013\/09\/Atat\u00fcrk-Heykelini-Yakmaya-Kalk\u0131\u015ft\u0131.jpg\"><img loading=\"lazy\" decoding=\"async\" class=\"alignright size-medium wp-image-25737\" alt=\"Atat\u00fcrk Heykelini Yakmaya Kalk\u0131\u015ft\u0131\" src=\"http:\/\/akunq.net\/tr\/wp-content\/uploads\/2013\/09\/Atat\u00fcrk-Heykelini-Yakmaya-Kalk\u0131\u015ft\u0131-300x271.jpg\" width=\"300\" height=\"271\" srcset=\"https:\/\/akunq.net\/tr\/wp-content\/uploads\/sites\/6\/2013\/09\/Atat\u00fcrk-Heykelini-Yakmaya-Kalk\u0131\u015ft\u0131-300x271.jpg 300w, https:\/\/akunq.net\/tr\/wp-content\/uploads\/sites\/6\/2013\/09\/Atat\u00fcrk-Heykelini-Yakmaya-Kalk\u0131\u015ft\u0131.jpg 500w\" sizes=\"auto, (max-width: 300px) 100vw, 300px\" \/><\/a>Atat\u00fcrk heykeli ile direkten indirdi\u011fi T\u00fcrk bayra\u011f\u0131n\u0131 benzin d\u00f6k\u00fcp yakmaya \u00e7al\u0131\u015fan \u015fah\u0131s, g\u00f6zalt\u0131na al\u0131nd\u0131.<\/i><\/h2>\n<p style=\"text-align: justify;\">Antalya&#8217;da Ba\u015fbakan ile g\u00f6r\u00fc\u015fmek istedi\u011fini s\u00f6yleyen bir ki\u015fi, Cumhuriyet Meydan\u0131&#8217;ndaki <a title=\"Atat\u00fcrk Haberleri\" href=\"http:\/\/www.haberler.com\/mustafa-kemal-ataturk\/\"><b>Atat\u00fcrk<\/b><\/a> An\u0131t\u0131&#8217;n\u0131n hemen yan\u0131ndaki bayrak dire\u011finden indirdi\u011fi T\u00fcrk bayra\u011f\u0131n\u0131 heykelin \u00fczerine ba\u011flay\u0131p benzin d\u00f6kt\u00fckten sonra ate\u015fe verdi.<\/p>\n<p style=\"text-align: justify;\"><b>T\u00dcRK BAYRA\u011eINI \u0130ND\u0130RD\u0130<\/b><\/p>\n<p style=\"text-align: justify;\">Olay saat 17.00 s\u0131ralar\u0131nda Cumhuriyet Meydan\u0131&#8217;nda meydana geldi. <a title=\"Bel\u00e7ika Haberleri\" href=\"http:\/\/www.haberler.com\/belcika\/\"><b>Bel\u00e7ika<\/b><\/a> do\u011fumlu oldu\u011fu belirtilen <a title=\"Mehmet Aslan Haberleri\" href=\"http:\/\/www.haberler.com\/mehmet-aslan\/\"><b>Mehmet Aslan<\/b><\/a>, Cumhuriyet Meydan\u0131&#8217;nda y\u00fczlerce ki\u015finin g\u00f6z\u00fc \u00f6n\u00fcnde \u00e7\u0131kt\u0131\u011f\u0131 bayrak dire\u011finden T\u00fcrk bayra\u011f\u0131n\u0131 indirdi.<\/p>\n<p style=\"text-align: justify;\"><b>ATAT\u00dcRK HEYKEL\u0130N\u0130 YAKMAYA \u00c7ALI\u015eTI<\/b><\/p>\n<p style=\"text-align: justify;\">Daha sonra bayra\u011f\u0131 dire\u011fin hemen yan\u0131ndaki <a title=\"Atat\u00fcrk Haberleri\" href=\"http:\/\/www.haberler.com\/mustafa-kemal-ataturk\/\"><b>Atat\u00fcrk<\/b><\/a> heykelinin arka k\u0131sm\u0131na ba\u011flayan Aslan, yan\u0131nda getirdi\u011fi pet \u015fi\u015fedeki benzini d\u00f6kt\u00fckten sonra bayra\u011f\u0131n ucunu ate\u015fe verdi. \u00c7evreden yeti\u015fenlerin \u00e7abas\u0131yla bayrak tamamen yanmadan alevler s\u00f6nd\u00fcr\u00fcl\u00fcrken, olay yerine gelen sivil polisler \u015f\u00fcpheliyi g\u00f6zalt\u0131na ald\u0131.<\/p>\n<p style=\"text-align: justify;\"><b>G\u00d6ZALTINA ALINDI<\/b><\/p>\n<p style=\"text-align: justify;\">Polise verdi\u011fi ilk ifadesinde Ba\u015fbakan <a title=\"Recep Tayyip Erdo\u011fan Haberleri\" href=\"http:\/\/www.haberler.com\/recep-tayyip-erdogan\/\"><b>Recep Tayyip Erdo\u011fan<\/b><\/a> ile g\u00f6r\u00fc\u015fmek istedi\u011fini ve bu nedenle eylem yapt\u0131\u011f\u0131n\u0131 s\u00f6yleyen <a title=\"Mehmet Aslan Haberleri\" href=\"http:\/\/www.haberler.com\/mehmet-aslan\/\"><b>Mehmet Aslan<\/b><\/a>, g\u00f6zalt\u0131na al\u0131nd\u0131.<\/p>\n<p style=\"text-align: justify;\"><b><i>http:\/\/www.haberler.com\/ataturk-heykelini-yakmaya-kalkisti-5097110-haberi\/<\/i><\/b><\/p>\n","protected":false},"excerpt":{"rendered":"<p>Atat\u00fcrk heykeli ile direkten indirdi\u011fi T\u00fcrk bayra\u011f\u0131n\u0131 benzin d\u00f6k\u00fcp yakmaya \u00e7al\u0131\u015fan \u015fah\u0131s, g\u00f6zalt\u0131na al\u0131nd\u0131. Antalya&#8217;da Ba\u015fbakan ile g\u00f6r\u00fc\u015fmek istedi\u011fini s\u00f6yleyen bir ki\u015fi, Cumhuriyet Meydan\u0131&#8217;ndaki Atat\u00fcrk An\u0131t\u0131&#8217;n\u0131n hemen yan\u0131ndaki bayrak dire\u011finden indirdi\u011fi T\u00fcrk bayra\u011f\u0131n\u0131 heykelin \u00fczerine ba\u011flay\u0131p benzin d\u00f6kt\u00fckten sonra ate\u015fe verdi. T\u00dcRK BAYRA\u011eINI \u0130ND\u0130RD\u0130 Olay saat 17.00 s\u0131ralar\u0131nda Cumhuriyet Meydan\u0131&#8217;nda meydana geldi. Bel\u00e7ika do\u011fumlu oldu\u011fu [&hellip;]<\/p>\n","protected":false},"author":7,"featured_media":0,"comment_status":"open","ping_status":"open","sticky":false,"template":"","format":"standard","meta":{"footnotes":""},"categories":[1],"tags":[],"class_list":["post-25736","post","type-post","status-publish","format-standard","hentry","category-haberler"],"yoast_head":"<!-- This site is optimized with the Yoast SEO plugin v27.4 - https:\/\/yoast.com\/product\/yoast-seo-wordpress\/ -->\n<title>Antalya&#039;da Bir Ki\u015fi Atat\u00fcrk Heykelini Yakmaya Kalk\u0131\u015ft\u0131 - Bati Ermenistan Ve Bati Ermenileri Sorunlari Ara\u015ftirmalar Merkezi<\/title>\n<meta name=\"robots\" content=\"index, follow, max-snippet:-1, max-image-preview:large, max-video-preview:-1\" \/>\n<link rel=\"canonical\" href=\"https:\/\/akunq.net\/tr\/?p=25736\" \/>\n<meta property=\"og:locale\" content=\"en_US\" \/>\n<meta property=\"og:type\" content=\"article\" \/>\n<meta property=\"og:title\" content=\"Antalya&#039;da Bir Ki\u015fi Atat\u00fcrk Heykelini Yakmaya Kalk\u0131\u015ft\u0131 - Bati Ermenistan Ve Bati Ermenileri Sorunlari Ara\u015ftirmalar Merkezi\" \/>\n<meta property=\"og:description\" content=\"Atat\u00fcrk heykeli ile direkten indirdi\u011fi T\u00fcrk bayra\u011f\u0131n\u0131 benzin d\u00f6k\u00fcp yakmaya \u00e7al\u0131\u015fan \u015fah\u0131s, g\u00f6zalt\u0131na al\u0131nd\u0131. Antalya&#8217;da Ba\u015fbakan ile g\u00f6r\u00fc\u015fmek istedi\u011fini s\u00f6yleyen bir ki\u015fi, Cumhuriyet Meydan\u0131&#8217;ndaki Atat\u00fcrk An\u0131t\u0131&#8217;n\u0131n hemen yan\u0131ndaki bayrak dire\u011finden indirdi\u011fi T\u00fcrk bayra\u011f\u0131n\u0131 heykelin \u00fczerine ba\u011flay\u0131p benzin d\u00f6kt\u00fckten sonra ate\u015fe verdi. T\u00dcRK BAYRA\u011eINI \u0130ND\u0130RD\u0130 Olay saat 17.00 s\u0131ralar\u0131nda Cumhuriyet Meydan\u0131&#8217;nda meydana geldi. Bel\u00e7ika do\u011fumlu oldu\u011fu [&hellip;]\" \/>\n<meta property=\"og:url\" content=\"https:\/\/akunq.net\/tr\/?p=25736\" \/>\n<meta property=\"og:site_name\" content=\"Bati Ermenistan Ve Bati Ermenileri Sorunlari Ara\u015ftirmalar Merkezi\" \/>\n<meta property=\"article:published_time\" content=\"2013-09-25T10:42:19+00:00\" \/>\n<meta property=\"article:modified_time\" content=\"2013-09-25T10:45:45+00:00\" \/>\n<meta name=\"author\" content=\"admin\" \/>\n<meta name=\"twitter:card\" content=\"summary_large_image\" \/>\n<meta name=\"twitter:label1\" content=\"Written by\" \/>\n\t<meta name=\"twitter:data1\" content=\"admin\" \/>\n\t<meta name=\"twitter:label2\" content=\"Est. reading time\" \/>\n\t<meta name=\"twitter:data2\" content=\"1 minute\" \/>\n<script type=\"application\/ld+json\" class=\"yoast-schema-graph\">{\"@context\":\"https:\\\/\\\/schema.org\",\"@graph\":[{\"@type\":\"Article\",\"@id\":\"https:\\\/\\\/akunq.net\\\/tr\\\/?p=25736#article\",\"isPartOf\":{\"@id\":\"https:\\\/\\\/akunq.net\\\/tr\\\/?p=25736\"},\"author\":{\"name\":\"admin\",\"@id\":\"https:\\\/\\\/akunq.net\\\/tr\\\/#\\\/schema\\\/person\\\/096f1d38a12cce57fb855b485ed24c9e\"},\"headline\":\"Antalya&#8217;da Bir Ki\u015fi Atat\u00fcrk Heykelini Yakmaya Kalk\u0131\u015ft\u0131\",\"datePublished\":\"2013-09-25T10:42:19+00:00\",\"dateModified\":\"2013-09-25T10:45:45+00:00\",\"mainEntityOfPage\":{\"@id\":\"https:\\\/\\\/akunq.net\\\/tr\\\/?p=25736\"},\"wordCount\":236,\"commentCount\":0,\"articleSection\":[\"Haberler\"],\"inLanguage\":\"en-US\",\"potentialAction\":[{\"@type\":\"CommentAction\",\"name\":\"Comment\",\"target\":[\"https:\\\/\\\/akunq.net\\\/tr\\\/?p=25736#respond\"]}]},{\"@type\":\"WebPage\",\"@id\":\"https:\\\/\\\/akunq.net\\\/tr\\\/?p=25736\",\"url\":\"https:\\\/\\\/akunq.net\\\/tr\\\/?p=25736\",\"name\":\"Antalya'da Bir Ki\u015fi Atat\u00fcrk Heykelini Yakmaya Kalk\u0131\u015ft\u0131 - Bati Ermenistan Ve Bati Ermenileri Sorunlari Ara\u015ftirmalar Merkezi\",\"isPartOf\":{\"@id\":\"https:\\\/\\\/akunq.net\\\/tr\\\/#website\"},\"datePublished\":\"2013-09-25T10:42:19+00:00\",\"dateModified\":\"2013-09-25T10:45:45+00:00\",\"author\":{\"@id\":\"https:\\\/\\\/akunq.net\\\/tr\\\/#\\\/schema\\\/person\\\/096f1d38a12cce57fb855b485ed24c9e\"},\"breadcrumb\":{\"@id\":\"https:\\\/\\\/akunq.net\\\/tr\\\/?p=25736#breadcrumb\"},\"inLanguage\":\"en-US\",\"potentialAction\":[{\"@type\":\"ReadAction\",\"target\":[\"https:\\\/\\\/akunq.net\\\/tr\\\/?p=25736\"]}]},{\"@type\":\"BreadcrumbList\",\"@id\":\"https:\\\/\\\/akunq.net\\\/tr\\\/?p=25736#breadcrumb\",\"itemListElement\":[{\"@type\":\"ListItem\",\"position\":1,\"name\":\"Home\",\"item\":\"https:\\\/\\\/akunq.net\\\/tr\"},{\"@type\":\"ListItem\",\"position\":2,\"name\":\"Antalya&#8217;da Bir Ki\u015fi Atat\u00fcrk Heykelini Yakmaya Kalk\u0131\u015ft\u0131\"}]},{\"@type\":\"WebSite\",\"@id\":\"https:\\\/\\\/akunq.net\\\/tr\\\/#website\",\"url\":\"https:\\\/\\\/akunq.net\\\/tr\\\/\",\"name\":\"Bati Ermenistan Ve Bati Ermenileri Sorunlari Ara\u015ftirmalar Merkezi\",\"description\":\"\",\"potentialAction\":[{\"@type\":\"SearchAction\",\"target\":{\"@type\":\"EntryPoint\",\"urlTemplate\":\"https:\\\/\\\/akunq.net\\\/tr\\\/?s={search_term_string}\"},\"query-input\":{\"@type\":\"PropertyValueSpecification\",\"valueRequired\":true,\"valueName\":\"search_term_string\"}}],\"inLanguage\":\"en-US\"},{\"@type\":\"Person\",\"@id\":\"https:\\\/\\\/akunq.net\\\/tr\\\/#\\\/schema\\\/person\\\/096f1d38a12cce57fb855b485ed24c9e\",\"name\":\"admin\",\"url\":\"https:\\\/\\\/akunq.net\\\/tr\\\/?author=7\"}]}<\/script>\n<!-- \/ Yoast SEO plugin. -->","yoast_head_json":{"title":"Antalya'da Bir Ki\u015fi Atat\u00fcrk Heykelini Yakmaya Kalk\u0131\u015ft\u0131 - Bati Ermenistan Ve Bati Ermenileri Sorunlari Ara\u015ftirmalar Merkezi","robots":{"index":"index","follow":"follow","max-snippet":"max-snippet:-1","max-image-preview":"max-image-preview:large","max-video-preview":"max-video-preview:-1"},"canonical":"https:\/\/akunq.net\/tr\/?p=25736","og_locale":"en_US","og_type":"article","og_title":"Antalya'da Bir Ki\u015fi Atat\u00fcrk Heykelini Yakmaya Kalk\u0131\u015ft\u0131 - Bati Ermenistan Ve Bati Ermenileri Sorunlari Ara\u015ftirmalar Merkezi","og_description":"Atat\u00fcrk heykeli ile direkten indirdi\u011fi T\u00fcrk bayra\u011f\u0131n\u0131 benzin d\u00f6k\u00fcp yakmaya \u00e7al\u0131\u015fan \u015fah\u0131s, g\u00f6zalt\u0131na al\u0131nd\u0131. Antalya&#8217;da Ba\u015fbakan ile g\u00f6r\u00fc\u015fmek istedi\u011fini s\u00f6yleyen bir ki\u015fi, Cumhuriyet Meydan\u0131&#8217;ndaki Atat\u00fcrk An\u0131t\u0131&#8217;n\u0131n hemen yan\u0131ndaki bayrak dire\u011finden indirdi\u011fi T\u00fcrk bayra\u011f\u0131n\u0131 heykelin \u00fczerine ba\u011flay\u0131p benzin d\u00f6kt\u00fckten sonra ate\u015fe verdi. T\u00dcRK BAYRA\u011eINI \u0130ND\u0130RD\u0130 Olay saat 17.00 s\u0131ralar\u0131nda Cumhuriyet Meydan\u0131&#8217;nda meydana geldi. Bel\u00e7ika do\u011fumlu oldu\u011fu [&hellip;]","og_url":"https:\/\/akunq.net\/tr\/?p=25736","og_site_name":"Bati Ermenistan Ve Bati Ermenileri Sorunlari Ara\u015ftirmalar Merkezi","article_published_time":"2013-09-25T10:42:19+00:00","article_modified_time":"2013-09-25T10:45:45+00:00","author":"admin","twitter_card":"summary_large_image","twitter_misc":{"Written by":"admin","Est. reading time":"1 minute"},"schema":{"@context":"https:\/\/schema.org","@graph":[{"@type":"Article","@id":"https:\/\/akunq.net\/tr\/?p=25736#article","isPartOf":{"@id":"https:\/\/akunq.net\/tr\/?p=25736"},"author":{"name":"admin","@id":"https:\/\/akunq.net\/tr\/#\/schema\/person\/096f1d38a12cce57fb855b485ed24c9e"},"headline":"Antalya&#8217;da Bir Ki\u015fi Atat\u00fcrk Heykelini Yakmaya Kalk\u0131\u015ft\u0131","datePublished":"2013-09-25T10:42:19+00:00","dateModified":"2013-09-25T10:45:45+00:00","mainEntityOfPage":{"@id":"https:\/\/akunq.net\/tr\/?p=25736"},"wordCount":236,"commentCount":0,"articleSection":["Haberler"],"inLanguage":"en-US","potentialAction":[{"@type":"CommentAction","name":"Comment","target":["https:\/\/akunq.net\/tr\/?p=25736#respond"]}]},{"@type":"WebPage","@id":"https:\/\/akunq.net\/tr\/?p=25736","url":"https:\/\/akunq.net\/tr\/?p=25736","name":"Antalya'da Bir Ki\u015fi Atat\u00fcrk Heykelini Yakmaya Kalk\u0131\u015ft\u0131 - Bati Ermenistan Ve Bati Ermenileri Sorunlari Ara\u015ftirmalar Merkezi","isPartOf":{"@id":"https:\/\/akunq.net\/tr\/#website"},"datePublished":"2013-09-25T10:42:19+00:00","dateModified":"2013-09-25T10:45:45+00:00","author":{"@id":"https:\/\/akunq.net\/tr\/#\/schema\/person\/096f1d38a12cce57fb855b485ed24c9e"},"breadcrumb":{"@id":"https:\/\/akunq.net\/tr\/?p=25736#breadcrumb"},"inLanguage":"en-US","potentialAction":[{"@type":"ReadAction","target":["https:\/\/akunq.net\/tr\/?p=25736"]}]},{"@type":"BreadcrumbList","@id":"https:\/\/akunq.net\/tr\/?p=25736#breadcrumb","itemListElement":[{"@type":"ListItem","position":1,"name":"Home","item":"https:\/\/akunq.net\/tr"},{"@type":"ListItem","position":2,"name":"Antalya&#8217;da Bir Ki\u015fi Atat\u00fcrk Heykelini Yakmaya Kalk\u0131\u015ft\u0131"}]},{"@type":"WebSite","@id":"https:\/\/akunq.net\/tr\/#website","url":"https:\/\/akunq.net\/tr\/","name":"Bati Ermenistan Ve Bati Ermenileri Sorunlari Ara\u015ftirmalar Merkezi","description":"","potentialAction":[{"@type":"SearchAction","target":{"@type":"EntryPoint","urlTemplate":"https:\/\/akunq.net\/tr\/?s={search_term_string}"},"query-input":{"@type":"PropertyValueSpecification","valueRequired":true,"valueName":"search_term_string"}}],"inLanguage":"en-US"},{"@type":"Person","@id":"https:\/\/akunq.net\/tr\/#\/schema\/person\/096f1d38a12cce57fb855b485ed24c9e","name":"admin","url":"https:\/\/akunq.net\/tr\/?author=7"}]}},"_links":{"self":[{"href":"https:\/\/akunq.net\/tr\/index.php?rest_route=\/wp\/v2\/posts\/25736","targetHints":{"allow":["GET"]}}],"collection":[{"href":"https:\/\/akunq.net\/tr\/index.php?rest_route=\/wp\/v2\/posts"}],"about":[{"href":"https:\/\/akunq.net\/tr\/index.php?rest_route=\/wp\/v2\/types\/post"}],"author":[{"embeddable":true,"href":"https:\/\/akunq.net\/tr\/index.php?rest_route=\/wp\/v2\/users\/7"}],"replies":[{"embeddable":true,"href":"https:\/\/akunq.net\/tr\/index.php?rest_route=%2Fwp%2Fv2%2Fcomments&post=25736"}],"version-history":[{"count":2,"href":"https:\/\/akunq.net\/tr\/index.php?rest_route=\/wp\/v2\/posts\/25736\/revisions"}],"predecessor-version":[{"id":25739,"href":"https:\/\/akunq.net\/tr\/index.php?rest_route=\/wp\/v2\/posts\/25736\/revisions\/25739"}],"wp:attachment":[{"href":"https:\/\/akunq.net\/tr\/index.php?rest_route=%2Fwp%2Fv2%2Fmedia&parent=25736"}],"wp:term":[{"taxonomy":"category","embeddable":true,"href":"https:\/\/akunq.net\/tr\/index.php?rest_route=%2Fwp%2Fv2%2Fcategories&post=25736"},{"taxonomy":"post_tag","embeddable":true,"href":"https:\/\/akunq.net\/tr\/index.php?rest_route=%2Fwp%2Fv2%2Ftags&post=25736"}],"curies":[{"name":"wp","href":"https:\/\/api.w.org\/{rel}","templated":true}]}}