{"id":25731,"date":"2013-09-25T03:45:11","date_gmt":"2013-09-25T08:45:11","guid":{"rendered":"http:\/\/akunq.net\/tr\/?p=25731"},"modified":"2013-09-25T03:45:11","modified_gmt":"2013-09-25T08:45:11","slug":"bingolde-18-pkkli-cezaevinden-firar-etti","status":"publish","type":"post","link":"https:\/\/akunq.net\/tr\/?p=25731","title":{"rendered":"Bing\u00f6l&#8217;de 18 PKK&#8217;l\u0131 cezaevinden firar etti"},"content":{"rendered":"<p style=\"text-align: justify;\"><b><i><a href=\"http:\/\/akunq.net\/tr\/wp-content\/uploads\/2013\/09\/Bing\u00f6l-M-Tipi-Cezaevi.bmp\"><img decoding=\"async\" class=\"alignright size-medium wp-image-25732\" alt=\"Bing\u00f6l M Tipi Cezaevi\" src=\"http:\/\/akunq.net\/tr\/wp-content\/uploads\/2013\/09\/Bing\u00f6l-M-Tipi-Cezaevi.bmp\" \/><\/a>Bing\u00f6l M Tipi Cezaevi&#8217;nde 18 PKK&#8217;l\u0131 h\u00fck\u00fcml\u00fc, kazd\u0131klar\u0131 t\u00fcnelden firar etti. H\u00fck\u00fcml\u00fclerin yakalanmas\u0131 i\u00e7in Diyarbak\u0131r ve b\u00f6lge illerinde polis ile jandarma ekipleri \u00e7al\u0131\u015fma ba\u015flatt\u0131. Bing\u00f6l&#8217;de bulunan Adalet Bakan\u0131 Sadullah Ergin cezaevinde incelemelerde bulunaca\u011f\u0131n\u0131 ve daha sonra gerekli a\u00e7\u0131klaman\u0131n yap\u0131laca\u011f\u0131n\u0131 s\u00f6yledi.<\/i><\/b><\/p>\n<p style=\"text-align: justify;\">Bing\u00f6l M Tipi Cezaevi\u2019nde bu sabah yap\u0131lan say\u0131mda 18 PKK\u2019l\u0131 h\u00fck\u00fcml\u00fcn\u00fcn firar etti\u011fi ortaya \u00e7\u0131kt\u0131. Bunun \u00fczerine geni\u015f \u00e7apl\u0131 ara\u015ft\u0131rma yap\u0131ld\u0131.\u00a0<\/p>\n<p style=\"text-align: justify;\">Yap\u0131lan ara\u015ft\u0131rmada, firar eden h\u00fck\u00fcml\u00fclerin t\u00fcnel kazarak cezaevinden ka\u00e7t\u0131klar\u0131 belirlendi.<\/p>\n<p style=\"text-align: justify;\">Firar eden 18 PKK\u2019l\u0131 h\u00fck\u00fcml\u00fcn\u00fcn yakalanabilmesi i\u00e7in operasyonlar ba\u015flat\u0131l\u0131rken, \u00e7evre il ve il\u00e7elerdeki g\u00fcvenlik birimlerine de bilgi verildi.<\/p>\n<p style=\"text-align: justify;\"><b>ADALET BAKANLI\u011eI \u0130NCELEME YAPIYOR<\/b><\/p>\n<p style=\"text-align: justify;\">Adalet Bakan\u0131 Sadullah Ergin, Bing\u00f6l&#8217;de M Tipi Cezaevi&#8217;ndeki firar olay\u0131 ile a\u00e7\u0131klamalarda bulundu. Bakan Ergin, &#8220;Sabah say\u0131m\u0131nda ortaya \u00e7\u0131kan bir tablodur. 14&#8217;\u00fc tutuklu, 4&#8217;\u00fc h\u00fck\u00fcml\u00fc toplam 18 ki\u015finin firar etti\u011fine dair bilgi ald\u0131k. Konu ile ilgili incelemeler devam etmektedir. 18 ki\u015finin t\u00fcnel kazarak firar etti\u011fi anla\u015f\u0131l\u0131yor. Adalet Bakanl\u0131\u011f\u0131&#8217;ndan bir heyet Bing\u00f6l&#8217;e hareket etti&#8221; diye konu\u015ftu.<\/p>\n<p style=\"text-align: justify;\"><b>DEM\u0130RTA\u015e: &#8220;AYAKKABIYLA MI G\u0130RM\u0130\u015eLER?&#8221;<\/b><\/p>\n<p style=\"text-align: justify;\">Bu arada BDP Genel Ba\u015fkan\u0131 Selahattin Demirta\u015f twitter hesab\u0131nda yazd\u0131\u011f\u0131 mesajda firar olay\u0131na ilgin\u00e7 bir yorum yapt\u0131.<\/p>\n<p style=\"text-align: justify;\">Demirta\u015f takip\u00e7ileriyle payla\u015ft\u0131\u011f\u0131 mesaj\u0131nda &#8220;Acaba ayakkab\u0131lar\u0131yla m\u0131 girdiler t\u00fcnele?&#8221; ifadelerini kulland\u0131.<\/p>\n<p style=\"text-align: justify;\">Gezi Park\u0131 olaylar\u0131 s\u0131ras\u0131nda eylemcilerin Dolmabah\u00e7e Camii&#8217;ne ayakkab\u0131lar\u0131yla girmesi ele\u015ftiri konusu olmu\u015ftu.<\/p>\n<p style=\"text-align: justify;\"><b>KENTE 12 K\u0130LOMETRE UZAKLIKTA<\/b><\/p>\n<p style=\"text-align: justify;\">M Tipi Kapal\u0131 Ceza \u0130nfaz Kurumu, il merkezindeki Kale\u00f6n\u00fc Mahallesi Mu\u015f karayolu \u00fczeri 10\u2019uncu kilometrede il merkezine 12 kilometre uzakta bulunuyor.<\/p>\n<p style=\"text-align: justify;\">B\u00f6lgedeki b\u00fct\u00fcn g\u00fcvenlik birimlerini alarma ge\u00e7iren firar olay\u0131n\u0131n g\u00f6r\u00fcld\u00fc\u011f\u00fc Bing\u00f6l M Tipi Ceza \u0130nfaz Kurumu\u2019nun in\u015fas\u0131 1990 y\u0131l\u0131nda tamamland\u0131, ayn\u0131 y\u0131l mahkum kabul\u00fcne ba\u015fland\u0131. Toplam 30 bin 250 metrekare alan \u00fczerinde kurulan cezaevinde Ceza \u0130nfaz Kurumu Ana Binas\u0131, Ana Hizmet Binas\u0131&#8217;n\u0131n biti\u015fi\u011finde Jandarma B\u00f6l\u00fck Komutanl\u0131\u011f\u0131, Ziyaret\u00e7i Kay\u0131t Kabul Binas\u0131 bulunuyor. Firar olay\u0131n\u0131n g\u00f6r\u00fcld\u00fc\u011f\u00fc Ceza \u0130nfaz Kurumu Ana Binas\u0131 A ve B Blok\u2019tan meydana geliyor. Cezaevindeki her blokta 3 koridor ve toplam 45 oda bulunuyor. Ayr\u0131ca birer konferans salonu, revir, derslik, bilgisayar s\u0131n\u0131f\u0131, k\u00fct\u00fcphane, terzihane ve kuaf\u00f6r salonu bulunuyor.<\/p>\n<p style=\"text-align: justify;\"><b>KAPAS\u0130TES\u0130 325<\/b><\/p>\n<p style=\"text-align: justify;\">Bing\u00f6l M Tipi Kapal\u0131 Ceza infaz Kurumu, 260 mahkum kapasiteli yapt\u0131r\u0131l\u0131rken Adalet Bakanl\u0131\u011f\u0131\u2019n\u0131n karar\u0131 ile bu rakam 325\u2019e \u00e7\u0131kar\u0131ld\u0131. Cezaevinin bir b\u00f6l\u00fcm\u00fc, \u2019Y\u00fcksek G\u00fcvenlikli Ceza infaz Kurumu\u2019 stat\u00fcs\u00fcne ald\u0131.<\/p>\n<p style=\"text-align: justify;\"><b><i>http:\/\/www.hurriyet.com.tr\/gundem\/24782028.asp<\/i><\/b><\/p>\n<p style=\"text-align: justify;\">\u00a0<\/p>\n","protected":false},"excerpt":{"rendered":"<p>Bing\u00f6l M Tipi Cezaevi&#8217;nde 18 PKK&#8217;l\u0131 h\u00fck\u00fcml\u00fc, kazd\u0131klar\u0131 t\u00fcnelden firar etti. H\u00fck\u00fcml\u00fclerin yakalanmas\u0131 i\u00e7in Diyarbak\u0131r ve b\u00f6lge illerinde polis ile jandarma ekipleri \u00e7al\u0131\u015fma ba\u015flatt\u0131. Bing\u00f6l&#8217;de bulunan Adalet Bakan\u0131 Sadullah Ergin cezaevinde incelemelerde bulunaca\u011f\u0131n\u0131 ve daha sonra gerekli a\u00e7\u0131klaman\u0131n yap\u0131laca\u011f\u0131n\u0131 s\u00f6yledi. Bing\u00f6l M Tipi Cezaevi\u2019nde bu sabah yap\u0131lan say\u0131mda 18 PKK\u2019l\u0131 h\u00fck\u00fcml\u00fcn\u00fcn firar etti\u011fi ortaya \u00e7\u0131kt\u0131. [&hellip;]<\/p>\n","protected":false},"author":7,"featured_media":0,"comment_status":"open","ping_status":"open","sticky":false,"template":"","format":"standard","meta":{"footnotes":""},"categories":[1],"tags":[],"class_list":["post-25731","post","type-post","status-publish","format-standard","hentry","category-haberler"],"yoast_head":"<!-- This site is optimized with the Yoast SEO plugin v27.4 - https:\/\/yoast.com\/product\/yoast-seo-wordpress\/ -->\n<title>Bing\u00f6l&#039;de 18 PKK&#039;l\u0131 cezaevinden firar etti - Bati Ermenistan Ve Bati Ermenileri Sorunlari Ara\u015ftirmalar Merkezi<\/title>\n<meta name=\"robots\" content=\"index, follow, max-snippet:-1, max-image-preview:large, max-video-preview:-1\" \/>\n<link rel=\"canonical\" href=\"https:\/\/akunq.net\/tr\/?p=25731\" \/>\n<meta property=\"og:locale\" content=\"en_US\" \/>\n<meta property=\"og:type\" content=\"article\" \/>\n<meta property=\"og:title\" content=\"Bing\u00f6l&#039;de 18 PKK&#039;l\u0131 cezaevinden firar etti - Bati Ermenistan Ve Bati Ermenileri Sorunlari Ara\u015ftirmalar Merkezi\" \/>\n<meta property=\"og:description\" content=\"Bing\u00f6l M Tipi Cezaevi&#8217;nde 18 PKK&#8217;l\u0131 h\u00fck\u00fcml\u00fc, kazd\u0131klar\u0131 t\u00fcnelden firar etti. H\u00fck\u00fcml\u00fclerin yakalanmas\u0131 i\u00e7in Diyarbak\u0131r ve b\u00f6lge illerinde polis ile jandarma ekipleri \u00e7al\u0131\u015fma ba\u015flatt\u0131. Bing\u00f6l&#8217;de bulunan Adalet Bakan\u0131 Sadullah Ergin cezaevinde incelemelerde bulunaca\u011f\u0131n\u0131 ve daha sonra gerekli a\u00e7\u0131klaman\u0131n yap\u0131laca\u011f\u0131n\u0131 s\u00f6yledi. Bing\u00f6l M Tipi Cezaevi\u2019nde bu sabah yap\u0131lan say\u0131mda 18 PKK\u2019l\u0131 h\u00fck\u00fcml\u00fcn\u00fcn firar etti\u011fi ortaya \u00e7\u0131kt\u0131. [&hellip;]\" \/>\n<meta property=\"og:url\" content=\"https:\/\/akunq.net\/tr\/?p=25731\" \/>\n<meta property=\"og:site_name\" content=\"Bati Ermenistan Ve Bati Ermenileri Sorunlari Ara\u015ftirmalar Merkezi\" \/>\n<meta property=\"article:published_time\" content=\"2013-09-25T08:45:11+00:00\" \/>\n<meta name=\"author\" content=\"admin\" \/>\n<meta name=\"twitter:card\" content=\"summary_large_image\" \/>\n<meta name=\"twitter:label1\" content=\"Written by\" \/>\n\t<meta name=\"twitter:data1\" content=\"admin\" \/>\n\t<meta name=\"twitter:label2\" content=\"Est. reading time\" \/>\n\t<meta name=\"twitter:data2\" content=\"2 minutes\" \/>\n<script type=\"application\/ld+json\" class=\"yoast-schema-graph\">{\"@context\":\"https:\\\/\\\/schema.org\",\"@graph\":[{\"@type\":\"Article\",\"@id\":\"https:\\\/\\\/akunq.net\\\/tr\\\/?p=25731#article\",\"isPartOf\":{\"@id\":\"https:\\\/\\\/akunq.net\\\/tr\\\/?p=25731\"},\"author\":{\"name\":\"admin\",\"@id\":\"https:\\\/\\\/akunq.net\\\/tr\\\/#\\\/schema\\\/person\\\/096f1d38a12cce57fb855b485ed24c9e\"},\"headline\":\"Bing\u00f6l&#8217;de 18 PKK&#8217;l\u0131 cezaevinden firar etti\",\"datePublished\":\"2013-09-25T08:45:11+00:00\",\"mainEntityOfPage\":{\"@id\":\"https:\\\/\\\/akunq.net\\\/tr\\\/?p=25731\"},\"wordCount\":477,\"commentCount\":0,\"articleSection\":[\"Haberler\"],\"inLanguage\":\"en-US\",\"potentialAction\":[{\"@type\":\"CommentAction\",\"name\":\"Comment\",\"target\":[\"https:\\\/\\\/akunq.net\\\/tr\\\/?p=25731#respond\"]}]},{\"@type\":\"WebPage\",\"@id\":\"https:\\\/\\\/akunq.net\\\/tr\\\/?p=25731\",\"url\":\"https:\\\/\\\/akunq.net\\\/tr\\\/?p=25731\",\"name\":\"Bing\u00f6l'de 18 PKK'l\u0131 cezaevinden firar etti - Bati Ermenistan Ve Bati Ermenileri Sorunlari Ara\u015ftirmalar Merkezi\",\"isPartOf\":{\"@id\":\"https:\\\/\\\/akunq.net\\\/tr\\\/#website\"},\"datePublished\":\"2013-09-25T08:45:11+00:00\",\"author\":{\"@id\":\"https:\\\/\\\/akunq.net\\\/tr\\\/#\\\/schema\\\/person\\\/096f1d38a12cce57fb855b485ed24c9e\"},\"breadcrumb\":{\"@id\":\"https:\\\/\\\/akunq.net\\\/tr\\\/?p=25731#breadcrumb\"},\"inLanguage\":\"en-US\",\"potentialAction\":[{\"@type\":\"ReadAction\",\"target\":[\"https:\\\/\\\/akunq.net\\\/tr\\\/?p=25731\"]}]},{\"@type\":\"BreadcrumbList\",\"@id\":\"https:\\\/\\\/akunq.net\\\/tr\\\/?p=25731#breadcrumb\",\"itemListElement\":[{\"@type\":\"ListItem\",\"position\":1,\"name\":\"Home\",\"item\":\"https:\\\/\\\/akunq.net\\\/tr\"},{\"@type\":\"ListItem\",\"position\":2,\"name\":\"Bing\u00f6l&#8217;de 18 PKK&#8217;l\u0131 cezaevinden firar etti\"}]},{\"@type\":\"WebSite\",\"@id\":\"https:\\\/\\\/akunq.net\\\/tr\\\/#website\",\"url\":\"https:\\\/\\\/akunq.net\\\/tr\\\/\",\"name\":\"Bati Ermenistan Ve Bati Ermenileri Sorunlari Ara\u015ftirmalar Merkezi\",\"description\":\"\",\"potentialAction\":[{\"@type\":\"SearchAction\",\"target\":{\"@type\":\"EntryPoint\",\"urlTemplate\":\"https:\\\/\\\/akunq.net\\\/tr\\\/?s={search_term_string}\"},\"query-input\":{\"@type\":\"PropertyValueSpecification\",\"valueRequired\":true,\"valueName\":\"search_term_string\"}}],\"inLanguage\":\"en-US\"},{\"@type\":\"Person\",\"@id\":\"https:\\\/\\\/akunq.net\\\/tr\\\/#\\\/schema\\\/person\\\/096f1d38a12cce57fb855b485ed24c9e\",\"name\":\"admin\",\"url\":\"https:\\\/\\\/akunq.net\\\/tr\\\/?author=7\"}]}<\/script>\n<!-- \/ Yoast SEO plugin. -->","yoast_head_json":{"title":"Bing\u00f6l'de 18 PKK'l\u0131 cezaevinden firar etti - Bati Ermenistan Ve Bati Ermenileri Sorunlari Ara\u015ftirmalar Merkezi","robots":{"index":"index","follow":"follow","max-snippet":"max-snippet:-1","max-image-preview":"max-image-preview:large","max-video-preview":"max-video-preview:-1"},"canonical":"https:\/\/akunq.net\/tr\/?p=25731","og_locale":"en_US","og_type":"article","og_title":"Bing\u00f6l'de 18 PKK'l\u0131 cezaevinden firar etti - Bati Ermenistan Ve Bati Ermenileri Sorunlari Ara\u015ftirmalar Merkezi","og_description":"Bing\u00f6l M Tipi Cezaevi&#8217;nde 18 PKK&#8217;l\u0131 h\u00fck\u00fcml\u00fc, kazd\u0131klar\u0131 t\u00fcnelden firar etti. H\u00fck\u00fcml\u00fclerin yakalanmas\u0131 i\u00e7in Diyarbak\u0131r ve b\u00f6lge illerinde polis ile jandarma ekipleri \u00e7al\u0131\u015fma ba\u015flatt\u0131. Bing\u00f6l&#8217;de bulunan Adalet Bakan\u0131 Sadullah Ergin cezaevinde incelemelerde bulunaca\u011f\u0131n\u0131 ve daha sonra gerekli a\u00e7\u0131klaman\u0131n yap\u0131laca\u011f\u0131n\u0131 s\u00f6yledi. Bing\u00f6l M Tipi Cezaevi\u2019nde bu sabah yap\u0131lan say\u0131mda 18 PKK\u2019l\u0131 h\u00fck\u00fcml\u00fcn\u00fcn firar etti\u011fi ortaya \u00e7\u0131kt\u0131. [&hellip;]","og_url":"https:\/\/akunq.net\/tr\/?p=25731","og_site_name":"Bati Ermenistan Ve Bati Ermenileri Sorunlari Ara\u015ftirmalar Merkezi","article_published_time":"2013-09-25T08:45:11+00:00","author":"admin","twitter_card":"summary_large_image","twitter_misc":{"Written by":"admin","Est. reading time":"2 minutes"},"schema":{"@context":"https:\/\/schema.org","@graph":[{"@type":"Article","@id":"https:\/\/akunq.net\/tr\/?p=25731#article","isPartOf":{"@id":"https:\/\/akunq.net\/tr\/?p=25731"},"author":{"name":"admin","@id":"https:\/\/akunq.net\/tr\/#\/schema\/person\/096f1d38a12cce57fb855b485ed24c9e"},"headline":"Bing\u00f6l&#8217;de 18 PKK&#8217;l\u0131 cezaevinden firar etti","datePublished":"2013-09-25T08:45:11+00:00","mainEntityOfPage":{"@id":"https:\/\/akunq.net\/tr\/?p=25731"},"wordCount":477,"commentCount":0,"articleSection":["Haberler"],"inLanguage":"en-US","potentialAction":[{"@type":"CommentAction","name":"Comment","target":["https:\/\/akunq.net\/tr\/?p=25731#respond"]}]},{"@type":"WebPage","@id":"https:\/\/akunq.net\/tr\/?p=25731","url":"https:\/\/akunq.net\/tr\/?p=25731","name":"Bing\u00f6l'de 18 PKK'l\u0131 cezaevinden firar etti - Bati Ermenistan Ve Bati Ermenileri Sorunlari Ara\u015ftirmalar Merkezi","isPartOf":{"@id":"https:\/\/akunq.net\/tr\/#website"},"datePublished":"2013-09-25T08:45:11+00:00","author":{"@id":"https:\/\/akunq.net\/tr\/#\/schema\/person\/096f1d38a12cce57fb855b485ed24c9e"},"breadcrumb":{"@id":"https:\/\/akunq.net\/tr\/?p=25731#breadcrumb"},"inLanguage":"en-US","potentialAction":[{"@type":"ReadAction","target":["https:\/\/akunq.net\/tr\/?p=25731"]}]},{"@type":"BreadcrumbList","@id":"https:\/\/akunq.net\/tr\/?p=25731#breadcrumb","itemListElement":[{"@type":"ListItem","position":1,"name":"Home","item":"https:\/\/akunq.net\/tr"},{"@type":"ListItem","position":2,"name":"Bing\u00f6l&#8217;de 18 PKK&#8217;l\u0131 cezaevinden firar etti"}]},{"@type":"WebSite","@id":"https:\/\/akunq.net\/tr\/#website","url":"https:\/\/akunq.net\/tr\/","name":"Bati Ermenistan Ve Bati Ermenileri Sorunlari Ara\u015ftirmalar Merkezi","description":"","potentialAction":[{"@type":"SearchAction","target":{"@type":"EntryPoint","urlTemplate":"https:\/\/akunq.net\/tr\/?s={search_term_string}"},"query-input":{"@type":"PropertyValueSpecification","valueRequired":true,"valueName":"search_term_string"}}],"inLanguage":"en-US"},{"@type":"Person","@id":"https:\/\/akunq.net\/tr\/#\/schema\/person\/096f1d38a12cce57fb855b485ed24c9e","name":"admin","url":"https:\/\/akunq.net\/tr\/?author=7"}]}},"_links":{"self":[{"href":"https:\/\/akunq.net\/tr\/index.php?rest_route=\/wp\/v2\/posts\/25731","targetHints":{"allow":["GET"]}}],"collection":[{"href":"https:\/\/akunq.net\/tr\/index.php?rest_route=\/wp\/v2\/posts"}],"about":[{"href":"https:\/\/akunq.net\/tr\/index.php?rest_route=\/wp\/v2\/types\/post"}],"author":[{"embeddable":true,"href":"https:\/\/akunq.net\/tr\/index.php?rest_route=\/wp\/v2\/users\/7"}],"replies":[{"embeddable":true,"href":"https:\/\/akunq.net\/tr\/index.php?rest_route=%2Fwp%2Fv2%2Fcomments&post=25731"}],"version-history":[{"count":1,"href":"https:\/\/akunq.net\/tr\/index.php?rest_route=\/wp\/v2\/posts\/25731\/revisions"}],"predecessor-version":[{"id":25733,"href":"https:\/\/akunq.net\/tr\/index.php?rest_route=\/wp\/v2\/posts\/25731\/revisions\/25733"}],"wp:attachment":[{"href":"https:\/\/akunq.net\/tr\/index.php?rest_route=%2Fwp%2Fv2%2Fmedia&parent=25731"}],"wp:term":[{"taxonomy":"category","embeddable":true,"href":"https:\/\/akunq.net\/tr\/index.php?rest_route=%2Fwp%2Fv2%2Fcategories&post=25731"},{"taxonomy":"post_tag","embeddable":true,"href":"https:\/\/akunq.net\/tr\/index.php?rest_route=%2Fwp%2Fv2%2Ftags&post=25731"}],"curies":[{"name":"wp","href":"https:\/\/api.w.org\/{rel}","templated":true}]}}