{"id":25728,"date":"2013-09-25T02:35:07","date_gmt":"2013-09-25T07:35:07","guid":{"rendered":"http:\/\/akunq.net\/tr\/?p=25728"},"modified":"2013-09-25T02:35:07","modified_gmt":"2013-09-25T07:35:07","slug":"senator-menendez-abd-tarafindan-ermeni-soykiriminin-taninmasi-zamani-geldi","status":"publish","type":"post","link":"https:\/\/akunq.net\/tr\/?p=25728","title":{"rendered":"Senat\u00f6r Men\u00e9ndez: ABD taraf\u0131ndan Ermeni Soyk\u0131r\u0131m\u0131n\u0131n tan\u0131nmas\u0131 zaman\u0131 geldi"},"content":{"rendered":"<p style=\"text-align: justify;\"><b><i><a href=\"http:\/\/akunq.net\/tr\/wp-content\/uploads\/2013\/09\/Senat\u00f6r-Men\u00e9ndez.jpg\"><img loading=\"lazy\" decoding=\"async\" class=\"alignright size-medium wp-image-25729\" alt=\"Senat\u00f6r Men\u00e9ndez\" src=\"http:\/\/akunq.net\/tr\/wp-content\/uploads\/2013\/09\/Senat\u00f6r-Men\u00e9ndez-300x225.jpg\" width=\"300\" height=\"225\" srcset=\"https:\/\/akunq.net\/tr\/wp-content\/uploads\/sites\/6\/2013\/09\/Senat\u00f6r-Men\u00e9ndez-300x225.jpg 300w, https:\/\/akunq.net\/tr\/wp-content\/uploads\/sites\/6\/2013\/09\/Senat\u00f6r-Men\u00e9ndez.jpg 312w\" sizes=\"auto, (max-width: 300px) 100vw, 300px\" \/><\/a>ABD Senatosu \u00fcyesi Robert Men\u00e9ndez, Los Angeles \u00abGlendale Gen\u00e7lik Merkezi\u00bbnde d\u00fczenlenen Ermenistan\u2019\u0131n Ba\u011f\u0131ms\u0131zl\u0131\u011f\u0131n\u0131n 22. Y\u0131ld\u00f6n\u00fcm\u00fc kutlamalar\u0131na kat\u0131ld\u0131.<\/i><\/b><\/p>\n<p style=\"text-align: justify;\">Etkinlikte bir konu\u015fma yapan Senat\u00f6r Men\u00e9ndez, Ermeni halk\u0131n\u0131n 1918 y\u0131l\u0131nda elinde silah\u0131yla yurdunu cesaretle savundu\u011funu hat\u0131rlatt\u0131, 70 y\u0131ll\u0131k Sovyet iktidar\u0131ndan sonra da\u00a0 bir kez daha \u00f6zg\u00fcr ya\u015fama iradesini ifade etti\u011fini belirtti.<\/p>\n<p style=\"text-align: justify;\">\u00abAsbarez\u00bbin verdi\u011fi bilgiye g\u00f6re; Robert Menendez, ABD toplumsal ya\u015fam\u0131nda Ermeni toplumunun rol\u00fcn\u00fc olduk\u00e7a takdir ederek, Amerika Ermeni Davas\u0131 Ofisinin Ermeni halk\u0131n\u0131n adil \u00e7abalar\u0131 ve haklar\u0131n\u0131n korunmas\u0131 i\u015findeki katk\u0131lar\u0131n\u0131n alt\u0131n\u0131 \u00e7izdi.<\/p>\n<p style=\"text-align: justify;\">ABD Senatosu \u00fcyesi Robert Men\u00e9ndez, ABD taraf\u0131ndan AB ve di\u011fer 19 \u00fclkeye kat\u0131larak Ermeni Soyk\u0131r\u0131m\u0131n\u0131n tan\u0131nmas\u0131 gerekti\u011fini ifade ederek, Soyk\u0131r\u0131ma ili\u015fkin olarak \u2033Biz hat\u0131rl\u0131yoruz\u2033 dedi.<\/p>\n<p style=\"text-align: justify;\"><b><i>http:\/\/news.am\/tur\/news\/172564.html<\/i><\/b><\/p>\n","protected":false},"excerpt":{"rendered":"<p>ABD Senatosu \u00fcyesi Robert Men\u00e9ndez, Los Angeles \u00abGlendale Gen\u00e7lik Merkezi\u00bbnde d\u00fczenlenen Ermenistan\u2019\u0131n Ba\u011f\u0131ms\u0131zl\u0131\u011f\u0131n\u0131n 22. Y\u0131ld\u00f6n\u00fcm\u00fc kutlamalar\u0131na kat\u0131ld\u0131. Etkinlikte bir konu\u015fma yapan Senat\u00f6r Men\u00e9ndez, Ermeni halk\u0131n\u0131n 1918 y\u0131l\u0131nda elinde silah\u0131yla yurdunu cesaretle savundu\u011funu hat\u0131rlatt\u0131, 70 y\u0131ll\u0131k Sovyet iktidar\u0131ndan sonra da\u00a0 bir kez daha \u00f6zg\u00fcr ya\u015fama iradesini ifade etti\u011fini belirtti. \u00abAsbarez\u00bbin verdi\u011fi bilgiye g\u00f6re; Robert Menendez, ABD [&hellip;]<\/p>\n","protected":false},"author":7,"featured_media":0,"comment_status":"open","ping_status":"open","sticky":false,"template":"","format":"standard","meta":{"footnotes":""},"categories":[1],"tags":[],"class_list":["post-25728","post","type-post","status-publish","format-standard","hentry","category-haberler"],"yoast_head":"<!-- This site is optimized with the Yoast SEO plugin v27.4 - https:\/\/yoast.com\/product\/yoast-seo-wordpress\/ -->\n<title>Senat\u00f6r Men\u00e9ndez: ABD taraf\u0131ndan Ermeni Soyk\u0131r\u0131m\u0131n\u0131n tan\u0131nmas\u0131 zaman\u0131 geldi - Bati Ermenistan Ve Bati Ermenileri Sorunlari Ara\u015ftirmalar Merkezi<\/title>\n<meta name=\"robots\" content=\"index, follow, max-snippet:-1, max-image-preview:large, max-video-preview:-1\" \/>\n<link rel=\"canonical\" href=\"https:\/\/akunq.net\/tr\/?p=25728\" \/>\n<meta property=\"og:locale\" content=\"en_US\" \/>\n<meta property=\"og:type\" content=\"article\" \/>\n<meta property=\"og:title\" content=\"Senat\u00f6r Men\u00e9ndez: ABD taraf\u0131ndan Ermeni Soyk\u0131r\u0131m\u0131n\u0131n tan\u0131nmas\u0131 zaman\u0131 geldi - Bati Ermenistan Ve Bati Ermenileri Sorunlari Ara\u015ftirmalar Merkezi\" \/>\n<meta property=\"og:description\" content=\"ABD Senatosu \u00fcyesi Robert Men\u00e9ndez, Los Angeles \u00abGlendale Gen\u00e7lik Merkezi\u00bbnde d\u00fczenlenen Ermenistan\u2019\u0131n Ba\u011f\u0131ms\u0131zl\u0131\u011f\u0131n\u0131n 22. Y\u0131ld\u00f6n\u00fcm\u00fc kutlamalar\u0131na kat\u0131ld\u0131. Etkinlikte bir konu\u015fma yapan Senat\u00f6r Men\u00e9ndez, Ermeni halk\u0131n\u0131n 1918 y\u0131l\u0131nda elinde silah\u0131yla yurdunu cesaretle savundu\u011funu hat\u0131rlatt\u0131, 70 y\u0131ll\u0131k Sovyet iktidar\u0131ndan sonra da\u00a0 bir kez daha \u00f6zg\u00fcr ya\u015fama iradesini ifade etti\u011fini belirtti. \u00abAsbarez\u00bbin verdi\u011fi bilgiye g\u00f6re; Robert Menendez, ABD [&hellip;]\" \/>\n<meta property=\"og:url\" content=\"https:\/\/akunq.net\/tr\/?p=25728\" \/>\n<meta property=\"og:site_name\" content=\"Bati Ermenistan Ve Bati Ermenileri Sorunlari Ara\u015ftirmalar Merkezi\" \/>\n<meta property=\"article:published_time\" content=\"2013-09-25T07:35:07+00:00\" \/>\n<meta name=\"author\" content=\"admin\" \/>\n<meta name=\"twitter:card\" content=\"summary_large_image\" \/>\n<meta name=\"twitter:label1\" content=\"Written by\" \/>\n\t<meta name=\"twitter:data1\" content=\"admin\" \/>\n\t<meta name=\"twitter:label2\" content=\"Est. reading time\" \/>\n\t<meta name=\"twitter:data2\" content=\"1 minute\" \/>\n<script type=\"application\/ld+json\" class=\"yoast-schema-graph\">{\"@context\":\"https:\\\/\\\/schema.org\",\"@graph\":[{\"@type\":\"Article\",\"@id\":\"https:\\\/\\\/akunq.net\\\/tr\\\/?p=25728#article\",\"isPartOf\":{\"@id\":\"https:\\\/\\\/akunq.net\\\/tr\\\/?p=25728\"},\"author\":{\"name\":\"admin\",\"@id\":\"https:\\\/\\\/akunq.net\\\/tr\\\/#\\\/schema\\\/person\\\/096f1d38a12cce57fb855b485ed24c9e\"},\"headline\":\"Senat\u00f6r Men\u00e9ndez: ABD taraf\u0131ndan Ermeni Soyk\u0131r\u0131m\u0131n\u0131n tan\u0131nmas\u0131 zaman\u0131 geldi\",\"datePublished\":\"2013-09-25T07:35:07+00:00\",\"mainEntityOfPage\":{\"@id\":\"https:\\\/\\\/akunq.net\\\/tr\\\/?p=25728\"},\"wordCount\":183,\"commentCount\":0,\"articleSection\":[\"Haberler\"],\"inLanguage\":\"en-US\",\"potentialAction\":[{\"@type\":\"CommentAction\",\"name\":\"Comment\",\"target\":[\"https:\\\/\\\/akunq.net\\\/tr\\\/?p=25728#respond\"]}]},{\"@type\":\"WebPage\",\"@id\":\"https:\\\/\\\/akunq.net\\\/tr\\\/?p=25728\",\"url\":\"https:\\\/\\\/akunq.net\\\/tr\\\/?p=25728\",\"name\":\"Senat\u00f6r Men\u00e9ndez: ABD taraf\u0131ndan Ermeni Soyk\u0131r\u0131m\u0131n\u0131n tan\u0131nmas\u0131 zaman\u0131 geldi - Bati Ermenistan Ve Bati Ermenileri Sorunlari Ara\u015ftirmalar Merkezi\",\"isPartOf\":{\"@id\":\"https:\\\/\\\/akunq.net\\\/tr\\\/#website\"},\"datePublished\":\"2013-09-25T07:35:07+00:00\",\"author\":{\"@id\":\"https:\\\/\\\/akunq.net\\\/tr\\\/#\\\/schema\\\/person\\\/096f1d38a12cce57fb855b485ed24c9e\"},\"breadcrumb\":{\"@id\":\"https:\\\/\\\/akunq.net\\\/tr\\\/?p=25728#breadcrumb\"},\"inLanguage\":\"en-US\",\"potentialAction\":[{\"@type\":\"ReadAction\",\"target\":[\"https:\\\/\\\/akunq.net\\\/tr\\\/?p=25728\"]}]},{\"@type\":\"BreadcrumbList\",\"@id\":\"https:\\\/\\\/akunq.net\\\/tr\\\/?p=25728#breadcrumb\",\"itemListElement\":[{\"@type\":\"ListItem\",\"position\":1,\"name\":\"Home\",\"item\":\"https:\\\/\\\/akunq.net\\\/tr\"},{\"@type\":\"ListItem\",\"position\":2,\"name\":\"Senat\u00f6r Men\u00e9ndez: ABD taraf\u0131ndan Ermeni Soyk\u0131r\u0131m\u0131n\u0131n tan\u0131nmas\u0131 zaman\u0131 geldi\"}]},{\"@type\":\"WebSite\",\"@id\":\"https:\\\/\\\/akunq.net\\\/tr\\\/#website\",\"url\":\"https:\\\/\\\/akunq.net\\\/tr\\\/\",\"name\":\"Bati Ermenistan Ve Bati Ermenileri Sorunlari Ara\u015ftirmalar Merkezi\",\"description\":\"\",\"potentialAction\":[{\"@type\":\"SearchAction\",\"target\":{\"@type\":\"EntryPoint\",\"urlTemplate\":\"https:\\\/\\\/akunq.net\\\/tr\\\/?s={search_term_string}\"},\"query-input\":{\"@type\":\"PropertyValueSpecification\",\"valueRequired\":true,\"valueName\":\"search_term_string\"}}],\"inLanguage\":\"en-US\"},{\"@type\":\"Person\",\"@id\":\"https:\\\/\\\/akunq.net\\\/tr\\\/#\\\/schema\\\/person\\\/096f1d38a12cce57fb855b485ed24c9e\",\"name\":\"admin\",\"url\":\"https:\\\/\\\/akunq.net\\\/tr\\\/?author=7\"}]}<\/script>\n<!-- \/ Yoast SEO plugin. -->","yoast_head_json":{"title":"Senat\u00f6r Men\u00e9ndez: ABD taraf\u0131ndan Ermeni Soyk\u0131r\u0131m\u0131n\u0131n tan\u0131nmas\u0131 zaman\u0131 geldi - Bati Ermenistan Ve Bati Ermenileri Sorunlari Ara\u015ftirmalar Merkezi","robots":{"index":"index","follow":"follow","max-snippet":"max-snippet:-1","max-image-preview":"max-image-preview:large","max-video-preview":"max-video-preview:-1"},"canonical":"https:\/\/akunq.net\/tr\/?p=25728","og_locale":"en_US","og_type":"article","og_title":"Senat\u00f6r Men\u00e9ndez: ABD taraf\u0131ndan Ermeni Soyk\u0131r\u0131m\u0131n\u0131n tan\u0131nmas\u0131 zaman\u0131 geldi - Bati Ermenistan Ve Bati Ermenileri Sorunlari Ara\u015ftirmalar Merkezi","og_description":"ABD Senatosu \u00fcyesi Robert Men\u00e9ndez, Los Angeles \u00abGlendale Gen\u00e7lik Merkezi\u00bbnde d\u00fczenlenen Ermenistan\u2019\u0131n Ba\u011f\u0131ms\u0131zl\u0131\u011f\u0131n\u0131n 22. Y\u0131ld\u00f6n\u00fcm\u00fc kutlamalar\u0131na kat\u0131ld\u0131. Etkinlikte bir konu\u015fma yapan Senat\u00f6r Men\u00e9ndez, Ermeni halk\u0131n\u0131n 1918 y\u0131l\u0131nda elinde silah\u0131yla yurdunu cesaretle savundu\u011funu hat\u0131rlatt\u0131, 70 y\u0131ll\u0131k Sovyet iktidar\u0131ndan sonra da\u00a0 bir kez daha \u00f6zg\u00fcr ya\u015fama iradesini ifade etti\u011fini belirtti. \u00abAsbarez\u00bbin verdi\u011fi bilgiye g\u00f6re; Robert Menendez, ABD [&hellip;]","og_url":"https:\/\/akunq.net\/tr\/?p=25728","og_site_name":"Bati Ermenistan Ve Bati Ermenileri Sorunlari Ara\u015ftirmalar Merkezi","article_published_time":"2013-09-25T07:35:07+00:00","author":"admin","twitter_card":"summary_large_image","twitter_misc":{"Written by":"admin","Est. reading time":"1 minute"},"schema":{"@context":"https:\/\/schema.org","@graph":[{"@type":"Article","@id":"https:\/\/akunq.net\/tr\/?p=25728#article","isPartOf":{"@id":"https:\/\/akunq.net\/tr\/?p=25728"},"author":{"name":"admin","@id":"https:\/\/akunq.net\/tr\/#\/schema\/person\/096f1d38a12cce57fb855b485ed24c9e"},"headline":"Senat\u00f6r Men\u00e9ndez: ABD taraf\u0131ndan Ermeni Soyk\u0131r\u0131m\u0131n\u0131n tan\u0131nmas\u0131 zaman\u0131 geldi","datePublished":"2013-09-25T07:35:07+00:00","mainEntityOfPage":{"@id":"https:\/\/akunq.net\/tr\/?p=25728"},"wordCount":183,"commentCount":0,"articleSection":["Haberler"],"inLanguage":"en-US","potentialAction":[{"@type":"CommentAction","name":"Comment","target":["https:\/\/akunq.net\/tr\/?p=25728#respond"]}]},{"@type":"WebPage","@id":"https:\/\/akunq.net\/tr\/?p=25728","url":"https:\/\/akunq.net\/tr\/?p=25728","name":"Senat\u00f6r Men\u00e9ndez: ABD taraf\u0131ndan Ermeni Soyk\u0131r\u0131m\u0131n\u0131n tan\u0131nmas\u0131 zaman\u0131 geldi - Bati Ermenistan Ve Bati Ermenileri Sorunlari Ara\u015ftirmalar Merkezi","isPartOf":{"@id":"https:\/\/akunq.net\/tr\/#website"},"datePublished":"2013-09-25T07:35:07+00:00","author":{"@id":"https:\/\/akunq.net\/tr\/#\/schema\/person\/096f1d38a12cce57fb855b485ed24c9e"},"breadcrumb":{"@id":"https:\/\/akunq.net\/tr\/?p=25728#breadcrumb"},"inLanguage":"en-US","potentialAction":[{"@type":"ReadAction","target":["https:\/\/akunq.net\/tr\/?p=25728"]}]},{"@type":"BreadcrumbList","@id":"https:\/\/akunq.net\/tr\/?p=25728#breadcrumb","itemListElement":[{"@type":"ListItem","position":1,"name":"Home","item":"https:\/\/akunq.net\/tr"},{"@type":"ListItem","position":2,"name":"Senat\u00f6r Men\u00e9ndez: ABD taraf\u0131ndan Ermeni Soyk\u0131r\u0131m\u0131n\u0131n tan\u0131nmas\u0131 zaman\u0131 geldi"}]},{"@type":"WebSite","@id":"https:\/\/akunq.net\/tr\/#website","url":"https:\/\/akunq.net\/tr\/","name":"Bati Ermenistan Ve Bati Ermenileri Sorunlari Ara\u015ftirmalar Merkezi","description":"","potentialAction":[{"@type":"SearchAction","target":{"@type":"EntryPoint","urlTemplate":"https:\/\/akunq.net\/tr\/?s={search_term_string}"},"query-input":{"@type":"PropertyValueSpecification","valueRequired":true,"valueName":"search_term_string"}}],"inLanguage":"en-US"},{"@type":"Person","@id":"https:\/\/akunq.net\/tr\/#\/schema\/person\/096f1d38a12cce57fb855b485ed24c9e","name":"admin","url":"https:\/\/akunq.net\/tr\/?author=7"}]}},"_links":{"self":[{"href":"https:\/\/akunq.net\/tr\/index.php?rest_route=\/wp\/v2\/posts\/25728","targetHints":{"allow":["GET"]}}],"collection":[{"href":"https:\/\/akunq.net\/tr\/index.php?rest_route=\/wp\/v2\/posts"}],"about":[{"href":"https:\/\/akunq.net\/tr\/index.php?rest_route=\/wp\/v2\/types\/post"}],"author":[{"embeddable":true,"href":"https:\/\/akunq.net\/tr\/index.php?rest_route=\/wp\/v2\/users\/7"}],"replies":[{"embeddable":true,"href":"https:\/\/akunq.net\/tr\/index.php?rest_route=%2Fwp%2Fv2%2Fcomments&post=25728"}],"version-history":[{"count":1,"href":"https:\/\/akunq.net\/tr\/index.php?rest_route=\/wp\/v2\/posts\/25728\/revisions"}],"predecessor-version":[{"id":25730,"href":"https:\/\/akunq.net\/tr\/index.php?rest_route=\/wp\/v2\/posts\/25728\/revisions\/25730"}],"wp:attachment":[{"href":"https:\/\/akunq.net\/tr\/index.php?rest_route=%2Fwp%2Fv2%2Fmedia&parent=25728"}],"wp:term":[{"taxonomy":"category","embeddable":true,"href":"https:\/\/akunq.net\/tr\/index.php?rest_route=%2Fwp%2Fv2%2Fcategories&post=25728"},{"taxonomy":"post_tag","embeddable":true,"href":"https:\/\/akunq.net\/tr\/index.php?rest_route=%2Fwp%2Fv2%2Ftags&post=25728"}],"curies":[{"name":"wp","href":"https:\/\/api.w.org\/{rel}","templated":true}]}}