{"id":25725,"date":"2013-09-25T02:18:00","date_gmt":"2013-09-25T07:18:00","guid":{"rendered":"http:\/\/akunq.net\/tr\/?p=25725"},"modified":"2013-09-25T02:18:00","modified_gmt":"2013-09-25T07:18:00","slug":"belgenin-kaleminden-edebiyatta-ermeni-sorunu","status":"publish","type":"post","link":"https:\/\/akunq.net\/tr\/?p=25725","title":{"rendered":"Belge&#8217;nin kaleminden edebiyatta &#8220;Ermeni Sorunu&#8221;"},"content":{"rendered":"<h6 style=\"text-align: justify;\"><em><b><a href=\"http:\/\/akunq.net\/tr\/wp-content\/uploads\/2013\/09\/Edebiyatta-Ermeniler.jpg\"><img loading=\"lazy\" decoding=\"async\" class=\"alignright size-full wp-image-25726\" alt=\"Edebiyatta Ermeniler\" src=\"http:\/\/akunq.net\/tr\/wp-content\/uploads\/2013\/09\/Edebiyatta-Ermeniler.jpg\" width=\"179\" height=\"281\" \/><\/a>Murat Belge, \u0130leti\u015fim Yay\u0131nlar\u0131\u2019ndan \u00e7\u0131kan \u201cEdebiyatta Ermeniler\u201d kitab\u0131nda &#8220;Ermeni Sorunu&#8221;nu, etik, tarihi, psikolojik ve sosyolojik a\u00e7\u0131dan inceliyor.<\/b><\/em><\/h6>\n<p style=\"text-align: justify;\">Edebiyat tarih\u00e7isi, yazar Murat Belge, \u0130leti\u015fim Yay\u0131nlar\u0131&#8217;ndan \u00e7\u0131kan \u201cEdebiyatta Ermeniler\u201d kitab\u0131nda bir hayat ele\u015ftirisi olarak tan\u0131mlad\u0131\u011f\u0131 edebiyatta &#8220;Ermeni Sorunu&#8221;nu, etik, tarihi, psikolojik ve sosyolojik a\u00e7\u0131dan inceliyor.<\/p>\n<p style=\"text-align: justify;\">Belge\u2019nin, Birikim dergisindeki yaz\u0131lar\u0131n\u0131 birle\u015ftirdi\u011fi kitab\u0131nda m\u00fclkiyet ve burjuvazi sorunlar\u0131 ile yabanc\u0131 d\u00fc\u015fmanl\u0131\u011f\u0131 ba\u015fl\u0131kl\u0131 b\u00f6l\u00fcmler dikkat \u00e7ekici. Belge, romanlar\u0131n ima ettiklerini anlayabilmek i\u00e7in sermayenin millile\u015ftirme s\u00fcrecini, gayrim\u00fcslim az\u0131nl\u0131klar\u0131 \u201cecnebi\/yabanc\u0131\u201d olarak g\u00f6rme refleksini bilmeyi \u00f6nemsemi\u015f ve bu bilgiler ders kitaplar\u0131yla aktar\u0131lmad\u0131\u011f\u0131 i\u00e7in de \u00f6zel bir derleme sunmay\u0131 uygun g\u00f6rm\u00fc\u015f.<\/p>\n<p style=\"text-align: justify;\">Bu temel izlek \u00fczerinden Tanzimat D\u00f6nemi\u2019nden beri s\u00fcregelen Bat\u0131l\u0131la\u015fma sanc\u0131s\u0131 i\u00e7erisinde \u00f6nceleri \u00f6zel bir d\u00fc\u015fmanl\u0131kla \u00e7izilmeyen Ermeni roman karakterlerinin Cumhuriyet D\u00f6nemi\u2019nde nas\u0131l de\u011fi\u015fti\u011fine tan\u0131k oluyoruz.<\/p>\n<p style=\"text-align: justify;\"><b><i>http:\/\/kitap.radikal.com.tr\/Makale\/ermenilerin-edebiyat-macerasi-373467<\/i><\/b><\/p>\n","protected":false},"excerpt":{"rendered":"<p>Murat Belge, \u0130leti\u015fim Yay\u0131nlar\u0131\u2019ndan \u00e7\u0131kan \u201cEdebiyatta Ermeniler\u201d kitab\u0131nda &#8220;Ermeni Sorunu&#8221;nu, etik, tarihi, psikolojik ve sosyolojik a\u00e7\u0131dan inceliyor. Edebiyat tarih\u00e7isi, yazar Murat Belge, \u0130leti\u015fim Yay\u0131nlar\u0131&#8217;ndan \u00e7\u0131kan \u201cEdebiyatta Ermeniler\u201d kitab\u0131nda bir hayat ele\u015ftirisi olarak tan\u0131mlad\u0131\u011f\u0131 edebiyatta &#8220;Ermeni Sorunu&#8221;nu, etik, tarihi, psikolojik ve sosyolojik a\u00e7\u0131dan inceliyor. Belge\u2019nin, Birikim dergisindeki yaz\u0131lar\u0131n\u0131 birle\u015ftirdi\u011fi kitab\u0131nda m\u00fclkiyet ve burjuvazi sorunlar\u0131 ile yabanc\u0131 [&hellip;]<\/p>\n","protected":false},"author":7,"featured_media":0,"comment_status":"open","ping_status":"open","sticky":false,"template":"","format":"standard","meta":{"footnotes":""},"categories":[1,54],"tags":[],"class_list":["post-25725","post","type-post","status-publish","format-standard","hentry","category-haberler","category-kitaplar-elestiriler"],"yoast_head":"<!-- This site is optimized with the Yoast SEO plugin v27.4 - https:\/\/yoast.com\/product\/yoast-seo-wordpress\/ -->\n<title>Belge&#039;nin kaleminden edebiyatta &quot;Ermeni Sorunu&quot; - Bati Ermenistan Ve Bati Ermenileri Sorunlari Ara\u015ftirmalar Merkezi<\/title>\n<meta name=\"robots\" content=\"index, follow, max-snippet:-1, max-image-preview:large, max-video-preview:-1\" \/>\n<link rel=\"canonical\" href=\"https:\/\/akunq.net\/tr\/?p=25725\" \/>\n<meta property=\"og:locale\" content=\"en_US\" \/>\n<meta property=\"og:type\" content=\"article\" \/>\n<meta property=\"og:title\" content=\"Belge&#039;nin kaleminden edebiyatta &quot;Ermeni Sorunu&quot; - Bati Ermenistan Ve Bati Ermenileri Sorunlari Ara\u015ftirmalar Merkezi\" \/>\n<meta property=\"og:description\" content=\"Murat Belge, \u0130leti\u015fim Yay\u0131nlar\u0131\u2019ndan \u00e7\u0131kan \u201cEdebiyatta Ermeniler\u201d kitab\u0131nda &#8220;Ermeni Sorunu&#8221;nu, etik, tarihi, psikolojik ve sosyolojik a\u00e7\u0131dan inceliyor. Edebiyat tarih\u00e7isi, yazar Murat Belge, \u0130leti\u015fim Yay\u0131nlar\u0131&#8217;ndan \u00e7\u0131kan \u201cEdebiyatta Ermeniler\u201d kitab\u0131nda bir hayat ele\u015ftirisi olarak tan\u0131mlad\u0131\u011f\u0131 edebiyatta &#8220;Ermeni Sorunu&#8221;nu, etik, tarihi, psikolojik ve sosyolojik a\u00e7\u0131dan inceliyor. Belge\u2019nin, Birikim dergisindeki yaz\u0131lar\u0131n\u0131 birle\u015ftirdi\u011fi kitab\u0131nda m\u00fclkiyet ve burjuvazi sorunlar\u0131 ile yabanc\u0131 [&hellip;]\" \/>\n<meta property=\"og:url\" content=\"https:\/\/akunq.net\/tr\/?p=25725\" \/>\n<meta property=\"og:site_name\" content=\"Bati Ermenistan Ve Bati Ermenileri Sorunlari Ara\u015ftirmalar Merkezi\" \/>\n<meta property=\"article:published_time\" content=\"2013-09-25T07:18:00+00:00\" \/>\n<meta property=\"og:image\" content=\"http:\/\/akunq.net\/tr\/wp-content\/uploads\/2013\/09\/Edebiyatta-Ermeniler.jpg\" \/>\n<meta name=\"author\" content=\"admin\" \/>\n<meta name=\"twitter:card\" content=\"summary_large_image\" \/>\n<meta name=\"twitter:label1\" content=\"Written by\" \/>\n\t<meta name=\"twitter:data1\" content=\"admin\" \/>\n\t<meta name=\"twitter:label2\" content=\"Est. reading time\" \/>\n\t<meta name=\"twitter:data2\" content=\"1 minute\" \/>\n<script type=\"application\/ld+json\" class=\"yoast-schema-graph\">{\"@context\":\"https:\\\/\\\/schema.org\",\"@graph\":[{\"@type\":\"Article\",\"@id\":\"https:\\\/\\\/akunq.net\\\/tr\\\/?p=25725#article\",\"isPartOf\":{\"@id\":\"https:\\\/\\\/akunq.net\\\/tr\\\/?p=25725\"},\"author\":{\"name\":\"admin\",\"@id\":\"https:\\\/\\\/akunq.net\\\/tr\\\/#\\\/schema\\\/person\\\/096f1d38a12cce57fb855b485ed24c9e\"},\"headline\":\"Belge&#8217;nin kaleminden edebiyatta &#8220;Ermeni Sorunu&#8221;\",\"datePublished\":\"2013-09-25T07:18:00+00:00\",\"mainEntityOfPage\":{\"@id\":\"https:\\\/\\\/akunq.net\\\/tr\\\/?p=25725\"},\"wordCount\":185,\"commentCount\":0,\"image\":{\"@id\":\"https:\\\/\\\/akunq.net\\\/tr\\\/?p=25725#primaryimage\"},\"thumbnailUrl\":\"http:\\\/\\\/akunq.net\\\/tr\\\/wp-content\\\/uploads\\\/2013\\\/09\\\/Edebiyatta-Ermeniler.jpg\",\"articleSection\":[\"Haberler\",\"Kitaplar-Ele\u015ftiriler\"],\"inLanguage\":\"en-US\",\"potentialAction\":[{\"@type\":\"CommentAction\",\"name\":\"Comment\",\"target\":[\"https:\\\/\\\/akunq.net\\\/tr\\\/?p=25725#respond\"]}]},{\"@type\":\"WebPage\",\"@id\":\"https:\\\/\\\/akunq.net\\\/tr\\\/?p=25725\",\"url\":\"https:\\\/\\\/akunq.net\\\/tr\\\/?p=25725\",\"name\":\"Belge'nin kaleminden edebiyatta \\\"Ermeni Sorunu\\\" - Bati Ermenistan Ve Bati Ermenileri Sorunlari Ara\u015ftirmalar Merkezi\",\"isPartOf\":{\"@id\":\"https:\\\/\\\/akunq.net\\\/tr\\\/#website\"},\"primaryImageOfPage\":{\"@id\":\"https:\\\/\\\/akunq.net\\\/tr\\\/?p=25725#primaryimage\"},\"image\":{\"@id\":\"https:\\\/\\\/akunq.net\\\/tr\\\/?p=25725#primaryimage\"},\"thumbnailUrl\":\"http:\\\/\\\/akunq.net\\\/tr\\\/wp-content\\\/uploads\\\/2013\\\/09\\\/Edebiyatta-Ermeniler.jpg\",\"datePublished\":\"2013-09-25T07:18:00+00:00\",\"author\":{\"@id\":\"https:\\\/\\\/akunq.net\\\/tr\\\/#\\\/schema\\\/person\\\/096f1d38a12cce57fb855b485ed24c9e\"},\"breadcrumb\":{\"@id\":\"https:\\\/\\\/akunq.net\\\/tr\\\/?p=25725#breadcrumb\"},\"inLanguage\":\"en-US\",\"potentialAction\":[{\"@type\":\"ReadAction\",\"target\":[\"https:\\\/\\\/akunq.net\\\/tr\\\/?p=25725\"]}]},{\"@type\":\"ImageObject\",\"inLanguage\":\"en-US\",\"@id\":\"https:\\\/\\\/akunq.net\\\/tr\\\/?p=25725#primaryimage\",\"url\":\"http:\\\/\\\/akunq.net\\\/tr\\\/wp-content\\\/uploads\\\/2013\\\/09\\\/Edebiyatta-Ermeniler.jpg\",\"contentUrl\":\"http:\\\/\\\/akunq.net\\\/tr\\\/wp-content\\\/uploads\\\/2013\\\/09\\\/Edebiyatta-Ermeniler.jpg\"},{\"@type\":\"BreadcrumbList\",\"@id\":\"https:\\\/\\\/akunq.net\\\/tr\\\/?p=25725#breadcrumb\",\"itemListElement\":[{\"@type\":\"ListItem\",\"position\":1,\"name\":\"Home\",\"item\":\"https:\\\/\\\/akunq.net\\\/tr\"},{\"@type\":\"ListItem\",\"position\":2,\"name\":\"Belge&#8217;nin kaleminden edebiyatta &#8220;Ermeni Sorunu&#8221;\"}]},{\"@type\":\"WebSite\",\"@id\":\"https:\\\/\\\/akunq.net\\\/tr\\\/#website\",\"url\":\"https:\\\/\\\/akunq.net\\\/tr\\\/\",\"name\":\"Bati Ermenistan Ve Bati Ermenileri Sorunlari Ara\u015ftirmalar Merkezi\",\"description\":\"\",\"potentialAction\":[{\"@type\":\"SearchAction\",\"target\":{\"@type\":\"EntryPoint\",\"urlTemplate\":\"https:\\\/\\\/akunq.net\\\/tr\\\/?s={search_term_string}\"},\"query-input\":{\"@type\":\"PropertyValueSpecification\",\"valueRequired\":true,\"valueName\":\"search_term_string\"}}],\"inLanguage\":\"en-US\"},{\"@type\":\"Person\",\"@id\":\"https:\\\/\\\/akunq.net\\\/tr\\\/#\\\/schema\\\/person\\\/096f1d38a12cce57fb855b485ed24c9e\",\"name\":\"admin\",\"url\":\"https:\\\/\\\/akunq.net\\\/tr\\\/?author=7\"}]}<\/script>\n<!-- \/ Yoast SEO plugin. -->","yoast_head_json":{"title":"Belge'nin kaleminden edebiyatta \"Ermeni Sorunu\" - Bati Ermenistan Ve Bati Ermenileri Sorunlari Ara\u015ftirmalar Merkezi","robots":{"index":"index","follow":"follow","max-snippet":"max-snippet:-1","max-image-preview":"max-image-preview:large","max-video-preview":"max-video-preview:-1"},"canonical":"https:\/\/akunq.net\/tr\/?p=25725","og_locale":"en_US","og_type":"article","og_title":"Belge'nin kaleminden edebiyatta \"Ermeni Sorunu\" - Bati Ermenistan Ve Bati Ermenileri Sorunlari Ara\u015ftirmalar Merkezi","og_description":"Murat Belge, \u0130leti\u015fim Yay\u0131nlar\u0131\u2019ndan \u00e7\u0131kan \u201cEdebiyatta Ermeniler\u201d kitab\u0131nda &#8220;Ermeni Sorunu&#8221;nu, etik, tarihi, psikolojik ve sosyolojik a\u00e7\u0131dan inceliyor. Edebiyat tarih\u00e7isi, yazar Murat Belge, \u0130leti\u015fim Yay\u0131nlar\u0131&#8217;ndan \u00e7\u0131kan \u201cEdebiyatta Ermeniler\u201d kitab\u0131nda bir hayat ele\u015ftirisi olarak tan\u0131mlad\u0131\u011f\u0131 edebiyatta &#8220;Ermeni Sorunu&#8221;nu, etik, tarihi, psikolojik ve sosyolojik a\u00e7\u0131dan inceliyor. Belge\u2019nin, Birikim dergisindeki yaz\u0131lar\u0131n\u0131 birle\u015ftirdi\u011fi kitab\u0131nda m\u00fclkiyet ve burjuvazi sorunlar\u0131 ile yabanc\u0131 [&hellip;]","og_url":"https:\/\/akunq.net\/tr\/?p=25725","og_site_name":"Bati Ermenistan Ve Bati Ermenileri Sorunlari Ara\u015ftirmalar Merkezi","article_published_time":"2013-09-25T07:18:00+00:00","og_image":[{"url":"http:\/\/akunq.net\/tr\/wp-content\/uploads\/2013\/09\/Edebiyatta-Ermeniler.jpg","type":"","width":"","height":""}],"author":"admin","twitter_card":"summary_large_image","twitter_misc":{"Written by":"admin","Est. reading time":"1 minute"},"schema":{"@context":"https:\/\/schema.org","@graph":[{"@type":"Article","@id":"https:\/\/akunq.net\/tr\/?p=25725#article","isPartOf":{"@id":"https:\/\/akunq.net\/tr\/?p=25725"},"author":{"name":"admin","@id":"https:\/\/akunq.net\/tr\/#\/schema\/person\/096f1d38a12cce57fb855b485ed24c9e"},"headline":"Belge&#8217;nin kaleminden edebiyatta &#8220;Ermeni Sorunu&#8221;","datePublished":"2013-09-25T07:18:00+00:00","mainEntityOfPage":{"@id":"https:\/\/akunq.net\/tr\/?p=25725"},"wordCount":185,"commentCount":0,"image":{"@id":"https:\/\/akunq.net\/tr\/?p=25725#primaryimage"},"thumbnailUrl":"http:\/\/akunq.net\/tr\/wp-content\/uploads\/2013\/09\/Edebiyatta-Ermeniler.jpg","articleSection":["Haberler","Kitaplar-Ele\u015ftiriler"],"inLanguage":"en-US","potentialAction":[{"@type":"CommentAction","name":"Comment","target":["https:\/\/akunq.net\/tr\/?p=25725#respond"]}]},{"@type":"WebPage","@id":"https:\/\/akunq.net\/tr\/?p=25725","url":"https:\/\/akunq.net\/tr\/?p=25725","name":"Belge'nin kaleminden edebiyatta \"Ermeni Sorunu\" - Bati Ermenistan Ve Bati Ermenileri Sorunlari Ara\u015ftirmalar Merkezi","isPartOf":{"@id":"https:\/\/akunq.net\/tr\/#website"},"primaryImageOfPage":{"@id":"https:\/\/akunq.net\/tr\/?p=25725#primaryimage"},"image":{"@id":"https:\/\/akunq.net\/tr\/?p=25725#primaryimage"},"thumbnailUrl":"http:\/\/akunq.net\/tr\/wp-content\/uploads\/2013\/09\/Edebiyatta-Ermeniler.jpg","datePublished":"2013-09-25T07:18:00+00:00","author":{"@id":"https:\/\/akunq.net\/tr\/#\/schema\/person\/096f1d38a12cce57fb855b485ed24c9e"},"breadcrumb":{"@id":"https:\/\/akunq.net\/tr\/?p=25725#breadcrumb"},"inLanguage":"en-US","potentialAction":[{"@type":"ReadAction","target":["https:\/\/akunq.net\/tr\/?p=25725"]}]},{"@type":"ImageObject","inLanguage":"en-US","@id":"https:\/\/akunq.net\/tr\/?p=25725#primaryimage","url":"http:\/\/akunq.net\/tr\/wp-content\/uploads\/2013\/09\/Edebiyatta-Ermeniler.jpg","contentUrl":"http:\/\/akunq.net\/tr\/wp-content\/uploads\/2013\/09\/Edebiyatta-Ermeniler.jpg"},{"@type":"BreadcrumbList","@id":"https:\/\/akunq.net\/tr\/?p=25725#breadcrumb","itemListElement":[{"@type":"ListItem","position":1,"name":"Home","item":"https:\/\/akunq.net\/tr"},{"@type":"ListItem","position":2,"name":"Belge&#8217;nin kaleminden edebiyatta &#8220;Ermeni Sorunu&#8221;"}]},{"@type":"WebSite","@id":"https:\/\/akunq.net\/tr\/#website","url":"https:\/\/akunq.net\/tr\/","name":"Bati Ermenistan Ve Bati Ermenileri Sorunlari Ara\u015ftirmalar Merkezi","description":"","potentialAction":[{"@type":"SearchAction","target":{"@type":"EntryPoint","urlTemplate":"https:\/\/akunq.net\/tr\/?s={search_term_string}"},"query-input":{"@type":"PropertyValueSpecification","valueRequired":true,"valueName":"search_term_string"}}],"inLanguage":"en-US"},{"@type":"Person","@id":"https:\/\/akunq.net\/tr\/#\/schema\/person\/096f1d38a12cce57fb855b485ed24c9e","name":"admin","url":"https:\/\/akunq.net\/tr\/?author=7"}]}},"_links":{"self":[{"href":"https:\/\/akunq.net\/tr\/index.php?rest_route=\/wp\/v2\/posts\/25725","targetHints":{"allow":["GET"]}}],"collection":[{"href":"https:\/\/akunq.net\/tr\/index.php?rest_route=\/wp\/v2\/posts"}],"about":[{"href":"https:\/\/akunq.net\/tr\/index.php?rest_route=\/wp\/v2\/types\/post"}],"author":[{"embeddable":true,"href":"https:\/\/akunq.net\/tr\/index.php?rest_route=\/wp\/v2\/users\/7"}],"replies":[{"embeddable":true,"href":"https:\/\/akunq.net\/tr\/index.php?rest_route=%2Fwp%2Fv2%2Fcomments&post=25725"}],"version-history":[{"count":1,"href":"https:\/\/akunq.net\/tr\/index.php?rest_route=\/wp\/v2\/posts\/25725\/revisions"}],"predecessor-version":[{"id":25727,"href":"https:\/\/akunq.net\/tr\/index.php?rest_route=\/wp\/v2\/posts\/25725\/revisions\/25727"}],"wp:attachment":[{"href":"https:\/\/akunq.net\/tr\/index.php?rest_route=%2Fwp%2Fv2%2Fmedia&parent=25725"}],"wp:term":[{"taxonomy":"category","embeddable":true,"href":"https:\/\/akunq.net\/tr\/index.php?rest_route=%2Fwp%2Fv2%2Fcategories&post=25725"},{"taxonomy":"post_tag","embeddable":true,"href":"https:\/\/akunq.net\/tr\/index.php?rest_route=%2Fwp%2Fv2%2Ftags&post=25725"}],"curies":[{"name":"wp","href":"https:\/\/api.w.org\/{rel}","templated":true}]}}