{"id":25713,"date":"2013-09-25T01:32:24","date_gmt":"2013-09-25T06:32:24","guid":{"rendered":"http:\/\/akunq.net\/tr\/?p=25713"},"modified":"2013-09-25T01:32:56","modified_gmt":"2013-09-25T06:32:56","slug":"azinlik-vakiflariyla-ilgili-bilgisi-belgesi-olmayan-muracaatlari-reddediyoruz","status":"publish","type":"post","link":"https:\/\/akunq.net\/tr\/?p=25713","title":{"rendered":"&#8216;Az\u0131nl\u0131k vak\u0131flar\u0131yla ilgili bilgisi belgesi olmayan m\u00fcracaatlar\u0131 reddediyoruz&#8217;"},"content":{"rendered":"<p style=\"text-align: justify;\"><a href=\"http:\/\/akunq.net\/tr\/wp-content\/uploads\/2013\/09\/Adnan-Ertem.jpg\"><img loading=\"lazy\" decoding=\"async\" class=\"alignright size-full wp-image-25714\" alt=\"Adnan Ertem\" src=\"http:\/\/akunq.net\/tr\/wp-content\/uploads\/2013\/09\/Adnan-Ertem.jpg\" width=\"296\" height=\"218\" \/><\/a>Vak\u0131flar Genel M\u00fcd\u00fcr\u00fc Adnan Ertem, az\u0131nl\u0131k vak\u0131flar\u0131na ait mallar\u0131n\u0131n iadesi i\u00e7in yap\u0131lan ba\u015fvurulara neden iptal karar\u0131 verdikleri hakk\u0131nda a\u00e7\u0131klamalarda bulundu. Adnan Ertem, az\u0131nl\u0131k vak\u0131flar\u0131yla ilgili hi\u00e7bir bilgi ve belge olmadan 600 civar\u0131nda m\u00fcracaat yapt\u0131\u011f\u0131n\u0131 belirterek, &#8220;Az\u0131nl\u0131k vak\u0131flar\u0131 bize &#8216;\u015fu yer bizim&#8217; desinler, onlar\u0131n tapu bilgilerine biz ula\u015f\u0131r\u0131z. Tapu bilgilerine ula\u015ft\u0131ktan sonra, hik\u00e2yelerine ula\u015f\u0131r\u0131z, ama daha \u00f6nceki gibi, hi\u00e7bir bilgi ve belgesi olmayan m\u00fcracaatlar yap\u0131ld\u0131. Biz, ister istemez bu talepleri reddetmek zorunda kald\u0131k. Bundan dolay\u0131, \u015fimdi &#8216;Biz m\u00fcracaat ediyoruz, olumsuz kararlar \u00e7\u0131k\u0131yor.&#8217; gibi bir alg\u0131lama olu\u015fturuldu. Bu yanl\u0131\u015f, olu\u015fan bu alg\u0131n\u0131n d\u00fczelmesi laz\u0131m.&#8221; dedi.<\/p>\n<p style=\"text-align: justify;\">Adnan Ertem, Cihan Haber Ajans\u0131(Cihan)&#8217;na verdi\u011fi m\u00fclakatta \u00f6nemli a\u00e7\u0131klamalarda bulundu.<\/p>\n<p style=\"text-align: justify;\">Ertem, konu\u015fmas\u0131nda az\u0131nl\u0131k mallar\u0131n\u0131n iade edilmesi ile ilgili yap\u0131lan ba\u015fvurular\u0131n &#8216;Vak\u0131flar Genel M\u00fcd\u00fcrl\u00fc\u011f\u00fc&#8217;nce iptal edildi\u011fi&#8217; ele\u015ftirilerine cevap verdi. Ertem, T\u00fcrkiye&#8217;nin de\u011fi\u015fik b\u00f6lgelerindeki bin 560 az\u0131nl\u0131k vakf\u0131na ait mal\u0131n geri verilmesi ile ilgili m\u00fcracaat oldu\u011funu s\u00f6yledi. Ba\u015fvurulardaki iptal i\u015flemleri ile alakal\u0131 kendilerine y\u00fcklenilen yanl\u0131\u015f anla\u015f\u0131lman\u0131n oldu\u011funu ifade eden Ertem, ge\u00e7mi\u015fte de az\u0131nl\u0131k vak\u0131flar\u0131n\u0131n benzer ba\u015fvurularda bulundu\u011funu ve gene &#8216;iptal karar\u0131&#8217; vermek zorunda kald\u0131klar\u0131n\u0131 da hat\u0131rlatt\u0131.<\/p>\n<p style=\"text-align: justify;\">Bunun i\u00e7in vak\u0131flar\u0131 ba\u015fvurular\u0131ndan \u00f6nce; &#8220;Ne olur, ayn\u0131 \u015fekilde bize m\u00fcracaat etmeyin. Elinizde belgeli ve bilgisi olan mallarla ilgili m\u00fcracaat edin.&#8217; diye uyard\u0131klar\u0131n\u0131 ifade eden Ertem, kendilerine yap\u0131lan yanl\u0131\u015f bir ba\u015fvuru ile alakal\u0131 da \u015fu \u00f6rne\u011fi payla\u015ft\u0131: &#8220;Bize, &#8216;K\u00fctahya&#8217;daki dairenin teslimi&#8230;&#8217; diye ba\u015fvuru yap\u0131ld\u0131. &#8216;K\u00fctahya&#8217;daki daire.&#8217; dedi\u011finiz zaman, bunu verilebilme imk\u00e2n\u0131m\u0131z nas\u0131l olacak? Ne tapusu, ne adresi, ne de bilgisi var. Hi\u00e7bir bir bilgi yok. B\u0131rak\u0131n bize daire demeyi, bizim b\u00f6lge m\u00fcd\u00fcrl\u00fcklerimiz var. G\u00f6t\u00fcrs\u00fcnler bize &#8216;\u015fu yer bizim&#8217; desinler. B\u00f6yle denildi\u011finde, biz onun tapu bilgilerine ula\u015fma imk\u00e2n\u0131m\u0131z var. Tapu bilgilerine ula\u015ft\u0131ktan sonra, hik\u00e2yelerine ula\u015f\u0131r\u0131z.&#8221;<\/p>\n<p style=\"text-align: justify;\">Daha \u00f6nce yap\u0131lan hatalara benzer, hatalar\u0131n gene tekerr\u00fcr etti\u011fini de anlatan Ertem, &#8220;Hi\u00e7bir bilgi ve belgesi olmayan 600 civar\u0131nda m\u00fcracaat yap\u0131ld\u0131. Biz, ister istemez reddetmek zorunda kald\u0131k. Bundan dolay\u0131, \u015fimdi &#8216;Biz m\u00fcracaat ediyoruz, olumsuz kararlar \u00e7\u0131k\u0131yor.&#8217; gibi bir alg\u0131lama olu\u015fturuldu.&#8221; diye konu\u015ftu.<\/p>\n<p style=\"text-align: justify;\"><b>&#8220;AZINLIKLAR B\u0130LG\u0130 VERS\u0130NLER, BELGLER\u0130N\u0130 B\u0130Z TAMAMLAYALIM&#8221;<br \/>\n<\/b>Ertem, Vakf\u0131lar Genel M\u00fcd\u00fcrl\u00fc\u011f\u00fc&#8217;n\u00fcn izah\u0131 kar\u015f\u0131s\u0131nda, az\u0131nl\u0131k vak\u0131flar\u0131n\u0131n, &#8220;B\u00fct\u00fcn bilgi ve belgenin devlette oldu\u011funu, bunu bildikleri halde bizden niye istiyor.&#8221; \u015feklindeki iddias\u0131na da \u015f\u00f6yle kar\u015f\u0131l\u0131k verdi: &#8220;Zaten, \u015fu andaki mevcut dosyalar\u0131n bir \u00e7o\u011funun ba\u015fvurusunu biz kendimiz sa\u011fl\u0131yoruz. Bilgilerini, belgelerini ilgili kurulu\u015flardan biz sa\u011fl\u0131yoruz. Ama bilgisi sabit olan yerlerle alakal\u0131 olan yerlere yap\u0131yoruz, bunu. Adres bilgisi ve tapu bilgisi verilmeyen bir mal\u0131n bilgi ve belgesini ben nas\u0131l tamamlayaca\u011f\u0131m? B\u00f6yle bir yanl\u0131\u015f alg\u0131lama var. Biz bunun i\u00e7in yer, s\u00f6ylemelerini, belge vermelerini istiyoruz. &#8216;\u015eu yer bizim.&#8217; desinler. \u0130\u015faret etsinler, bunlar\u0131 verirlerse biz zaten belgeleri kendimiz tamaml\u0131yoruz. Bunu da ne yaz\u0131k ki tamamlayam\u0131yorlar. Bundan dolay\u0131, olu\u015fan alg\u0131n\u0131n da d\u00fczelmesi laz\u0131m.&#8221;<\/p>\n<p style=\"text-align: justify;\"><b>&#8220;28 \u015eUBAT&#8217;DA KAPATILAN VAKIFLARLA \u0130LG\u0130L\u0130 M\u00dcRACAT VAR, \u0130ADELER \u0130LE \u0130LG\u0130L\u0130 S\u00dcRE\u00c7 HIZLANACAK&#8221;<\/b><br \/>\nErtem, 28 \u015eubat d\u00f6neminde kapat\u0131lan ve mallar\u0131na el konulan vak\u0131flar\u0131n m\u00fcracaatlar\u0131 hakk\u0131nda da bilgi verdi. 28 \u015eubat d\u00f6neminde kapat\u0131lan ve mallar\u0131na el konulan vak\u0131flarla ilgili kanunun Meclis kapat\u0131lmadan \u00f6nce \u00e7\u0131kar\u0131ld\u0131\u011f\u0131n\u0131 hat\u0131rlatan Ertem, bu kanundaki h\u00fck\u00fcmde, &#8220;Kapat\u0131lan vakf\u0131n kurucular\u0131ndan, ayn\u0131 adla gelirlerse, 3 ay i\u00e7inde bizim mallar\u0131n\u0131 iade etmemiz gerekiyor.&#8221; ifadesinin yer ald\u0131\u011f\u0131n\u0131 dile getirdi. Ertem, &#8220;Vakf\u0131 tekrar canland\u0131rmak istiyoruz.&#8221; diye kendilerine m\u00fcracaat edenlerin oldu\u011funu, fakat vak\u0131f kurma izninin mahkemelerce verildi\u011fini anlatt\u0131. Hen\u00fcz mahkemeden kendilerine bir karar\u0131n intikal etmedi\u011fini de bildiren Ertem, &#8220;Mahkemenin kurulu\u015f karar\u0131 \u00e7\u0131kt\u0131ktan sonra karar vermemiz gerekiyor. Hen\u00fcz konu taze. Meclis kapat\u0131lmadan \u00f6nce kanun \u00e7\u0131km\u0131\u015ft\u0131. Adli tatil de yeni bitti. Bundan sonra san\u0131yorum ki, burada s\u00fcre\u00e7 h\u0131zlanacak diye d\u00fc\u015f\u00fcn\u00fcyorum.&#8221; de\u011ferlendirmesinde bulundu.<\/p>\n<p style=\"text-align: justify;\"><b>&#8220;DEMOKRAT\u0130KLE\u015eME PAKET\u0130 A\u00c7IKLANDIKTAN SONRA G\u00d6R\u00dc\u015eLER\u0130M\u0130 \u0130FADE EDER\u0130M&#8221;<br \/>\n<\/b>AK Parti&#8217;nin demokratikle\u015fme ad\u0131mlar\u0131 \u00e7er\u00e7evesinde haz\u0131rlad\u0131\u011f\u0131 pakette, kamuoyuna yans\u0131yan az\u0131nl\u0131k mallar\u0131n\u0131n iadesini i\u00e7eren d\u00fczenleme hakk\u0131nda da konu\u015fan Ertem, demokratikle\u015fme paketinin i\u00e7eri\u011finden pek fazla haberdar olmad\u0131\u011f\u0131n\u0131, kendisinin de geli\u015fmeleri bas\u0131ndan takip etti\u011fini s\u00f6yledi. Az\u0131nl\u0131k mallar\u0131n\u0131n iadesi ile ilgili bir kanunun zaten var oldu\u011funu ve y\u00fcr\u00fcd\u00fc\u011f\u00fcn\u00fc dile getiren Ertem, &#8220;Yeni bir kanun \u00e7\u0131kar m\u0131 bilmiyorum. Haberlerde yer ald\u0131\u011f\u0131 itibar\u0131 ile daha koyula\u015ft\u0131r\u0131c\u0131 \u00e7al\u0131\u015fmalar\u0131n oldu\u011funu ifade ediliyor, i\u00e7erikte. Konu, a\u00e7\u0131klans\u0131n daha sonra g\u00f6r\u00fc\u015flerimi ifade ederim.&#8221;dedi.<\/p>\n<p style=\"text-align: justify;\"><b><i>http:\/\/www.timeturk.com\/tr\/2013\/09\/21\/azinlik-vakiflariyla-ilgili-bilgisi-belgesi-olmayan-muracaatlari-reddediyoruz.html<\/i><\/b><\/p>\n","protected":false},"excerpt":{"rendered":"<p>Vak\u0131flar Genel M\u00fcd\u00fcr\u00fc Adnan Ertem, az\u0131nl\u0131k vak\u0131flar\u0131na ait mallar\u0131n\u0131n iadesi i\u00e7in yap\u0131lan ba\u015fvurulara neden iptal karar\u0131 verdikleri hakk\u0131nda a\u00e7\u0131klamalarda bulundu. Adnan Ertem, az\u0131nl\u0131k vak\u0131flar\u0131yla ilgili hi\u00e7bir bilgi ve belge olmadan 600 civar\u0131nda m\u00fcracaat yapt\u0131\u011f\u0131n\u0131 belirterek, &#8220;Az\u0131nl\u0131k vak\u0131flar\u0131 bize &#8216;\u015fu yer bizim&#8217; desinler, onlar\u0131n tapu bilgilerine biz ula\u015f\u0131r\u0131z. Tapu bilgilerine ula\u015ft\u0131ktan sonra, hik\u00e2yelerine ula\u015f\u0131r\u0131z, ama daha [&hellip;]<\/p>\n","protected":false},"author":7,"featured_media":0,"comment_status":"open","ping_status":"open","sticky":false,"template":"","format":"standard","meta":{"footnotes":""},"categories":[1],"tags":[],"class_list":["post-25713","post","type-post","status-publish","format-standard","hentry","category-haberler"],"yoast_head":"<!-- This site is optimized with the Yoast SEO plugin v27.4 - https:\/\/yoast.com\/product\/yoast-seo-wordpress\/ -->\n<title>&#039;Az\u0131nl\u0131k vak\u0131flar\u0131yla ilgili bilgisi belgesi olmayan m\u00fcracaatlar\u0131 reddediyoruz&#039; - Bati Ermenistan Ve Bati Ermenileri Sorunlari Ara\u015ftirmalar Merkezi<\/title>\n<meta name=\"robots\" content=\"index, follow, max-snippet:-1, max-image-preview:large, max-video-preview:-1\" \/>\n<link rel=\"canonical\" href=\"https:\/\/akunq.net\/tr\/?p=25713\" \/>\n<meta property=\"og:locale\" content=\"en_US\" \/>\n<meta property=\"og:type\" content=\"article\" \/>\n<meta property=\"og:title\" content=\"&#039;Az\u0131nl\u0131k vak\u0131flar\u0131yla ilgili bilgisi belgesi olmayan m\u00fcracaatlar\u0131 reddediyoruz&#039; - Bati Ermenistan Ve Bati Ermenileri Sorunlari Ara\u015ftirmalar Merkezi\" \/>\n<meta property=\"og:description\" content=\"Vak\u0131flar Genel M\u00fcd\u00fcr\u00fc Adnan Ertem, az\u0131nl\u0131k vak\u0131flar\u0131na ait mallar\u0131n\u0131n iadesi i\u00e7in yap\u0131lan ba\u015fvurulara neden iptal karar\u0131 verdikleri hakk\u0131nda a\u00e7\u0131klamalarda bulundu. Adnan Ertem, az\u0131nl\u0131k vak\u0131flar\u0131yla ilgili hi\u00e7bir bilgi ve belge olmadan 600 civar\u0131nda m\u00fcracaat yapt\u0131\u011f\u0131n\u0131 belirterek, &#8220;Az\u0131nl\u0131k vak\u0131flar\u0131 bize &#8216;\u015fu yer bizim&#8217; desinler, onlar\u0131n tapu bilgilerine biz ula\u015f\u0131r\u0131z. Tapu bilgilerine ula\u015ft\u0131ktan sonra, hik\u00e2yelerine ula\u015f\u0131r\u0131z, ama daha [&hellip;]\" \/>\n<meta property=\"og:url\" content=\"https:\/\/akunq.net\/tr\/?p=25713\" \/>\n<meta property=\"og:site_name\" content=\"Bati Ermenistan Ve Bati Ermenileri Sorunlari Ara\u015ftirmalar Merkezi\" \/>\n<meta property=\"article:published_time\" content=\"2013-09-25T06:32:24+00:00\" \/>\n<meta property=\"article:modified_time\" content=\"2013-09-25T06:32:56+00:00\" \/>\n<meta property=\"og:image\" content=\"http:\/\/akunq.net\/tr\/wp-content\/uploads\/2013\/09\/Adnan-Ertem.jpg\" \/>\n<meta name=\"author\" content=\"admin\" \/>\n<meta name=\"twitter:card\" content=\"summary_large_image\" \/>\n<meta name=\"twitter:label1\" content=\"Written by\" \/>\n\t<meta name=\"twitter:data1\" content=\"admin\" \/>\n\t<meta name=\"twitter:label2\" content=\"Est. reading time\" \/>\n\t<meta name=\"twitter:data2\" content=\"5 minutes\" \/>\n<script type=\"application\/ld+json\" class=\"yoast-schema-graph\">{\"@context\":\"https:\\\/\\\/schema.org\",\"@graph\":[{\"@type\":\"Article\",\"@id\":\"https:\\\/\\\/akunq.net\\\/tr\\\/?p=25713#article\",\"isPartOf\":{\"@id\":\"https:\\\/\\\/akunq.net\\\/tr\\\/?p=25713\"},\"author\":{\"name\":\"admin\",\"@id\":\"https:\\\/\\\/akunq.net\\\/tr\\\/#\\\/schema\\\/person\\\/096f1d38a12cce57fb855b485ed24c9e\"},\"headline\":\"&#8216;Az\u0131nl\u0131k vak\u0131flar\u0131yla ilgili bilgisi belgesi olmayan m\u00fcracaatlar\u0131 reddediyoruz&#8217;\",\"datePublished\":\"2013-09-25T06:32:24+00:00\",\"dateModified\":\"2013-09-25T06:32:56+00:00\",\"mainEntityOfPage\":{\"@id\":\"https:\\\/\\\/akunq.net\\\/tr\\\/?p=25713\"},\"wordCount\":932,\"commentCount\":0,\"image\":{\"@id\":\"https:\\\/\\\/akunq.net\\\/tr\\\/?p=25713#primaryimage\"},\"thumbnailUrl\":\"http:\\\/\\\/akunq.net\\\/tr\\\/wp-content\\\/uploads\\\/2013\\\/09\\\/Adnan-Ertem.jpg\",\"articleSection\":[\"Haberler\"],\"inLanguage\":\"en-US\",\"potentialAction\":[{\"@type\":\"CommentAction\",\"name\":\"Comment\",\"target\":[\"https:\\\/\\\/akunq.net\\\/tr\\\/?p=25713#respond\"]}]},{\"@type\":\"WebPage\",\"@id\":\"https:\\\/\\\/akunq.net\\\/tr\\\/?p=25713\",\"url\":\"https:\\\/\\\/akunq.net\\\/tr\\\/?p=25713\",\"name\":\"'Az\u0131nl\u0131k vak\u0131flar\u0131yla ilgili bilgisi belgesi olmayan m\u00fcracaatlar\u0131 reddediyoruz' - Bati Ermenistan Ve Bati Ermenileri Sorunlari Ara\u015ftirmalar Merkezi\",\"isPartOf\":{\"@id\":\"https:\\\/\\\/akunq.net\\\/tr\\\/#website\"},\"primaryImageOfPage\":{\"@id\":\"https:\\\/\\\/akunq.net\\\/tr\\\/?p=25713#primaryimage\"},\"image\":{\"@id\":\"https:\\\/\\\/akunq.net\\\/tr\\\/?p=25713#primaryimage\"},\"thumbnailUrl\":\"http:\\\/\\\/akunq.net\\\/tr\\\/wp-content\\\/uploads\\\/2013\\\/09\\\/Adnan-Ertem.jpg\",\"datePublished\":\"2013-09-25T06:32:24+00:00\",\"dateModified\":\"2013-09-25T06:32:56+00:00\",\"author\":{\"@id\":\"https:\\\/\\\/akunq.net\\\/tr\\\/#\\\/schema\\\/person\\\/096f1d38a12cce57fb855b485ed24c9e\"},\"breadcrumb\":{\"@id\":\"https:\\\/\\\/akunq.net\\\/tr\\\/?p=25713#breadcrumb\"},\"inLanguage\":\"en-US\",\"potentialAction\":[{\"@type\":\"ReadAction\",\"target\":[\"https:\\\/\\\/akunq.net\\\/tr\\\/?p=25713\"]}]},{\"@type\":\"ImageObject\",\"inLanguage\":\"en-US\",\"@id\":\"https:\\\/\\\/akunq.net\\\/tr\\\/?p=25713#primaryimage\",\"url\":\"http:\\\/\\\/akunq.net\\\/tr\\\/wp-content\\\/uploads\\\/2013\\\/09\\\/Adnan-Ertem.jpg\",\"contentUrl\":\"http:\\\/\\\/akunq.net\\\/tr\\\/wp-content\\\/uploads\\\/2013\\\/09\\\/Adnan-Ertem.jpg\"},{\"@type\":\"BreadcrumbList\",\"@id\":\"https:\\\/\\\/akunq.net\\\/tr\\\/?p=25713#breadcrumb\",\"itemListElement\":[{\"@type\":\"ListItem\",\"position\":1,\"name\":\"Home\",\"item\":\"https:\\\/\\\/akunq.net\\\/tr\"},{\"@type\":\"ListItem\",\"position\":2,\"name\":\"&#8216;Az\u0131nl\u0131k vak\u0131flar\u0131yla ilgili bilgisi belgesi olmayan m\u00fcracaatlar\u0131 reddediyoruz&#8217;\"}]},{\"@type\":\"WebSite\",\"@id\":\"https:\\\/\\\/akunq.net\\\/tr\\\/#website\",\"url\":\"https:\\\/\\\/akunq.net\\\/tr\\\/\",\"name\":\"Bati Ermenistan Ve Bati Ermenileri Sorunlari Ara\u015ftirmalar Merkezi\",\"description\":\"\",\"potentialAction\":[{\"@type\":\"SearchAction\",\"target\":{\"@type\":\"EntryPoint\",\"urlTemplate\":\"https:\\\/\\\/akunq.net\\\/tr\\\/?s={search_term_string}\"},\"query-input\":{\"@type\":\"PropertyValueSpecification\",\"valueRequired\":true,\"valueName\":\"search_term_string\"}}],\"inLanguage\":\"en-US\"},{\"@type\":\"Person\",\"@id\":\"https:\\\/\\\/akunq.net\\\/tr\\\/#\\\/schema\\\/person\\\/096f1d38a12cce57fb855b485ed24c9e\",\"name\":\"admin\",\"url\":\"https:\\\/\\\/akunq.net\\\/tr\\\/?author=7\"}]}<\/script>\n<!-- \/ Yoast SEO plugin. -->","yoast_head_json":{"title":"'Az\u0131nl\u0131k vak\u0131flar\u0131yla ilgili bilgisi belgesi olmayan m\u00fcracaatlar\u0131 reddediyoruz' - Bati Ermenistan Ve Bati Ermenileri Sorunlari Ara\u015ftirmalar Merkezi","robots":{"index":"index","follow":"follow","max-snippet":"max-snippet:-1","max-image-preview":"max-image-preview:large","max-video-preview":"max-video-preview:-1"},"canonical":"https:\/\/akunq.net\/tr\/?p=25713","og_locale":"en_US","og_type":"article","og_title":"'Az\u0131nl\u0131k vak\u0131flar\u0131yla ilgili bilgisi belgesi olmayan m\u00fcracaatlar\u0131 reddediyoruz' - Bati Ermenistan Ve Bati Ermenileri Sorunlari Ara\u015ftirmalar Merkezi","og_description":"Vak\u0131flar Genel M\u00fcd\u00fcr\u00fc Adnan Ertem, az\u0131nl\u0131k vak\u0131flar\u0131na ait mallar\u0131n\u0131n iadesi i\u00e7in yap\u0131lan ba\u015fvurulara neden iptal karar\u0131 verdikleri hakk\u0131nda a\u00e7\u0131klamalarda bulundu. Adnan Ertem, az\u0131nl\u0131k vak\u0131flar\u0131yla ilgili hi\u00e7bir bilgi ve belge olmadan 600 civar\u0131nda m\u00fcracaat yapt\u0131\u011f\u0131n\u0131 belirterek, &#8220;Az\u0131nl\u0131k vak\u0131flar\u0131 bize &#8216;\u015fu yer bizim&#8217; desinler, onlar\u0131n tapu bilgilerine biz ula\u015f\u0131r\u0131z. Tapu bilgilerine ula\u015ft\u0131ktan sonra, hik\u00e2yelerine ula\u015f\u0131r\u0131z, ama daha [&hellip;]","og_url":"https:\/\/akunq.net\/tr\/?p=25713","og_site_name":"Bati Ermenistan Ve Bati Ermenileri Sorunlari Ara\u015ftirmalar Merkezi","article_published_time":"2013-09-25T06:32:24+00:00","article_modified_time":"2013-09-25T06:32:56+00:00","og_image":[{"url":"http:\/\/akunq.net\/tr\/wp-content\/uploads\/2013\/09\/Adnan-Ertem.jpg","type":"","width":"","height":""}],"author":"admin","twitter_card":"summary_large_image","twitter_misc":{"Written by":"admin","Est. reading time":"5 minutes"},"schema":{"@context":"https:\/\/schema.org","@graph":[{"@type":"Article","@id":"https:\/\/akunq.net\/tr\/?p=25713#article","isPartOf":{"@id":"https:\/\/akunq.net\/tr\/?p=25713"},"author":{"name":"admin","@id":"https:\/\/akunq.net\/tr\/#\/schema\/person\/096f1d38a12cce57fb855b485ed24c9e"},"headline":"&#8216;Az\u0131nl\u0131k vak\u0131flar\u0131yla ilgili bilgisi belgesi olmayan m\u00fcracaatlar\u0131 reddediyoruz&#8217;","datePublished":"2013-09-25T06:32:24+00:00","dateModified":"2013-09-25T06:32:56+00:00","mainEntityOfPage":{"@id":"https:\/\/akunq.net\/tr\/?p=25713"},"wordCount":932,"commentCount":0,"image":{"@id":"https:\/\/akunq.net\/tr\/?p=25713#primaryimage"},"thumbnailUrl":"http:\/\/akunq.net\/tr\/wp-content\/uploads\/2013\/09\/Adnan-Ertem.jpg","articleSection":["Haberler"],"inLanguage":"en-US","potentialAction":[{"@type":"CommentAction","name":"Comment","target":["https:\/\/akunq.net\/tr\/?p=25713#respond"]}]},{"@type":"WebPage","@id":"https:\/\/akunq.net\/tr\/?p=25713","url":"https:\/\/akunq.net\/tr\/?p=25713","name":"'Az\u0131nl\u0131k vak\u0131flar\u0131yla ilgili bilgisi belgesi olmayan m\u00fcracaatlar\u0131 reddediyoruz' - Bati Ermenistan Ve Bati Ermenileri Sorunlari Ara\u015ftirmalar Merkezi","isPartOf":{"@id":"https:\/\/akunq.net\/tr\/#website"},"primaryImageOfPage":{"@id":"https:\/\/akunq.net\/tr\/?p=25713#primaryimage"},"image":{"@id":"https:\/\/akunq.net\/tr\/?p=25713#primaryimage"},"thumbnailUrl":"http:\/\/akunq.net\/tr\/wp-content\/uploads\/2013\/09\/Adnan-Ertem.jpg","datePublished":"2013-09-25T06:32:24+00:00","dateModified":"2013-09-25T06:32:56+00:00","author":{"@id":"https:\/\/akunq.net\/tr\/#\/schema\/person\/096f1d38a12cce57fb855b485ed24c9e"},"breadcrumb":{"@id":"https:\/\/akunq.net\/tr\/?p=25713#breadcrumb"},"inLanguage":"en-US","potentialAction":[{"@type":"ReadAction","target":["https:\/\/akunq.net\/tr\/?p=25713"]}]},{"@type":"ImageObject","inLanguage":"en-US","@id":"https:\/\/akunq.net\/tr\/?p=25713#primaryimage","url":"http:\/\/akunq.net\/tr\/wp-content\/uploads\/2013\/09\/Adnan-Ertem.jpg","contentUrl":"http:\/\/akunq.net\/tr\/wp-content\/uploads\/2013\/09\/Adnan-Ertem.jpg"},{"@type":"BreadcrumbList","@id":"https:\/\/akunq.net\/tr\/?p=25713#breadcrumb","itemListElement":[{"@type":"ListItem","position":1,"name":"Home","item":"https:\/\/akunq.net\/tr"},{"@type":"ListItem","position":2,"name":"&#8216;Az\u0131nl\u0131k vak\u0131flar\u0131yla ilgili bilgisi belgesi olmayan m\u00fcracaatlar\u0131 reddediyoruz&#8217;"}]},{"@type":"WebSite","@id":"https:\/\/akunq.net\/tr\/#website","url":"https:\/\/akunq.net\/tr\/","name":"Bati Ermenistan Ve Bati Ermenileri Sorunlari Ara\u015ftirmalar Merkezi","description":"","potentialAction":[{"@type":"SearchAction","target":{"@type":"EntryPoint","urlTemplate":"https:\/\/akunq.net\/tr\/?s={search_term_string}"},"query-input":{"@type":"PropertyValueSpecification","valueRequired":true,"valueName":"search_term_string"}}],"inLanguage":"en-US"},{"@type":"Person","@id":"https:\/\/akunq.net\/tr\/#\/schema\/person\/096f1d38a12cce57fb855b485ed24c9e","name":"admin","url":"https:\/\/akunq.net\/tr\/?author=7"}]}},"_links":{"self":[{"href":"https:\/\/akunq.net\/tr\/index.php?rest_route=\/wp\/v2\/posts\/25713","targetHints":{"allow":["GET"]}}],"collection":[{"href":"https:\/\/akunq.net\/tr\/index.php?rest_route=\/wp\/v2\/posts"}],"about":[{"href":"https:\/\/akunq.net\/tr\/index.php?rest_route=\/wp\/v2\/types\/post"}],"author":[{"embeddable":true,"href":"https:\/\/akunq.net\/tr\/index.php?rest_route=\/wp\/v2\/users\/7"}],"replies":[{"embeddable":true,"href":"https:\/\/akunq.net\/tr\/index.php?rest_route=%2Fwp%2Fv2%2Fcomments&post=25713"}],"version-history":[{"count":2,"href":"https:\/\/akunq.net\/tr\/index.php?rest_route=\/wp\/v2\/posts\/25713\/revisions"}],"predecessor-version":[{"id":25716,"href":"https:\/\/akunq.net\/tr\/index.php?rest_route=\/wp\/v2\/posts\/25713\/revisions\/25716"}],"wp:attachment":[{"href":"https:\/\/akunq.net\/tr\/index.php?rest_route=%2Fwp%2Fv2%2Fmedia&parent=25713"}],"wp:term":[{"taxonomy":"category","embeddable":true,"href":"https:\/\/akunq.net\/tr\/index.php?rest_route=%2Fwp%2Fv2%2Fcategories&post=25713"},{"taxonomy":"post_tag","embeddable":true,"href":"https:\/\/akunq.net\/tr\/index.php?rest_route=%2Fwp%2Fv2%2Ftags&post=25713"}],"curies":[{"name":"wp","href":"https:\/\/api.w.org\/{rel}","templated":true}]}}