{"id":25700,"date":"2013-09-24T01:50:48","date_gmt":"2013-09-24T06:50:48","guid":{"rendered":"http:\/\/akunq.net\/tr\/?p=25700"},"modified":"2013-09-24T01:51:06","modified_gmt":"2013-09-24T06:51:06","slug":"basepiskopos-sahan-sivaciyan-vefat-etti","status":"publish","type":"post","link":"https:\/\/akunq.net\/tr\/?p=25700","title":{"rendered":"Ba\u015fepiskopos \u015eahan S\u0131vac\u0131yan Vefat Etti"},"content":{"rendered":"<p style=\"text-align: justify;\"><a href=\"http:\/\/akunq.net\/tr\/wp-content\/uploads\/2013\/09\/\u015eahan-S\u0131vac\u0131yan.jpg\"><img loading=\"lazy\" decoding=\"async\" class=\"alignright size-medium wp-image-25701\" alt=\"\u015eahan S\u0131vac\u0131yan\" src=\"http:\/\/akunq.net\/tr\/wp-content\/uploads\/2013\/09\/\u015eahan-S\u0131vac\u0131yan-300x225.jpg\" width=\"300\" height=\"225\" srcset=\"https:\/\/akunq.net\/tr\/wp-content\/uploads\/sites\/6\/2013\/09\/\u015eahan-S\u0131vac\u0131yan-300x225.jpg 300w, https:\/\/akunq.net\/tr\/wp-content\/uploads\/sites\/6\/2013\/09\/\u015eahan-S\u0131vac\u0131yan-600x450.jpg 600w, https:\/\/akunq.net\/tr\/wp-content\/uploads\/sites\/6\/2013\/09\/\u015eahan-S\u0131vac\u0131yan.jpg 1024w\" sizes=\"auto, (max-width: 300px) 100vw, 300px\" \/><\/a>Ermeni Kilisesi\u2019ne 60 y\u0131l hizmet eden, Kud\u00fcs Ermeni Patrikli\u011fi ruhban\u0131 olarak Yafa ve Hayfa\u2019daki Ermeni cemaatlerinin eski ruhani g\u00f6revlisi, \u00dcsk\u00fcdar\u2019daki Surp Ha\u00e7 Lisesi\u2019nin eski g\u00f6zetmeni, Ruhani Meclis\u2019in eski ba\u015fkan\u0131 ve Patrik Vekili, e\u011fitimci, kiliselerimizin vaizi, Ermeni Kilisesi\u2019nin en k\u0131demli din g\u00f6revlisi, Ba\u015fepiskopos \u015eahan S\u0131vac\u0131yan, Surp P\u0131rgi\u00e7 Ermeni Hastanesi\u2019nde, 23 Eyl\u00fcl 2013, Pazartesi sabah\u0131, uzun s\u00fcren hastal\u0131\u011f\u0131 sonunda vefat etti.\u00a0<\/p>\n<p style=\"text-align: justify;\">M\u00fcteveffa Ba\u015fepiskopos \u015eahan S\u0131vac\u0131yan\u2019\u0131n cenaze t\u00f6reni ve son takdisi, \u00dcsk\u00fcdar\u2019daki Surp Ha\u00e7 Kilisesi\u2019nde, 1 Ekim 2013, Sal\u0131, saat 10.30\u2019da sunulacak Kutsal Sofra ile ger\u00e7ekle\u015fecektir. Ba\u015fepiskopos \u015eahan, daha sonra \u00dcsk\u00fcdar\u2019daki aile mezarl\u0131\u011f\u0131na defnedilecektir.\u00a0<\/p>\n<p style=\"text-align: justify;\">Tanr\u0131, Kilisesi\u2019nin hizmetk\u00e2r\u0131n\u0131n ruhunu ayd\u0131nlats\u0131n, kilisemizin evlatlar\u0131na sab\u0131r versin ve kilise i\u00e7in yeni hizmetk\u00e2rlar \u00e7\u0131kars\u0131n.<\/p>\n<p style=\"text-align: justify;\"><b><i>T\u00dcRK\u0130YE ERMEN\u0130LER\u0130 PATR\u0130KL\u0130\u011e\u0130 <\/i><\/b><\/p>\n<p style=\"text-align: justify;\"><b><i>http:\/\/hyetert.blogspot.com\/2013\/09\/basepiskopos-sahan-vefat-etti.html<\/i><\/b><\/p>\n","protected":false},"excerpt":{"rendered":"<p>Ermeni Kilisesi\u2019ne 60 y\u0131l hizmet eden, Kud\u00fcs Ermeni Patrikli\u011fi ruhban\u0131 olarak Yafa ve Hayfa\u2019daki Ermeni cemaatlerinin eski ruhani g\u00f6revlisi, \u00dcsk\u00fcdar\u2019daki Surp Ha\u00e7 Lisesi\u2019nin eski g\u00f6zetmeni, Ruhani Meclis\u2019in eski ba\u015fkan\u0131 ve Patrik Vekili, e\u011fitimci, kiliselerimizin vaizi, Ermeni Kilisesi\u2019nin en k\u0131demli din g\u00f6revlisi, Ba\u015fepiskopos \u015eahan S\u0131vac\u0131yan, Surp P\u0131rgi\u00e7 Ermeni Hastanesi\u2019nde, 23 Eyl\u00fcl 2013, Pazartesi sabah\u0131, uzun s\u00fcren [&hellip;]<\/p>\n","protected":false},"author":7,"featured_media":0,"comment_status":"open","ping_status":"open","sticky":false,"template":"","format":"standard","meta":{"footnotes":""},"categories":[1],"tags":[],"class_list":["post-25700","post","type-post","status-publish","format-standard","hentry","category-haberler"],"yoast_head":"<!-- This site is optimized with the Yoast SEO plugin v27.4 - https:\/\/yoast.com\/product\/yoast-seo-wordpress\/ -->\n<title>Ba\u015fepiskopos \u015eahan S\u0131vac\u0131yan Vefat Etti - Bati Ermenistan Ve Bati Ermenileri Sorunlari Ara\u015ftirmalar Merkezi<\/title>\n<meta name=\"robots\" content=\"index, follow, max-snippet:-1, max-image-preview:large, max-video-preview:-1\" \/>\n<link rel=\"canonical\" href=\"https:\/\/akunq.net\/tr\/?p=25700\" \/>\n<meta property=\"og:locale\" content=\"en_US\" \/>\n<meta property=\"og:type\" content=\"article\" \/>\n<meta property=\"og:title\" content=\"Ba\u015fepiskopos \u015eahan S\u0131vac\u0131yan Vefat Etti - Bati Ermenistan Ve Bati Ermenileri Sorunlari Ara\u015ftirmalar Merkezi\" \/>\n<meta property=\"og:description\" content=\"Ermeni Kilisesi\u2019ne 60 y\u0131l hizmet eden, Kud\u00fcs Ermeni Patrikli\u011fi ruhban\u0131 olarak Yafa ve Hayfa\u2019daki Ermeni cemaatlerinin eski ruhani g\u00f6revlisi, \u00dcsk\u00fcdar\u2019daki Surp Ha\u00e7 Lisesi\u2019nin eski g\u00f6zetmeni, Ruhani Meclis\u2019in eski ba\u015fkan\u0131 ve Patrik Vekili, e\u011fitimci, kiliselerimizin vaizi, Ermeni Kilisesi\u2019nin en k\u0131demli din g\u00f6revlisi, Ba\u015fepiskopos \u015eahan S\u0131vac\u0131yan, Surp P\u0131rgi\u00e7 Ermeni Hastanesi\u2019nde, 23 Eyl\u00fcl 2013, Pazartesi sabah\u0131, uzun s\u00fcren [&hellip;]\" \/>\n<meta property=\"og:url\" content=\"https:\/\/akunq.net\/tr\/?p=25700\" \/>\n<meta property=\"og:site_name\" content=\"Bati Ermenistan Ve Bati Ermenileri Sorunlari Ara\u015ftirmalar Merkezi\" \/>\n<meta property=\"article:published_time\" content=\"2013-09-24T06:50:48+00:00\" \/>\n<meta property=\"article:modified_time\" content=\"2013-09-24T06:51:06+00:00\" \/>\n<meta name=\"author\" content=\"admin\" \/>\n<meta name=\"twitter:card\" content=\"summary_large_image\" \/>\n<meta name=\"twitter:label1\" content=\"Written by\" \/>\n\t<meta name=\"twitter:data1\" content=\"admin\" \/>\n\t<meta name=\"twitter:label2\" content=\"Est. reading time\" \/>\n\t<meta name=\"twitter:data2\" content=\"1 minute\" \/>\n<script type=\"application\/ld+json\" class=\"yoast-schema-graph\">{\"@context\":\"https:\\\/\\\/schema.org\",\"@graph\":[{\"@type\":\"Article\",\"@id\":\"https:\\\/\\\/akunq.net\\\/tr\\\/?p=25700#article\",\"isPartOf\":{\"@id\":\"https:\\\/\\\/akunq.net\\\/tr\\\/?p=25700\"},\"author\":{\"name\":\"admin\",\"@id\":\"https:\\\/\\\/akunq.net\\\/tr\\\/#\\\/schema\\\/person\\\/096f1d38a12cce57fb855b485ed24c9e\"},\"headline\":\"Ba\u015fepiskopos \u015eahan S\u0131vac\u0131yan Vefat Etti\",\"datePublished\":\"2013-09-24T06:50:48+00:00\",\"dateModified\":\"2013-09-24T06:51:06+00:00\",\"mainEntityOfPage\":{\"@id\":\"https:\\\/\\\/akunq.net\\\/tr\\\/?p=25700\"},\"wordCount\":171,\"commentCount\":0,\"articleSection\":[\"Haberler\"],\"inLanguage\":\"en-US\",\"potentialAction\":[{\"@type\":\"CommentAction\",\"name\":\"Comment\",\"target\":[\"https:\\\/\\\/akunq.net\\\/tr\\\/?p=25700#respond\"]}]},{\"@type\":\"WebPage\",\"@id\":\"https:\\\/\\\/akunq.net\\\/tr\\\/?p=25700\",\"url\":\"https:\\\/\\\/akunq.net\\\/tr\\\/?p=25700\",\"name\":\"Ba\u015fepiskopos \u015eahan S\u0131vac\u0131yan Vefat Etti - Bati Ermenistan Ve Bati Ermenileri Sorunlari Ara\u015ftirmalar Merkezi\",\"isPartOf\":{\"@id\":\"https:\\\/\\\/akunq.net\\\/tr\\\/#website\"},\"datePublished\":\"2013-09-24T06:50:48+00:00\",\"dateModified\":\"2013-09-24T06:51:06+00:00\",\"author\":{\"@id\":\"https:\\\/\\\/akunq.net\\\/tr\\\/#\\\/schema\\\/person\\\/096f1d38a12cce57fb855b485ed24c9e\"},\"breadcrumb\":{\"@id\":\"https:\\\/\\\/akunq.net\\\/tr\\\/?p=25700#breadcrumb\"},\"inLanguage\":\"en-US\",\"potentialAction\":[{\"@type\":\"ReadAction\",\"target\":[\"https:\\\/\\\/akunq.net\\\/tr\\\/?p=25700\"]}]},{\"@type\":\"BreadcrumbList\",\"@id\":\"https:\\\/\\\/akunq.net\\\/tr\\\/?p=25700#breadcrumb\",\"itemListElement\":[{\"@type\":\"ListItem\",\"position\":1,\"name\":\"Home\",\"item\":\"https:\\\/\\\/akunq.net\\\/tr\"},{\"@type\":\"ListItem\",\"position\":2,\"name\":\"Ba\u015fepiskopos \u015eahan S\u0131vac\u0131yan Vefat Etti\"}]},{\"@type\":\"WebSite\",\"@id\":\"https:\\\/\\\/akunq.net\\\/tr\\\/#website\",\"url\":\"https:\\\/\\\/akunq.net\\\/tr\\\/\",\"name\":\"Bati Ermenistan Ve Bati Ermenileri Sorunlari Ara\u015ftirmalar Merkezi\",\"description\":\"\",\"potentialAction\":[{\"@type\":\"SearchAction\",\"target\":{\"@type\":\"EntryPoint\",\"urlTemplate\":\"https:\\\/\\\/akunq.net\\\/tr\\\/?s={search_term_string}\"},\"query-input\":{\"@type\":\"PropertyValueSpecification\",\"valueRequired\":true,\"valueName\":\"search_term_string\"}}],\"inLanguage\":\"en-US\"},{\"@type\":\"Person\",\"@id\":\"https:\\\/\\\/akunq.net\\\/tr\\\/#\\\/schema\\\/person\\\/096f1d38a12cce57fb855b485ed24c9e\",\"name\":\"admin\",\"url\":\"https:\\\/\\\/akunq.net\\\/tr\\\/?author=7\"}]}<\/script>\n<!-- \/ Yoast SEO plugin. -->","yoast_head_json":{"title":"Ba\u015fepiskopos \u015eahan S\u0131vac\u0131yan Vefat Etti - Bati Ermenistan Ve Bati Ermenileri Sorunlari Ara\u015ftirmalar Merkezi","robots":{"index":"index","follow":"follow","max-snippet":"max-snippet:-1","max-image-preview":"max-image-preview:large","max-video-preview":"max-video-preview:-1"},"canonical":"https:\/\/akunq.net\/tr\/?p=25700","og_locale":"en_US","og_type":"article","og_title":"Ba\u015fepiskopos \u015eahan S\u0131vac\u0131yan Vefat Etti - Bati Ermenistan Ve Bati Ermenileri Sorunlari Ara\u015ftirmalar Merkezi","og_description":"Ermeni Kilisesi\u2019ne 60 y\u0131l hizmet eden, Kud\u00fcs Ermeni Patrikli\u011fi ruhban\u0131 olarak Yafa ve Hayfa\u2019daki Ermeni cemaatlerinin eski ruhani g\u00f6revlisi, \u00dcsk\u00fcdar\u2019daki Surp Ha\u00e7 Lisesi\u2019nin eski g\u00f6zetmeni, Ruhani Meclis\u2019in eski ba\u015fkan\u0131 ve Patrik Vekili, e\u011fitimci, kiliselerimizin vaizi, Ermeni Kilisesi\u2019nin en k\u0131demli din g\u00f6revlisi, Ba\u015fepiskopos \u015eahan S\u0131vac\u0131yan, Surp P\u0131rgi\u00e7 Ermeni Hastanesi\u2019nde, 23 Eyl\u00fcl 2013, Pazartesi sabah\u0131, uzun s\u00fcren [&hellip;]","og_url":"https:\/\/akunq.net\/tr\/?p=25700","og_site_name":"Bati Ermenistan Ve Bati Ermenileri Sorunlari Ara\u015ftirmalar Merkezi","article_published_time":"2013-09-24T06:50:48+00:00","article_modified_time":"2013-09-24T06:51:06+00:00","author":"admin","twitter_card":"summary_large_image","twitter_misc":{"Written by":"admin","Est. reading time":"1 minute"},"schema":{"@context":"https:\/\/schema.org","@graph":[{"@type":"Article","@id":"https:\/\/akunq.net\/tr\/?p=25700#article","isPartOf":{"@id":"https:\/\/akunq.net\/tr\/?p=25700"},"author":{"name":"admin","@id":"https:\/\/akunq.net\/tr\/#\/schema\/person\/096f1d38a12cce57fb855b485ed24c9e"},"headline":"Ba\u015fepiskopos \u015eahan S\u0131vac\u0131yan Vefat Etti","datePublished":"2013-09-24T06:50:48+00:00","dateModified":"2013-09-24T06:51:06+00:00","mainEntityOfPage":{"@id":"https:\/\/akunq.net\/tr\/?p=25700"},"wordCount":171,"commentCount":0,"articleSection":["Haberler"],"inLanguage":"en-US","potentialAction":[{"@type":"CommentAction","name":"Comment","target":["https:\/\/akunq.net\/tr\/?p=25700#respond"]}]},{"@type":"WebPage","@id":"https:\/\/akunq.net\/tr\/?p=25700","url":"https:\/\/akunq.net\/tr\/?p=25700","name":"Ba\u015fepiskopos \u015eahan S\u0131vac\u0131yan Vefat Etti - Bati Ermenistan Ve Bati Ermenileri Sorunlari Ara\u015ftirmalar Merkezi","isPartOf":{"@id":"https:\/\/akunq.net\/tr\/#website"},"datePublished":"2013-09-24T06:50:48+00:00","dateModified":"2013-09-24T06:51:06+00:00","author":{"@id":"https:\/\/akunq.net\/tr\/#\/schema\/person\/096f1d38a12cce57fb855b485ed24c9e"},"breadcrumb":{"@id":"https:\/\/akunq.net\/tr\/?p=25700#breadcrumb"},"inLanguage":"en-US","potentialAction":[{"@type":"ReadAction","target":["https:\/\/akunq.net\/tr\/?p=25700"]}]},{"@type":"BreadcrumbList","@id":"https:\/\/akunq.net\/tr\/?p=25700#breadcrumb","itemListElement":[{"@type":"ListItem","position":1,"name":"Home","item":"https:\/\/akunq.net\/tr"},{"@type":"ListItem","position":2,"name":"Ba\u015fepiskopos \u015eahan S\u0131vac\u0131yan Vefat Etti"}]},{"@type":"WebSite","@id":"https:\/\/akunq.net\/tr\/#website","url":"https:\/\/akunq.net\/tr\/","name":"Bati Ermenistan Ve Bati Ermenileri Sorunlari Ara\u015ftirmalar Merkezi","description":"","potentialAction":[{"@type":"SearchAction","target":{"@type":"EntryPoint","urlTemplate":"https:\/\/akunq.net\/tr\/?s={search_term_string}"},"query-input":{"@type":"PropertyValueSpecification","valueRequired":true,"valueName":"search_term_string"}}],"inLanguage":"en-US"},{"@type":"Person","@id":"https:\/\/akunq.net\/tr\/#\/schema\/person\/096f1d38a12cce57fb855b485ed24c9e","name":"admin","url":"https:\/\/akunq.net\/tr\/?author=7"}]}},"_links":{"self":[{"href":"https:\/\/akunq.net\/tr\/index.php?rest_route=\/wp\/v2\/posts\/25700","targetHints":{"allow":["GET"]}}],"collection":[{"href":"https:\/\/akunq.net\/tr\/index.php?rest_route=\/wp\/v2\/posts"}],"about":[{"href":"https:\/\/akunq.net\/tr\/index.php?rest_route=\/wp\/v2\/types\/post"}],"author":[{"embeddable":true,"href":"https:\/\/akunq.net\/tr\/index.php?rest_route=\/wp\/v2\/users\/7"}],"replies":[{"embeddable":true,"href":"https:\/\/akunq.net\/tr\/index.php?rest_route=%2Fwp%2Fv2%2Fcomments&post=25700"}],"version-history":[{"count":1,"href":"https:\/\/akunq.net\/tr\/index.php?rest_route=\/wp\/v2\/posts\/25700\/revisions"}],"predecessor-version":[{"id":25702,"href":"https:\/\/akunq.net\/tr\/index.php?rest_route=\/wp\/v2\/posts\/25700\/revisions\/25702"}],"wp:attachment":[{"href":"https:\/\/akunq.net\/tr\/index.php?rest_route=%2Fwp%2Fv2%2Fmedia&parent=25700"}],"wp:term":[{"taxonomy":"category","embeddable":true,"href":"https:\/\/akunq.net\/tr\/index.php?rest_route=%2Fwp%2Fv2%2Fcategories&post=25700"},{"taxonomy":"post_tag","embeddable":true,"href":"https:\/\/akunq.net\/tr\/index.php?rest_route=%2Fwp%2Fv2%2Ftags&post=25700"}],"curies":[{"name":"wp","href":"https:\/\/api.w.org\/{rel}","templated":true}]}}