{"id":25692,"date":"2013-09-23T05:39:07","date_gmt":"2013-09-23T10:39:07","guid":{"rendered":"http:\/\/akunq.net\/tr\/?p=25692"},"modified":"2013-09-23T05:39:07","modified_gmt":"2013-09-23T10:39:07","slug":"yurtseverden-tarihi-fotograf-ve-belgeler-sergisi","status":"publish","type":"post","link":"https:\/\/akunq.net\/tr\/?p=25692","title":{"rendered":"Yurtsever&#8217;den Tarihi Foto\u011fraf ve Belgeler Sergisi"},"content":{"rendered":"<h2 style=\"text-align: justify;\"><i><a href=\"http:\/\/akunq.net\/tr\/wp-content\/uploads\/2013\/09\/Cezmi-Yurtsever.jpg\"><img loading=\"lazy\" decoding=\"async\" class=\"alignright size-medium wp-image-25693\" alt=\"Cezmi Yurtsever\" src=\"http:\/\/akunq.net\/tr\/wp-content\/uploads\/2013\/09\/Cezmi-Yurtsever-300x205.jpg\" width=\"300\" height=\"205\" srcset=\"https:\/\/akunq.net\/tr\/wp-content\/uploads\/sites\/6\/2013\/09\/Cezmi-Yurtsever-300x205.jpg 300w, https:\/\/akunq.net\/tr\/wp-content\/uploads\/sites\/6\/2013\/09\/Cezmi-Yurtsever.jpg 500w\" sizes=\"auto, (max-width: 300px) 100vw, 300px\" \/><\/a>Ara\u015ft\u0131rmac\u0131 Tarih\u00e7i Cezmi Yurtsever, Abd\u00fclhamit \u00c7iftli\u011fi&#8217;nin Frans\u0131zlara sat\u0131\u015f belgelerini \u0130mamo\u011flu&#8217;nda sergileyecek.<\/i><\/h2>\n<p style=\"text-align: justify;\">Ara\u015ft\u0131rmac\u0131 Tarih\u00e7i Cezmi Yurtsever, Abd\u00fclhamit \u00c7iftli\u011fi&#8217;nin Frans\u0131zlara sat\u0131\u015f belgelerini <a title=\"\u0130mamo\u011flu Haberleri\" href=\"http:\/\/www.haberler.com\/imamoglu\/\"><b>\u0130mamo\u011flu<\/b><\/a>&#8216;nda sergileyecek.<\/p>\n<p style=\"text-align: justify;\">Yurtsever, Osmanl\u0131 ve Frans\u0131z ar\u015fivlerinde yapt\u0131\u011f\u0131 ara\u015ft\u0131rmalar sonucu Osmanl\u0131 Padi\u015fah\u0131 2. Abd\u00fclhamit&#8217;in 1890&#8217;l\u0131 y\u0131llarda kurdu\u011fu <a title=\"\u00c7ukurova Haberleri\" href=\"http:\/\/www.haberler.com\/cukurova\/\"><b>\u00c7ukurova<\/b><\/a> Mercimek-Anavarza Devlet \u00c7iftli\u011fi&#8217;nin 1912 y\u0131l\u0131nda Frans\u0131z Lesseps \u015firketine sat\u0131\u015f\u0131 ile ilgili belgeleri <a title=\"\u0130mamo\u011flu Haberleri\" href=\"http:\/\/www.haberler.com\/imamoglu\/\"><b>\u0130mamo\u011flu<\/b><\/a>&#8216;nda 24-26 Eyl\u00fcl 2013 tarihlerinde a\u00e7aca\u011f\u0131 tarihi foto\u011fraflar ve belgeler sergisi ile halka tan\u0131taca\u011f\u0131n\u0131 belirtti.<\/p>\n<p style=\"text-align: justify;\">Osmanl\u0131 Padi\u015fah\u0131 2. Abd\u00fclhamit&#8217;in, 1880-85 y\u0131llar\u0131 aras\u0131nda <a title=\"D\u0131\u015fi\u015fleri Bakanl\u0131\u011f\u0131 Haberleri\" href=\"http:\/\/www.haberler.com\/disisleri-bakanligi\/\"><b>D\u0131\u015fi\u015fleri Bakanl\u0131\u011f\u0131<\/b><\/a> g\u00f6revinde bulunan <a title=\"Abidin Pa\u015fa Haberleri\" href=\"http:\/\/www.haberler.com\/abidin-pasa\/\"><b>Abidin Pa\u015fa<\/b><\/a>&#8216;y\u0131 <a title=\"Adana Haberleri\" href=\"http:\/\/www.haberler.com\/adana\/\"><b>Adana<\/b><\/a> Valisi olarak g\u00f6revlendirdi\u011fini belirten Yurtsever, &#8220;Abidin Pa\u015fa&#8217;n\u0131n &#8220;Yabanc\u0131lar ve onlarla i\u015fbirli\u011fi yapan Ermeni t\u00fcccarlar\u0131n <a title=\"\u00c7ukurova Haberleri\" href=\"http:\/\/www.haberler.com\/cukurova\/\"><b>\u00c7ukurova<\/b><\/a>&#8216;da arazi sat\u0131n alarak \u00e7iftlikler kurma \u00e7al\u0131\u015fmalar\u0131n\u0131n siyasi amac\u0131n\u0131n Kilikya <a title=\"Ermenistan Haberleri\" href=\"http:\/\/www.haberler.com\/ermenistan\/\"><b>Ermenistan<\/b><\/a> Devleti kurulmas\u0131 ile sonu\u00e7lanaca\u011f\u0131n\u0131n fark\u0131na vard\u0131. ve 1890&#8217;l\u0131 y\u0131llarda &#8220;Mercimek \u00c7iftlikat\u0131 H\u00fcmayunu&#8221; ad\u0131yla, \u015fimdi Ceyhan il\u00e7esi s\u0131n\u0131rlar\u0131 i\u00e7inde bulunan Mercimek K\u00f6y\u00fc merkezli olmak \u00fczere <a title=\"Kozan Haberleri\" href=\"http:\/\/www.haberler.com\/kozan\/\"><b>Kozan<\/b><\/a>, <a title=\"\u0130mamo\u011flu Haberleri\" href=\"http:\/\/www.haberler.com\/imamoglu\/\"><b>\u0130mamo\u011flu<\/b><\/a>, Ceyhan, <a title=\"Y\u00fcre\u011fir Haberleri\" href=\"http:\/\/www.haberler.com\/yuregir\/\"><b>Y\u00fcre\u011fir<\/b><\/a> il\u00e7eleri s\u0131n\u0131rlar\u0131 i\u00e7inde bulunan Ceyhan nehrine de yak\u0131n 1 milyon 100 bin d\u00f6n\u00fcm\u00fc bulan geni\u015f tar\u0131m arazisinin m\u00fclkiyetinin <a title=\"Ordu Haberleri\" href=\"http:\/\/www.haberler.com\/ordu\/\"><b>Ordu<\/b><\/a> ad\u0131na ve de devlet \u00e7iftli\u011fi olarak kabul edildi. \u00c7iftli\u011fin tapu belgeleri ve haritas\u0131 haz\u0131rland\u0131. \u00c7iftlik s\u0131n\u0131rlar\u0131 i\u00e7inde bulunan araziden devlet izni olmaks\u0131z\u0131n yabanc\u0131lar\u0131n toprak sat\u0131n almas\u0131na engeller getirildi&#8221; dedi.<\/p>\n<p style=\"text-align: justify;\"><b>PAD\u0130\u015eAH \u00c7\u0130FTL\u0130\u011e\u0130 FRANSIZLARA NEDEN SATILDI<\/b><\/p>\n<p style=\"text-align: justify;\">Osmanl\u0131 Ar\u015fivinde yapt\u0131\u011f\u0131 ara\u015ft\u0131rmalar s\u0131ras\u0131nda BOA, DH.\u0130D,D-66,G-27 no&#8217;lu dosya i\u00e7inde Padi\u015fah Abd\u00fclhamit&#8217;in <a title=\"\u00c7ukurova Haberleri\" href=\"http:\/\/www.haberler.com\/cukurova\/\"><b>\u00c7ukurova<\/b><\/a> \u00c7iftli\u011finin Frans\u0131z Lesseps firmas\u0131na 75 y\u0131l s\u00fcreyle i\u015fletme haklar\u0131n\u0131n sat\u0131lm\u0131\u015f oldu\u011fu hakk\u0131nda belgelere ula\u015ft\u0131\u011f\u0131n\u0131 kaydeden Yurtsever \u015f\u00f6yle devam etti:<\/p>\n<p style=\"text-align: justify;\">&#8220;Burada ilgin\u00e7 olan husus ise 1911-1912 y\u0131llar\u0131nda <a title=\"Fransa Haberleri\" href=\"http:\/\/www.haberler.com\/fransa\/\"><b>Fransa<\/b><\/a> H\u00fck\u00fcmeti&#8217;nin g\u00f6rev verdi\u011fi pamuk ara\u015ft\u0131rma uzmanlar\u0131n\u0131n <a title=\"Adana Haberleri\" href=\"http:\/\/www.haberler.com\/adana\/\"><b>Adana<\/b><\/a>&#8216;ya gelerek Padi\u015fah \u00c7iftli\u011fi arazisinde ara\u015ft\u0131rmalar yapmalar\u0131 ve <a title=\"Fransa Haberleri\" href=\"http:\/\/www.haberler.com\/fransa\/\"><b>Fransa<\/b><\/a>&#8216;n\u0131n bu arazileri kontrol etmesi gerekti\u011fi y\u00f6n\u00fcnde rapor haz\u0131rlam\u0131\u015f olduklar\u0131 ile ilgili dosyay\u0131 Frans\u0131z Milli Ar\u015fivinde buldum. Osmanl\u0131 Devleti&#8217;nin Balkan sava\u015flar\u0131 devam ederken a\u011f\u0131r ekonomik kriz ya\u015fad\u0131\u011f\u0131 bir zamanda ve 1912 y\u0131l\u0131 i\u00e7inde Padi\u015fah Abd\u00fclhamit&#8217;in <a title=\"\u00c7ukurova Haberleri\" href=\"http:\/\/www.haberler.com\/cukurova\/\"><b>\u00c7ukurova<\/b><\/a> \u00c7iftli\u011fi&#8217;nin Frans\u0131zlara sat\u0131\u015f\u0131n\u0131n ger\u00e7ekle\u015ftirilmi\u015f oldu\u011fu belgelerine ula\u015ft\u0131m. <a title=\"Adana Valili\u011fi Haberleri\" href=\"http:\/\/www.haberler.com\/adana-valiligi\/\"><b>Adana Valili\u011fi<\/b><\/a>&#8216;nin Osmanl\u0131 Ar\u015fivinde bulunan gizli yaz\u0131\u015fma belgelerinde \u00e7ok say\u0131da Adanal\u0131&#8217;n\u0131n Padi\u015fah \u00c7iftli\u011fi&#8217;nin sat\u0131lmas\u0131na itiraz dilek\u00e7esini buldum. Burada d\u00fc\u015f\u00fcnd\u00fcren olay ise Padi\u015fah Abd\u00fclhamit&#8217;in 1909 y\u0131l\u0131nda darbe ile y\u00f6netimden uzakla\u015ft\u0131r\u0131lmas\u0131ndan k\u0131sa s\u00fcre \u00e7iftli\u011fin sat\u0131\u015f\u0131n\u0131n Bat\u0131l\u0131 bir \u00fclkeye yap\u0131lm\u0131\u015f olmas\u0131d\u0131r.&#8221;<\/p>\n<p style=\"text-align: justify;\">\u0130mamo\u011flu \u015fehir merkezinde 23-26 Eyl\u00fcl 2013 tarihlerinde halka sunulacak olan a\u00e7\u0131k hava tarihi belgeler -foto\u011fraflar sergisinde Bat\u0131l\u0131 Orientalistler ve Langlois, Gertrude Bell gibi \u00fcnl\u00fc casuslar\u0131n gizli raporlar\u0131nda <a title=\"\u00c7ukurova Haberleri\" href=\"http:\/\/www.haberler.com\/cukurova\/\"><b>\u00c7ukurova<\/b><\/a> ile ilgili foto\u011fraf ve belgelerine yer verilece\u011fini s\u00f6yleyen Yurtsever, <a title=\"\u00c7ukurova Haberleri\" href=\"http:\/\/www.haberler.com\/cukurova\/\"><b>\u00c7ukurova<\/b><\/a> Tarihine ilgi duyan herkesi bu sergiyle davet etti.<\/p>\n<p style=\"text-align: justify;\"><b><i>http:\/\/www.haberler.com\/yurtsever-den-tarihi-fotograf-ve-belgeler-sergisi-5091872-haberi\/<\/i><\/b><\/p>\n","protected":false},"excerpt":{"rendered":"<p>Ara\u015ft\u0131rmac\u0131 Tarih\u00e7i Cezmi Yurtsever, Abd\u00fclhamit \u00c7iftli\u011fi&#8217;nin Frans\u0131zlara sat\u0131\u015f belgelerini \u0130mamo\u011flu&#8217;nda sergileyecek. Ara\u015ft\u0131rmac\u0131 Tarih\u00e7i Cezmi Yurtsever, Abd\u00fclhamit \u00c7iftli\u011fi&#8217;nin Frans\u0131zlara sat\u0131\u015f belgelerini \u0130mamo\u011flu&#8216;nda sergileyecek. Yurtsever, Osmanl\u0131 ve Frans\u0131z ar\u015fivlerinde yapt\u0131\u011f\u0131 ara\u015ft\u0131rmalar sonucu Osmanl\u0131 Padi\u015fah\u0131 2. Abd\u00fclhamit&#8217;in 1890&#8217;l\u0131 y\u0131llarda kurdu\u011fu \u00c7ukurova Mercimek-Anavarza Devlet \u00c7iftli\u011fi&#8217;nin 1912 y\u0131l\u0131nda Frans\u0131z Lesseps \u015firketine sat\u0131\u015f\u0131 ile ilgili belgeleri \u0130mamo\u011flu&#8216;nda 24-26 Eyl\u00fcl 2013 tarihlerinde [&hellip;]<\/p>\n","protected":false},"author":7,"featured_media":0,"comment_status":"open","ping_status":"open","sticky":false,"template":"","format":"standard","meta":{"footnotes":""},"categories":[1],"tags":[],"class_list":["post-25692","post","type-post","status-publish","format-standard","hentry","category-haberler"],"yoast_head":"<!-- This site is optimized with the Yoast SEO plugin v27.4 - https:\/\/yoast.com\/product\/yoast-seo-wordpress\/ -->\n<title>Yurtsever&#039;den Tarihi Foto\u011fraf ve Belgeler Sergisi - Bati Ermenistan Ve Bati Ermenileri Sorunlari Ara\u015ftirmalar Merkezi<\/title>\n<meta name=\"robots\" content=\"index, follow, max-snippet:-1, max-image-preview:large, max-video-preview:-1\" \/>\n<link rel=\"canonical\" href=\"https:\/\/akunq.net\/tr\/?p=25692\" \/>\n<meta property=\"og:locale\" content=\"en_US\" \/>\n<meta property=\"og:type\" content=\"article\" \/>\n<meta property=\"og:title\" content=\"Yurtsever&#039;den Tarihi Foto\u011fraf ve Belgeler Sergisi - Bati Ermenistan Ve Bati Ermenileri Sorunlari Ara\u015ftirmalar Merkezi\" \/>\n<meta property=\"og:description\" content=\"Ara\u015ft\u0131rmac\u0131 Tarih\u00e7i Cezmi Yurtsever, Abd\u00fclhamit \u00c7iftli\u011fi&#8217;nin Frans\u0131zlara sat\u0131\u015f belgelerini \u0130mamo\u011flu&#8217;nda sergileyecek. Ara\u015ft\u0131rmac\u0131 Tarih\u00e7i Cezmi Yurtsever, Abd\u00fclhamit \u00c7iftli\u011fi&#8217;nin Frans\u0131zlara sat\u0131\u015f belgelerini \u0130mamo\u011flu&#8216;nda sergileyecek. Yurtsever, Osmanl\u0131 ve Frans\u0131z ar\u015fivlerinde yapt\u0131\u011f\u0131 ara\u015ft\u0131rmalar sonucu Osmanl\u0131 Padi\u015fah\u0131 2. Abd\u00fclhamit&#8217;in 1890&#8217;l\u0131 y\u0131llarda kurdu\u011fu \u00c7ukurova Mercimek-Anavarza Devlet \u00c7iftli\u011fi&#8217;nin 1912 y\u0131l\u0131nda Frans\u0131z Lesseps \u015firketine sat\u0131\u015f\u0131 ile ilgili belgeleri \u0130mamo\u011flu&#8216;nda 24-26 Eyl\u00fcl 2013 tarihlerinde [&hellip;]\" \/>\n<meta property=\"og:url\" content=\"https:\/\/akunq.net\/tr\/?p=25692\" \/>\n<meta property=\"og:site_name\" content=\"Bati Ermenistan Ve Bati Ermenileri Sorunlari Ara\u015ftirmalar Merkezi\" \/>\n<meta property=\"article:published_time\" content=\"2013-09-23T10:39:07+00:00\" \/>\n<meta property=\"og:image\" content=\"http:\/\/akunq.net\/tr\/wp-content\/uploads\/2013\/09\/Cezmi-Yurtsever-300x205.jpg\" \/>\n<meta name=\"author\" content=\"admin\" \/>\n<meta name=\"twitter:card\" content=\"summary_large_image\" \/>\n<meta name=\"twitter:label1\" content=\"Written by\" \/>\n\t<meta name=\"twitter:data1\" content=\"admin\" \/>\n\t<meta name=\"twitter:label2\" content=\"Est. reading time\" \/>\n\t<meta name=\"twitter:data2\" content=\"3 minutes\" \/>\n<script type=\"application\/ld+json\" class=\"yoast-schema-graph\">{\"@context\":\"https:\\\/\\\/schema.org\",\"@graph\":[{\"@type\":\"Article\",\"@id\":\"https:\\\/\\\/akunq.net\\\/tr\\\/?p=25692#article\",\"isPartOf\":{\"@id\":\"https:\\\/\\\/akunq.net\\\/tr\\\/?p=25692\"},\"author\":{\"name\":\"admin\",\"@id\":\"https:\\\/\\\/akunq.net\\\/tr\\\/#\\\/schema\\\/person\\\/096f1d38a12cce57fb855b485ed24c9e\"},\"headline\":\"Yurtsever&#8217;den Tarihi Foto\u011fraf ve Belgeler Sergisi\",\"datePublished\":\"2013-09-23T10:39:07+00:00\",\"mainEntityOfPage\":{\"@id\":\"https:\\\/\\\/akunq.net\\\/tr\\\/?p=25692\"},\"wordCount\":571,\"commentCount\":0,\"image\":{\"@id\":\"https:\\\/\\\/akunq.net\\\/tr\\\/?p=25692#primaryimage\"},\"thumbnailUrl\":\"http:\\\/\\\/akunq.net\\\/tr\\\/wp-content\\\/uploads\\\/2013\\\/09\\\/Cezmi-Yurtsever-300x205.jpg\",\"articleSection\":[\"Haberler\"],\"inLanguage\":\"en-US\",\"potentialAction\":[{\"@type\":\"CommentAction\",\"name\":\"Comment\",\"target\":[\"https:\\\/\\\/akunq.net\\\/tr\\\/?p=25692#respond\"]}]},{\"@type\":\"WebPage\",\"@id\":\"https:\\\/\\\/akunq.net\\\/tr\\\/?p=25692\",\"url\":\"https:\\\/\\\/akunq.net\\\/tr\\\/?p=25692\",\"name\":\"Yurtsever'den Tarihi Foto\u011fraf ve Belgeler Sergisi - Bati Ermenistan Ve Bati Ermenileri Sorunlari Ara\u015ftirmalar Merkezi\",\"isPartOf\":{\"@id\":\"https:\\\/\\\/akunq.net\\\/tr\\\/#website\"},\"primaryImageOfPage\":{\"@id\":\"https:\\\/\\\/akunq.net\\\/tr\\\/?p=25692#primaryimage\"},\"image\":{\"@id\":\"https:\\\/\\\/akunq.net\\\/tr\\\/?p=25692#primaryimage\"},\"thumbnailUrl\":\"http:\\\/\\\/akunq.net\\\/tr\\\/wp-content\\\/uploads\\\/2013\\\/09\\\/Cezmi-Yurtsever-300x205.jpg\",\"datePublished\":\"2013-09-23T10:39:07+00:00\",\"author\":{\"@id\":\"https:\\\/\\\/akunq.net\\\/tr\\\/#\\\/schema\\\/person\\\/096f1d38a12cce57fb855b485ed24c9e\"},\"breadcrumb\":{\"@id\":\"https:\\\/\\\/akunq.net\\\/tr\\\/?p=25692#breadcrumb\"},\"inLanguage\":\"en-US\",\"potentialAction\":[{\"@type\":\"ReadAction\",\"target\":[\"https:\\\/\\\/akunq.net\\\/tr\\\/?p=25692\"]}]},{\"@type\":\"ImageObject\",\"inLanguage\":\"en-US\",\"@id\":\"https:\\\/\\\/akunq.net\\\/tr\\\/?p=25692#primaryimage\",\"url\":\"https:\\\/\\\/akunq.net\\\/tr\\\/wp-content\\\/uploads\\\/sites\\\/6\\\/2013\\\/09\\\/Cezmi-Yurtsever.jpg\",\"contentUrl\":\"https:\\\/\\\/akunq.net\\\/tr\\\/wp-content\\\/uploads\\\/sites\\\/6\\\/2013\\\/09\\\/Cezmi-Yurtsever.jpg\",\"width\":500,\"height\":343},{\"@type\":\"BreadcrumbList\",\"@id\":\"https:\\\/\\\/akunq.net\\\/tr\\\/?p=25692#breadcrumb\",\"itemListElement\":[{\"@type\":\"ListItem\",\"position\":1,\"name\":\"Home\",\"item\":\"https:\\\/\\\/akunq.net\\\/tr\"},{\"@type\":\"ListItem\",\"position\":2,\"name\":\"Yurtsever&#8217;den Tarihi Foto\u011fraf ve Belgeler Sergisi\"}]},{\"@type\":\"WebSite\",\"@id\":\"https:\\\/\\\/akunq.net\\\/tr\\\/#website\",\"url\":\"https:\\\/\\\/akunq.net\\\/tr\\\/\",\"name\":\"Bati Ermenistan Ve Bati Ermenileri Sorunlari Ara\u015ftirmalar Merkezi\",\"description\":\"\",\"potentialAction\":[{\"@type\":\"SearchAction\",\"target\":{\"@type\":\"EntryPoint\",\"urlTemplate\":\"https:\\\/\\\/akunq.net\\\/tr\\\/?s={search_term_string}\"},\"query-input\":{\"@type\":\"PropertyValueSpecification\",\"valueRequired\":true,\"valueName\":\"search_term_string\"}}],\"inLanguage\":\"en-US\"},{\"@type\":\"Person\",\"@id\":\"https:\\\/\\\/akunq.net\\\/tr\\\/#\\\/schema\\\/person\\\/096f1d38a12cce57fb855b485ed24c9e\",\"name\":\"admin\",\"url\":\"https:\\\/\\\/akunq.net\\\/tr\\\/?author=7\"}]}<\/script>\n<!-- \/ Yoast SEO plugin. -->","yoast_head_json":{"title":"Yurtsever'den Tarihi Foto\u011fraf ve Belgeler Sergisi - Bati Ermenistan Ve Bati Ermenileri Sorunlari Ara\u015ftirmalar Merkezi","robots":{"index":"index","follow":"follow","max-snippet":"max-snippet:-1","max-image-preview":"max-image-preview:large","max-video-preview":"max-video-preview:-1"},"canonical":"https:\/\/akunq.net\/tr\/?p=25692","og_locale":"en_US","og_type":"article","og_title":"Yurtsever'den Tarihi Foto\u011fraf ve Belgeler Sergisi - Bati Ermenistan Ve Bati Ermenileri Sorunlari Ara\u015ftirmalar Merkezi","og_description":"Ara\u015ft\u0131rmac\u0131 Tarih\u00e7i Cezmi Yurtsever, Abd\u00fclhamit \u00c7iftli\u011fi&#8217;nin Frans\u0131zlara sat\u0131\u015f belgelerini \u0130mamo\u011flu&#8217;nda sergileyecek. Ara\u015ft\u0131rmac\u0131 Tarih\u00e7i Cezmi Yurtsever, Abd\u00fclhamit \u00c7iftli\u011fi&#8217;nin Frans\u0131zlara sat\u0131\u015f belgelerini \u0130mamo\u011flu&#8216;nda sergileyecek. Yurtsever, Osmanl\u0131 ve Frans\u0131z ar\u015fivlerinde yapt\u0131\u011f\u0131 ara\u015ft\u0131rmalar sonucu Osmanl\u0131 Padi\u015fah\u0131 2. Abd\u00fclhamit&#8217;in 1890&#8217;l\u0131 y\u0131llarda kurdu\u011fu \u00c7ukurova Mercimek-Anavarza Devlet \u00c7iftli\u011fi&#8217;nin 1912 y\u0131l\u0131nda Frans\u0131z Lesseps \u015firketine sat\u0131\u015f\u0131 ile ilgili belgeleri \u0130mamo\u011flu&#8216;nda 24-26 Eyl\u00fcl 2013 tarihlerinde [&hellip;]","og_url":"https:\/\/akunq.net\/tr\/?p=25692","og_site_name":"Bati Ermenistan Ve Bati Ermenileri Sorunlari Ara\u015ftirmalar Merkezi","article_published_time":"2013-09-23T10:39:07+00:00","og_image":[{"url":"http:\/\/akunq.net\/tr\/wp-content\/uploads\/2013\/09\/Cezmi-Yurtsever-300x205.jpg","type":"","width":"","height":""}],"author":"admin","twitter_card":"summary_large_image","twitter_misc":{"Written by":"admin","Est. reading time":"3 minutes"},"schema":{"@context":"https:\/\/schema.org","@graph":[{"@type":"Article","@id":"https:\/\/akunq.net\/tr\/?p=25692#article","isPartOf":{"@id":"https:\/\/akunq.net\/tr\/?p=25692"},"author":{"name":"admin","@id":"https:\/\/akunq.net\/tr\/#\/schema\/person\/096f1d38a12cce57fb855b485ed24c9e"},"headline":"Yurtsever&#8217;den Tarihi Foto\u011fraf ve Belgeler Sergisi","datePublished":"2013-09-23T10:39:07+00:00","mainEntityOfPage":{"@id":"https:\/\/akunq.net\/tr\/?p=25692"},"wordCount":571,"commentCount":0,"image":{"@id":"https:\/\/akunq.net\/tr\/?p=25692#primaryimage"},"thumbnailUrl":"http:\/\/akunq.net\/tr\/wp-content\/uploads\/2013\/09\/Cezmi-Yurtsever-300x205.jpg","articleSection":["Haberler"],"inLanguage":"en-US","potentialAction":[{"@type":"CommentAction","name":"Comment","target":["https:\/\/akunq.net\/tr\/?p=25692#respond"]}]},{"@type":"WebPage","@id":"https:\/\/akunq.net\/tr\/?p=25692","url":"https:\/\/akunq.net\/tr\/?p=25692","name":"Yurtsever'den Tarihi Foto\u011fraf ve Belgeler Sergisi - Bati Ermenistan Ve Bati Ermenileri Sorunlari Ara\u015ftirmalar Merkezi","isPartOf":{"@id":"https:\/\/akunq.net\/tr\/#website"},"primaryImageOfPage":{"@id":"https:\/\/akunq.net\/tr\/?p=25692#primaryimage"},"image":{"@id":"https:\/\/akunq.net\/tr\/?p=25692#primaryimage"},"thumbnailUrl":"http:\/\/akunq.net\/tr\/wp-content\/uploads\/2013\/09\/Cezmi-Yurtsever-300x205.jpg","datePublished":"2013-09-23T10:39:07+00:00","author":{"@id":"https:\/\/akunq.net\/tr\/#\/schema\/person\/096f1d38a12cce57fb855b485ed24c9e"},"breadcrumb":{"@id":"https:\/\/akunq.net\/tr\/?p=25692#breadcrumb"},"inLanguage":"en-US","potentialAction":[{"@type":"ReadAction","target":["https:\/\/akunq.net\/tr\/?p=25692"]}]},{"@type":"ImageObject","inLanguage":"en-US","@id":"https:\/\/akunq.net\/tr\/?p=25692#primaryimage","url":"https:\/\/akunq.net\/tr\/wp-content\/uploads\/sites\/6\/2013\/09\/Cezmi-Yurtsever.jpg","contentUrl":"https:\/\/akunq.net\/tr\/wp-content\/uploads\/sites\/6\/2013\/09\/Cezmi-Yurtsever.jpg","width":500,"height":343},{"@type":"BreadcrumbList","@id":"https:\/\/akunq.net\/tr\/?p=25692#breadcrumb","itemListElement":[{"@type":"ListItem","position":1,"name":"Home","item":"https:\/\/akunq.net\/tr"},{"@type":"ListItem","position":2,"name":"Yurtsever&#8217;den Tarihi Foto\u011fraf ve Belgeler Sergisi"}]},{"@type":"WebSite","@id":"https:\/\/akunq.net\/tr\/#website","url":"https:\/\/akunq.net\/tr\/","name":"Bati Ermenistan Ve Bati Ermenileri Sorunlari Ara\u015ftirmalar Merkezi","description":"","potentialAction":[{"@type":"SearchAction","target":{"@type":"EntryPoint","urlTemplate":"https:\/\/akunq.net\/tr\/?s={search_term_string}"},"query-input":{"@type":"PropertyValueSpecification","valueRequired":true,"valueName":"search_term_string"}}],"inLanguage":"en-US"},{"@type":"Person","@id":"https:\/\/akunq.net\/tr\/#\/schema\/person\/096f1d38a12cce57fb855b485ed24c9e","name":"admin","url":"https:\/\/akunq.net\/tr\/?author=7"}]}},"_links":{"self":[{"href":"https:\/\/akunq.net\/tr\/index.php?rest_route=\/wp\/v2\/posts\/25692","targetHints":{"allow":["GET"]}}],"collection":[{"href":"https:\/\/akunq.net\/tr\/index.php?rest_route=\/wp\/v2\/posts"}],"about":[{"href":"https:\/\/akunq.net\/tr\/index.php?rest_route=\/wp\/v2\/types\/post"}],"author":[{"embeddable":true,"href":"https:\/\/akunq.net\/tr\/index.php?rest_route=\/wp\/v2\/users\/7"}],"replies":[{"embeddable":true,"href":"https:\/\/akunq.net\/tr\/index.php?rest_route=%2Fwp%2Fv2%2Fcomments&post=25692"}],"version-history":[{"count":1,"href":"https:\/\/akunq.net\/tr\/index.php?rest_route=\/wp\/v2\/posts\/25692\/revisions"}],"predecessor-version":[{"id":25694,"href":"https:\/\/akunq.net\/tr\/index.php?rest_route=\/wp\/v2\/posts\/25692\/revisions\/25694"}],"wp:attachment":[{"href":"https:\/\/akunq.net\/tr\/index.php?rest_route=%2Fwp%2Fv2%2Fmedia&parent=25692"}],"wp:term":[{"taxonomy":"category","embeddable":true,"href":"https:\/\/akunq.net\/tr\/index.php?rest_route=%2Fwp%2Fv2%2Fcategories&post=25692"},{"taxonomy":"post_tag","embeddable":true,"href":"https:\/\/akunq.net\/tr\/index.php?rest_route=%2Fwp%2Fv2%2Ftags&post=25692"}],"curies":[{"name":"wp","href":"https:\/\/api.w.org\/{rel}","templated":true}]}}