{"id":25689,"date":"2013-09-23T04:06:24","date_gmt":"2013-09-23T09:06:24","guid":{"rendered":"http:\/\/akunq.net\/tr\/?p=25689"},"modified":"2013-09-23T04:06:24","modified_gmt":"2013-09-23T09:06:24","slug":"levon-icin-mezar-yeri-sarti","status":"publish","type":"post","link":"https:\/\/akunq.net\/tr\/?p=25689","title":{"rendered":"Levon i\u00e7in mezar yeri \u015fart\u0131"},"content":{"rendered":"<div>\n<p style=\"text-align: justify;\"><strong><i><a href=\"http:\/\/akunq.net\/tr\/wp-content\/uploads\/2013\/09\/Levon-Ekmek\u00e7iyan.jpg\"><img loading=\"lazy\" decoding=\"async\" class=\"alignright size-full wp-image-25690\" alt=\"Levon Ekmek\u00e7iyan\" src=\"http:\/\/akunq.net\/tr\/wp-content\/uploads\/2013\/09\/Levon-Ekmek\u00e7iyan.jpg\" width=\"200\" height=\"200\" srcset=\"https:\/\/akunq.net\/tr\/wp-content\/uploads\/sites\/6\/2013\/09\/Levon-Ekmek\u00e7iyan.jpg 200w, https:\/\/akunq.net\/tr\/wp-content\/uploads\/sites\/6\/2013\/09\/Levon-Ekmek\u00e7iyan-150x150.jpg 150w\" sizes=\"auto, (max-width: 200px) 100vw, 200px\" \/><\/a>1982&#8217;de idam edilen Levon Ekmek\u00e7iyan&#8217;\u0131n Fransa&#8217;ya ta\u015f\u0131nmas\u0131 belge engeline tak\u0131ld\u0131. Ankara B\u00fcy\u00fck\u015fehir Belediyesi, g\u00f6m\u00fc i\u00e7in Paris&#8217;te mezar yeri adresi istedi<\/i><\/strong><\/p>\n<\/div>\n<p style=\"text-align: justify;\">7 A\u011fustos 1982&#8217;de Esenbo\u011fa Havaliman\u0131 bombalama eyleminden sonra idam edilen ASALA \u00fcyesi Levon Ekmek\u00e7iyan&#8217;\u0131n mezar\u0131n\u0131n ta\u015f\u0131nmas\u0131nda bir p\u00fcr\u00fcz daha \u00e7\u0131kt\u0131. Ailenin Paris&#8217;te bir mezar yeri g\u00f6stermesi bekleniyor. \u0130dam\u0131n\u0131n ard\u0131ndan Cebeci Asri Mezarl\u0131\u011f\u0131&#8217;ndaki gayrim\u00fcslimlere ait b\u00f6l\u00fcmde defnedilen Ekmek\u00e7iyan&#8217;\u0131n Fransa&#8217;daki ailesi, ge\u00e7en y\u0131l mezar\u0131 ta\u015f\u0131mak i\u00e7in ba\u015fvuruda bulundu. 30 y\u0131l sonra gelen talebi Ekmek\u00e7iyan ailesinin avukat\u0131 Eren Keskin, \u0130\u00e7i\u015fleri Bakanl\u0131\u011f\u0131&#8217;na iletti. Mezar yerini SABAH&#8217;\u0131n ortaya \u00e7\u0131karmas\u0131n\u0131n ard\u0131ndan i\u015flemlerin h\u0131zlanmas\u0131 bekleniyordu. Gerekli izinler al\u0131nd\u0131 ancak bu kez de Paris&#8217;te bir mezar yeri g\u00f6steren belge talep edilince nakil gecikti. Aileden, nakil i\u00e7in Fransa&#8217;da bir mezar yeri belirtilmesi istendi. Durum aileye bildirildi. Belge Ankara B\u00fcy\u00fck\u015fehir Belediyesi&#8217;ne ula\u015ft\u0131ktan sonra cenaze ta\u015f\u0131nacak.<\/p>\n<p style=\"text-align: justify;\"><b><i>http:\/\/www.sabah.com.tr\/Yasam\/2013\/09\/19\/levon-icin-mezar-yeri-sarti<\/i><\/b><\/p>\n","protected":false},"excerpt":{"rendered":"<p>1982&#8217;de idam edilen Levon Ekmek\u00e7iyan&#8217;\u0131n Fransa&#8217;ya ta\u015f\u0131nmas\u0131 belge engeline tak\u0131ld\u0131. Ankara B\u00fcy\u00fck\u015fehir Belediyesi, g\u00f6m\u00fc i\u00e7in Paris&#8217;te mezar yeri adresi istedi 7 A\u011fustos 1982&#8217;de Esenbo\u011fa Havaliman\u0131 bombalama eyleminden sonra idam edilen ASALA \u00fcyesi Levon Ekmek\u00e7iyan&#8217;\u0131n mezar\u0131n\u0131n ta\u015f\u0131nmas\u0131nda bir p\u00fcr\u00fcz daha \u00e7\u0131kt\u0131. Ailenin Paris&#8217;te bir mezar yeri g\u00f6stermesi bekleniyor. \u0130dam\u0131n\u0131n ard\u0131ndan Cebeci Asri Mezarl\u0131\u011f\u0131&#8217;ndaki gayrim\u00fcslimlere ait b\u00f6l\u00fcmde [&hellip;]<\/p>\n","protected":false},"author":7,"featured_media":0,"comment_status":"open","ping_status":"open","sticky":false,"template":"","format":"standard","meta":{"footnotes":""},"categories":[1],"tags":[],"class_list":["post-25689","post","type-post","status-publish","format-standard","hentry","category-haberler"],"yoast_head":"<!-- This site is optimized with the Yoast SEO plugin v27.4 - https:\/\/yoast.com\/product\/yoast-seo-wordpress\/ -->\n<title>Levon i\u00e7in mezar yeri \u015fart\u0131 - Bati Ermenistan Ve Bati Ermenileri Sorunlari Ara\u015ftirmalar Merkezi<\/title>\n<meta name=\"robots\" content=\"index, follow, max-snippet:-1, max-image-preview:large, max-video-preview:-1\" \/>\n<link rel=\"canonical\" href=\"https:\/\/akunq.net\/tr\/?p=25689\" \/>\n<meta property=\"og:locale\" content=\"en_US\" \/>\n<meta property=\"og:type\" content=\"article\" \/>\n<meta property=\"og:title\" content=\"Levon i\u00e7in mezar yeri \u015fart\u0131 - Bati Ermenistan Ve Bati Ermenileri Sorunlari Ara\u015ftirmalar Merkezi\" \/>\n<meta property=\"og:description\" content=\"1982&#8217;de idam edilen Levon Ekmek\u00e7iyan&#8217;\u0131n Fransa&#8217;ya ta\u015f\u0131nmas\u0131 belge engeline tak\u0131ld\u0131. Ankara B\u00fcy\u00fck\u015fehir Belediyesi, g\u00f6m\u00fc i\u00e7in Paris&#8217;te mezar yeri adresi istedi 7 A\u011fustos 1982&#8217;de Esenbo\u011fa Havaliman\u0131 bombalama eyleminden sonra idam edilen ASALA \u00fcyesi Levon Ekmek\u00e7iyan&#8217;\u0131n mezar\u0131n\u0131n ta\u015f\u0131nmas\u0131nda bir p\u00fcr\u00fcz daha \u00e7\u0131kt\u0131. Ailenin Paris&#8217;te bir mezar yeri g\u00f6stermesi bekleniyor. \u0130dam\u0131n\u0131n ard\u0131ndan Cebeci Asri Mezarl\u0131\u011f\u0131&#8217;ndaki gayrim\u00fcslimlere ait b\u00f6l\u00fcmde [&hellip;]\" \/>\n<meta property=\"og:url\" content=\"https:\/\/akunq.net\/tr\/?p=25689\" \/>\n<meta property=\"og:site_name\" content=\"Bati Ermenistan Ve Bati Ermenileri Sorunlari Ara\u015ftirmalar Merkezi\" \/>\n<meta property=\"article:published_time\" content=\"2013-09-23T09:06:24+00:00\" \/>\n<meta name=\"author\" content=\"admin\" \/>\n<meta name=\"twitter:card\" content=\"summary_large_image\" \/>\n<meta name=\"twitter:label1\" content=\"Written by\" \/>\n\t<meta name=\"twitter:data1\" content=\"admin\" \/>\n\t<meta name=\"twitter:label2\" content=\"Est. reading time\" \/>\n\t<meta name=\"twitter:data2\" content=\"1 minute\" \/>\n<script type=\"application\/ld+json\" class=\"yoast-schema-graph\">{\"@context\":\"https:\\\/\\\/schema.org\",\"@graph\":[{\"@type\":\"Article\",\"@id\":\"https:\\\/\\\/akunq.net\\\/tr\\\/?p=25689#article\",\"isPartOf\":{\"@id\":\"https:\\\/\\\/akunq.net\\\/tr\\\/?p=25689\"},\"author\":{\"name\":\"admin\",\"@id\":\"https:\\\/\\\/akunq.net\\\/tr\\\/#\\\/schema\\\/person\\\/096f1d38a12cce57fb855b485ed24c9e\"},\"headline\":\"Levon i\u00e7in mezar yeri \u015fart\u0131\",\"datePublished\":\"2013-09-23T09:06:24+00:00\",\"mainEntityOfPage\":{\"@id\":\"https:\\\/\\\/akunq.net\\\/tr\\\/?p=25689\"},\"wordCount\":189,\"commentCount\":0,\"articleSection\":[\"Haberler\"],\"inLanguage\":\"en-US\",\"potentialAction\":[{\"@type\":\"CommentAction\",\"name\":\"Comment\",\"target\":[\"https:\\\/\\\/akunq.net\\\/tr\\\/?p=25689#respond\"]}]},{\"@type\":\"WebPage\",\"@id\":\"https:\\\/\\\/akunq.net\\\/tr\\\/?p=25689\",\"url\":\"https:\\\/\\\/akunq.net\\\/tr\\\/?p=25689\",\"name\":\"Levon i\u00e7in mezar yeri \u015fart\u0131 - Bati Ermenistan Ve Bati Ermenileri Sorunlari Ara\u015ftirmalar Merkezi\",\"isPartOf\":{\"@id\":\"https:\\\/\\\/akunq.net\\\/tr\\\/#website\"},\"datePublished\":\"2013-09-23T09:06:24+00:00\",\"author\":{\"@id\":\"https:\\\/\\\/akunq.net\\\/tr\\\/#\\\/schema\\\/person\\\/096f1d38a12cce57fb855b485ed24c9e\"},\"breadcrumb\":{\"@id\":\"https:\\\/\\\/akunq.net\\\/tr\\\/?p=25689#breadcrumb\"},\"inLanguage\":\"en-US\",\"potentialAction\":[{\"@type\":\"ReadAction\",\"target\":[\"https:\\\/\\\/akunq.net\\\/tr\\\/?p=25689\"]}]},{\"@type\":\"BreadcrumbList\",\"@id\":\"https:\\\/\\\/akunq.net\\\/tr\\\/?p=25689#breadcrumb\",\"itemListElement\":[{\"@type\":\"ListItem\",\"position\":1,\"name\":\"Home\",\"item\":\"https:\\\/\\\/akunq.net\\\/tr\"},{\"@type\":\"ListItem\",\"position\":2,\"name\":\"Levon i\u00e7in mezar yeri \u015fart\u0131\"}]},{\"@type\":\"WebSite\",\"@id\":\"https:\\\/\\\/akunq.net\\\/tr\\\/#website\",\"url\":\"https:\\\/\\\/akunq.net\\\/tr\\\/\",\"name\":\"Bati Ermenistan Ve Bati Ermenileri Sorunlari Ara\u015ftirmalar Merkezi\",\"description\":\"\",\"potentialAction\":[{\"@type\":\"SearchAction\",\"target\":{\"@type\":\"EntryPoint\",\"urlTemplate\":\"https:\\\/\\\/akunq.net\\\/tr\\\/?s={search_term_string}\"},\"query-input\":{\"@type\":\"PropertyValueSpecification\",\"valueRequired\":true,\"valueName\":\"search_term_string\"}}],\"inLanguage\":\"en-US\"},{\"@type\":\"Person\",\"@id\":\"https:\\\/\\\/akunq.net\\\/tr\\\/#\\\/schema\\\/person\\\/096f1d38a12cce57fb855b485ed24c9e\",\"name\":\"admin\",\"url\":\"https:\\\/\\\/akunq.net\\\/tr\\\/?author=7\"}]}<\/script>\n<!-- \/ Yoast SEO plugin. -->","yoast_head_json":{"title":"Levon i\u00e7in mezar yeri \u015fart\u0131 - Bati Ermenistan Ve Bati Ermenileri Sorunlari Ara\u015ftirmalar Merkezi","robots":{"index":"index","follow":"follow","max-snippet":"max-snippet:-1","max-image-preview":"max-image-preview:large","max-video-preview":"max-video-preview:-1"},"canonical":"https:\/\/akunq.net\/tr\/?p=25689","og_locale":"en_US","og_type":"article","og_title":"Levon i\u00e7in mezar yeri \u015fart\u0131 - Bati Ermenistan Ve Bati Ermenileri Sorunlari Ara\u015ftirmalar Merkezi","og_description":"1982&#8217;de idam edilen Levon Ekmek\u00e7iyan&#8217;\u0131n Fransa&#8217;ya ta\u015f\u0131nmas\u0131 belge engeline tak\u0131ld\u0131. Ankara B\u00fcy\u00fck\u015fehir Belediyesi, g\u00f6m\u00fc i\u00e7in Paris&#8217;te mezar yeri adresi istedi 7 A\u011fustos 1982&#8217;de Esenbo\u011fa Havaliman\u0131 bombalama eyleminden sonra idam edilen ASALA \u00fcyesi Levon Ekmek\u00e7iyan&#8217;\u0131n mezar\u0131n\u0131n ta\u015f\u0131nmas\u0131nda bir p\u00fcr\u00fcz daha \u00e7\u0131kt\u0131. Ailenin Paris&#8217;te bir mezar yeri g\u00f6stermesi bekleniyor. \u0130dam\u0131n\u0131n ard\u0131ndan Cebeci Asri Mezarl\u0131\u011f\u0131&#8217;ndaki gayrim\u00fcslimlere ait b\u00f6l\u00fcmde [&hellip;]","og_url":"https:\/\/akunq.net\/tr\/?p=25689","og_site_name":"Bati Ermenistan Ve Bati Ermenileri Sorunlari Ara\u015ftirmalar Merkezi","article_published_time":"2013-09-23T09:06:24+00:00","author":"admin","twitter_card":"summary_large_image","twitter_misc":{"Written by":"admin","Est. reading time":"1 minute"},"schema":{"@context":"https:\/\/schema.org","@graph":[{"@type":"Article","@id":"https:\/\/akunq.net\/tr\/?p=25689#article","isPartOf":{"@id":"https:\/\/akunq.net\/tr\/?p=25689"},"author":{"name":"admin","@id":"https:\/\/akunq.net\/tr\/#\/schema\/person\/096f1d38a12cce57fb855b485ed24c9e"},"headline":"Levon i\u00e7in mezar yeri \u015fart\u0131","datePublished":"2013-09-23T09:06:24+00:00","mainEntityOfPage":{"@id":"https:\/\/akunq.net\/tr\/?p=25689"},"wordCount":189,"commentCount":0,"articleSection":["Haberler"],"inLanguage":"en-US","potentialAction":[{"@type":"CommentAction","name":"Comment","target":["https:\/\/akunq.net\/tr\/?p=25689#respond"]}]},{"@type":"WebPage","@id":"https:\/\/akunq.net\/tr\/?p=25689","url":"https:\/\/akunq.net\/tr\/?p=25689","name":"Levon i\u00e7in mezar yeri \u015fart\u0131 - Bati Ermenistan Ve Bati Ermenileri Sorunlari Ara\u015ftirmalar Merkezi","isPartOf":{"@id":"https:\/\/akunq.net\/tr\/#website"},"datePublished":"2013-09-23T09:06:24+00:00","author":{"@id":"https:\/\/akunq.net\/tr\/#\/schema\/person\/096f1d38a12cce57fb855b485ed24c9e"},"breadcrumb":{"@id":"https:\/\/akunq.net\/tr\/?p=25689#breadcrumb"},"inLanguage":"en-US","potentialAction":[{"@type":"ReadAction","target":["https:\/\/akunq.net\/tr\/?p=25689"]}]},{"@type":"BreadcrumbList","@id":"https:\/\/akunq.net\/tr\/?p=25689#breadcrumb","itemListElement":[{"@type":"ListItem","position":1,"name":"Home","item":"https:\/\/akunq.net\/tr"},{"@type":"ListItem","position":2,"name":"Levon i\u00e7in mezar yeri \u015fart\u0131"}]},{"@type":"WebSite","@id":"https:\/\/akunq.net\/tr\/#website","url":"https:\/\/akunq.net\/tr\/","name":"Bati Ermenistan Ve Bati Ermenileri Sorunlari Ara\u015ftirmalar Merkezi","description":"","potentialAction":[{"@type":"SearchAction","target":{"@type":"EntryPoint","urlTemplate":"https:\/\/akunq.net\/tr\/?s={search_term_string}"},"query-input":{"@type":"PropertyValueSpecification","valueRequired":true,"valueName":"search_term_string"}}],"inLanguage":"en-US"},{"@type":"Person","@id":"https:\/\/akunq.net\/tr\/#\/schema\/person\/096f1d38a12cce57fb855b485ed24c9e","name":"admin","url":"https:\/\/akunq.net\/tr\/?author=7"}]}},"_links":{"self":[{"href":"https:\/\/akunq.net\/tr\/index.php?rest_route=\/wp\/v2\/posts\/25689","targetHints":{"allow":["GET"]}}],"collection":[{"href":"https:\/\/akunq.net\/tr\/index.php?rest_route=\/wp\/v2\/posts"}],"about":[{"href":"https:\/\/akunq.net\/tr\/index.php?rest_route=\/wp\/v2\/types\/post"}],"author":[{"embeddable":true,"href":"https:\/\/akunq.net\/tr\/index.php?rest_route=\/wp\/v2\/users\/7"}],"replies":[{"embeddable":true,"href":"https:\/\/akunq.net\/tr\/index.php?rest_route=%2Fwp%2Fv2%2Fcomments&post=25689"}],"version-history":[{"count":1,"href":"https:\/\/akunq.net\/tr\/index.php?rest_route=\/wp\/v2\/posts\/25689\/revisions"}],"predecessor-version":[{"id":25691,"href":"https:\/\/akunq.net\/tr\/index.php?rest_route=\/wp\/v2\/posts\/25689\/revisions\/25691"}],"wp:attachment":[{"href":"https:\/\/akunq.net\/tr\/index.php?rest_route=%2Fwp%2Fv2%2Fmedia&parent=25689"}],"wp:term":[{"taxonomy":"category","embeddable":true,"href":"https:\/\/akunq.net\/tr\/index.php?rest_route=%2Fwp%2Fv2%2Fcategories&post=25689"},{"taxonomy":"post_tag","embeddable":true,"href":"https:\/\/akunq.net\/tr\/index.php?rest_route=%2Fwp%2Fv2%2Ftags&post=25689"}],"curies":[{"name":"wp","href":"https:\/\/api.w.org\/{rel}","templated":true}]}}