{"id":25682,"date":"2013-09-23T03:35:35","date_gmt":"2013-09-23T08:35:35","guid":{"rendered":"http:\/\/akunq.net\/tr\/?p=25682"},"modified":"2013-09-23T03:36:01","modified_gmt":"2013-09-23T08:36:01","slug":"tanrikulundan-rize-sorusu","status":"publish","type":"post","link":"https:\/\/akunq.net\/tr\/?p=25682","title":{"rendered":"Tanr\u0131kulu&#8217;ndan Rize sorusu"},"content":{"rendered":"<p style=\"text-align: justify;\"><b><i><a href=\"http:\/\/akunq.net\/tr\/wp-content\/uploads\/2013\/09\/Sezgin-Tanr\u0131kulu1.jpg\"><img loading=\"lazy\" decoding=\"async\" class=\"alignright size-full wp-image-25683\" alt=\"Sezgin Tanr\u0131kulu\" src=\"http:\/\/akunq.net\/tr\/wp-content\/uploads\/2013\/09\/Sezgin-Tanr\u0131kulu1.jpg\" width=\"220\" height=\"180\" \/><\/a>Erdo\u011fan&#8217;a &#8216;Dumankaya&#8217;n\u0131n ad\u0131n\u0131 Pulihoz olarak de\u011fi\u015ftirmeyi d\u00fc\u015f\u00fcn\u00fcyor musunuz?&#8217; diye sordu.<\/i><\/b><\/p>\n<p style=\"text-align: justify;\"><b><i>ANKARA (ANKA)-<\/i><\/b>\u00a0CHP Genel Ba\u015fkan Yard\u0131mc\u0131s\u0131 Sezgin Tanr\u0131kulu, Ba\u015fbakan Recep Tayyip Erdo\u011fan\u2019a, \u201cRize\u2019nin G\u00fcneysu \u0130l\u00e7esi\u2019ne ba\u011fl\u0131 Dumankaya K\u00f6y\u00fc\u2019n\u00fcn \u00f6nceki ismi olan Pulihoz olarak de\u011fi\u015ftirmeyi d\u00fc\u015f\u00fcn\u00fcyor musunuz?\u201d diye sordu.\u00a0<\/p>\n<p style=\"text-align: justify;\">Tanr\u0131kulu, Ba\u015fbakan\u2019\u0131n yan\u0131tlamas\u0131 istemiyle TBMM Ba\u015fkanl\u0131\u011f\u0131na sundu\u011fu soru \u00f6nergesinde, \u201cSay\u0131n Ba\u015fbakan Recep Tayyip Erdo\u011fan\u2019\u0131n baba oca\u011f\u0131 olan Rize\u2019nin G\u00fcneysu \u0130l\u00e7esi\u2019ne ba\u011fl\u0131 Dumankaya K\u00f6y\u00fc\u2019n\u00fcn Rumca ismi Pulihoz\u2019dur. Dahas\u0131, G\u00fcneysu il\u00e7esinin de esas ismi Potomya\u2019d\u0131r. Fakat s\u00f6z konusu politikalar neticesinde bu isimler de\u011fi\u015ftirilmi\u015ftir\u201d diyerek \u015f\u00f6yle dedi:\u00a0<\/p>\n<p style=\"text-align: justify;\">\u201cDumankaya (Pulihoz) ba\u011fl\u0131 oldu\u011fu Rize\u2019nin G\u00fcneysu \u0130l\u00e7esinin esas ismi olan Potomya olarak de\u011fi\u015ftirmeyi veya birlikte kullanmak bak\u0131m\u0131nda bir d\u00fczenleme yapmay\u0131 d\u00fc\u015f\u00fcn\u00fcyor musunuz?\u00a0<\/p>\n<p style=\"text-align: justify;\">T\u00fcrkiye\u2019deki yerle\u015fim yerleri adlar\u0131n\u0131n iadesi konusunda kapsay\u0131c\u0131 bir \u00e7al\u0131\u015fma yap\u0131lacak m\u0131d\u0131r?\u201d<\/p>\n<p style=\"text-align: justify;\"><a href=\"http:\/\/www.gercekgundem.com\/?p=567624&amp;com=all\"><b><i>http:\/\/www.gercekgundem.com\/?p=567624&amp;com=all<\/i><\/b><\/a><\/p>\n","protected":false},"excerpt":{"rendered":"<p>Erdo\u011fan&#8217;a &#8216;Dumankaya&#8217;n\u0131n ad\u0131n\u0131 Pulihoz olarak de\u011fi\u015ftirmeyi d\u00fc\u015f\u00fcn\u00fcyor musunuz?&#8217; diye sordu. ANKARA (ANKA)-\u00a0CHP Genel Ba\u015fkan Yard\u0131mc\u0131s\u0131 Sezgin Tanr\u0131kulu, Ba\u015fbakan Recep Tayyip Erdo\u011fan\u2019a, \u201cRize\u2019nin G\u00fcneysu \u0130l\u00e7esi\u2019ne ba\u011fl\u0131 Dumankaya K\u00f6y\u00fc\u2019n\u00fcn \u00f6nceki ismi olan Pulihoz olarak de\u011fi\u015ftirmeyi d\u00fc\u015f\u00fcn\u00fcyor musunuz?\u201d diye sordu.\u00a0 Tanr\u0131kulu, Ba\u015fbakan\u2019\u0131n yan\u0131tlamas\u0131 istemiyle TBMM Ba\u015fkanl\u0131\u011f\u0131na sundu\u011fu soru \u00f6nergesinde, \u201cSay\u0131n Ba\u015fbakan Recep Tayyip Erdo\u011fan\u2019\u0131n baba oca\u011f\u0131 olan Rize\u2019nin [&hellip;]<\/p>\n","protected":false},"author":7,"featured_media":0,"comment_status":"open","ping_status":"open","sticky":false,"template":"","format":"standard","meta":{"footnotes":""},"categories":[1],"tags":[],"class_list":["post-25682","post","type-post","status-publish","format-standard","hentry","category-haberler"],"yoast_head":"<!-- This site is optimized with the Yoast SEO plugin v27.4 - https:\/\/yoast.com\/product\/yoast-seo-wordpress\/ -->\n<title>Tanr\u0131kulu&#039;ndan Rize sorusu - Bati Ermenistan Ve Bati Ermenileri Sorunlari Ara\u015ftirmalar Merkezi<\/title>\n<meta name=\"robots\" content=\"index, follow, max-snippet:-1, max-image-preview:large, max-video-preview:-1\" \/>\n<link rel=\"canonical\" href=\"https:\/\/akunq.net\/tr\/?p=25682\" \/>\n<meta property=\"og:locale\" content=\"en_US\" \/>\n<meta property=\"og:type\" content=\"article\" \/>\n<meta property=\"og:title\" content=\"Tanr\u0131kulu&#039;ndan Rize sorusu - Bati Ermenistan Ve Bati Ermenileri Sorunlari Ara\u015ftirmalar Merkezi\" \/>\n<meta property=\"og:description\" content=\"Erdo\u011fan&#8217;a &#8216;Dumankaya&#8217;n\u0131n ad\u0131n\u0131 Pulihoz olarak de\u011fi\u015ftirmeyi d\u00fc\u015f\u00fcn\u00fcyor musunuz?&#8217; diye sordu. ANKARA (ANKA)-\u00a0CHP Genel Ba\u015fkan Yard\u0131mc\u0131s\u0131 Sezgin Tanr\u0131kulu, Ba\u015fbakan Recep Tayyip Erdo\u011fan\u2019a, \u201cRize\u2019nin G\u00fcneysu \u0130l\u00e7esi\u2019ne ba\u011fl\u0131 Dumankaya K\u00f6y\u00fc\u2019n\u00fcn \u00f6nceki ismi olan Pulihoz olarak de\u011fi\u015ftirmeyi d\u00fc\u015f\u00fcn\u00fcyor musunuz?\u201d diye sordu.\u00a0 Tanr\u0131kulu, Ba\u015fbakan\u2019\u0131n yan\u0131tlamas\u0131 istemiyle TBMM Ba\u015fkanl\u0131\u011f\u0131na sundu\u011fu soru \u00f6nergesinde, \u201cSay\u0131n Ba\u015fbakan Recep Tayyip Erdo\u011fan\u2019\u0131n baba oca\u011f\u0131 olan Rize\u2019nin [&hellip;]\" \/>\n<meta property=\"og:url\" content=\"https:\/\/akunq.net\/tr\/?p=25682\" \/>\n<meta property=\"og:site_name\" content=\"Bati Ermenistan Ve Bati Ermenileri Sorunlari Ara\u015ftirmalar Merkezi\" \/>\n<meta property=\"article:published_time\" content=\"2013-09-23T08:35:35+00:00\" \/>\n<meta property=\"article:modified_time\" content=\"2013-09-23T08:36:01+00:00\" \/>\n<meta name=\"author\" content=\"admin\" \/>\n<meta name=\"twitter:card\" content=\"summary_large_image\" \/>\n<meta name=\"twitter:label1\" content=\"Written by\" \/>\n\t<meta name=\"twitter:data1\" content=\"admin\" \/>\n\t<meta name=\"twitter:label2\" content=\"Est. reading time\" \/>\n\t<meta name=\"twitter:data2\" content=\"1 minute\" \/>\n<script type=\"application\/ld+json\" class=\"yoast-schema-graph\">{\"@context\":\"https:\\\/\\\/schema.org\",\"@graph\":[{\"@type\":\"Article\",\"@id\":\"https:\\\/\\\/akunq.net\\\/tr\\\/?p=25682#article\",\"isPartOf\":{\"@id\":\"https:\\\/\\\/akunq.net\\\/tr\\\/?p=25682\"},\"author\":{\"name\":\"admin\",\"@id\":\"https:\\\/\\\/akunq.net\\\/tr\\\/#\\\/schema\\\/person\\\/096f1d38a12cce57fb855b485ed24c9e\"},\"headline\":\"Tanr\u0131kulu&#8217;ndan Rize sorusu\",\"datePublished\":\"2013-09-23T08:35:35+00:00\",\"dateModified\":\"2013-09-23T08:36:01+00:00\",\"mainEntityOfPage\":{\"@id\":\"https:\\\/\\\/akunq.net\\\/tr\\\/?p=25682\"},\"wordCount\":205,\"commentCount\":0,\"articleSection\":[\"Haberler\"],\"inLanguage\":\"en-US\",\"potentialAction\":[{\"@type\":\"CommentAction\",\"name\":\"Comment\",\"target\":[\"https:\\\/\\\/akunq.net\\\/tr\\\/?p=25682#respond\"]}]},{\"@type\":\"WebPage\",\"@id\":\"https:\\\/\\\/akunq.net\\\/tr\\\/?p=25682\",\"url\":\"https:\\\/\\\/akunq.net\\\/tr\\\/?p=25682\",\"name\":\"Tanr\u0131kulu'ndan Rize sorusu - Bati Ermenistan Ve Bati Ermenileri Sorunlari Ara\u015ftirmalar Merkezi\",\"isPartOf\":{\"@id\":\"https:\\\/\\\/akunq.net\\\/tr\\\/#website\"},\"datePublished\":\"2013-09-23T08:35:35+00:00\",\"dateModified\":\"2013-09-23T08:36:01+00:00\",\"author\":{\"@id\":\"https:\\\/\\\/akunq.net\\\/tr\\\/#\\\/schema\\\/person\\\/096f1d38a12cce57fb855b485ed24c9e\"},\"breadcrumb\":{\"@id\":\"https:\\\/\\\/akunq.net\\\/tr\\\/?p=25682#breadcrumb\"},\"inLanguage\":\"en-US\",\"potentialAction\":[{\"@type\":\"ReadAction\",\"target\":[\"https:\\\/\\\/akunq.net\\\/tr\\\/?p=25682\"]}]},{\"@type\":\"BreadcrumbList\",\"@id\":\"https:\\\/\\\/akunq.net\\\/tr\\\/?p=25682#breadcrumb\",\"itemListElement\":[{\"@type\":\"ListItem\",\"position\":1,\"name\":\"Home\",\"item\":\"https:\\\/\\\/akunq.net\\\/tr\"},{\"@type\":\"ListItem\",\"position\":2,\"name\":\"Tanr\u0131kulu&#8217;ndan Rize sorusu\"}]},{\"@type\":\"WebSite\",\"@id\":\"https:\\\/\\\/akunq.net\\\/tr\\\/#website\",\"url\":\"https:\\\/\\\/akunq.net\\\/tr\\\/\",\"name\":\"Bati Ermenistan Ve Bati Ermenileri Sorunlari Ara\u015ftirmalar Merkezi\",\"description\":\"\",\"potentialAction\":[{\"@type\":\"SearchAction\",\"target\":{\"@type\":\"EntryPoint\",\"urlTemplate\":\"https:\\\/\\\/akunq.net\\\/tr\\\/?s={search_term_string}\"},\"query-input\":{\"@type\":\"PropertyValueSpecification\",\"valueRequired\":true,\"valueName\":\"search_term_string\"}}],\"inLanguage\":\"en-US\"},{\"@type\":\"Person\",\"@id\":\"https:\\\/\\\/akunq.net\\\/tr\\\/#\\\/schema\\\/person\\\/096f1d38a12cce57fb855b485ed24c9e\",\"name\":\"admin\",\"url\":\"https:\\\/\\\/akunq.net\\\/tr\\\/?author=7\"}]}<\/script>\n<!-- \/ Yoast SEO plugin. -->","yoast_head_json":{"title":"Tanr\u0131kulu'ndan Rize sorusu - Bati Ermenistan Ve Bati Ermenileri Sorunlari Ara\u015ftirmalar Merkezi","robots":{"index":"index","follow":"follow","max-snippet":"max-snippet:-1","max-image-preview":"max-image-preview:large","max-video-preview":"max-video-preview:-1"},"canonical":"https:\/\/akunq.net\/tr\/?p=25682","og_locale":"en_US","og_type":"article","og_title":"Tanr\u0131kulu'ndan Rize sorusu - Bati Ermenistan Ve Bati Ermenileri Sorunlari Ara\u015ftirmalar Merkezi","og_description":"Erdo\u011fan&#8217;a &#8216;Dumankaya&#8217;n\u0131n ad\u0131n\u0131 Pulihoz olarak de\u011fi\u015ftirmeyi d\u00fc\u015f\u00fcn\u00fcyor musunuz?&#8217; diye sordu. ANKARA (ANKA)-\u00a0CHP Genel Ba\u015fkan Yard\u0131mc\u0131s\u0131 Sezgin Tanr\u0131kulu, Ba\u015fbakan Recep Tayyip Erdo\u011fan\u2019a, \u201cRize\u2019nin G\u00fcneysu \u0130l\u00e7esi\u2019ne ba\u011fl\u0131 Dumankaya K\u00f6y\u00fc\u2019n\u00fcn \u00f6nceki ismi olan Pulihoz olarak de\u011fi\u015ftirmeyi d\u00fc\u015f\u00fcn\u00fcyor musunuz?\u201d diye sordu.\u00a0 Tanr\u0131kulu, Ba\u015fbakan\u2019\u0131n yan\u0131tlamas\u0131 istemiyle TBMM Ba\u015fkanl\u0131\u011f\u0131na sundu\u011fu soru \u00f6nergesinde, \u201cSay\u0131n Ba\u015fbakan Recep Tayyip Erdo\u011fan\u2019\u0131n baba oca\u011f\u0131 olan Rize\u2019nin [&hellip;]","og_url":"https:\/\/akunq.net\/tr\/?p=25682","og_site_name":"Bati Ermenistan Ve Bati Ermenileri Sorunlari Ara\u015ftirmalar Merkezi","article_published_time":"2013-09-23T08:35:35+00:00","article_modified_time":"2013-09-23T08:36:01+00:00","author":"admin","twitter_card":"summary_large_image","twitter_misc":{"Written by":"admin","Est. reading time":"1 minute"},"schema":{"@context":"https:\/\/schema.org","@graph":[{"@type":"Article","@id":"https:\/\/akunq.net\/tr\/?p=25682#article","isPartOf":{"@id":"https:\/\/akunq.net\/tr\/?p=25682"},"author":{"name":"admin","@id":"https:\/\/akunq.net\/tr\/#\/schema\/person\/096f1d38a12cce57fb855b485ed24c9e"},"headline":"Tanr\u0131kulu&#8217;ndan Rize sorusu","datePublished":"2013-09-23T08:35:35+00:00","dateModified":"2013-09-23T08:36:01+00:00","mainEntityOfPage":{"@id":"https:\/\/akunq.net\/tr\/?p=25682"},"wordCount":205,"commentCount":0,"articleSection":["Haberler"],"inLanguage":"en-US","potentialAction":[{"@type":"CommentAction","name":"Comment","target":["https:\/\/akunq.net\/tr\/?p=25682#respond"]}]},{"@type":"WebPage","@id":"https:\/\/akunq.net\/tr\/?p=25682","url":"https:\/\/akunq.net\/tr\/?p=25682","name":"Tanr\u0131kulu'ndan Rize sorusu - Bati Ermenistan Ve Bati Ermenileri Sorunlari Ara\u015ftirmalar Merkezi","isPartOf":{"@id":"https:\/\/akunq.net\/tr\/#website"},"datePublished":"2013-09-23T08:35:35+00:00","dateModified":"2013-09-23T08:36:01+00:00","author":{"@id":"https:\/\/akunq.net\/tr\/#\/schema\/person\/096f1d38a12cce57fb855b485ed24c9e"},"breadcrumb":{"@id":"https:\/\/akunq.net\/tr\/?p=25682#breadcrumb"},"inLanguage":"en-US","potentialAction":[{"@type":"ReadAction","target":["https:\/\/akunq.net\/tr\/?p=25682"]}]},{"@type":"BreadcrumbList","@id":"https:\/\/akunq.net\/tr\/?p=25682#breadcrumb","itemListElement":[{"@type":"ListItem","position":1,"name":"Home","item":"https:\/\/akunq.net\/tr"},{"@type":"ListItem","position":2,"name":"Tanr\u0131kulu&#8217;ndan Rize sorusu"}]},{"@type":"WebSite","@id":"https:\/\/akunq.net\/tr\/#website","url":"https:\/\/akunq.net\/tr\/","name":"Bati Ermenistan Ve Bati Ermenileri Sorunlari Ara\u015ftirmalar Merkezi","description":"","potentialAction":[{"@type":"SearchAction","target":{"@type":"EntryPoint","urlTemplate":"https:\/\/akunq.net\/tr\/?s={search_term_string}"},"query-input":{"@type":"PropertyValueSpecification","valueRequired":true,"valueName":"search_term_string"}}],"inLanguage":"en-US"},{"@type":"Person","@id":"https:\/\/akunq.net\/tr\/#\/schema\/person\/096f1d38a12cce57fb855b485ed24c9e","name":"admin","url":"https:\/\/akunq.net\/tr\/?author=7"}]}},"_links":{"self":[{"href":"https:\/\/akunq.net\/tr\/index.php?rest_route=\/wp\/v2\/posts\/25682","targetHints":{"allow":["GET"]}}],"collection":[{"href":"https:\/\/akunq.net\/tr\/index.php?rest_route=\/wp\/v2\/posts"}],"about":[{"href":"https:\/\/akunq.net\/tr\/index.php?rest_route=\/wp\/v2\/types\/post"}],"author":[{"embeddable":true,"href":"https:\/\/akunq.net\/tr\/index.php?rest_route=\/wp\/v2\/users\/7"}],"replies":[{"embeddable":true,"href":"https:\/\/akunq.net\/tr\/index.php?rest_route=%2Fwp%2Fv2%2Fcomments&post=25682"}],"version-history":[{"count":2,"href":"https:\/\/akunq.net\/tr\/index.php?rest_route=\/wp\/v2\/posts\/25682\/revisions"}],"predecessor-version":[{"id":25685,"href":"https:\/\/akunq.net\/tr\/index.php?rest_route=\/wp\/v2\/posts\/25682\/revisions\/25685"}],"wp:attachment":[{"href":"https:\/\/akunq.net\/tr\/index.php?rest_route=%2Fwp%2Fv2%2Fmedia&parent=25682"}],"wp:term":[{"taxonomy":"category","embeddable":true,"href":"https:\/\/akunq.net\/tr\/index.php?rest_route=%2Fwp%2Fv2%2Fcategories&post=25682"},{"taxonomy":"post_tag","embeddable":true,"href":"https:\/\/akunq.net\/tr\/index.php?rest_route=%2Fwp%2Fv2%2Ftags&post=25682"}],"curies":[{"name":"wp","href":"https:\/\/api.w.org\/{rel}","templated":true}]}}