{"id":25679,"date":"2013-09-23T03:19:22","date_gmt":"2013-09-23T08:19:22","guid":{"rendered":"http:\/\/akunq.net\/tr\/?p=25679"},"modified":"2013-09-23T03:19:22","modified_gmt":"2013-09-23T08:19:22","slug":"turkiye-tum-onlemleri-alacak","status":"publish","type":"post","link":"https:\/\/akunq.net\/tr\/?p=25679","title":{"rendered":"&#8216;T\u00fcrkiye, T\u00fcm \u00d6nlemleri Alacak&#8217;"},"content":{"rendered":"<p style=\"text-align: justify;\"><b><i><a href=\"http:\/\/akunq.net\/tr\/wp-content\/uploads\/2013\/09\/Alper-Co\u015fkun.jpg\"><img loading=\"lazy\" decoding=\"async\" class=\"alignright size-medium wp-image-25680\" alt=\"Alper Co\u015fkun\" src=\"http:\/\/akunq.net\/tr\/wp-content\/uploads\/2013\/09\/Alper-Co\u015fkun-300x187.jpg\" width=\"300\" height=\"187\" srcset=\"https:\/\/akunq.net\/tr\/wp-content\/uploads\/sites\/6\/2013\/09\/Alper-Co\u015fkun-300x187.jpg 300w, https:\/\/akunq.net\/tr\/wp-content\/uploads\/sites\/6\/2013\/09\/Alper-Co\u015fkun.jpg 400w\" sizes=\"auto, (max-width: 300px) 100vw, 300px\" \/><\/a>TurkishNY.com haber portalinden edinilen bilgiye g\u00f6re, Azerbaycan&#8217;\u0131n ba\u015fkenti Bak\u00fc\u2019de d\u00fczenlenen \u201cAzerbaycan Halk Cumhuriyeti ve Kafkas \u0130slam Ordusu\u201d adl\u0131 uluslararas\u0131 konferansa kat\u0131lan T\u00fcrkiye\u2019nin Bak\u00fc B\u00fcy\u00fckel\u00e7isi \u0130smail Alper Co\u015fkun, konferans sonras\u0131nda gazetecilere verdi\u011fi deme\u00e7te Ermeni soyk\u0131r\u0131m\u0131na de\u011findi.<\/i><\/b><\/p>\n<p style=\"text-align: justify;\">APA\u2019n\u0131n haberine g\u00f6re iki y\u0131l sonra Ermenilerin, Ermeni soyk\u0131r\u0131m\u0131n\u0131n 100. Y\u0131ld\u00f6n\u00fcm\u00fcn\u00fc anacaklar\u0131n\u0131 s\u00f6yleyen Co\u015fkun, T\u00fcrkiye\u2019nin, Ermenistan\u2019\u0131n ve Ermeni diasporas\u0131n\u0131n bu ba\u011flamdaki ad\u0131mlar\u0131n\u0131\u00a0engellemek \u00fczere t\u00fcm gerekli \u00f6nlemleri alaca\u011f\u0131n\u0131 belirtti.<\/p>\n<p style=\"text-align: justify;\">Co\u015fkun, \u201c\u0130ki y\u0131l sonra T\u00fcrkiye, Gelibolu Sava\u015f\u0131n\u0131n 100. y\u0131ld\u00f6n\u00fcm\u00fcn\u00fc anacak. Bu, uydurma bir \u015fey de\u011fil, ger\u00e7ekten ya\u015fanan olaylar\u0131n y\u0131ld\u00f6n\u00fcm\u00fcd\u00fcr. Ermeniler \u00f6nceden de as\u0131ls\u0131z iddialar g\u00fcndeme getirdiler ve bu t\u00fcr iddialar\u0131n, gelecekte de yap\u0131lmas\u0131 bekleniyor. Ne yaz\u0131k ki Ermenistan\u2019\u0131n devlet ideolojisi, 1915 olaylar\u0131 uydurmas\u0131na dayan\u0131yor. Azerbaycan ve T\u00fcrkiye taraf\u0131ndan teklif edildi\u011fi \u00fczere t\u00fcm tarihi ger\u00e7eklerin, ar\u015fiv materyalleri esas al\u0131narak ara\u015ft\u0131r\u0131laca\u011f\u0131n\u0131 umut ediyorum\u201d \u015feklinde konu\u015ftu.<\/p>\n","protected":false},"excerpt":{"rendered":"<p>TurkishNY.com haber portalinden edinilen bilgiye g\u00f6re, Azerbaycan&#8217;\u0131n ba\u015fkenti Bak\u00fc\u2019de d\u00fczenlenen \u201cAzerbaycan Halk Cumhuriyeti ve Kafkas \u0130slam Ordusu\u201d adl\u0131 uluslararas\u0131 konferansa kat\u0131lan T\u00fcrkiye\u2019nin Bak\u00fc B\u00fcy\u00fckel\u00e7isi \u0130smail Alper Co\u015fkun, konferans sonras\u0131nda gazetecilere verdi\u011fi deme\u00e7te Ermeni soyk\u0131r\u0131m\u0131na de\u011findi. APA\u2019n\u0131n haberine g\u00f6re iki y\u0131l sonra Ermenilerin, Ermeni soyk\u0131r\u0131m\u0131n\u0131n 100. Y\u0131ld\u00f6n\u00fcm\u00fcn\u00fc anacaklar\u0131n\u0131 s\u00f6yleyen Co\u015fkun, T\u00fcrkiye\u2019nin, Ermenistan\u2019\u0131n ve Ermeni diasporas\u0131n\u0131n bu [&hellip;]<\/p>\n","protected":false},"author":7,"featured_media":0,"comment_status":"open","ping_status":"open","sticky":false,"template":"","format":"standard","meta":{"footnotes":""},"categories":[1],"tags":[],"class_list":["post-25679","post","type-post","status-publish","format-standard","hentry","category-haberler"],"yoast_head":"<!-- This site is optimized with the Yoast SEO plugin v27.4 - https:\/\/yoast.com\/product\/yoast-seo-wordpress\/ -->\n<title>&#039;T\u00fcrkiye, T\u00fcm \u00d6nlemleri Alacak&#039; - Bati Ermenistan Ve Bati Ermenileri Sorunlari Ara\u015ftirmalar Merkezi<\/title>\n<meta name=\"robots\" content=\"index, follow, max-snippet:-1, max-image-preview:large, max-video-preview:-1\" \/>\n<link rel=\"canonical\" href=\"https:\/\/akunq.net\/tr\/?p=25679\" \/>\n<meta property=\"og:locale\" content=\"en_US\" \/>\n<meta property=\"og:type\" content=\"article\" \/>\n<meta property=\"og:title\" content=\"&#039;T\u00fcrkiye, T\u00fcm \u00d6nlemleri Alacak&#039; - Bati Ermenistan Ve Bati Ermenileri Sorunlari Ara\u015ftirmalar Merkezi\" \/>\n<meta property=\"og:description\" content=\"TurkishNY.com haber portalinden edinilen bilgiye g\u00f6re, Azerbaycan&#8217;\u0131n ba\u015fkenti Bak\u00fc\u2019de d\u00fczenlenen \u201cAzerbaycan Halk Cumhuriyeti ve Kafkas \u0130slam Ordusu\u201d adl\u0131 uluslararas\u0131 konferansa kat\u0131lan T\u00fcrkiye\u2019nin Bak\u00fc B\u00fcy\u00fckel\u00e7isi \u0130smail Alper Co\u015fkun, konferans sonras\u0131nda gazetecilere verdi\u011fi deme\u00e7te Ermeni soyk\u0131r\u0131m\u0131na de\u011findi. APA\u2019n\u0131n haberine g\u00f6re iki y\u0131l sonra Ermenilerin, Ermeni soyk\u0131r\u0131m\u0131n\u0131n 100. Y\u0131ld\u00f6n\u00fcm\u00fcn\u00fc anacaklar\u0131n\u0131 s\u00f6yleyen Co\u015fkun, T\u00fcrkiye\u2019nin, Ermenistan\u2019\u0131n ve Ermeni diasporas\u0131n\u0131n bu [&hellip;]\" \/>\n<meta property=\"og:url\" content=\"https:\/\/akunq.net\/tr\/?p=25679\" \/>\n<meta property=\"og:site_name\" content=\"Bati Ermenistan Ve Bati Ermenileri Sorunlari Ara\u015ftirmalar Merkezi\" \/>\n<meta property=\"article:published_time\" content=\"2013-09-23T08:19:22+00:00\" \/>\n<meta name=\"author\" content=\"admin\" \/>\n<meta name=\"twitter:card\" content=\"summary_large_image\" \/>\n<meta name=\"twitter:label1\" content=\"Written by\" \/>\n\t<meta name=\"twitter:data1\" content=\"admin\" \/>\n\t<meta name=\"twitter:label2\" content=\"Est. reading time\" \/>\n\t<meta name=\"twitter:data2\" content=\"1 minute\" \/>\n<script type=\"application\/ld+json\" class=\"yoast-schema-graph\">{\"@context\":\"https:\\\/\\\/schema.org\",\"@graph\":[{\"@type\":\"Article\",\"@id\":\"https:\\\/\\\/akunq.net\\\/tr\\\/?p=25679#article\",\"isPartOf\":{\"@id\":\"https:\\\/\\\/akunq.net\\\/tr\\\/?p=25679\"},\"author\":{\"name\":\"admin\",\"@id\":\"https:\\\/\\\/akunq.net\\\/tr\\\/#\\\/schema\\\/person\\\/096f1d38a12cce57fb855b485ed24c9e\"},\"headline\":\"&#8216;T\u00fcrkiye, T\u00fcm \u00d6nlemleri Alacak&#8217;\",\"datePublished\":\"2013-09-23T08:19:22+00:00\",\"mainEntityOfPage\":{\"@id\":\"https:\\\/\\\/akunq.net\\\/tr\\\/?p=25679\"},\"wordCount\":215,\"commentCount\":0,\"articleSection\":[\"Haberler\"],\"inLanguage\":\"en-US\",\"potentialAction\":[{\"@type\":\"CommentAction\",\"name\":\"Comment\",\"target\":[\"https:\\\/\\\/akunq.net\\\/tr\\\/?p=25679#respond\"]}]},{\"@type\":\"WebPage\",\"@id\":\"https:\\\/\\\/akunq.net\\\/tr\\\/?p=25679\",\"url\":\"https:\\\/\\\/akunq.net\\\/tr\\\/?p=25679\",\"name\":\"'T\u00fcrkiye, T\u00fcm \u00d6nlemleri Alacak' - Bati Ermenistan Ve Bati Ermenileri Sorunlari Ara\u015ftirmalar Merkezi\",\"isPartOf\":{\"@id\":\"https:\\\/\\\/akunq.net\\\/tr\\\/#website\"},\"datePublished\":\"2013-09-23T08:19:22+00:00\",\"author\":{\"@id\":\"https:\\\/\\\/akunq.net\\\/tr\\\/#\\\/schema\\\/person\\\/096f1d38a12cce57fb855b485ed24c9e\"},\"breadcrumb\":{\"@id\":\"https:\\\/\\\/akunq.net\\\/tr\\\/?p=25679#breadcrumb\"},\"inLanguage\":\"en-US\",\"potentialAction\":[{\"@type\":\"ReadAction\",\"target\":[\"https:\\\/\\\/akunq.net\\\/tr\\\/?p=25679\"]}]},{\"@type\":\"BreadcrumbList\",\"@id\":\"https:\\\/\\\/akunq.net\\\/tr\\\/?p=25679#breadcrumb\",\"itemListElement\":[{\"@type\":\"ListItem\",\"position\":1,\"name\":\"Home\",\"item\":\"https:\\\/\\\/akunq.net\\\/tr\"},{\"@type\":\"ListItem\",\"position\":2,\"name\":\"&#8216;T\u00fcrkiye, T\u00fcm \u00d6nlemleri Alacak&#8217;\"}]},{\"@type\":\"WebSite\",\"@id\":\"https:\\\/\\\/akunq.net\\\/tr\\\/#website\",\"url\":\"https:\\\/\\\/akunq.net\\\/tr\\\/\",\"name\":\"Bati Ermenistan Ve Bati Ermenileri Sorunlari Ara\u015ftirmalar Merkezi\",\"description\":\"\",\"potentialAction\":[{\"@type\":\"SearchAction\",\"target\":{\"@type\":\"EntryPoint\",\"urlTemplate\":\"https:\\\/\\\/akunq.net\\\/tr\\\/?s={search_term_string}\"},\"query-input\":{\"@type\":\"PropertyValueSpecification\",\"valueRequired\":true,\"valueName\":\"search_term_string\"}}],\"inLanguage\":\"en-US\"},{\"@type\":\"Person\",\"@id\":\"https:\\\/\\\/akunq.net\\\/tr\\\/#\\\/schema\\\/person\\\/096f1d38a12cce57fb855b485ed24c9e\",\"name\":\"admin\",\"url\":\"https:\\\/\\\/akunq.net\\\/tr\\\/?author=7\"}]}<\/script>\n<!-- \/ Yoast SEO plugin. -->","yoast_head_json":{"title":"'T\u00fcrkiye, T\u00fcm \u00d6nlemleri Alacak' - Bati Ermenistan Ve Bati Ermenileri Sorunlari Ara\u015ftirmalar Merkezi","robots":{"index":"index","follow":"follow","max-snippet":"max-snippet:-1","max-image-preview":"max-image-preview:large","max-video-preview":"max-video-preview:-1"},"canonical":"https:\/\/akunq.net\/tr\/?p=25679","og_locale":"en_US","og_type":"article","og_title":"'T\u00fcrkiye, T\u00fcm \u00d6nlemleri Alacak' - Bati Ermenistan Ve Bati Ermenileri Sorunlari Ara\u015ftirmalar Merkezi","og_description":"TurkishNY.com haber portalinden edinilen bilgiye g\u00f6re, Azerbaycan&#8217;\u0131n ba\u015fkenti Bak\u00fc\u2019de d\u00fczenlenen \u201cAzerbaycan Halk Cumhuriyeti ve Kafkas \u0130slam Ordusu\u201d adl\u0131 uluslararas\u0131 konferansa kat\u0131lan T\u00fcrkiye\u2019nin Bak\u00fc B\u00fcy\u00fckel\u00e7isi \u0130smail Alper Co\u015fkun, konferans sonras\u0131nda gazetecilere verdi\u011fi deme\u00e7te Ermeni soyk\u0131r\u0131m\u0131na de\u011findi. APA\u2019n\u0131n haberine g\u00f6re iki y\u0131l sonra Ermenilerin, Ermeni soyk\u0131r\u0131m\u0131n\u0131n 100. Y\u0131ld\u00f6n\u00fcm\u00fcn\u00fc anacaklar\u0131n\u0131 s\u00f6yleyen Co\u015fkun, T\u00fcrkiye\u2019nin, Ermenistan\u2019\u0131n ve Ermeni diasporas\u0131n\u0131n bu [&hellip;]","og_url":"https:\/\/akunq.net\/tr\/?p=25679","og_site_name":"Bati Ermenistan Ve Bati Ermenileri Sorunlari Ara\u015ftirmalar Merkezi","article_published_time":"2013-09-23T08:19:22+00:00","author":"admin","twitter_card":"summary_large_image","twitter_misc":{"Written by":"admin","Est. reading time":"1 minute"},"schema":{"@context":"https:\/\/schema.org","@graph":[{"@type":"Article","@id":"https:\/\/akunq.net\/tr\/?p=25679#article","isPartOf":{"@id":"https:\/\/akunq.net\/tr\/?p=25679"},"author":{"name":"admin","@id":"https:\/\/akunq.net\/tr\/#\/schema\/person\/096f1d38a12cce57fb855b485ed24c9e"},"headline":"&#8216;T\u00fcrkiye, T\u00fcm \u00d6nlemleri Alacak&#8217;","datePublished":"2013-09-23T08:19:22+00:00","mainEntityOfPage":{"@id":"https:\/\/akunq.net\/tr\/?p=25679"},"wordCount":215,"commentCount":0,"articleSection":["Haberler"],"inLanguage":"en-US","potentialAction":[{"@type":"CommentAction","name":"Comment","target":["https:\/\/akunq.net\/tr\/?p=25679#respond"]}]},{"@type":"WebPage","@id":"https:\/\/akunq.net\/tr\/?p=25679","url":"https:\/\/akunq.net\/tr\/?p=25679","name":"'T\u00fcrkiye, T\u00fcm \u00d6nlemleri Alacak' - Bati Ermenistan Ve Bati Ermenileri Sorunlari Ara\u015ftirmalar Merkezi","isPartOf":{"@id":"https:\/\/akunq.net\/tr\/#website"},"datePublished":"2013-09-23T08:19:22+00:00","author":{"@id":"https:\/\/akunq.net\/tr\/#\/schema\/person\/096f1d38a12cce57fb855b485ed24c9e"},"breadcrumb":{"@id":"https:\/\/akunq.net\/tr\/?p=25679#breadcrumb"},"inLanguage":"en-US","potentialAction":[{"@type":"ReadAction","target":["https:\/\/akunq.net\/tr\/?p=25679"]}]},{"@type":"BreadcrumbList","@id":"https:\/\/akunq.net\/tr\/?p=25679#breadcrumb","itemListElement":[{"@type":"ListItem","position":1,"name":"Home","item":"https:\/\/akunq.net\/tr"},{"@type":"ListItem","position":2,"name":"&#8216;T\u00fcrkiye, T\u00fcm \u00d6nlemleri Alacak&#8217;"}]},{"@type":"WebSite","@id":"https:\/\/akunq.net\/tr\/#website","url":"https:\/\/akunq.net\/tr\/","name":"Bati Ermenistan Ve Bati Ermenileri Sorunlari Ara\u015ftirmalar Merkezi","description":"","potentialAction":[{"@type":"SearchAction","target":{"@type":"EntryPoint","urlTemplate":"https:\/\/akunq.net\/tr\/?s={search_term_string}"},"query-input":{"@type":"PropertyValueSpecification","valueRequired":true,"valueName":"search_term_string"}}],"inLanguage":"en-US"},{"@type":"Person","@id":"https:\/\/akunq.net\/tr\/#\/schema\/person\/096f1d38a12cce57fb855b485ed24c9e","name":"admin","url":"https:\/\/akunq.net\/tr\/?author=7"}]}},"_links":{"self":[{"href":"https:\/\/akunq.net\/tr\/index.php?rest_route=\/wp\/v2\/posts\/25679","targetHints":{"allow":["GET"]}}],"collection":[{"href":"https:\/\/akunq.net\/tr\/index.php?rest_route=\/wp\/v2\/posts"}],"about":[{"href":"https:\/\/akunq.net\/tr\/index.php?rest_route=\/wp\/v2\/types\/post"}],"author":[{"embeddable":true,"href":"https:\/\/akunq.net\/tr\/index.php?rest_route=\/wp\/v2\/users\/7"}],"replies":[{"embeddable":true,"href":"https:\/\/akunq.net\/tr\/index.php?rest_route=%2Fwp%2Fv2%2Fcomments&post=25679"}],"version-history":[{"count":1,"href":"https:\/\/akunq.net\/tr\/index.php?rest_route=\/wp\/v2\/posts\/25679\/revisions"}],"predecessor-version":[{"id":25681,"href":"https:\/\/akunq.net\/tr\/index.php?rest_route=\/wp\/v2\/posts\/25679\/revisions\/25681"}],"wp:attachment":[{"href":"https:\/\/akunq.net\/tr\/index.php?rest_route=%2Fwp%2Fv2%2Fmedia&parent=25679"}],"wp:term":[{"taxonomy":"category","embeddable":true,"href":"https:\/\/akunq.net\/tr\/index.php?rest_route=%2Fwp%2Fv2%2Fcategories&post=25679"},{"taxonomy":"post_tag","embeddable":true,"href":"https:\/\/akunq.net\/tr\/index.php?rest_route=%2Fwp%2Fv2%2Ftags&post=25679"}],"curies":[{"name":"wp","href":"https:\/\/api.w.org\/{rel}","templated":true}]}}