{"id":25672,"date":"2013-09-23T02:22:55","date_gmt":"2013-09-23T07:22:55","guid":{"rendered":"http:\/\/akunq.net\/tr\/?p=25672"},"modified":"2013-09-23T02:23:15","modified_gmt":"2013-09-23T07:23:15","slug":"turkiye-belki-de-asla-avrupa-birligi-uyesi-olamayacak","status":"publish","type":"post","link":"https:\/\/akunq.net\/tr\/?p=25672","title":{"rendered":"&#8220;T\u00fcrkiye belki de asla Avrupa Birli\u011fi \u00fcyesi olamayacak&#8221;"},"content":{"rendered":"<h2 style=\"text-align: justify;\"><i><a href=\"http:\/\/akunq.net\/tr\/wp-content\/uploads\/2013\/09\/\u0537\u0563\u0565\u0574\u0565\u0576-\u0532\u0561\u0572\u0568\u0577.jpg\"><img loading=\"lazy\" decoding=\"async\" class=\"alignright size-medium wp-image-25673\" alt=\"\u0537\u0563\u0565\u0574\u0565\u0576 \u0532\u0561\u0572\u0568\u0577\" src=\"http:\/\/akunq.net\/tr\/wp-content\/uploads\/2013\/09\/\u0537\u0563\u0565\u0574\u0565\u0576-\u0532\u0561\u0572\u0568\u0577-300x205.jpg\" width=\"300\" height=\"205\" srcset=\"https:\/\/akunq.net\/tr\/wp-content\/uploads\/sites\/6\/2013\/09\/\u0537\u0563\u0565\u0574\u0565\u0576-\u0532\u0561\u0572\u0568\u0577-300x205.jpg 300w, https:\/\/akunq.net\/tr\/wp-content\/uploads\/sites\/6\/2013\/09\/\u0537\u0563\u0565\u0574\u0565\u0576-\u0532\u0561\u0572\u0568\u0577.jpg 307w\" sizes=\"auto, (max-width: 300px) 100vw, 300px\" \/><\/a>Egemen Ba\u011f\u0131\u015f&#8217;\u0131n s\u00f6zleri Avrupa&#8217;da ses getirdi.<\/i><\/h2>\n<p style=\"text-align: justify;\"><a href=\"http:\/\/www.haberturk.com\/etiket\/ab_bakan\u0131_ve_ba\u015fm\u00fczakereci_egemen_ba\u011f\u0131\u015f\">AB Bakan\u0131 ve Ba\u015fm\u00fczakereci Egemen Ba\u011f\u0131\u015f<\/a>\u2019\u0131n 10\u2019uncu Yalta Avrupa Stratejisi Konferans\u0131nda yapt\u0131\u011f\u0131 konu\u015fma Avrupa medyas\u0131nda b\u00fcy\u00fck yank\u0131 yapt\u0131.<\/p>\n<p style=\"text-align: justify;\">Avrupa\u2019n\u0131n \u00f6nde gelen gazete ve ajanslar\u0131 Bakan\u2019\u0131n &#8220;T\u00fcrkiye belki de asla Avrupa Birli\u011fi \u00fcyesi olamayacak&#8221; s\u00f6zlerini ba\u015fl\u0131klar\u0131na ta\u015f\u0131d\u0131. \u0130ngiliz The Telegraph gazetesi Bakan Egemen Ba\u011f\u0131\u015f\u2019\u0131n s\u00f6zlerini tam sayfa haber yaparak, T\u00fcrkiye\u2019nin baz\u0131 \u00fcyelerin \u00f6nyarg\u0131l\u0131 davran\u0131\u015flar\u0131 ve \u015fiddetli muhalefetleri y\u00fcz\u00fcnden belki de asla Avrupa Birli\u011fi\u2019nin bir par\u00e7as\u0131 olamayaca\u011f\u0131n\u0131 s\u00f6yledi\u011fini belirtti. Gazete, Bakan\u0131n T\u00fcrkiye\u2019nin uzun vade de aynen Norve\u00e7 \u00f6rne\u011finde oldu\u011fu gibi bir \u00fclkeye d\u00f6n\u00fc\u015febilece\u011fine dikkat \u00e7ekti\u011fini yazd\u0131. The Telegraph gazetesi, Ba\u011f\u0131\u015f\u2019\u0131n Norve\u00e7\u2019in Avrupa Birli\u011fi ile t\u00fcm alanlarda s\u0131k\u0131 ili\u015fkiler i\u00e7inde ve imzalad\u0131\u011f\u0131 ticari anla\u015fmalarla G\u00fcmr\u00fck Birli\u011fi\u2019ne \u00fcye olmas\u0131na ra\u011fmen tam \u00fcye olmad\u0131\u011f\u0131n\u0131 ve T\u00fcrkiye\u2019nin sonunun da gelecek de Norve\u00e7\u2019e benzeyebilece\u011fine de\u011findi\u011fini yazd\u0131. Gazete, Bakan Egemen Ba\u011f\u0131\u015f\u2019\u0131n bu geli\u015fmeleri yak\u0131ndan ve endi\u015fe ile izledi\u011fine de\u011finirken, bu durumun sadece baz\u0131 \u00fclkelerin M\u00fcsl\u00fcman bir T\u00fcrkiye\u2019nin birli\u011fe \u00fcye olmas\u0131ndaki \u00f6nyarg\u0131lar\u0131n\u0131n a\u015f\u0131lmas\u0131 ile sa\u011flanabilece\u011fini hat\u0131rlatt\u0131\u011f\u0131n\u0131 ifade etti.\u00a0 The Telegraph gazetesi ayr\u0131ca bakan\u0131n baz\u0131 AB \u00fclkelerinin \u00f6nyarg\u0131lar\u0131 ile olimpiyatlar aras\u0131nda bir ba\u011flant\u0131 kurmaya \u00e7al\u0131\u015ft\u0131\u011f\u0131na da yer vererek, Ba\u011f\u0131\u015f\u2019\u0131n &#8220;T\u00fcrkiye\u2019nin AB \u00fcyeli\u011fi hedefi devam ediyor, Asya ile Avrupa\u2019y\u0131 birle\u015ftiren \u0130stanbul\u2019un Olimpiyatlar\u2019\u0131 alamamas\u0131n\u0131n arkas\u0131ndaki sebep de \u00f6nyarg\u0131lard\u0131r&#8221; mesaj\u0131n\u0131 verdi\u011fini kaydetti.\u00a0 \u0130spanyol Europress de haberinde, T\u00fcrkiye\u2019de sa\u011flanan modernle\u015fme ve ekonomik kalk\u0131nman\u0131n baz\u0131 AB \u00fcyeleri taraf\u0131ndan g\u00f6rmemezlikten gelindi\u011fine i\u015faret eden Ba\u011f\u0131\u015f\u2019\u0131n AB den umudunu kaybetmek \u00fczere oldu\u011funu vurgulad\u0131. T\u00fcrkiye\u2019nin \u00f6zellikle Almanya ve Fransa\u2019n\u0131n muhalefetlerinden yoruldu\u011funa de\u011finen ajans, Bakan ba\u011f\u0131\u015f\u2019\u0131n yapt\u0131\u011f\u0131 konu\u015fmada \u00f6zellikle bu iki \u00fclkenin n\u00fcfusu 76 milyon M\u00fcsl\u00fcman olan bir T\u00fcrkiye\u2019den \u00e7ekindi\u011fini yazd\u0131.<\/p>\n<p style=\"text-align: justify;\">Ajans Ba\u011f\u0131\u015f\u2019\u0131n son olarak, T\u00fcrkiye\u2019yi kendilerinden biri olarak g\u00f6rmeyen AB\u2019nin esas zarar\u0131 bize de\u011fil kendilerine verdi\u011fini de ifade etti\u011fini hat\u0131rlatt\u0131.<\/p>\n<p style=\"text-align: justify;\"><strong><i>(DHA)<\/i><\/strong><\/p>\n<p style=\"text-align: justify;\"><b><i>http:\/\/www.haberturk.com\/gundem\/haber\/879802-turkiye-belki-de-asla-avrupa-birligi-uyesi-olamayacak<\/i><\/b><\/p>\n","protected":false},"excerpt":{"rendered":"<p>Egemen Ba\u011f\u0131\u015f&#8217;\u0131n s\u00f6zleri Avrupa&#8217;da ses getirdi. AB Bakan\u0131 ve Ba\u015fm\u00fczakereci Egemen Ba\u011f\u0131\u015f\u2019\u0131n 10\u2019uncu Yalta Avrupa Stratejisi Konferans\u0131nda yapt\u0131\u011f\u0131 konu\u015fma Avrupa medyas\u0131nda b\u00fcy\u00fck yank\u0131 yapt\u0131. Avrupa\u2019n\u0131n \u00f6nde gelen gazete ve ajanslar\u0131 Bakan\u2019\u0131n &#8220;T\u00fcrkiye belki de asla Avrupa Birli\u011fi \u00fcyesi olamayacak&#8221; s\u00f6zlerini ba\u015fl\u0131klar\u0131na ta\u015f\u0131d\u0131. \u0130ngiliz The Telegraph gazetesi Bakan Egemen Ba\u011f\u0131\u015f\u2019\u0131n s\u00f6zlerini tam sayfa haber yaparak, T\u00fcrkiye\u2019nin [&hellip;]<\/p>\n","protected":false},"author":7,"featured_media":0,"comment_status":"open","ping_status":"open","sticky":false,"template":"","format":"standard","meta":{"footnotes":""},"categories":[1],"tags":[],"class_list":["post-25672","post","type-post","status-publish","format-standard","hentry","category-haberler"],"yoast_head":"<!-- This site is optimized with the Yoast SEO plugin v27.4 - https:\/\/yoast.com\/product\/yoast-seo-wordpress\/ -->\n<title>&quot;T\u00fcrkiye belki de asla Avrupa Birli\u011fi \u00fcyesi olamayacak&quot; - Bati Ermenistan Ve Bati Ermenileri Sorunlari Ara\u015ftirmalar Merkezi<\/title>\n<meta name=\"robots\" content=\"index, follow, max-snippet:-1, max-image-preview:large, max-video-preview:-1\" \/>\n<link rel=\"canonical\" href=\"https:\/\/akunq.net\/tr\/?p=25672\" \/>\n<meta property=\"og:locale\" content=\"en_US\" \/>\n<meta property=\"og:type\" content=\"article\" \/>\n<meta property=\"og:title\" content=\"&quot;T\u00fcrkiye belki de asla Avrupa Birli\u011fi \u00fcyesi olamayacak&quot; - Bati Ermenistan Ve Bati Ermenileri Sorunlari Ara\u015ftirmalar Merkezi\" \/>\n<meta property=\"og:description\" content=\"Egemen Ba\u011f\u0131\u015f&#8217;\u0131n s\u00f6zleri Avrupa&#8217;da ses getirdi. AB Bakan\u0131 ve Ba\u015fm\u00fczakereci Egemen Ba\u011f\u0131\u015f\u2019\u0131n 10\u2019uncu Yalta Avrupa Stratejisi Konferans\u0131nda yapt\u0131\u011f\u0131 konu\u015fma Avrupa medyas\u0131nda b\u00fcy\u00fck yank\u0131 yapt\u0131. Avrupa\u2019n\u0131n \u00f6nde gelen gazete ve ajanslar\u0131 Bakan\u2019\u0131n &#8220;T\u00fcrkiye belki de asla Avrupa Birli\u011fi \u00fcyesi olamayacak&#8221; s\u00f6zlerini ba\u015fl\u0131klar\u0131na ta\u015f\u0131d\u0131. \u0130ngiliz The Telegraph gazetesi Bakan Egemen Ba\u011f\u0131\u015f\u2019\u0131n s\u00f6zlerini tam sayfa haber yaparak, T\u00fcrkiye\u2019nin [&hellip;]\" \/>\n<meta property=\"og:url\" content=\"https:\/\/akunq.net\/tr\/?p=25672\" \/>\n<meta property=\"og:site_name\" content=\"Bati Ermenistan Ve Bati Ermenileri Sorunlari Ara\u015ftirmalar Merkezi\" \/>\n<meta property=\"article:published_time\" content=\"2013-09-23T07:22:55+00:00\" \/>\n<meta property=\"article:modified_time\" content=\"2013-09-23T07:23:15+00:00\" \/>\n<meta name=\"author\" content=\"admin\" \/>\n<meta name=\"twitter:card\" content=\"summary_large_image\" \/>\n<meta name=\"twitter:label1\" content=\"Written by\" \/>\n\t<meta name=\"twitter:data1\" content=\"admin\" \/>\n\t<meta name=\"twitter:label2\" content=\"Est. reading time\" \/>\n\t<meta name=\"twitter:data2\" content=\"2 minutes\" \/>\n<script type=\"application\/ld+json\" class=\"yoast-schema-graph\">{\"@context\":\"https:\\\/\\\/schema.org\",\"@graph\":[{\"@type\":\"Article\",\"@id\":\"https:\\\/\\\/akunq.net\\\/tr\\\/?p=25672#article\",\"isPartOf\":{\"@id\":\"https:\\\/\\\/akunq.net\\\/tr\\\/?p=25672\"},\"author\":{\"name\":\"admin\",\"@id\":\"https:\\\/\\\/akunq.net\\\/tr\\\/#\\\/schema\\\/person\\\/096f1d38a12cce57fb855b485ed24c9e\"},\"headline\":\"&#8220;T\u00fcrkiye belki de asla Avrupa Birli\u011fi \u00fcyesi olamayacak&#8221;\",\"datePublished\":\"2013-09-23T07:22:55+00:00\",\"dateModified\":\"2013-09-23T07:23:15+00:00\",\"mainEntityOfPage\":{\"@id\":\"https:\\\/\\\/akunq.net\\\/tr\\\/?p=25672\"},\"wordCount\":425,\"commentCount\":0,\"articleSection\":[\"Haberler\"],\"inLanguage\":\"en-US\",\"potentialAction\":[{\"@type\":\"CommentAction\",\"name\":\"Comment\",\"target\":[\"https:\\\/\\\/akunq.net\\\/tr\\\/?p=25672#respond\"]}]},{\"@type\":\"WebPage\",\"@id\":\"https:\\\/\\\/akunq.net\\\/tr\\\/?p=25672\",\"url\":\"https:\\\/\\\/akunq.net\\\/tr\\\/?p=25672\",\"name\":\"\\\"T\u00fcrkiye belki de asla Avrupa Birli\u011fi \u00fcyesi olamayacak\\\" - Bati Ermenistan Ve Bati Ermenileri Sorunlari Ara\u015ftirmalar Merkezi\",\"isPartOf\":{\"@id\":\"https:\\\/\\\/akunq.net\\\/tr\\\/#website\"},\"datePublished\":\"2013-09-23T07:22:55+00:00\",\"dateModified\":\"2013-09-23T07:23:15+00:00\",\"author\":{\"@id\":\"https:\\\/\\\/akunq.net\\\/tr\\\/#\\\/schema\\\/person\\\/096f1d38a12cce57fb855b485ed24c9e\"},\"breadcrumb\":{\"@id\":\"https:\\\/\\\/akunq.net\\\/tr\\\/?p=25672#breadcrumb\"},\"inLanguage\":\"en-US\",\"potentialAction\":[{\"@type\":\"ReadAction\",\"target\":[\"https:\\\/\\\/akunq.net\\\/tr\\\/?p=25672\"]}]},{\"@type\":\"BreadcrumbList\",\"@id\":\"https:\\\/\\\/akunq.net\\\/tr\\\/?p=25672#breadcrumb\",\"itemListElement\":[{\"@type\":\"ListItem\",\"position\":1,\"name\":\"Home\",\"item\":\"https:\\\/\\\/akunq.net\\\/tr\"},{\"@type\":\"ListItem\",\"position\":2,\"name\":\"&#8220;T\u00fcrkiye belki de asla Avrupa Birli\u011fi \u00fcyesi olamayacak&#8221;\"}]},{\"@type\":\"WebSite\",\"@id\":\"https:\\\/\\\/akunq.net\\\/tr\\\/#website\",\"url\":\"https:\\\/\\\/akunq.net\\\/tr\\\/\",\"name\":\"Bati Ermenistan Ve Bati Ermenileri Sorunlari Ara\u015ftirmalar Merkezi\",\"description\":\"\",\"potentialAction\":[{\"@type\":\"SearchAction\",\"target\":{\"@type\":\"EntryPoint\",\"urlTemplate\":\"https:\\\/\\\/akunq.net\\\/tr\\\/?s={search_term_string}\"},\"query-input\":{\"@type\":\"PropertyValueSpecification\",\"valueRequired\":true,\"valueName\":\"search_term_string\"}}],\"inLanguage\":\"en-US\"},{\"@type\":\"Person\",\"@id\":\"https:\\\/\\\/akunq.net\\\/tr\\\/#\\\/schema\\\/person\\\/096f1d38a12cce57fb855b485ed24c9e\",\"name\":\"admin\",\"url\":\"https:\\\/\\\/akunq.net\\\/tr\\\/?author=7\"}]}<\/script>\n<!-- \/ Yoast SEO plugin. -->","yoast_head_json":{"title":"\"T\u00fcrkiye belki de asla Avrupa Birli\u011fi \u00fcyesi olamayacak\" - Bati Ermenistan Ve Bati Ermenileri Sorunlari Ara\u015ftirmalar Merkezi","robots":{"index":"index","follow":"follow","max-snippet":"max-snippet:-1","max-image-preview":"max-image-preview:large","max-video-preview":"max-video-preview:-1"},"canonical":"https:\/\/akunq.net\/tr\/?p=25672","og_locale":"en_US","og_type":"article","og_title":"\"T\u00fcrkiye belki de asla Avrupa Birli\u011fi \u00fcyesi olamayacak\" - Bati Ermenistan Ve Bati Ermenileri Sorunlari Ara\u015ftirmalar Merkezi","og_description":"Egemen Ba\u011f\u0131\u015f&#8217;\u0131n s\u00f6zleri Avrupa&#8217;da ses getirdi. AB Bakan\u0131 ve Ba\u015fm\u00fczakereci Egemen Ba\u011f\u0131\u015f\u2019\u0131n 10\u2019uncu Yalta Avrupa Stratejisi Konferans\u0131nda yapt\u0131\u011f\u0131 konu\u015fma Avrupa medyas\u0131nda b\u00fcy\u00fck yank\u0131 yapt\u0131. Avrupa\u2019n\u0131n \u00f6nde gelen gazete ve ajanslar\u0131 Bakan\u2019\u0131n &#8220;T\u00fcrkiye belki de asla Avrupa Birli\u011fi \u00fcyesi olamayacak&#8221; s\u00f6zlerini ba\u015fl\u0131klar\u0131na ta\u015f\u0131d\u0131. \u0130ngiliz The Telegraph gazetesi Bakan Egemen Ba\u011f\u0131\u015f\u2019\u0131n s\u00f6zlerini tam sayfa haber yaparak, T\u00fcrkiye\u2019nin [&hellip;]","og_url":"https:\/\/akunq.net\/tr\/?p=25672","og_site_name":"Bati Ermenistan Ve Bati Ermenileri Sorunlari Ara\u015ftirmalar Merkezi","article_published_time":"2013-09-23T07:22:55+00:00","article_modified_time":"2013-09-23T07:23:15+00:00","author":"admin","twitter_card":"summary_large_image","twitter_misc":{"Written by":"admin","Est. reading time":"2 minutes"},"schema":{"@context":"https:\/\/schema.org","@graph":[{"@type":"Article","@id":"https:\/\/akunq.net\/tr\/?p=25672#article","isPartOf":{"@id":"https:\/\/akunq.net\/tr\/?p=25672"},"author":{"name":"admin","@id":"https:\/\/akunq.net\/tr\/#\/schema\/person\/096f1d38a12cce57fb855b485ed24c9e"},"headline":"&#8220;T\u00fcrkiye belki de asla Avrupa Birli\u011fi \u00fcyesi olamayacak&#8221;","datePublished":"2013-09-23T07:22:55+00:00","dateModified":"2013-09-23T07:23:15+00:00","mainEntityOfPage":{"@id":"https:\/\/akunq.net\/tr\/?p=25672"},"wordCount":425,"commentCount":0,"articleSection":["Haberler"],"inLanguage":"en-US","potentialAction":[{"@type":"CommentAction","name":"Comment","target":["https:\/\/akunq.net\/tr\/?p=25672#respond"]}]},{"@type":"WebPage","@id":"https:\/\/akunq.net\/tr\/?p=25672","url":"https:\/\/akunq.net\/tr\/?p=25672","name":"\"T\u00fcrkiye belki de asla Avrupa Birli\u011fi \u00fcyesi olamayacak\" - Bati Ermenistan Ve Bati Ermenileri Sorunlari Ara\u015ftirmalar Merkezi","isPartOf":{"@id":"https:\/\/akunq.net\/tr\/#website"},"datePublished":"2013-09-23T07:22:55+00:00","dateModified":"2013-09-23T07:23:15+00:00","author":{"@id":"https:\/\/akunq.net\/tr\/#\/schema\/person\/096f1d38a12cce57fb855b485ed24c9e"},"breadcrumb":{"@id":"https:\/\/akunq.net\/tr\/?p=25672#breadcrumb"},"inLanguage":"en-US","potentialAction":[{"@type":"ReadAction","target":["https:\/\/akunq.net\/tr\/?p=25672"]}]},{"@type":"BreadcrumbList","@id":"https:\/\/akunq.net\/tr\/?p=25672#breadcrumb","itemListElement":[{"@type":"ListItem","position":1,"name":"Home","item":"https:\/\/akunq.net\/tr"},{"@type":"ListItem","position":2,"name":"&#8220;T\u00fcrkiye belki de asla Avrupa Birli\u011fi \u00fcyesi olamayacak&#8221;"}]},{"@type":"WebSite","@id":"https:\/\/akunq.net\/tr\/#website","url":"https:\/\/akunq.net\/tr\/","name":"Bati Ermenistan Ve Bati Ermenileri Sorunlari Ara\u015ftirmalar Merkezi","description":"","potentialAction":[{"@type":"SearchAction","target":{"@type":"EntryPoint","urlTemplate":"https:\/\/akunq.net\/tr\/?s={search_term_string}"},"query-input":{"@type":"PropertyValueSpecification","valueRequired":true,"valueName":"search_term_string"}}],"inLanguage":"en-US"},{"@type":"Person","@id":"https:\/\/akunq.net\/tr\/#\/schema\/person\/096f1d38a12cce57fb855b485ed24c9e","name":"admin","url":"https:\/\/akunq.net\/tr\/?author=7"}]}},"_links":{"self":[{"href":"https:\/\/akunq.net\/tr\/index.php?rest_route=\/wp\/v2\/posts\/25672","targetHints":{"allow":["GET"]}}],"collection":[{"href":"https:\/\/akunq.net\/tr\/index.php?rest_route=\/wp\/v2\/posts"}],"about":[{"href":"https:\/\/akunq.net\/tr\/index.php?rest_route=\/wp\/v2\/types\/post"}],"author":[{"embeddable":true,"href":"https:\/\/akunq.net\/tr\/index.php?rest_route=\/wp\/v2\/users\/7"}],"replies":[{"embeddable":true,"href":"https:\/\/akunq.net\/tr\/index.php?rest_route=%2Fwp%2Fv2%2Fcomments&post=25672"}],"version-history":[{"count":2,"href":"https:\/\/akunq.net\/tr\/index.php?rest_route=\/wp\/v2\/posts\/25672\/revisions"}],"predecessor-version":[{"id":25675,"href":"https:\/\/akunq.net\/tr\/index.php?rest_route=\/wp\/v2\/posts\/25672\/revisions\/25675"}],"wp:attachment":[{"href":"https:\/\/akunq.net\/tr\/index.php?rest_route=%2Fwp%2Fv2%2Fmedia&parent=25672"}],"wp:term":[{"taxonomy":"category","embeddable":true,"href":"https:\/\/akunq.net\/tr\/index.php?rest_route=%2Fwp%2Fv2%2Fcategories&post=25672"},{"taxonomy":"post_tag","embeddable":true,"href":"https:\/\/akunq.net\/tr\/index.php?rest_route=%2Fwp%2Fv2%2Ftags&post=25672"}],"curies":[{"name":"wp","href":"https:\/\/api.w.org\/{rel}","templated":true}]}}